{"id":2415,"date":"2022-05-27T13:06:33","date_gmt":"2022-05-27T11:06:33","guid":{"rendered":"https:\/\/editorialhijosdemuleyrubio.com\/?p=2415"},"modified":"2022-05-27T13:06:33","modified_gmt":"2022-05-27T11:06:33","slug":"federico-utrera-mjd-magazin-en-cultura-commodore-politica-y-comunicacion-digital-se-parecen-a-las-que-ya-existian-en-la-grecia-clasica","status":"publish","type":"post","link":"https:\/\/editorialhijosdemuleyrubio.com\/?p=2415","title":{"rendered":"Federico Utrera (MJD Magazin) en \u00abCultura Commodore\u00bb: \u00abPol\u00edtica y Comunicaci\u00f3n digital se parecen a las que ya exist\u00edan en la Grecia cl\u00e1sica\u00bb"},"content":{"rendered":"<figure id=\"attachment_203034\" aria-describedby=\"caption-attachment-203034\" style=\"width: 300px\" class=\"wp-caption alignleft\"><a href=\"https:\/\/majadahondamagazin.es\/wp-content\/uploads\/2022\/02\/IMG_20220223_103657.jpg\"><img loading=\"lazy\" decoding=\"async\" class=\"wp-image-203034 size-medium\" src=\"https:\/\/majadahondamagazin.es\/wp-content\/uploads\/2022\/02\/IMG_20220223_103657-300x224.jpg?_t=1645867618\" alt=\"\" width=\"300\" height=\"224\" \/><\/a><figcaption id=\"caption-attachment-203034\" class=\"wp-caption-text\">Federico Utrera durante su intervenci\u00f3n en \u00abCultura Commodore\u00bb, el antiguo \u00abMayte\u00bb que tanta influencia tuvo durante la Transici\u00f3n<\/figcaption><\/figure>\n<p><span style=\"color: #000000;\"> ELENA MARTICORENA. 41 a\u00f1os han pasado desde aquel fallido <strong>golpe de Estado del a\u00f1o 1981<\/strong>, que puso en jaque a la sociedad espa\u00f1ola durante lo que para muchos fue, la tarde m\u00e1s larga de la historia de la democracia. En plena transici\u00f3n y sin los medios actuales, los espa\u00f1oles vivieron con ansiedad el secuestro de los diputados del hemiciclo. Los periodistas all\u00ed presentes fueron los \u00fanicos testigos capaces de retransmitir, con los pocos medios de los que dispon\u00edan, los hechos que hora a hora se suced\u00edan. Tampoco los militares que accedieron al<strong> Congreso de los Diputados<\/strong> pudieron conocer las maniobras que se estaban produciendo fuera. Quiz\u00e1, si el golpe de Estado se hubiera producido en plena era digital, habr\u00edamos podido preguntar a <strong>Antonio Tejero<\/strong> cuales eran sus planes tras la toma del Congreso. O quiz\u00e1 el mismo habr\u00eda depuesto las armas mucho antes al comprobar la falta de apoyos. Del papel crucial que jug\u00f3 la prensa en aquel hist\u00f3rico d\u00eda y de los cambios que se han producido en la actualidad, se habl\u00f3 en el <strong>Desayuno <a href=\"https:\/\/commodoremadrid.com\/\">\u00abCultura Commodore\u00bb<\/a><\/strong> este mi\u00e9rcoles 23 de febrero (2022). <strong>David Felipe Arranz<\/strong> fue el encargado de moderar el debate al que asistieron <strong>Jos\u00e9 Manuel Gonz\u00e1lez Huesa<\/strong>, director de la agencia de prensa <strong>Servimedia<\/strong>, <strong>Jos\u00e9 Luis Barcel\u00f3<\/strong>, director de <strong>El Mundo Financiero y Federico Utrera, editor de Majadahonda Magazin <\/strong>cuya intervenci\u00f3n recogemos y ampliamos en esta cr\u00f3nica. <\/span><!--more--><\/p>\n<figure id=\"attachment_199533\" aria-describedby=\"caption-attachment-199533\" style=\"width: 159px\" class=\"wp-caption alignleft\"><a href=\"https:\/\/majadahondamagazin.es\/wp-content\/uploads\/2022\/01\/elena.jpeg\"><img loading=\"lazy\" decoding=\"async\" class=\" wp-image-199533\" src=\"https:\/\/majadahondamagazin.es\/wp-content\/uploads\/2022\/01\/elena-300x295.jpeg\" alt=\"\" width=\"159\" height=\"156\" \/><\/a><figcaption id=\"caption-attachment-199533\" class=\"wp-caption-text\">Elena Marticorena<\/figcaption><\/figure>\n<p><span style=\"color: #ff0000;\"><strong>\u00bfQu\u00e9 papel jug\u00f3 la prensa durante la Transici\u00f3n y especialmente durante el 23-F?<\/strong><\/span> <strong><span style=\"color: #0000ff;\">&#8211; Federico Utrera<\/span><\/strong>: <span style=\"color: #000000;\">mi recuerdo es m\u00e1s cient\u00edfico y te\u00f3rico que experimental, porque en el a\u00f1o 1981 aun no ejerc\u00eda el periodismo y de hecho, vot\u00e9 por primera vez en el a\u00f1o 1982. Yo era entonces oyente de <a href=\"https:\/\/www.tetech.nl\/divers\/sw_stat_esp.htm\"><strong>onda corta<\/strong><\/a> (una banda de frecuencia que te permit\u00eda escuchar emisiones de radio de otros pa\u00edses, desde Radio Francia Internacional a la <em>Deutsche Welle<\/em>) por lo que la intrahistoria del golpe de Estado tuve que estudiarla en la carrera, a trav\u00e9s de aquellos famosos <em>cuadernos de la Transici\u00f3n<\/em> que publicaba <strong>Diario 16<\/strong>, el casi centenar de libros de bibliograf\u00eda que tuve que leer y otras tantas entrevistas que sirvieron para elaborar mi primer libro, \u00ab<a href=\"https:\/\/play.google.com\/store\/books\/details\/Canarias_secreto_de_estado_episodios_in%C3%A9ditos_de_l?id=y1xGjk06dPYC&amp;hl=en_US\"><strong>Canarias, secreto de Estado<\/strong><\/a>\u00ab, editado precisamente en <strong>Majadahonda<\/strong> (Mateos L\u00f3pez Editores, 1996). All\u00ed le dedico un <a href=\"https:\/\/www.bubok.es\/libros\/234820\/El-23F-en-Canarias-El-Elefante-Blanco-tenia-que-venir-del-archipielago\"><strong>extenso cap\u00edtulo al enigma del \u00abelefante blanco\u00bb<\/strong><\/a>, del que con este apoyo documental sostengo que era el capit\u00e1n general <strong>Gonz\u00e1lez del Yerro.<\/strong> Por otra parte, existen muchas analog\u00edas y algunas diferencias entre la prensa anal\u00f3gica de la Transici\u00f3n y la digital que se lee en la actualidad. Y se siguen dando <strong>\u00abgolpes de estado\u00bb,<\/strong> pero de otra manera.<\/span><\/p>\n<figure id=\"attachment_178062\" aria-describedby=\"caption-attachment-178062\" style=\"width: 300px\" class=\"wp-caption alignleft\"><a href=\"https:\/\/majadahondamagazin.es\/wp-content\/uploads\/2021\/03\/IMG_7985-e1556502669865.jpg\"><img loading=\"lazy\" decoding=\"async\" class=\"size-medium wp-image-178062\" src=\"https:\/\/majadahondamagazin.es\/wp-content\/uploads\/2021\/03\/IMG_7985-e1556502669865-300x201.jpg\" alt=\"\" width=\"300\" height=\"201\" \/><\/a><figcaption id=\"caption-attachment-178062\" class=\"wp-caption-text\">Federico Utrera en la Universidad de Almer\u00eda (UAL) durante la presentaci\u00f3n de su libro sobre la Transici\u00f3n<\/figcaption><\/figure>\n<p><span style=\"color: #000000;\"><strong>Federico Utrera<\/strong> tambi\u00e9n hizo referencia durante su intervenci\u00f3n a la obra <strong>\u00abVida de S\u00f3crates\u00bb,<\/strong> escrita por<strong> Antonio Tovar<\/strong>, en la que se habla tambi\u00e9n de pol\u00edtica y comunicaci\u00f3n y como en aquella \u00e9poca milenaria (siglo V antes de Cristo) ya exist\u00edan los \u00ab<strong>sicofantes<\/strong>\u00ab, que desempe\u00f1aban el papel de los actuales digitales de hoy con sus llamativas denuncias y el periodismo de investigaci\u00f3n pero tambi\u00e9n con sus intereses y arbitrariedades, por lo que ambos periodos \u00bb se parecen con lo que se practica hoy en d\u00eda, como era el teatro de <strong>Arist\u00f3fanes<\/strong>, que desempe\u00f1aba la funci\u00f3n de un moderno <strong>Albert Boadella<\/strong>. <\/span><span style=\"color: #000000;\">Yo veo que hay cosas que se siguen haciendo y otras que han cambiado y recomiendo el libro \u00ab<a href=\"https:\/\/www.elboomeran.com\/obras\/el-pianista-en-el-burdel\/\"><strong>El pianista en el burdel<\/strong><\/a>\u00bb de <strong>Juan Luis Cebri\u00e1n<\/strong> para comprender la evoluci\u00f3n del periodismo desde sus inicios hasta el siglo XX. Luego hemos pasado de una <strong>\u00e9poca anal\u00f3gica a una digital, de una oligocracia<\/strong> donde exist\u00eda 1 canal de televisi\u00f3n, 2 o 3 emisoras de radio y 4 o 5 peri\u00f3dicos importantes, a un panorama <strong>multiforme y fractal<\/strong>. Muchos periodistas nos hemos convertido en editores para sobrevivir, aunque yo ya ejerc\u00eda de editor literario en la \u00e9poca anal\u00f3gica, cuando conoc\u00ed a <a href=\"https:\/\/editorialhijosdemuleyrubio.com\/\"><strong>Juan Goytisolo, Fernando Arrabal o Michel Houellebecq<\/strong><\/a> y publiqu\u00e9 sus libros. Ahora el reto es unir a estos editores locales y sectoriales para que tambi\u00e9n unan fuerzas en una misma plataforma y trabajen en red con objeto de crear una industria de mayor tama\u00f1o donde ahora solo hay talento y oficio&#8230;\u00bb.<\/span><\/p>\n<figure id=\"attachment_203033\" aria-describedby=\"caption-attachment-203033\" style=\"width: 300px\" class=\"wp-caption alignleft\"><a href=\"https:\/\/majadahondamagazin.es\/wp-content\/uploads\/2022\/02\/hqdefault.jpg\"><img loading=\"lazy\" decoding=\"async\" class=\"wp-image-203033 size-medium\" src=\"https:\/\/majadahondamagazin.es\/wp-content\/uploads\/2022\/02\/hqdefault-300x171.jpg\" alt=\"\" width=\"300\" height=\"171\" \/><\/a><figcaption id=\"caption-attachment-203033\" class=\"wp-caption-text\">Entrevista en \u00abPeriodista Digital\u00bb de Federico Utrera sobre su libro \u00abLos Leones del Congreso\u00bb (memorias parlamentarias)<\/figcaption><\/figure>\n<p><span style=\"color: #000000;\">\u00abAhora hay <strong>m\u00e1s transparencia<\/strong> y los periodistas siguen trabajando con las mismas ganas e ilusi\u00f3n\u00bb explica el editor de <strong>Majadahonda Magazin<\/strong>. <\/span><span style=\"color: #000000;\">Cuenta adem\u00e1s que fue durante 8 a\u00f1os Secretario General de la <strong>Asociaci\u00f3n de Periodistas Parlamentarios (APP)<\/strong> que fund\u00f3 con un grupo de compa\u00f1eros, precisamente rescatando la que hab\u00eda en la Transici\u00f3n: \u00abel panorama que me encontr\u00e9 6 a\u00f1os despu\u00e9s del 23-F, ya en 1987, fue desolador, apenas hab\u00eda 5 \u00f3 6 periodistas en la sala de prensa, un fax destartalado y viejas m\u00e1quinas de escribir&#8230;\u00bb. Por eso a\u00f1ade: \u00abLa primera vez que fui al Congreso de los Diputados fue para entrevistar al abogado y diputado <a href=\"https:\/\/editorialhijosdemuleyrubio.com\/?p=1201\"><strong>Juan Mar\u00eda Bandr\u00e9s<\/strong><\/a> y al acceder al edificio de la Carrera de San Jer\u00f3nimo hab\u00eda solo unos pocos periodistas en la sala de prensa que iban a diario:<strong> Juli\u00e1n Lacalle, Gonzalo L\u00f3pez Alba, Carmen del Riego, Pilar Cernuda, Julia Navarro, el veterano corresponsal del Diario Vasco y Faustino, otro curioso personaje<\/strong>\u00ab.\u00a0 Pero todo evolucion\u00f3 r\u00e1pidamente: a\u00f1os despu\u00e9s la entrada al hemiciclo tuvo que ser restringida por aforo, pues <strong>en los a\u00f1os noventa ya estaban acreditados cerca de 200 periodistas<\/strong>. Sin embargo, a las ruedas de prensa diarias apenas acud\u00edan media docena de profesionales\u00bb. Sus memorias y an\u00e9cdotas m\u00e1s sustanciosas de aquellas peripecias parlamentarias est\u00e1n recogidas en su libro \u00ab<strong>Los Leones del Congreso<\/strong>\u00bb (La Esfera de los Libros, 2012), un ameno relato sobre periodismo y pol\u00edtica parlamentaria que a\u00fan <a href=\"https:\/\/www.google.es\/search?q=%22Los+Leones+del+Congreso%22+%22federcio+utrera%22&amp;sxsrf=APq-WBv65yf3gFY3JBiJ-Un-TKsWfZFljw%3A1645863696924&amp;ei=EOMZYtD5N46SaJOMj9AP&amp;ved=0ahUKEwjQwYOI-Jz2AhUOCRoKHRPGA_oQ4dUDCA4&amp;uact=5&amp;oq=%22Los+Leones+del+Congreso%22+%22federcio+utrera%22&amp;gs_lcp=Cgdnd3Mtd2l6EAMyBAghEAo6CggjELACELADECc6BwgjELACECdKBAhBGAFKBAhGGABQkAlYxUNg10doAXAAeACAAaoBiAGMB5IBAzguMpgBAKABAcgBAcABAQ&amp;sclient=gws-wiz\"><strong>sigue vendi\u00e9ndose<\/strong>.\u00a0<\/a><\/span><\/p>\n","protected":false},"excerpt":{"rendered":"<p>ELENA MARTICORENA. 41 a\u00f1os han pasado desde aquel fallido golpe de Estado del a\u00f1o 1981, que puso en jaque a la sociedad espa\u00f1ola durante lo que para muchos fue, la tarde m\u00e1s larga de la historia de la democracia. En plena transici\u00f3n y sin los medios actuales, los espa\u00f1oles vivieron con ansiedad el secuestro de los diputados del hemiciclo. Los periodistas all\u00ed presentes fueron los \u00fanicos testigos capaces de retransmitir, con los pocos medios de los que dispon\u00edan, los hechos que hora a hora se suced\u00edan. Tampoco los militares que accedieron al Congreso de los Diputados pudieron conocer las maniobras que se estaban produciendo fuera. Quiz\u00e1, si el golpe de<\/p>\n","protected":false},"author":1,"featured_media":0,"comment_status":"open","ping_status":"open","sticky":false,"template":"","format":"standard","meta":{"footnotes":""},"categories":[258,268],"tags":[488,142],"class_list":["post-2415","post","type-post","status-publish","format-standard","hentry","category-clasicos-literarios","category-periferias-y-ultraperiferias","tag-cultura-commodore","tag-federico-utrera"],"views":1115,"_links":{"self":[{"href":"https:\/\/editorialhijosdemuleyrubio.com\/index.php?rest_route=\/wp\/v2\/posts\/2415","targetHints":{"allow":["GET"]}}],"collection":[{"href":"https:\/\/editorialhijosdemuleyrubio.com\/index.php?rest_route=\/wp\/v2\/posts"}],"about":[{"href":"https:\/\/editorialhijosdemuleyrubio.com\/index.php?rest_route=\/wp\/v2\/types\/post"}],"author":[{"embeddable":true,"href":"https:\/\/editorialhijosdemuleyrubio.com\/index.php?rest_route=\/wp\/v2\/users\/1"}],"replies":[{"embeddable":true,"href":"https:\/\/editorialhijosdemuleyrubio.com\/index.php?rest_route=%2Fwp%2Fv2%2Fcomments&post=2415"}],"version-history":[{"count":1,"href":"https:\/\/editorialhijosdemuleyrubio.com\/index.php?rest_route=\/wp\/v2\/posts\/2415\/revisions"}],"predecessor-version":[{"id":2416,"href":"https:\/\/editorialhijosdemuleyrubio.com\/index.php?rest_route=\/wp\/v2\/posts\/2415\/revisions\/2416"}],"wp:attachment":[{"href":"https:\/\/editorialhijosdemuleyrubio.com\/index.php?rest_route=%2Fwp%2Fv2%2Fmedia&parent=2415"}],"wp:term":[{"taxonomy":"category","embeddable":true,"href":"https:\/\/editorialhijosdemuleyrubio.com\/index.php?rest_route=%2Fwp%2Fv2%2Fcategories&post=2415"},{"taxonomy":"post_tag","embeddable":true,"href":"https:\/\/editorialhijosdemuleyrubio.com\/index.php?rest_route=%2Fwp%2Fv2%2Ftags&post=2415"}],"curies":[{"name":"wp","href":"https:\/\/api.w.org\/{rel}","templated":true}]}}