{"id":2417,"date":"2022-05-27T13:09:18","date_gmt":"2022-05-27T11:09:18","guid":{"rendered":"https:\/\/editorialhijosdemuleyrubio.com\/?p=2417"},"modified":"2022-05-27T13:09:18","modified_gmt":"2022-05-27T11:09:18","slug":"nueva-prensa-digital-y-modernos-golpes-de-estado-majadahonda-magazin-mjd-en-cultura-commodore","status":"publish","type":"post","link":"https:\/\/editorialhijosdemuleyrubio.com\/?p=2417","title":{"rendered":"Nueva prensa digital y modernos \u00abgolpes de Estado\u00bb: Majadahonda Magazin (MJD) en \u00abCultura Commodore\u00bb"},"content":{"rendered":"<figure id=\"attachment_202754\" aria-describedby=\"caption-attachment-202754\" style=\"width: 300px\" class=\"wp-caption alignleft\"><a href=\"https:\/\/majadahondamagazin.es\/wp-content\/uploads\/2022\/02\/0.png\"><img loading=\"lazy\" decoding=\"async\" class=\"wp-image-202754 size-medium\" src=\"https:\/\/majadahondamagazin.es\/wp-content\/uploads\/2022\/02\/0-300x225.png\" alt=\"\" width=\"300\" height=\"225\" \/><\/a><figcaption id=\"caption-attachment-202754\" class=\"wp-caption-text\">Nueva prensa digital: Jos\u00e9 Manuel Gonz\u00e1lez Huesa, Federico Utrera y Jos\u00e9 Luis Barcel\u00f3 durante el coloquio. Fotograf\u00edas: \u00a9<a href=\"https:\/\/suite-events.com\/\">Suite Agencia<\/a><\/figcaption><\/figure>\n<p>DAVID FELIPE ARRANZ. <strong>Cultura Commodore<\/strong> ha celebrado este mi\u00e9rcoles 23 de febrero (2022) uno de sus \u201c<strong>Desayunos<\/strong>\u201d (calle Rep\u00fablica Argentina 5) en torno al protagonismo esencial de la <strong>prensa<\/strong> en el intento fallido de <strong>golpe de Estado de 1981<\/strong>. En esta nueva etapa, <strong>Cultura Commodore<\/strong>, a trav\u00e9s de su programa de actividades, renueva un espacio que fue lugar de encuentro y di\u00e1logo cultural, escenario obligado durante d\u00e9cadas en la historia reciente de Espa\u00f1a. En el acto han participado el director de <strong>Servimedia<\/strong>, <strong>Jos\u00e9 Manuel Gonz\u00e1lez Huesa<\/strong>; el director de <strong>El Mundo Financiero<\/strong>, <strong>Jos\u00e9 Luis Barcel\u00f3<\/strong>, y el editor de <strong>Majadahonda Magazin<\/strong>, <strong>Federico Utrera<\/strong>, quienes han coincidido que el mayor cambio en estos cuarenta a\u00f1os en el sistema de medios ha sido el de editor de peri\u00f3dicos. Los tres periodistas han se\u00f1alado el hecho de que hoy en d\u00eda se siguen dando \u201c<strong>golpes de Estado<\/strong>\u201d, si bien de otra manera, ya que hay mucho inter\u00e9s \u00aben edulcorarlos cara a la opini\u00f3n p\u00fablica, como ocurri\u00f3 con <strong>Donald Trump<\/strong> y su asalto al <strong>Capitolio<\/strong>\u00ab, record\u00f3 <strong>Utrera<\/strong>. Para <strong>Barcel\u00f3<\/strong>, hay \u201cvoladuras controladas y guerras abiertas que terminan traslad\u00e1ndose a las hojas de ruta de las organizaciones\u201d. En ese sentido, \u201cel periodista en tiempo del 23-F cumpl\u00eda una misi\u00f3n, que era querida por los ciudadanos y hab\u00eda una lealtad a los medios\u201d, ha remarcado el director del digital econ\u00f3mico, para quien el papel del periodista ahora en el proceso de elaboraci\u00f3n de la informaci\u00f3n \u201cse ha visto condicionado por las nuevas formas de transmisi\u00f3n, como la del periodismo ciudadano y las redes sociales\u201d, ha indicado <strong>Barcel\u00f3<\/strong>.<!--more--><\/p>\n<figure id=\"attachment_202753\" aria-describedby=\"caption-attachment-202753\" style=\"width: 259px\" class=\"wp-caption alignleft\"><a href=\"https:\/\/majadahondamagazin.es\/wp-content\/uploads\/2022\/02\/Captura-de-pantalla-2022-02-24-a-las-10.14.50.png\"><img loading=\"lazy\" decoding=\"async\" class=\"wp-image-202753 size-medium\" src=\"https:\/\/majadahondamagazin.es\/wp-content\/uploads\/2022\/02\/Captura-de-pantalla-2022-02-24-a-las-10.14.50-259x300.png\" alt=\"\" width=\"259\" height=\"300\" \/><\/a><figcaption id=\"caption-attachment-202753\" class=\"wp-caption-text\">Rese\u00f1a en \u00abEl Imparcial\u00bb de Luis M\u00aa Ans\u00f3n<\/figcaption><\/figure>\n<p>Como retos, <strong>Barcel\u00f3<\/strong> tambi\u00e9n ha hecho notar que para el lector actual ya hay poca sorpresa ante la prensa, por lo que el periodista tiene ante s\u00ed el desaf\u00edo de estar a la caza de lo que sea vanguardia en la sociedad civil. A todo ello, <strong>Federico Utrera<\/strong> ha a\u00f1adido el problema del cuestionamiento del papel de control de la prensa: \u201ca nosotros a veces se nos denigra, se nos utiliza y se nos niega solo porque somos transmisores de las noticias e ideas de otros: y en ocasiones los mismos que nos han filtrado la informaci\u00f3n despu\u00e9s nos desmienten en p\u00fablico\u201d, ha recordado en relaci\u00f3n a algunas de sus experiencias. \u201cLo grandioso de la profesi\u00f3n est\u00e1 en alternar con pr\u00edncipes y mendigos\u201d, ha valorado <strong>Utrera<\/strong>. Por otra parte, <strong>Federico Utrera<\/strong> ha mencionado la \u00ab<strong>Vida de S\u00f3crates\u00bb de Antonio Tovar<\/strong> para referirse a la pol\u00edtica de hoy y a <strong>Arist\u00f3teles, <\/strong>disc\u00edpulo del fil\u00f3sofo griego, el primer te\u00f3rico pol\u00edtico de la historia: \u201cyo veo las mismas cosas que existen tambi\u00e9n ahora, como los sicofantes, que era la \u00abprensa\u00bb m\u00e1s llamativa, que se corresponder\u00eda con los digitales de hoy, y veo tambi\u00e9n cosas distintas, como la de pasar de la era anal\u00f3gica a la digital, con la transformaci\u00f3n de una oligocracia de unos pocos medios a un panorama multiforme y fractal, que es el signo de esta \u00e9poca\u201d. A prop\u00f3sito de la \u201cfractalidad\u201d del sistema de medios actual, el director de <strong>Majadahonda Magazin<\/strong> ha indicado que todo se deconstruye y se volver\u00e1 a construir, pero ahora toca la desmembraci\u00f3n, si bien puede haber una coordinaci\u00f3n en todo este aparente \u201ccaos\u201d, como por ejemplo el trabajo en red de los periodistas de hoy: \u201cs\u00ed hay m\u00e1s transparencia y participaci\u00f3n con las redes sociales y veo a editores detr\u00e1s no tan distintos a los de la <strong>Transici\u00f3n<\/strong>, solo que ahora los propios periodistas han tenido que convertirse en empresarios para fundar sus propios medios\u201d, ha a\u00f1adido <strong>Utrera<\/strong>.<\/p>\n<figure id=\"attachment_202748\" aria-describedby=\"caption-attachment-202748\" style=\"width: 300px\" class=\"wp-caption alignleft\"><a href=\"https:\/\/majadahondamagazin.es\/wp-content\/uploads\/2022\/02\/Captura-de-pantalla-2022-02-24-a-las-10.10.28.png\"><img loading=\"lazy\" decoding=\"async\" class=\"wp-image-202748 size-medium\" src=\"https:\/\/majadahondamagazin.es\/wp-content\/uploads\/2022\/02\/Captura-de-pantalla-2022-02-24-a-las-10.10.28-300x249.png\" alt=\"\" width=\"300\" height=\"249\" \/><\/a><figcaption id=\"caption-attachment-202748\" class=\"wp-caption-text\">Rese\u00f1a en \u00abMadrid es Noticia\u00bb<\/figcaption><\/figure>\n<p><strong>Jos\u00e9 Manuel Gonz\u00e1lez Huesa<\/strong> ha recordado ese d\u00eda, el del 23 de febrero de 1981, cuando estudiaba Periodismo y sigui\u00f3 los acontecimientos desde la radio: \u201cel papel de los periodistas entonces fue determinante, porque hab\u00eda una poblaci\u00f3n colapsada, impactada y no ten\u00edamos los medios de los que disponemos ahora: tuvimos oscuridad durante muchas horas y hasta la madrugada no se emiti\u00f3 el discurso del <strong>Rey<\/strong>, de manera que la sociedad espa\u00f1ola esperaba despierta a ver qu\u00e9 ocurr\u00eda, gracias a la prensa\u201d, ha rememorado. \u201cLos vecinos entonces se juntaban entonces para ver la televisi\u00f3n, los peri\u00f3dicos tiraban ediciones especiales y el proceso era m\u00e1s complejo: escrib\u00edas, alguien te correg\u00eda la pieza, se compon\u00eda, iba a la rotativa y despu\u00e9s a la distribuci\u00f3n\u201d, ha se\u00f1alado, en referencia tambi\u00e9n a c\u00f3mo \u201cla gente devor\u00f3 los peri\u00f3dicos, porque la prensa le daba una sensaci\u00f3n de tranquilidad: la democracia triunf\u00f3 y estoy convencido de que en la movilizaci\u00f3n de m\u00e1s de un mill\u00f3n de personas de aquellos d\u00edas, la prensa tuvo mucho que ver. Aquellos periodistas eran unos privilegiados y en el Congreso apenas llegaban a treinta: eran gente m\u00edtica, bien formada, como <strong>Luis Carandell, V\u00edctor M\u00e1rquez Reviriego<\/strong> o algunos por entonces j\u00f3venes, como <strong>Soledad Gallego D\u00edaz, Pilar Cernuda o Julia Navarro<\/strong>\u201d, ha asegurado el director de Servimedia.<\/p>\n<figure id=\"attachment_202749\" aria-describedby=\"caption-attachment-202749\" style=\"width: 300px\" class=\"wp-caption alignleft\"><a href=\"https:\/\/majadahondamagazin.es\/wp-content\/uploads\/2022\/02\/Captura-de-pantalla-2022-02-24-a-las-10.11.35.png\"><img loading=\"lazy\" decoding=\"async\" class=\"wp-image-202749 size-medium\" src=\"https:\/\/majadahondamagazin.es\/wp-content\/uploads\/2022\/02\/Captura-de-pantalla-2022-02-24-a-las-10.11.35-300x194.png\" alt=\"\" width=\"300\" height=\"194\" \/><\/a><figcaption id=\"caption-attachment-202749\" class=\"wp-caption-text\">Rese\u00f1a en Servimedia<\/figcaption><\/figure>\n<p><span style=\"color: #ff0000;\"><strong>Otros tiempos, otros formatos:<\/strong><\/span> Gonz\u00e1lez Huesa ha hecho hincapi\u00e9 en los nuevos tiempos: \u201cse sigue haciendo periodismo, pero en otros formatos. Lo que ha cambiado radicalmente es el papel del editor de peri\u00f3dicos, que era muy diferente y esa figura es absolutamente necesaria y vital para un medio de comunicaci\u00f3n. El editor era el propietario del medio y hasta de la informaci\u00f3n (<strong>Jes\u00fas de Polanco, Juan Tom\u00e1s de Salas, Antonio Asensio.<\/strong>..)\u201d; ahora, por el contrario, \u201clos due\u00f1os son, por un lado, los inversores, y, por otro, los usuarios, porque la informaci\u00f3n fluye ya en un nuevo entorno, que es el de las redes sociales, que son ahora los nuevos intermediarios. Por eso reivindico al periodismo m\u00e1s que nunca, porque adem\u00e1s en Espa\u00f1a se hace un periodismo excelente, incluso a veces mejor que el que se hace en otros pa\u00edses\u201d, ha comentado el veterano periodista. <strong>Barcel\u00f3<\/strong>, en ese sentido ha defendido la l\u00ednea editorial de un medio de comunicaci\u00f3n: \u201clos medios se tienen que definir por sus l\u00edneas editoriales, porque si no todos ser\u00edan iguales: lo importante es ser buenos profesionales y trabajar bien la informaci\u00f3n\u201d. <span style=\"color: #0000ff;\"><strong>Cultura Commodore:<\/strong><\/span>\u00a0a trav\u00e9s de su programa de actividades, renueva as\u00ed de la mano del \u00ab<strong>Grupo Casa Remigio<\/strong>\u00bb un espacio simb\u00f3lico (<strong>restaurante de Rep\u00fablica Argentina 5)<\/strong> que ha sido lugar de encuentro y di\u00e1logo cultural, escenario obligado durante d\u00e9cadas en la historia reciente de Espa\u00f1a. Adem\u00e1s, con car\u00e1cter anual, se volver\u00e1n a celebrar los <strong>Premios Commodore<\/strong>, que establecen siete categor\u00edas: Narrativa, Poes\u00eda, Teatro, Cine, Periodismo, M\u00fasica y Talento joven, y que se fallar\u00e1n en junio de 2022. <span style=\"color: #ff0000;\"><strong>M\u00e1s rese\u00f1as y fotograf\u00edas del acto (pinche sobre la imagen para aumentar su tama\u00f1o):<\/strong><\/span><\/p>\n\n","protected":false},"excerpt":{"rendered":"<p>DAVID FELIPE ARRANZ. Cultura Commodore ha celebrado este mi\u00e9rcoles 23 de febrero (2022) uno de sus \u201cDesayunos\u201d (calle Rep\u00fablica Argentina 5) en torno al protagonismo esencial de la prensa en el intento fallido de golpe de Estado de 1981. En esta nueva etapa, Cultura Commodore, a trav\u00e9s de su programa de actividades, renueva un espacio que fue lugar de encuentro y di\u00e1logo cultural, escenario obligado durante d\u00e9cadas en la historia reciente de Espa\u00f1a. En el acto han participado el director de Servimedia, Jos\u00e9 Manuel Gonz\u00e1lez Huesa; el director de El Mundo Financiero, Jos\u00e9 Luis Barcel\u00f3, y el editor de Majadahonda Magazin, Federico Utrera, quienes han coincidido que el mayor cambio<\/p>\n","protected":false},"author":1,"featured_media":0,"comment_status":"open","ping_status":"open","sticky":false,"template":"","format":"standard","meta":{"footnotes":""},"categories":[258,255,268],"tags":[488,142],"class_list":["post-2417","post","type-post","status-publish","format-standard","hentry","category-clasicos-literarios","category-historia","category-periferias-y-ultraperiferias","tag-cultura-commodore","tag-federico-utrera"],"views":1143,"_links":{"self":[{"href":"https:\/\/editorialhijosdemuleyrubio.com\/index.php?rest_route=\/wp\/v2\/posts\/2417","targetHints":{"allow":["GET"]}}],"collection":[{"href":"https:\/\/editorialhijosdemuleyrubio.com\/index.php?rest_route=\/wp\/v2\/posts"}],"about":[{"href":"https:\/\/editorialhijosdemuleyrubio.com\/index.php?rest_route=\/wp\/v2\/types\/post"}],"author":[{"embeddable":true,"href":"https:\/\/editorialhijosdemuleyrubio.com\/index.php?rest_route=\/wp\/v2\/users\/1"}],"replies":[{"embeddable":true,"href":"https:\/\/editorialhijosdemuleyrubio.com\/index.php?rest_route=%2Fwp%2Fv2%2Fcomments&post=2417"}],"version-history":[{"count":1,"href":"https:\/\/editorialhijosdemuleyrubio.com\/index.php?rest_route=\/wp\/v2\/posts\/2417\/revisions"}],"predecessor-version":[{"id":2418,"href":"https:\/\/editorialhijosdemuleyrubio.com\/index.php?rest_route=\/wp\/v2\/posts\/2417\/revisions\/2418"}],"wp:attachment":[{"href":"https:\/\/editorialhijosdemuleyrubio.com\/index.php?rest_route=%2Fwp%2Fv2%2Fmedia&parent=2417"}],"wp:term":[{"taxonomy":"category","embeddable":true,"href":"https:\/\/editorialhijosdemuleyrubio.com\/index.php?rest_route=%2Fwp%2Fv2%2Fcategories&post=2417"},{"taxonomy":"post_tag","embeddable":true,"href":"https:\/\/editorialhijosdemuleyrubio.com\/index.php?rest_route=%2Fwp%2Fv2%2Ftags&post=2417"}],"curies":[{"name":"wp","href":"https:\/\/api.w.org\/{rel}","templated":true}]}}