{"id":2419,"date":"2022-05-27T13:11:05","date_gmt":"2022-05-27T11:11:05","guid":{"rendered":"https:\/\/editorialhijosdemuleyrubio.com\/?p=2419"},"modified":"2022-05-27T13:11:05","modified_gmt":"2022-05-27T11:11:05","slug":"federico-utrera-la-comunicacion-politica-debe-empezar-por-la-lectura-de-los-clasicos","status":"publish","type":"post","link":"https:\/\/editorialhijosdemuleyrubio.com\/?p=2419","title":{"rendered":"Federico Utrera: \u00abla Comunicaci\u00f3n Pol\u00edtica debe empezar por la lectura de los cl\u00e1sicos\u00bb"},"content":{"rendered":"<figure id=\"attachment_207940\" aria-describedby=\"caption-attachment-207940\" style=\"width: 300px\" class=\"wp-caption alignleft\"><a href=\"https:\/\/majadahondamagazin.es\/wp-content\/uploads\/2022\/04\/BeFunky-collage-45-4.jpg\"><img loading=\"lazy\" decoding=\"async\" class=\"size-medium wp-image-207940\" src=\"https:\/\/majadahondamagazin.es\/wp-content\/uploads\/2022\/04\/BeFunky-collage-45-4-300x250.jpg\" alt=\"\" width=\"300\" height=\"250\" \/><\/a><figcaption id=\"caption-attachment-207940\" class=\"wp-caption-text\">El escritor, periodista y profesor universitario de Majadahonda, Federico Utrera en \u00abGente Maja que se Moja\u00bb<\/figcaption><\/figure>\n<p>MIGUEL SANCHIZ. <strong>Federico Utrera<\/strong>\u00a0(Almer\u00eda, 1963) es <strong>escritor, periodista y profesor universitario<\/strong>, licenciado en Periodismo por la <strong>Universidad Complutense de Madrid<\/strong> y <strong>Doctor en Comunicaci\u00f3n Audiovisual<\/strong> por la <strong>Universidad Rey Juan Carlos de Madrid.<\/strong> Tambi\u00e9n es editor de <strong>Majadahonda Magazin<\/strong> y de la <strong>editorial literaria Hijos de Muley Rubio (HMR<\/strong>). Ahora se arriesga a acudir a este rinc\u00f3n diferente de \u00ab<strong>Gente Maja que se Moja<\/strong>\u00ab. Mi propuesta le sorprende y de ah\u00ed la primera pregunta: <span style=\"color: #ff0000;\"><strong>\u00bfExiste alguna otra forma de hacer pol\u00edtica?<\/strong><\/span> <span style=\"color: #339966;\"><strong>Federico Utrera:<\/strong><\/span>\u2013S\u00ed, la pol\u00edtica no es solo como se ha entendido y practicado esta legislatura en <strong>Majadahonda<\/strong> desde la<strong> mayor\u00eda absoluta<\/strong>. A muchos de sus concejales les falta experiencia y formaci\u00f3n acad\u00e9mica, no todo deben ser las malas ma\u00f1as aprendidas desde temprana edad al acceder a las juventudes de sus partidos. Y como las bander\u00edas nacionales han bloqueado la <strong>legitimidad que suponen las elecciones por distritos<\/strong> y se ha <strong>frustrado la regeneraci\u00f3n democr\u00e1tica<\/strong>, se avecina y divisa una \u00ab<strong>explosi\u00f3n\u00bb <\/strong>de la vertebraci\u00f3n a trav\u00e9s de lo <strong>exclusivamente local, <\/strong>como ha ocurrido en<strong> Castilla-Le\u00f3n, Arag\u00f3n y muchos lugares m\u00e1s, incluyendo la Comunidad de Madrid<\/strong>. La pol\u00edtica se \u00abinvent\u00f3\u00bb hace muchos siglos ya en <strong>Grecia y Roma <\/strong>y a\u00a0mis alumnos del <strong>m\u00e1ster de Comunicaci\u00f3n Pol\u00edtica<\/strong> que imparto en la universidad les recomiendo por ello que empiecen por la lectura de los cl\u00e1sicos.<!--more--><\/p>\n<figure id=\"attachment_206511\" aria-describedby=\"caption-attachment-206511\" style=\"width: 300px\" class=\"wp-caption alignleft\"><a href=\"https:\/\/majadahondamagazin.es\/wp-content\/uploads\/2022\/04\/IMG_5870.jpeg\"><img loading=\"lazy\" decoding=\"async\" class=\"size-medium wp-image-206511\" src=\"https:\/\/majadahondamagazin.es\/wp-content\/uploads\/2022\/04\/IMG_5870-300x113.jpeg\" alt=\"\" width=\"300\" height=\"113\" \/><\/a><figcaption id=\"caption-attachment-206511\" class=\"wp-caption-text\">Miguel Sanchiz en su secci\u00f3n de entrevistas<\/figcaption><\/figure>\n<p><strong><span style=\"color: #ff0000;\">\u00bfCuales?<\/span> \u2013<span style=\"color: #339966;\">Federico Utrera: <\/span><\/strong>El primero<strong> S\u00f3crates, <\/strong>que no dej\u00f3 nada escrito pero la biograf\u00eda de <strong>Tovar<\/strong> es prodigiosa. Tambi\u00e9n la \u00abConstituci\u00f3n de los Atenienses\u00bb de <strong>Arist\u00f3teles, <\/strong>que es el libro-cuna del parlamentarismo<strong>.<\/strong> Del cordob\u00e9s <strong>S\u00e9neca<\/strong>\u00a0disponemos de sus <strong>Cartas<\/strong> y de sus <strong>Controversias<\/strong> que edit\u00f3 <strong>Quevedo<\/strong>, pero tambi\u00e9n esa obra magistral de <strong>Antonio Gala<\/strong> que es \u00ab<strong>S\u00e9neca o el beneficio de la duda\u00bb<\/strong>. No olvidemos que fue primero \u00abasesor\u00bb de <strong>Ner\u00f3n<\/strong> y luego \u00abpresidente del Gobierno\u00bb en su \u00abreinado\u00bb, que es como decir ahora que lo fue de <strong>Hitler<\/strong>, quien lo conden\u00f3 a muerte. Fueron el \u00abying\u00bb y el \u00abyang\u00bb de aquel imperio y su legado literario es asombroso. Y por \u00faltimo el brillante orador <strong>Cicer\u00f3n<\/strong> \u2013los dos hermanos, <strong>Marco y su asesor Quinto<\/strong>\u2013 para aprender sobre todo de sus errores, pues tambi\u00e9n fue ejecutado, esta vez por <strong>Marco Antonio<\/strong>. Si creemos en la democracia parlamentaria, como yo creo, comprenderemos que, en efecto, tenemos los gobiernos que nos merecemos y <strong>la pol\u00edtica no es tan diferente a como se ejerc\u00eda hace 25 siglos<\/strong>. El destino, que ya est\u00e1 escrito \u2013aunque es complejo y azaroso y por ello dif\u00edcilmente escrutable\u2013 lo labramos d\u00eda a d\u00eda con nuestras decisiones, acciones y omisiones. Car\u00e1cter es destino, que dec\u00eda el poeta <strong>Luis Cernuda<\/strong> y en pol\u00edtica, oficio de titanes, esto vale tanto como en la vida privada.<\/p>\n<p><strong><span style=\"color: #ff0000;\">\u00bfQue sensaci\u00f3n hay en Majadahonda en torno a la gesti\u00f3n municipal?<\/span> <span style=\"color: #339966;\">Federico Utrera:<\/span><\/strong>\u2013Creo que existe cierto <strong>desencanto<\/strong>, por decirlo de forma amable. Se prob\u00f3 el experimento de darle a los j\u00f3venes el poder sin experiencia previa ni edad recomendable. Y el resultado no solo se ha visto aqu\u00ed, eso ya le ha costado el puesto a <strong>Pablo Casado<\/strong> y a su equipo. <strong>No son razones pol\u00edticas ni ideol\u00f3gicas, <\/strong>en esto los partidos progresistas tambi\u00e9n se equivocan: lo que ha ocurrido es que la <strong>presuntuosa<\/strong> <strong>vanidad y arrogancia<\/strong> que te da ser joven y millonario gracias a la pol\u00edtica y a tan corta edad, te hace pensar y creer que eres el m\u00e1s guapo, listo y habilidoso de la clase. El tiempo te hace ver que no todo el mundo te dice la verdad y que conviene contrapesar la suerte de la \u00ab<strong>dedocracia<\/strong>\u00bb con <strong>virtudes como la prudencia, discreci\u00f3n y humildad<\/strong>. Eso no lo hemos visto en toda esta legislatura de <strong>continuas miradas al espejo fotog\u00e9nico de las propias redes sociales<\/strong>. Por fortuna, como nos ha pasado a todos, esos pecados de juventud se curan con la edad&#8230; (risas).<\/p>\n<p><span style=\"color: #ff0000;\"><strong>Hace pocas semanas, en el Pleno Municipal del Ayuntamiento de Majadahonda, el alcalde Jos\u00e9 Luis Alvarez Ustarroz, no permiti\u00f3 que unos vecinos expusieran sus quejas. De ser cierta la noticia, \u00bfc\u00f3mo califica usted la actitud del primer edil?<\/strong><\/span> <span style=\"color: #339966;\"><strong>Federico Utrera:<\/strong><\/span>\u2013Parece incre\u00edble s\u00ed, pero lamentablemente hubo <strong>4 representantes de 2 asociaciones<\/strong> (Piscina Huerta Vieja y Plataforma 0,7%), <strong>una empresa<\/strong> (Fronda) y un <strong>partido pol\u00edtico<\/strong> \u00abVecinos por Majadahonda\u00bb afectados por el \u00abveto\u00bb. Y algunos vecinos m\u00e1s y se ha repetido adem\u00e1s. La decisi\u00f3n de la coalici\u00f3n <strong>PP-Vox<\/strong> la calificar\u00eda como \u00ab<strong>suicida<\/strong>\u00bb si no fuera porque estoy a favor de la eutanasia voluntaria (risas).\u00a0Cr\u00e9ame (y si no tiene el \u00abdon de la fe\u00bb <a href=\"https:\/\/majadahondamagazin.es\/?s=majadahonda+%22ruegos+y+preguntas%22\"><strong>revise las pruebas<\/strong><\/a> como <strong>Santo Tom\u00e1s<\/strong>): el alcalde ha prohibido intervenir a los vecinos en los \u00ab<strong>ruegos y preguntas<\/strong>\u00ab, algo que ya ven\u00eda evitando durante la pandemia con falsas excusas tecnol\u00f3gicas. Y existe medio centenar de testigos, una grabaci\u00f3n de audio -que reprodujo <a href=\"https:\/\/www.ivoox.com\/escandalo-pleno-del-ayuntamiento-majadahonda-audios-mp3_rf_84980569_1.html\"><strong>Radio Majadahonda<\/strong><\/a>&#8211; y posiblemente unas <strong>consecuencias pol\u00edticas<\/strong> y algo m\u00e1s de esta nueva torpeza, fruto de la inexperiencia y juventud. Si esa continua odisea que hemos vivido sin desmayo en esta legislatura <strong>le va a costar no solo el puesto sino su profesi\u00f3n de pol\u00edtico<\/strong> depender\u00e1 de <strong>Isabel Ayuso<\/strong>, yo no soy ning\u00fan pitoniso. Y aunque el dramaturgo <strong>Fernando Arrabal<\/strong> asegura que todo poeta es siempre un visionario, esa es \u00abla gracia que no quiso darme el cielo\u00bb, como dijo el siempre ambiguo y genial <strong>Cervantes<\/strong>.<\/p>\n<p><span style=\"color: #ff0000;\"><strong>Conjugando los dos temas, Canarias y Majadahonda: parece ser que hace muy poco tiempo un concejal del PP del Ayuntamiento de Majadahonda pronunci\u00f3 esta queja: \u201chasta los canarios\u201d usan sus instalaciones deportivas, comentario que supuso que el Ayuntamiento de Tuineje (Fuerteventura), de su mismo color pol\u00edtico, exigiera al de Majadahonda una \u00abdisculpa p\u00fablica\u00bb. \u00bfMerecemos los majariegos el gobierno municipal que tenemos?<\/strong><\/span> <span style=\"color: #339966;\"><strong>Federico Utrera:<\/strong> <\/span>\u2013Claro que s\u00ed. Yo mismo contribu\u00ed al mismo ayudando a los dos candidatos de la coalici\u00f3n PP-Vox en la ingenua creencia de que era necesaria una regeneraci\u00f3n. Y confieso que soy reincidente: me equivoqu\u00e9 tambi\u00e9n con <strong>Albert Rivera<\/strong> y sus Ciudadanos, con <strong>Pablo Iglesias<\/strong> y sus Podemos, con el juez <strong>Elpidio Silvia<\/strong> (aquel que encarcel\u00f3 al banquero de Caja Madrid, Miguel Blesa) y su Movimiento Red&#8230; aunque siempre me quedar\u00e1 en la memoria mi trabajo de Comunicaci\u00f3n con el polit\u00f3logo, notario y hombre de acci\u00f3n <strong>Antonio Garc\u00eda Trevijano<\/strong>. Claro que no fui el \u00fanico al que PP y Vox enga\u00f1aron: adem\u00e1s de a sus propios partidos, el <strong>Colectivo de Prensa y Medios de Majadahonda (<\/strong>CPM), que tenemos el honor de que usted presida, ha registrado todas sus promesas incumplidas, como tambi\u00e9n la <strong><a href=\"https:\/\/www.acdm.club\/\">Asociaci\u00f3n de Clubes y Deportistas de Majadahonda<\/a> (ACDM<\/strong>), etc, etc. etc&#8230;<\/p>\n<p><span style=\"color: #ff0000;\"><strong>\u00abEntre Gando a Barajas\u201d era el titulo de la columna que usted firmaba en el peri\u00f3dico Canarias 7 y luego en el digital \u00abCanarias Ahora.com\u00bb aunque de eso hace ya unos cuantos a\u00f1os. Hoy, Semana Santa de 2022, ya como testigo cercano, \u00bfcree que Pedro S\u00e1nchez ha tenido una actuaci\u00f3n correcta con los damnificados de la Isla de La Palma?<\/strong><\/span> <span style=\"color: #339966;\"><strong>Federico Utrera:<\/strong><\/span>-Quiero mojarme y ser sincero: no tengo ni la m\u00e1s remota idea. Le trasladar\u00eda su pregunta a mis amigos canarios, <strong>Francisco Moreno, Luis Socorro, Fernando Bruquetas o Carlos Sosa<\/strong>, todos periodistas o escritores, seguro que cada uno tendr\u00eda una respuesta diferente y mejor argumentada que la m\u00eda. Tras escribir creo que m\u00e1s de <strong>5.000 cr\u00f3nicas pol\u00edticas y parlamentarias en 20 a\u00f1os<\/strong>, no me pida que ejerza de lo que ya no soy: ahora he vuelto a la <strong>prensa local en Majadahonda y el Oeste de Madrid<\/strong>, que es lo que hice en mis comienzos desde <strong>Almer\u00eda y Las Palmas de Gran Canaria<\/strong>. Y eso que llaman \u00abactualidad pol\u00edtica nacional\u00bb la abandon\u00e9 el d\u00eda que dej\u00e9 mi cargo de secretario general de la <strong>Asociaci\u00f3n de Periodistas Parlamentarios (APP)<\/strong>. Mi contribuci\u00f3n al enredo nacional creo que ha sido ya m\u00e1s que generosa\u00bb (risas).<\/p>\n<p><span style=\"color: #ff0000;\"><strong>\u00bfConoce la isla?<\/strong> <span style=\"color: #339966;\"><strong>Federico Utrera: <\/strong><\/span><\/span>\u2013S\u00ed, la conozco, incluso impart\u00ed una conferencia en el hist\u00f3rico edificio de la <strong>Casa Principal de Salazar del Cabildo Insular <\/strong>con motivo del <strong>XX aniversario de las primeras elecciones municipales democr\u00e1ticas<\/strong>. Y en efecto, fui corresponsal parlamentario de varios peri\u00f3dicos de <strong>Canarias<\/strong> durante 20 a\u00f1os aunque luego deriv\u00e9 a <strong>corresponsal cultural<\/strong>. Lo \u00fanico que le puedo decir del volc\u00e1n de <strong>La Palma<\/strong>, la \u00abisla bonita\u00bb que inmortalizara <strong>Madonna<\/strong> en su c\u00e9lebre y popular canci\u00f3n (\u00a1soy \u00ab<strong>ochentero<\/strong>\u00ab, que le vamos a hacer!), es que dej\u00f3 adem\u00e1s de un mar de lava y ceniza, una curiosa exposici\u00f3n vanguardista en el <strong>C\u00edrculo de Bellas Artes de Madrid<\/strong>, cuya rese\u00f1a publiqu\u00e9 en <a href=\"https:\/\/www.eldiario.es\/canariasahora\/cultura\/arte-nuevo-viejos-topicos-torno-volcan-palma-canarias-cultura-circulo-bellas-artes-madrid_1_8647649.html\"><strong>ElDiario.es<\/strong><\/a> y en <a href=\"https:\/\/majadahondamagazin.es\/el-arte-conceptual-de-los-volcanes-en-una-exposicion-del-circulo-de-bellas-artes-madrid-teorias-y-practicas-artisticas-194410\"><strong>este mismo peri\u00f3dico<\/strong><\/a>\u00ab.<\/p>\n","protected":false},"excerpt":{"rendered":"<p>MIGUEL SANCHIZ. Federico Utrera\u00a0(Almer\u00eda, 1963) es escritor, periodista y profesor universitario, licenciado en Periodismo por la Universidad Complutense de Madrid y Doctor en Comunicaci\u00f3n Audiovisual por la Universidad Rey Juan Carlos de Madrid. Tambi\u00e9n es editor de Majadahonda Magazin y de la editorial literaria Hijos de Muley Rubio (HMR). Ahora se arriesga a acudir a este rinc\u00f3n diferente de \u00abGente Maja que se Moja\u00ab. Mi propuesta le sorprende y de ah\u00ed la primera pregunta: \u00bfExiste alguna otra forma de hacer pol\u00edtica? Federico Utrera:\u2013S\u00ed, la pol\u00edtica no es solo como se ha entendido y practicado esta legislatura en Majadahonda desde la mayor\u00eda absoluta. A muchos de sus concejales les falta experiencia<\/p>\n","protected":false},"author":1,"featured_media":0,"comment_status":"open","ping_status":"open","sticky":false,"template":"","format":"standard","meta":{"footnotes":""},"categories":[258,255,268],"tags":[142],"class_list":["post-2419","post","type-post","status-publish","format-standard","hentry","category-clasicos-literarios","category-historia","category-periferias-y-ultraperiferias","tag-federico-utrera"],"views":1141,"_links":{"self":[{"href":"https:\/\/editorialhijosdemuleyrubio.com\/index.php?rest_route=\/wp\/v2\/posts\/2419","targetHints":{"allow":["GET"]}}],"collection":[{"href":"https:\/\/editorialhijosdemuleyrubio.com\/index.php?rest_route=\/wp\/v2\/posts"}],"about":[{"href":"https:\/\/editorialhijosdemuleyrubio.com\/index.php?rest_route=\/wp\/v2\/types\/post"}],"author":[{"embeddable":true,"href":"https:\/\/editorialhijosdemuleyrubio.com\/index.php?rest_route=\/wp\/v2\/users\/1"}],"replies":[{"embeddable":true,"href":"https:\/\/editorialhijosdemuleyrubio.com\/index.php?rest_route=%2Fwp%2Fv2%2Fcomments&post=2419"}],"version-history":[{"count":1,"href":"https:\/\/editorialhijosdemuleyrubio.com\/index.php?rest_route=\/wp\/v2\/posts\/2419\/revisions"}],"predecessor-version":[{"id":2420,"href":"https:\/\/editorialhijosdemuleyrubio.com\/index.php?rest_route=\/wp\/v2\/posts\/2419\/revisions\/2420"}],"wp:attachment":[{"href":"https:\/\/editorialhijosdemuleyrubio.com\/index.php?rest_route=%2Fwp%2Fv2%2Fmedia&parent=2419"}],"wp:term":[{"taxonomy":"category","embeddable":true,"href":"https:\/\/editorialhijosdemuleyrubio.com\/index.php?rest_route=%2Fwp%2Fv2%2Fcategories&post=2419"},{"taxonomy":"post_tag","embeddable":true,"href":"https:\/\/editorialhijosdemuleyrubio.com\/index.php?rest_route=%2Fwp%2Fv2%2Ftags&post=2419"}],"curies":[{"name":"wp","href":"https:\/\/api.w.org\/{rel}","templated":true}]}}