{"id":2432,"date":"2022-07-24T09:51:37","date_gmt":"2022-07-24T07:51:37","guid":{"rendered":"https:\/\/editorialhijosdemuleyrubio.com\/?p=2432"},"modified":"2022-07-24T09:51:37","modified_gmt":"2022-07-24T07:51:37","slug":"entrevista-con-federico-utrera-en-newtral-nuestro-outing-solo-recibio-elogios-por-su-valentia-y-aplausos-por-su-seriedad","status":"publish","type":"post","link":"https:\/\/editorialhijosdemuleyrubio.com\/?p=2432","title":{"rendered":"Entrevista con Federico Utrera en \u00abNewtral\u00bb: \u00abNuestro \u00abouting\u00bb solo recibi\u00f3 elogios por su valent\u00eda y aplausos por su seriedad\u00bb"},"content":{"rendered":"<figure id=\"attachment_217159\" aria-describedby=\"caption-attachment-217159\" style=\"width: 300px\" class=\"wp-caption alignleft\"><a href=\"https:\/\/majadahondamagazin.es\/wp-content\/uploads\/2022\/07\/BeFunky-collage-57.jpg\"><img loading=\"lazy\" decoding=\"async\" class=\"wp-image-217159 size-medium\" src=\"https:\/\/majadahondamagazin.es\/wp-content\/uploads\/2022\/07\/BeFunky-collage-57-300x225.jpg\" alt=\"\" width=\"300\" height=\"225\" \/><\/a><figcaption id=\"caption-attachment-217159\" class=\"wp-caption-text\">Federico Utrera (editor) y Fernando Bruquetas (autor), abajo. Arriba, distintas ediciones en papel y digitales de un libro \u00abhist\u00f3rico\u00bb que se sigue vendiendo: \u00abOuting en Espa\u00f1a\u00bb (a\u00f1o 2.000)<\/figcaption><\/figure>\n<p>MANU RAMOS. \u00ab<strong>Federico Mart\u00ednez<\/strong> edit\u00f3 el libro \u00ab<a href=\"https:\/\/editorialhijosdemuleyrubio.com\/?s=Outing\"><strong>Outing en Espa\u00f1a, los espa\u00f1oles salen del armario<\/strong><\/a>\u00ab, donde se expon\u00edan casos de outing de figuras de la pol\u00edtica, la cultura o de los medios de comunicaci\u00f3n patrios y en cuyo pr\u00f3logo sali\u00f3 del armario -voluntariamente- el ex ministro socialista <strong>Jer\u00f3nimo Saavedra<\/strong>. Que algunas personas LGTBIQ+ fuercen la visibilidad de personas lesbianas, gais, transexuales, bisexuales o intersexuales puede \u201cperjudicar con ello la normalizaci\u00f3n social de la homosexualidad\u201d, reconoce <strong>Mart\u00ednez<\/strong> tras m\u00e1s de 20 a\u00f1os de ventas del libro\u00bb. As\u00ed introduce la periodista <strong>Adriana Silvente<\/strong> de la web \u00ab<strong>Newtral<\/strong>\u00bb al editor de <strong><a href=\"https:\/\/editorialhijosdemuleyrubio.com\/\">Hijos de Muley Rubio (HMR)<\/a>, Federico Mart\u00ednez Utrera,<\/strong> en su reportaje publicado este 7 julio (2022) y titulado \u00abQu\u00e9 es el \u00abouting\u00bb o c\u00f3mo te pueden sacar del armario a la fuerza. El <strong>outing<\/strong> consiste en hacer p\u00fablica la identidad sexual o de g\u00e9nero de una persona sin su consentimiento. Aunque con los a\u00f1os esta pr\u00e1ctica ha evolucionado, se puede utilizar con distintas intenciones\u00bb.<!--more--><\/p>\n<figure id=\"attachment_217152\" aria-describedby=\"caption-attachment-217152\" style=\"width: 126px\" class=\"wp-caption alignleft\"><a href=\"https:\/\/majadahondamagazin.es\/wp-content\/uploads\/2022\/07\/Adriana-Silvente-240x240-1.jpg\"><img loading=\"lazy\" decoding=\"async\" class=\"wp-image-217152 \" src=\"https:\/\/majadahondamagazin.es\/wp-content\/uploads\/2022\/07\/Adriana-Silvente-240x240-1.jpg\" alt=\"\" width=\"126\" height=\"126\" \/><\/a><figcaption id=\"caption-attachment-217152\" class=\"wp-caption-text\">Adriana Silvente<\/figcaption><\/figure>\n<p><a href=\"https:\/\/twitter.com\/asilventer?ref_src=twsrc%5Egoogle%7Ctwcamp%5Eserp%7Ctwgr%5Eauthor\"><strong>Adriana Silvente<\/strong><\/a>, periodista en \u00abObjetivo La Sexta\u00bb y <a href=\"https:\/\/www.newtral.es\/outing-que-es-salir-sacar-del-armario\/20220707\/\"><strong>Newtral<\/strong><\/a>, recuerda en su art\u00edculo el verso que empezaba diciendo \u201c\u00c9rase un hombre a una nariz pegado\u201d. Y concluye: \u00abSi <strong>G\u00f3ngora y Quevedo<\/strong> demostraban su enemistad se\u00f1alando, por ejemplo, los atributos f\u00edsicos superlativos del otro, <strong>Voltaire y Rousseau<\/strong> expresaban su odio rec\u00edproco desvelando sus costumbres sexuales m\u00e1s \u00edntimas. Una pr\u00e1ctica que nace en el siglo XVIII y que sigue vigente hoy en d\u00eda, bautizada como outing. Pero \u00bfqu\u00e9 es exactamente el outing?\u00bb. En realidad <strong>Quevedo<\/strong> s\u00ed le hizo \u00abouting\u00bb a <strong>G\u00f3ngora<\/strong> cuando escribi\u00f3 aquel soneto que dec\u00eda \u00ab\u00e9ste, en quien hoy los pedos son sirenas, \u00e9ste es el culo, en <strong>G\u00f3ngora<\/strong> y en culto, que un bujarr\u00f3n le conociera apenas\u00bb.<\/p>\n<figure id=\"attachment_217151\" aria-describedby=\"caption-attachment-217151\" style=\"width: 300px\" class=\"wp-caption alignleft\"><a href=\"https:\/\/majadahondamagazin.es\/wp-content\/uploads\/2022\/07\/gongora_quevedo.jpg\"><img loading=\"lazy\" decoding=\"async\" class=\"wp-image-217151 size-medium\" src=\"https:\/\/majadahondamagazin.es\/wp-content\/uploads\/2022\/07\/gongora_quevedo-300x167.jpg\" alt=\"\" width=\"300\" height=\"167\" \/><\/a><figcaption id=\"caption-attachment-217151\" class=\"wp-caption-text\">G\u00f3ngora y Quevedo: el primer \u00abouting\u00bb de la Historia del Siglo de Oro<\/figcaption><\/figure>\n<p>O antes aquel ripio que dec\u00eda: \u00abDe vos dicen por ah\u00ed, <strong>Apolo<\/strong> y todo su bando. que sois poeta nefando, pues cant\u00e1is culos as\u00ed\u00bb. El poema ten\u00eda su aquel, ya que \u00aben las largas traves\u00edas del <strong>Siglo de Oro<\/strong>, los hacinados marinos espa\u00f1oles tomaban como norma aquel aforismo que afirma: \u00aben tiempo de guerra, cualquier agujero es trinchera\u00bb, arriesg\u00e1ndose a acabar en la hoguera por caer en el conocido como \u00abvicio nefando\u00bb, seg\u00fan reflejaba el diario <a href=\"https:\/\/blogs.publico.es\/strambotic\/2018\/09\/galeones-sodomitas\/#:~:text=En%20las%20largas%20traves%C3%ADas%20del,conocido%20como%20%22vicio%20nefando%22.\"><strong>P\u00fablico<\/strong><\/a>. El propio <strong>Juan Goytisolo<\/strong>, otro autor de la <strong>editorial HMR<\/strong>, que public\u00f3 su libro <strong>\u00ab<a href=\"https:\/\/editorialhijosdemuleyrubio.com\/?s=Goytisolo\">Espa\u00f1a y sus Ejidos<\/a>\u00ab,<\/strong> ya advert\u00eda la mofa sobre la presunta homosexualidad de <strong>G\u00f3ngora<\/strong> en algunos de los poemas contra el cordob\u00e9s atribuidos a <strong>Quevedo<\/strong> en su \u00abReivindicaci\u00f3n del conde don Juli\u00e1n\u00bb (1970).<\/p>\n<figure id=\"attachment_217153\" aria-describedby=\"caption-attachment-217153\" style=\"width: 200px\" class=\"wp-caption alignleft\"><a href=\"https:\/\/majadahondamagazin.es\/wp-content\/uploads\/2022\/07\/Presentaouting3.jpg\"><img loading=\"lazy\" decoding=\"async\" class=\"wp-image-217153 size-full\" src=\"https:\/\/majadahondamagazin.es\/wp-content\/uploads\/2022\/07\/Presentaouting3.jpg\" alt=\"\" width=\"200\" height=\"123\" \/><\/a><figcaption id=\"caption-attachment-217153\" class=\"wp-caption-text\">F. Utrera, L.A. de Villena, F. Bruquetas y Leopoldo Alas, bisnieto de \u00abClar\u00edn\u00bb<\/figcaption><\/figure>\n<p><span style=\"color: #0000ff;\"><strong>LA ENTREVISTA COMPLETA CON FEDERICO UTRERA.<\/strong><\/span> <span style=\"color: #ff0000;\"><strong>El libro \u00abOuting en Espa\u00f1a, los espa\u00f1oles salen del armario\u00bb arranca con un ministro (Jer\u00f3nimo Saavedra) saliendo -voluntariamente- del armario. Es decir, con lo contrario a lo que es \u00abouting\u00bb.<\/strong> <\/span>\u2013El ex ministro socialista de Educaci\u00f3n, <strong>Jer\u00f3nimo Saavedra<\/strong>, desvel\u00f3 en el pr\u00f3logo su homosexualidad, aflorada a ra\u00edz de un tr\u00e1gico suceso ocurrido en su vida durante un verano, porque estim\u00f3 que era necesario hacerlo despu\u00e9s de pensarlo mucho y bien. Y tras haberse retirado de la pol\u00edtica con este pr\u00f3logo, tuvo que volver aclamado por la sociedad civil. Fue elegido despu\u00e9s primero candidato y luego alcalde de <strong>Las Palmas de Gran Canaria.<\/strong><\/p>\n<figure id=\"attachment_217157\" aria-describedby=\"caption-attachment-217157\" style=\"width: 200px\" class=\"wp-caption alignleft\"><a href=\"https:\/\/majadahondamagazin.es\/wp-content\/uploads\/2022\/07\/presentaouting2.jpg\"><img loading=\"lazy\" decoding=\"async\" class=\"wp-image-217157 size-full\" src=\"https:\/\/majadahondamagazin.es\/wp-content\/uploads\/2022\/07\/presentaouting2.jpg\" alt=\"\" width=\"200\" height=\"134\" \/><\/a><figcaption id=\"caption-attachment-217157\" class=\"wp-caption-text\">F. Bruquetas y Jer\u00f3nimo Saavedra<\/figcaption><\/figure>\n<p><span style=\"color: #ff0000;\"><strong>\u00bfPor qu\u00e9 se manda este mensaje?.<\/strong><\/span> -El libro juega deliberadamente con la ambig\u00fcedad: el t\u00e9rmino alude a la salida del armario \u00abforzosa\u00bb pero en realidad describe las salidas del armario \u00abvoluntarias\u00bb que hubo en <strong>Espa\u00f1a<\/strong>, otras no tanto y unas terceras que se han producido no tan voluntariamente en el resto del mundo como consecuencia de una estrategia de visibilidad en los movimientos LGTBI. Con ello quisimos que el t\u00e9rmino \u00ab<strong>outing<\/strong>\u00bb hiciese tambi\u00e9n referencia al modo festivo (lleno de indignaci\u00f3n) con el que algunos homosexuales tratan de forzar la visibilidad de quienes se ocultan, y perjudican con ello, la normalizaci\u00f3n social de la homosexualidad. El libro juega ambiguamente traduciendo \u00ab<strong>outing<\/strong>\u00bb tanto por \u00absalir\u00bb como por \u00absacar\u00bb del armario\u00bb. Y en este libro hace historia, siempre documentada, de lo que ha sido y es el \u00ab<strong>outing<\/strong>\u00bb en Espa\u00f1a como una estrategia m\u00e1s de lucha antihomof\u00f3bica, siendo el primer libro publicado en Espa\u00f1a sobre la materia. <span style=\"color: #ff0000;\"><strong>\u00bfQu\u00e9 importancia tuvo en ese momento?<\/strong><\/span>. \u2013Brutal. El libro sigue vendi\u00e9ndose en papel y en digital y han pasado 22 a\u00f1os. Fue un aut\u00e9ntico \u00abbombazo\u00bb editorial, hemos hecho m\u00e1s de <strong>una veintena de presentaciones en toda Espa\u00f1a<\/strong> y ha adquirido resonancia internacional. Poseo un grueso tomo de rese\u00f1as, incluso a nivel acad\u00e9mico. No se puede pedir m\u00e1s.<\/p>\n<figure id=\"attachment_217155\" aria-describedby=\"caption-attachment-217155\" style=\"width: 200px\" class=\"wp-caption alignleft\"><a href=\"https:\/\/majadahondamagazin.es\/wp-content\/uploads\/2022\/07\/presentaouting4.jpg\"><img loading=\"lazy\" decoding=\"async\" class=\"wp-image-217155 size-full\" src=\"https:\/\/majadahondamagazin.es\/wp-content\/uploads\/2022\/07\/presentaouting4.jpg\" alt=\"\" width=\"200\" height=\"141\" \/><\/a><figcaption id=\"caption-attachment-217155\" class=\"wp-caption-text\">Presentaci\u00f3n del libro en Madrid<\/figcaption><\/figure>\n<p><span style=\"color: #ff0000;\"><strong>En cuanto al outing, explique las diferencias entre sacar del armario a alguien de manera forzada para conseguir visibilidad y hacerlo por cotilleo. \u00bfHay dos tipos de outing?<\/strong><\/span>. \u2013Para responder a esta pregunta hay que distinguir entre los medios y los fines. Y el fin no justifica los medios. Si la intromisi\u00f3n en la vida privada -y el outing al fin y al cabo lo es- se hace con fines delictivos o esp\u00fareamente comerciales, cabe el hecho punible. Si se hace de forma argumentada, rigurosa, dentro de un objetivo social, cabe su aceptaci\u00f3n. No obstante, el riesgo siempre existe, aunque nosotros no hemos recibido ni una sola demanda, todo lo contrario: <strong>elogios por su valent\u00eda y aplausos por su seriedad<\/strong>.<\/p>\n<figure id=\"attachment_217156\" aria-describedby=\"caption-attachment-217156\" style=\"width: 190px\" class=\"wp-caption alignleft\"><a href=\"https:\/\/majadahondamagazin.es\/wp-content\/uploads\/2022\/07\/DownloadedFile-31.jpg\"><img loading=\"lazy\" decoding=\"async\" class=\"wp-image-217156 size-full\" src=\"https:\/\/majadahondamagazin.es\/wp-content\/uploads\/2022\/07\/DownloadedFile-31.jpg\" alt=\"\" width=\"190\" height=\"265\" \/><\/a><figcaption id=\"caption-attachment-217156\" class=\"wp-caption-text\">Contraportada del libro con las primeras rese\u00f1as<\/figcaption><\/figure>\n<p><span style=\"color: #ff0000;\"><strong>\u00bfSe aborda el debate acerca de si es una estrategia del colectivo para dar visibilidad, o, al contrario, un atentado contra la intimidad?<\/strong> <\/span>-S\u00ed, se aborda. Y se recoge con toda su amplitud y pluralidad. <span style=\"color: #ff0000;\"><strong>En Espa\u00f1a, \u00bfhay outing malo y outing bueno?<\/strong><\/span> \u2013Las etiquetas y los juicios de valor los pueden hacer los lectores y los medios de comunicaci\u00f3n, desde la editorial bastante trabajo tuvimos con editar un libro riguroso en su contenido, ameno en su lectura y bello en su presentaci\u00f3n, dise\u00f1o y portada que hizo <strong>Carlos H. Valera<\/strong>. <span style=\"color: #ff0000;\"><strong>En el libro se mencionan ejemplos de esta pr\u00e1ctica. \u00bfPuede citar los m\u00e1s emblem\u00e1ticos y qu\u00e9 supusieron?.<\/strong><\/span> \u2013Recuerdo el caso de <strong>Miguel Bos\u00e9<\/strong>, que entonces segu\u00eda cultivando su ambiguedad, o los de <strong>Josep Borrell, Mariano Rajoy o Alejandro Sanz<\/strong>, que tuvimos que aclarar&#8230; hasta donde pudimos. Tambi\u00e9n el de <strong>Jorge Cadaval<\/strong> de los <strong>Morancos<\/strong>, que no era tan p\u00fablico como ahora. Y el caso de los literatos y escritores, que est\u00e1 muy documentado. Se recogen todos los \u00abouting\u00bb que se han producido en Espa\u00f1a y menciona a m\u00e1s de 200 personajes p\u00fablicos espa\u00f1oles que han admitido con normalidad y con todos sus matices su sexualidad, constituy\u00e9ndose en referentes positivos, aunque se\u00f1ala tambi\u00e9n con nombres y apellidos a otros personajes p\u00fablicos que presumen de actitudes homof\u00f3bicas e intolerantes.<\/p>\n<figure id=\"attachment_217158\" aria-describedby=\"caption-attachment-217158\" style=\"width: 170px\" class=\"wp-caption alignleft\"><a href=\"https:\/\/majadahondamagazin.es\/wp-content\/uploads\/2022\/07\/DownloadedFile-22.jpg\"><img loading=\"lazy\" decoding=\"async\" class=\"wp-image-217158 size-full\" src=\"https:\/\/majadahondamagazin.es\/wp-content\/uploads\/2022\/07\/DownloadedFile-22.jpg\" alt=\"\" width=\"170\" height=\"250\" \/><\/a><figcaption id=\"caption-attachment-217158\" class=\"wp-caption-text\">Edici\u00f3n digital del libro en la librer\u00eda <a href=\"https:\/\/www.bubok.es\/libros\/224877\/OUTING-EN-ESPANA-Los-espanoles-salen-del-armario\"><strong>Bubok<\/strong><\/a><\/figcaption><\/figure>\n<p><span style=\"color: #ff0000;\"><strong>Hoy en d\u00eda, (desde que se public\u00f3 el libro) \u00bfsigue ocurriendo en Espa\u00f1a? \u00bfcon qu\u00e9 cambios?<\/strong> <\/span>\u2013El outing ya no est\u00e1 tan de moda como en su \u00e9poca, se\u00f1al de que se han normalizado los derechos de los homosexuales. Piense que en aquella \u00e9poca ni siquiera <strong>Pedro Zerolo<\/strong>, un icono gay en pol\u00edtica cuya plaza en <strong>Chueca<\/strong> lleva su nombre, se atrevi\u00f3 a presentar el libro, teniendo que hacerlo alguien m\u00e1s experimentado como era <strong>Jer\u00f3nimo Saavedra<\/strong>. Se nos dec\u00eda que el matrimonio gay era una cosa \u00abdemasiado avanzada\u00bb y que con una ley de parejas de hecho ya era suficiente. En fin&#8230; Por eso mi reconocimiento siempre al escritor y catedr\u00e1tico de <strong>Historia de la Universidad de Las Palmas<\/strong>, <strong>Fernando Bruquetas<\/strong>, por atreverse a encabezar este libro con su firma en unos tiempos en los que no era f\u00e1cil hacerlo. S\u00e9 que se prest\u00f3 por deudas de la amistad, aunque lo pasamos muy bien durante la gira de presentaci\u00f3n del libro por toda Espa\u00f1a. \u00a1Gracias eternas <strong>Fernando<\/strong>!<\/p>\n<p>&nbsp;<\/p>\n","protected":false},"excerpt":{"rendered":"<p>MANU RAMOS. \u00abFederico Mart\u00ednez edit\u00f3 el libro \u00abOuting en Espa\u00f1a, los espa\u00f1oles salen del armario\u00ab, donde se expon\u00edan casos de outing de figuras de la pol\u00edtica, la cultura o de los medios de comunicaci\u00f3n patrios y en cuyo pr\u00f3logo sali\u00f3 del armario -voluntariamente- el ex ministro socialista Jer\u00f3nimo Saavedra. Que algunas personas LGTBIQ+ fuercen la visibilidad de personas lesbianas, gais, transexuales, bisexuales o intersexuales puede \u201cperjudicar con ello la normalizaci\u00f3n social de la homosexualidad\u201d, reconoce Mart\u00ednez tras m\u00e1s de 20 a\u00f1os de ventas del libro\u00bb. As\u00ed introduce la periodista Adriana Silvente de la web \u00abNewtral\u00bb al editor de Hijos de Muley Rubio (HMR), Federico Mart\u00ednez Utrera, en su reportaje publicado<\/p>\n","protected":false},"author":1,"featured_media":0,"comment_status":"open","ping_status":"open","sticky":false,"template":"","format":"standard","meta":{"footnotes":""},"categories":[4,268],"tags":[142,97,96],"class_list":["post-2432","post","type-post","status-publish","format-standard","hentry","category-aldea-globl","category-periferias-y-ultraperiferias","tag-federico-utrera","tag-fernando-bruquetas","tag-outing-en-espana"],"views":1124,"_links":{"self":[{"href":"https:\/\/editorialhijosdemuleyrubio.com\/index.php?rest_route=\/wp\/v2\/posts\/2432","targetHints":{"allow":["GET"]}}],"collection":[{"href":"https:\/\/editorialhijosdemuleyrubio.com\/index.php?rest_route=\/wp\/v2\/posts"}],"about":[{"href":"https:\/\/editorialhijosdemuleyrubio.com\/index.php?rest_route=\/wp\/v2\/types\/post"}],"author":[{"embeddable":true,"href":"https:\/\/editorialhijosdemuleyrubio.com\/index.php?rest_route=\/wp\/v2\/users\/1"}],"replies":[{"embeddable":true,"href":"https:\/\/editorialhijosdemuleyrubio.com\/index.php?rest_route=%2Fwp%2Fv2%2Fcomments&post=2432"}],"version-history":[{"count":1,"href":"https:\/\/editorialhijosdemuleyrubio.com\/index.php?rest_route=\/wp\/v2\/posts\/2432\/revisions"}],"predecessor-version":[{"id":2433,"href":"https:\/\/editorialhijosdemuleyrubio.com\/index.php?rest_route=\/wp\/v2\/posts\/2432\/revisions\/2433"}],"wp:attachment":[{"href":"https:\/\/editorialhijosdemuleyrubio.com\/index.php?rest_route=%2Fwp%2Fv2%2Fmedia&parent=2432"}],"wp:term":[{"taxonomy":"category","embeddable":true,"href":"https:\/\/editorialhijosdemuleyrubio.com\/index.php?rest_route=%2Fwp%2Fv2%2Fcategories&post=2432"},{"taxonomy":"post_tag","embeddable":true,"href":"https:\/\/editorialhijosdemuleyrubio.com\/index.php?rest_route=%2Fwp%2Fv2%2Ftags&post=2432"}],"curies":[{"name":"wp","href":"https:\/\/api.w.org\/{rel}","templated":true}]}}