{"id":2434,"date":"2022-07-24T09:58:47","date_gmt":"2022-07-24T07:58:47","guid":{"rendered":"https:\/\/editorialhijosdemuleyrubio.com\/?p=2434"},"modified":"2022-07-24T09:58:54","modified_gmt":"2022-07-24T07:58:54","slug":"martinez-soler-carmen-de-burgos-en-el-ateneo-y-el-programa-de-federico-utrera-en-tv","status":"publish","type":"post","link":"https:\/\/editorialhijosdemuleyrubio.com\/?p=2434","title":{"rendered":"Mart\u00ednez Soler: \u00abCarmen de Burgos en el Ateneo y el programa de Federico Utrera en TV\u00bb"},"content":{"rendered":"<figure id=\"attachment_218278\" aria-describedby=\"caption-attachment-218278\" style=\"width: 300px\" class=\"wp-caption alignleft\"><a href=\"https:\/\/majadahondamagazin.es\/wp-content\/uploads\/2022\/07\/Tmbna-c-de-B-2000-1536x1295-1.jpg\"><img loading=\"lazy\" decoding=\"async\" class=\"wp-image-218278 size-medium\" src=\"https:\/\/majadahondamagazin.es\/wp-content\/uploads\/2022\/07\/Tmbna-c-de-B-2000-1536x1295-1-300x253.jpg\" alt=\"\" width=\"300\" height=\"253\" \/><\/a><figcaption id=\"caption-attachment-218278\" class=\"wp-caption-text\">La edici\u00f3n fotogr\u00e1fica de MJD Magazin sirvi\u00f3 para ilustrar el art\u00edculo de JAMS en \u00ab20 Minutos\u00bb, al que puso el siguiente pie: \u00abTumba de la Colombine. En la foto de 2009 estoy con Marij\u00e9 Orbegozo, Miguel Naveros y Federico Utrera\u00bb, del que reproduce la portada de su libro \u00abMemorias de Colombine\u00bb.<\/figcaption><\/figure>\n<p>MANU RAMOS. \u00ab\u00bf<strong>Quien conoce a Carmen de Burgos<\/strong>?\u00bb es el art\u00edculo que este 15 de julio de 2022 ha publicado el periodista <strong>Jos\u00e9 Antonio Mart\u00ednez Soler<\/strong> (JAMS) en su blog del diario \u00ab20 Minutos\u00bb. Y lo hace con su habitual gracia y estilo, ilustr\u00e1ndolo adem\u00e1s con una fotograf\u00eda de MJD Magazin. En el texto, JAMS repasa a los principales autores que han escrito sobre esta ya cl\u00e1sica escritora y periodista almeriense cuya primera biograf\u00eda escribi\u00f3 la profesora norteamericana <strong>Elisabeth Starcevic<\/strong>, que fue quien la rescat\u00f3 del olvido: \u00abHoy me toca presumir de lo lindo. \u00bfY cu\u00e1ndo no?, dir\u00e1n quienes conocen mi tendencia al narcisismo. Pues, hoy, s\u00ed. Me acaban de nombrar vocal de la Agrupaci\u00f3n <strong>Carmen de Burgos del Ateneo de Madrid<\/strong>. A muchos les parecer\u00e1 poca cosa, aunque me han nombrado por unanimidad, no por una nimiedad. Y estoy muy contento. Hace a\u00f1os que pregono, sin mucho \u00e9xito, las excelencias de <strong>Carmen de Burgos (Colombine<\/strong>), paisana almeriense, primera redactora fija de Espa\u00f1a, primera corresponsal de guerra, autora de mas de 200 obras, defensora de la mujer, del voto y del divorcio, desconocida para muchos espa\u00f1oles y, muy especialmente, por haber tenido el honor de ser la mujer m\u00e1s odiada por el dictador Franco y toda su clerigalla\u00bb.<!--more--><\/p>\n<figure id=\"attachment_218277\" aria-describedby=\"caption-attachment-218277\" style=\"width: 187px\" class=\"wp-caption alignleft\"><a href=\"https:\/\/majadahondamagazin.es\/wp-content\/uploads\/2022\/07\/La-voz-.jpg\"><img loading=\"lazy\" decoding=\"async\" class=\"wp-image-218277 \" src=\"https:\/\/majadahondamagazin.es\/wp-content\/uploads\/2022\/07\/La-voz--207x300.jpg\" alt=\"\" width=\"187\" height=\"271\" \/><\/a><figcaption id=\"caption-attachment-218277\" class=\"wp-caption-text\">JAMS ilustra as\u00ed su art\u00edculo<\/figcaption><\/figure>\n<p><strong>Jos\u00e9 Antonio Mart\u00ednez Soler<\/strong>, que acaba de publicar su libro de memorias \u00abLa prensa libre no fue un regalo\u00bb (Ed. Marcial Pons), recuerda que el nombre de Colombine \u00abfue prohibido desde el golpe de Estado de 1936 y sus obras quemadas. Gracias a la Biblioteca Nacional, que salv\u00f3 algunas, y a Concha N\u00fa\u00f1ez, su gran bi\u00f3grafa, que resucit\u00f3 su figura \u00abdescomunal y universal\u00bb, quienes sobrevivimos a la censura del tirano hemos podido conocer a la grand\u00edsima feminista y progresista <strong>Carmen de Burgos<\/strong>. El 9 de octubre de 2009, rendimos un primer homenaje a <strong>Carmen de Burgos<\/strong>, en el aniversario de su muerte en 1932, ante su tumba en el cementerio civil de Madrid. <strong>Concepci\u00f3n N\u00fa\u00f1ez<\/strong> cant\u00f3 como nadie la figura de nuestra colega. Muchos paisanos la ensalzaron. <a href=\"https:\/\/majadahondamagazin.es\/canal-sur-estrena-la-pelicula-carmen-de-burgos-la-voz-silenciada-con-la-intervencion-de-federico-utrera-131926\"><strong>Federico Utrera<\/strong> <strong>hizo un programa espl\u00e9ndido para Canal Sur<\/strong><\/a>, la inigualable <strong>Nieves Concostrina<\/strong> (almeriense consorte, que vive en Rodalquilar, cerca de donde naci\u00f3 y creci\u00f3 la <strong>Colombine<\/strong>) la destac\u00f3 en su serie \u00abPioneras\u00bb en Movistar, el Ateneo de Madrid (donde fue la segunda mujer socia despu\u00e9s de la Pardo Baz\u00e1n) y otros muchos se fueron sumando al coro de admiradores de esta pionera del feminismo\u00bb.<\/p>\n<figure id=\"attachment_218275\" aria-describedby=\"caption-attachment-218275\" style=\"width: 300px\" class=\"wp-caption alignleft\"><a href=\"https:\/\/majadahondamagazin.es\/wp-content\/uploads\/2022\/07\/Captura-de-pantalla-2022-07-16-a-las-5.45.39.png\"><img loading=\"lazy\" decoding=\"async\" class=\"wp-image-218275 size-medium\" src=\"https:\/\/majadahondamagazin.es\/wp-content\/uploads\/2022\/07\/Captura-de-pantalla-2022-07-16-a-las-5.45.39-300x283.png\" alt=\"\" width=\"300\" height=\"283\" \/><\/a><figcaption id=\"caption-attachment-218275\" class=\"wp-caption-text\">El art\u00edculo de JAMS en \u00ab20 Minutos\u00bb<\/figcaption><\/figure>\n<p>Y el multifac\u00e9tico periodista, que fue tambi\u00e9n profesor de Econom\u00eda, concluye: \u00abHasta el Ayuntamiento de Almer\u00eda se dign\u00f3, por fin, poner su nombre a un espacio singular: el <strong>Paseo Mar\u00edtimo Carmen de Burgos<\/strong>. Y pronto aparecer\u00e1 publicado el primer tomo de la magna obra \u00abRevivir. La nueva <strong>Carmen de Burgos<\/strong>\u00bb de mi colega <strong>Asunci\u00f3n Vald\u00e9s<\/strong>. En mi primera sesi\u00f3n como vocal de la <strong>Agrupaci\u00f3n Carmen de Burgos del Ateneo<\/strong> pude participar modestamente en la preparaci\u00f3n del pr\u00f3ximo homenaje que le dedicaremos el pr\u00f3ximo octubre en el 90 aniversario de su muerte. El venerable sal\u00f3n de actos del <strong>Ateneo<\/strong> estar\u00e1 a rebosar. Ya pod\u00e9is ir anotando este acto en vuestras agendas. Todos los seres humanos que creemos en la igualdad entre la mujer y el hombre estamos en deuda con <strong>Carmen de Burgos, la Colombine<\/strong>. Necesitamos imitadoras e imitadores para que la humanidad mejore como ella so\u00f1aba. Ella era, como dir\u00eda <strong>Machado<\/strong>, una de esas personas \u00abuniversales del coraz\u00f3n\u00bb, finaliza el <a href=\"https:\/\/blogs.20minutos.es\/se-nos-vio-el-plumero\/tag\/nieves-concostrina\/\">art\u00edculo<\/a>.<\/p>\n<p>&nbsp;<\/p>\n","protected":false},"excerpt":{"rendered":"<p>MANU RAMOS. \u00ab\u00bfQuien conoce a Carmen de Burgos?\u00bb es el art\u00edculo que este 15 de julio de 2022 ha publicado el periodista Jos\u00e9 Antonio Mart\u00ednez Soler (JAMS) en su blog del diario \u00ab20 Minutos\u00bb. Y lo hace con su habitual gracia y estilo, ilustr\u00e1ndolo adem\u00e1s con una fotograf\u00eda de MJD Magazin. En el texto, JAMS repasa a los principales autores que han escrito sobre esta ya cl\u00e1sica escritora y periodista almeriense cuya primera biograf\u00eda escribi\u00f3 la profesora norteamericana Elisabeth Starcevic, que fue quien la rescat\u00f3 del olvido: \u00abHoy me toca presumir de lo lindo. \u00bfY cu\u00e1ndo no?, dir\u00e1n quienes conocen mi tendencia al narcisismo. Pues, hoy, s\u00ed. Me acaban de<\/p>\n","protected":false},"author":1,"featured_media":0,"comment_status":"open","ping_status":"open","sticky":false,"template":"","format":"standard","meta":{"footnotes":""},"categories":[26],"tags":[82,142,492,491,440],"class_list":["post-2434","post","type-post","status-publish","format-standard","hentry","category-material-memoria","tag-carmen-de-burgos","tag-federico-utrera","tag-jams","tag-jose-antonio-martinez-soler","tag-memorias-de-colombine"],"views":1379,"_links":{"self":[{"href":"https:\/\/editorialhijosdemuleyrubio.com\/index.php?rest_route=\/wp\/v2\/posts\/2434","targetHints":{"allow":["GET"]}}],"collection":[{"href":"https:\/\/editorialhijosdemuleyrubio.com\/index.php?rest_route=\/wp\/v2\/posts"}],"about":[{"href":"https:\/\/editorialhijosdemuleyrubio.com\/index.php?rest_route=\/wp\/v2\/types\/post"}],"author":[{"embeddable":true,"href":"https:\/\/editorialhijosdemuleyrubio.com\/index.php?rest_route=\/wp\/v2\/users\/1"}],"replies":[{"embeddable":true,"href":"https:\/\/editorialhijosdemuleyrubio.com\/index.php?rest_route=%2Fwp%2Fv2%2Fcomments&post=2434"}],"version-history":[{"count":2,"href":"https:\/\/editorialhijosdemuleyrubio.com\/index.php?rest_route=\/wp\/v2\/posts\/2434\/revisions"}],"predecessor-version":[{"id":2436,"href":"https:\/\/editorialhijosdemuleyrubio.com\/index.php?rest_route=\/wp\/v2\/posts\/2434\/revisions\/2436"}],"wp:attachment":[{"href":"https:\/\/editorialhijosdemuleyrubio.com\/index.php?rest_route=%2Fwp%2Fv2%2Fmedia&parent=2434"}],"wp:term":[{"taxonomy":"category","embeddable":true,"href":"https:\/\/editorialhijosdemuleyrubio.com\/index.php?rest_route=%2Fwp%2Fv2%2Fcategories&post=2434"},{"taxonomy":"post_tag","embeddable":true,"href":"https:\/\/editorialhijosdemuleyrubio.com\/index.php?rest_route=%2Fwp%2Fv2%2Ftags&post=2434"}],"curies":[{"name":"wp","href":"https:\/\/api.w.org\/{rel}","templated":true}]}}