{"id":2451,"date":"2022-11-05T06:35:17","date_gmt":"2022-11-05T05:35:17","guid":{"rendered":"https:\/\/editorialhijosdemuleyrubio.com\/?p=2451"},"modified":"2022-11-05T07:03:13","modified_gmt":"2022-11-05T06:03:13","slug":"pedro-garhel-protagoniza-el-taller-de-videoarte-de-federico-utrera-en-el-festival-internacional-de-cine-de-almeria-2022","status":"publish","type":"post","link":"https:\/\/editorialhijosdemuleyrubio.com\/?p=2451","title":{"rendered":"Pedro Garhel protagoniza el Taller de Videoarte de Federico Utrera en el Festival Internacional de Cine de Almer\u00eda 2022\u00a0"},"content":{"rendered":"<figure id=\"attachment_228252\" aria-describedby=\"caption-attachment-228252\" style=\"width: 300px\" class=\"wp-caption alignleft\"><img loading=\"lazy\" decoding=\"async\" class=\"wp-image-228252 size-medium\" src=\"https:\/\/majadahondamagazin.es\/wp-content\/uploads\/2022\/11\/Captura-de-pantalla-2022-11-01-a-las-6.53.21-300x158.png\" alt=\"\" width=\"300\" height=\"158\" \/><figcaption id=\"caption-attachment-228252\" class=\"wp-caption-text\">El curso de videoarte de Federico Utrera en el Festival de Cine de Almer\u00eda 2022 analiza las interacciones de Pedro Garhel (1952-2005)\u00a0con Nam June Paik, Bill Viola, Wolf Vostell, Yoko Ono o Andy Warhol<\/figcaption><\/figure>\n<p>LIDIA GARCIA (<a href=\"https:\/\/majadahondamagazin.es\/pedro-garhel-protagoniza-el-taller-de-videoarte-de-federico-utrera-en-el-festival-de-cine-de-almeria-2022-228187\">MJD MAGAZIN<\/a>). La Diputaci\u00f3n de Almer\u00eda ha hecho p\u00fablico este 1 de noviembre (2022) la und\u00e9cima edici\u00f3n del <strong>Taller de Videoarte<\/strong> titulado \u201c\u00a1<strong>Happy Birthday Mr. Garhel! (1952-2005): 70 a\u00f1os de un pionero del Videoarte\u00bb<\/strong> impartido por el profesor y doctor en Comunicaci\u00f3n Audiovisual, <a href=\"https:\/\/federicoutrera.wordpress.com\/\"><strong>Federico Utrera<\/strong><\/a>. Este curso de Formaci\u00f3n Audiovisual de car\u00e1cter gratuito dispone de <strong>30 plazas y se desarrolla del 21 al 23 de noviembre de 2022<\/strong> en el <strong>Festival Internacional de Cine FICAL\u00b422<\/strong> y tendr\u00e1 lugar en el Centro Civitas situado en el n\u00famero 1 de la calle Fern\u00e1n Caballero de Almer\u00eda, en <strong>horario de 11 a 13 horas<\/strong>. \u00abEl <strong>Festival Internacional de Cine de Almer\u00eda<\/strong> ha previsto la organizaci\u00f3n de este taller de car\u00e1cter interactivo con la finalidad de generar \u00e1mbitos para las manifestaciones audiovisuales alternativas y propiciar espacios de encuentro para la reflexi\u00f3n hist\u00f3rica y est\u00e9tica videogr\u00e1fica. En este taller se analizar\u00e1 la <strong>vida y obra<\/strong> del artista pionero del arte multimedia, virtual y perfomativo, <strong>Pedro Garhel<\/strong> (1952-2005). Su obra ha sido expuesta, entre otras instituciones, en el Kunstmuseum de <strong>D\u00fcsseldorf<\/strong>, el Museo Nacional Centro de Arte Reina Sof\u00eda (<strong>Madrid<\/strong>), la Documenta 8 de <strong>Kassel<\/strong>, el Ars Electronica Center de <strong>Linz<\/strong> y el ZKM de <strong>Karlsruhe<\/strong>\u00ab.<span class=\"Apple-converted-space\">\u00a0<\/span><!--more--><\/p>\n<figure id=\"attachment_228250\" aria-describedby=\"caption-attachment-228250\" style=\"width: 300px\" class=\"wp-caption alignleft\"><img loading=\"lazy\" decoding=\"async\" class=\"size-medium wp-image-228250\" src=\"https:\/\/majadahondamagazin.es\/wp-content\/uploads\/2022\/11\/Almodovar-videoartista-300x202.png\" alt=\"\" width=\"300\" height=\"202\" \/><figcaption id=\"caption-attachment-228250\" class=\"wp-caption-text\">Almodovar, en su \u00e9poca de videoartista en \u00abEspacio P\u00bb (1986)<\/figcaption><\/figure>\n<p class=\"p1\"><span style=\"color: #ff0000;\"><strong>PIONERO ESPA\u00d1OL DEL VIDEOARTE.<\/strong><\/span> \u00abCon la fundaci\u00f3n del \u00abEspacio P\u00bb (1981-1997), un centro polivalente de producci\u00f3n, investigaci\u00f3n, formaci\u00f3n y exposici\u00f3n, autogestionado por artistas, <strong>Pedro<\/strong> <strong>Garhel<\/strong> ofreci\u00f3 en Madrid un lugar emblem\u00e1tico de encuentro entre las artes visuales, esc\u00e9nicas y sonoras. El <strong>Festival Internacional de Cine de Almer\u00eda<\/strong> recupera y exhibe a trav\u00e9s de su secci\u00f3n de videoarte el legado de este creador pionero en el arte multimedia y performativo en Espa\u00f1a y creador, junto a <strong>Rosa Galindo<\/strong>, de ese \u00ab<strong>Espacio P\u00bb<\/strong>, un laboratorio dedicado a investigar y difundir la creaci\u00f3n con los nuevos medios art\u00edsticos y que se convirti\u00f3 en el centro de referencia de la creaci\u00f3n de vanguardia en el Madrid de los ochenta, por el que pasaron cineastas y videoartistas entonces emergentes como <strong>Pedro Almod\u00f3var y Pedro Olea<\/strong>, m\u00fasicos como <strong>Ant\u00f3n Reixa y Suso S\u00e1iz<\/strong>, el pintor <strong>Dar\u00edo Villalba<\/strong> o los videoartistas <strong>Juan Hidalgo, Isidoro Valc\u00e1rcel Medina, Concha Jerez, Santiago Sierra, Carlos Trigueros Mori, Javier Vadillo, El Hortelano, o Dar\u00edo Corbeira,<\/strong> difundiendo adem\u00e1s desde Espa\u00f1a la obra de los hoy ya cl\u00e1sicos <strong>Nam June Paik, Joseph Beuys, Wolf Vostell, Marina Abramovic y Ulay<\/strong>\u00ab, se\u00f1ala la nota.<\/p>\n<figure id=\"attachment_228189\" aria-describedby=\"caption-attachment-228189\" style=\"width: 300px\" class=\"wp-caption alignleft\"><img loading=\"lazy\" decoding=\"async\" class=\"wp-image-228189 size-medium\" src=\"https:\/\/majadahondamagazin.es\/wp-content\/uploads\/2022\/10\/Taller-Videoarte-Garhel-300x225.jpg?_t=1667215765\" alt=\"\" width=\"300\" height=\"225\" \/><figcaption id=\"caption-attachment-228189\" class=\"wp-caption-text\">El Festival Internacional de Cine de Almer\u00eda (FICAL 2022) le dedica su secci\u00f3n de Videoarte a Pedro Garhel (1952-2005) en un curso de Federico Utrera<\/figcaption><\/figure>\n<p class=\"p1\"><span style=\"color: #ff0000;\"><strong>EL DOCTOR FEDERICO UTRERA<\/strong><\/span> (Almer\u00eda, 1963), profesor de posgrado en Comunicaci\u00f3n Audiovisual en Next Educaci\u00f3n (IBS), fue premio extraordinario por su tesis doctoral sobre el <strong>Mass Media Art<\/strong> y es autor de la primera biograf\u00eda y cat\u00e1logo razonado sobre el videoartista norteamericano <strong>Bill Viola<\/strong>. Ha participado impartiendo talleres o como jurado en diversos festivales internacionales de cine y videoarte: Las Palmas de Gran Canaria, Medina del Campo (Valladolid), T\u00e1nger (Marruecos), Astorga (Le\u00f3n), etc&#8230; y ha sido invitado y acreditado en diferentes exposiciones de videoarte en museos y centros de arte de todo el mundo: Instituto Cervantes (Nueva York), Fundaci\u00f3n Strozzi (Florencia), Grand Palais (Par\u00eds), Museo Guggenheim (Nueva York y Bilbao), Museo de Arte abstracto espa\u00f1ol \/ Fundaci\u00f3n Juan March (Cuenca), etc&#8230; Ha reunido su obra critica en \u201c<strong>Cordel de Extraviados. Literatura y Arte\u201d<\/strong>, prologados por el Conservador del Museo del Prado, <strong>Mat\u00edas D\u00edaz Padr\u00f3n<\/strong> y por el Premio Cervantes, <strong>Juan Goytisolo<\/strong>. La 11\u00aa edici\u00f3n de esta secci\u00f3n de videoarte viene precedida por los monogr\u00e1ficos dedicados anteriormente al <strong>Mass Media Art<\/strong> (2012), <strong>Julian Rosefeldt<\/strong> (2013), <strong>Yoko Ono<\/strong> (2014), <strong>Michel Houellebecq<\/strong> (2015), <strong>Nam June Paik<\/strong> (2016), <strong>Bill Viola<\/strong> (2017), <strong>Wolf Vostell<\/strong>\u00a0(2018), <strong>Fernando Arrabal<\/strong> (2019), <strong>Joseph Beuys<\/strong> (2020) y <strong>Charlotte Moorman<\/strong> (2021).<\/p>\n<figure id=\"attachment_228197\" aria-describedby=\"caption-attachment-228197\" style=\"width: 300px\" class=\"wp-caption alignleft\"><img loading=\"lazy\" decoding=\"async\" class=\"wp-image-228197 size-medium\" src=\"https:\/\/majadahondamagazin.es\/wp-content\/uploads\/2022\/11\/Captura-de-pantalla-2022-10-31-a-las-11.37.31-300x180.png\" alt=\"\" width=\"300\" height=\"180\" \/><figcaption id=\"caption-attachment-228197\" class=\"wp-caption-text\">La web donde pueden inscribirse los alumnos gratuitamente: 9 horas lectivas y diploma acreditativo<\/figcaption><\/figure>\n<p class=\"p1\"><span style=\"color: #0000ff;\"><strong>PERFIL DE LOS ASISTENTES.<\/strong> <\/span>El <strong>Taller de Videoarte<\/strong> est\u00e1 destinado a titulados y estudiantes de <strong>Imagen y Sonido, Fotograf\u00eda, Bellas Artes, Filosof\u00eda, Ciencias de la Informaci\u00f3n, Inform\u00e1tica, Historia del Arte, Filolog\u00eda, Humanidades, Antropolog\u00eda, Sociolog\u00eda y Psicolog\u00eda<\/strong>. Tambi\u00e9n va dirigido a profesionales de la ense\u00f1anza, periodistas, realizadores audiovisuales y aficionados a la cultura audiovisual. La matr\u00edcula se realiza online y el n\u00famero m\u00e1ximo de participantes ser\u00e1 de 30, admitidos por riguroso orden de inscripci\u00f3n. El fin del plazo de matr\u00edcula es el <strong>11 de noviembre de 2022 o hasta que se cubran las plazas<\/strong>. Habr\u00e1 opci\u00f3n de registrarse en una lista de espera. Los inscritos tendr\u00e1n derecho a un <strong>diploma de asistencia de 9 horas lectivas<\/strong>, que corresponde a la totalidad del curso. Para ello, tendr\u00e1n que acreditar su asistencia mediante un control presencial que se realiza a tal efecto por t\u00e9cnicos del \u00c1rea de Cultura y Cine. <a href=\"https:\/\/www.dipalme.org\/Servicios\/cmsdipro\/index.nsf\/fiestas.xsp?p=cultura&amp;documentId=3029F5A7EF8FBF16C12588E70029C6F0\"><span style=\"color: #0000ff;\"><strong>Puede inscribirse en el Taller de Videoarte aqu\u00ed<\/strong>.<\/span><\/a><\/p>\n","protected":false},"excerpt":{"rendered":"<p>LIDIA GARCIA (MJD MAGAZIN). La Diputaci\u00f3n de Almer\u00eda ha hecho p\u00fablico este 1 de noviembre (2022) la und\u00e9cima edici\u00f3n del Taller de Videoarte titulado \u201c\u00a1Happy Birthday Mr. Garhel! (1952-2005): 70 a\u00f1os de un pionero del Videoarte\u00bb impartido por el profesor y doctor en Comunicaci\u00f3n Audiovisual, Federico Utrera. Este curso de Formaci\u00f3n Audiovisual de car\u00e1cter gratuito dispone de 30 plazas y se desarrolla del 21 al 23 de noviembre de 2022 en el Festival Internacional de Cine FICAL\u00b422 y tendr\u00e1 lugar en el Centro Civitas situado en el n\u00famero 1 de la calle Fern\u00e1n Caballero de Almer\u00eda, en horario de 11 a 13 horas. \u00abEl Festival Internacional de Cine de Almer\u00eda<\/p>\n","protected":false},"author":1,"featured_media":0,"comment_status":"open","ping_status":"open","sticky":false,"template":"","format":"standard","meta":{"footnotes":""},"categories":[32],"tags":[142,477,386],"class_list":["post-2451","post","type-post","status-publish","format-standard","hentry","category-videoarte","tag-federico-utrera","tag-festival-internacional-de-cine-de-almeria","tag-pedro-garhel"],"views":2442,"_links":{"self":[{"href":"https:\/\/editorialhijosdemuleyrubio.com\/index.php?rest_route=\/wp\/v2\/posts\/2451","targetHints":{"allow":["GET"]}}],"collection":[{"href":"https:\/\/editorialhijosdemuleyrubio.com\/index.php?rest_route=\/wp\/v2\/posts"}],"about":[{"href":"https:\/\/editorialhijosdemuleyrubio.com\/index.php?rest_route=\/wp\/v2\/types\/post"}],"author":[{"embeddable":true,"href":"https:\/\/editorialhijosdemuleyrubio.com\/index.php?rest_route=\/wp\/v2\/users\/1"}],"replies":[{"embeddable":true,"href":"https:\/\/editorialhijosdemuleyrubio.com\/index.php?rest_route=%2Fwp%2Fv2%2Fcomments&post=2451"}],"version-history":[{"count":2,"href":"https:\/\/editorialhijosdemuleyrubio.com\/index.php?rest_route=\/wp\/v2\/posts\/2451\/revisions"}],"predecessor-version":[{"id":2453,"href":"https:\/\/editorialhijosdemuleyrubio.com\/index.php?rest_route=\/wp\/v2\/posts\/2451\/revisions\/2453"}],"wp:attachment":[{"href":"https:\/\/editorialhijosdemuleyrubio.com\/index.php?rest_route=%2Fwp%2Fv2%2Fmedia&parent=2451"}],"wp:term":[{"taxonomy":"category","embeddable":true,"href":"https:\/\/editorialhijosdemuleyrubio.com\/index.php?rest_route=%2Fwp%2Fv2%2Fcategories&post=2451"},{"taxonomy":"post_tag","embeddable":true,"href":"https:\/\/editorialhijosdemuleyrubio.com\/index.php?rest_route=%2Fwp%2Fv2%2Ftags&post=2451"}],"curies":[{"name":"wp","href":"https:\/\/api.w.org\/{rel}","templated":true}]}}