{"id":2454,"date":"2022-11-05T07:11:13","date_gmt":"2022-11-05T06:11:13","guid":{"rendered":"https:\/\/editorialhijosdemuleyrubio.com\/?p=2454"},"modified":"2022-11-05T07:11:41","modified_gmt":"2022-11-05T06:11:41","slug":"el-festival-de-cine-de-almeria-explora-la-interaccion-del-videoartista-canario-pedro-garhel-con-los-clasicos-del-genero","status":"publish","type":"post","link":"https:\/\/editorialhijosdemuleyrubio.com\/?p=2454","title":{"rendered":"El Festival de Cine de Almer\u00eda explora la interacci\u00f3n del videoartista canario Pedro Garhel con los cl\u00e1sicos del g\u00e9nero"},"content":{"rendered":"<figure id=\"attachment_2455\" aria-describedby=\"caption-attachment-2455\" style=\"width: 300px\" class=\"wp-caption alignleft\"><a href=\"https:\/\/editorialhijosdemuleyrubio.com\/wp-content\/uploads\/2022\/11\/17fe4ae9-67ef-4e78-9588-4741379f9edc_16-9-discover-aspect-ratio_default_0.jpg\"><img loading=\"lazy\" decoding=\"async\" class=\"wp-image-2455 size-medium\" src=\"https:\/\/editorialhijosdemuleyrubio.com\/wp-content\/uploads\/2022\/11\/17fe4ae9-67ef-4e78-9588-4741379f9edc_16-9-discover-aspect-ratio_default_0-300x169.jpg\" alt=\"\" width=\"300\" height=\"169\" srcset=\"https:\/\/editorialhijosdemuleyrubio.com\/wp-content\/uploads\/2022\/11\/17fe4ae9-67ef-4e78-9588-4741379f9edc_16-9-discover-aspect-ratio_default_0-300x169.jpg 300w, https:\/\/editorialhijosdemuleyrubio.com\/wp-content\/uploads\/2022\/11\/17fe4ae9-67ef-4e78-9588-4741379f9edc_16-9-discover-aspect-ratio_default_0-1024x576.jpg 1024w, https:\/\/editorialhijosdemuleyrubio.com\/wp-content\/uploads\/2022\/11\/17fe4ae9-67ef-4e78-9588-4741379f9edc_16-9-discover-aspect-ratio_default_0-768x432.jpg 768w, https:\/\/editorialhijosdemuleyrubio.com\/wp-content\/uploads\/2022\/11\/17fe4ae9-67ef-4e78-9588-4741379f9edc_16-9-discover-aspect-ratio_default_0-1170x658.jpg 1170w, https:\/\/editorialhijosdemuleyrubio.com\/wp-content\/uploads\/2022\/11\/17fe4ae9-67ef-4e78-9588-4741379f9edc_16-9-discover-aspect-ratio_default_0.jpg 1200w\" sizes=\"auto, (max-width: 300px) 100vw, 300px\" \/><\/a><figcaption id=\"caption-attachment-2455\" class=\"wp-caption-text\">Cr\u00f3nica de Eldiario.es sobre el Taller de Videoarte del Festival Internacional de Cine de Almer\u00eda dedicado por el profesor Federico Utrera al videoartista Pedro Garhel<\/figcaption><\/figure>\n<p>EL DIARIO.ES. 1 de noviembre de 2022. La secci\u00f3n de videoarte del Festival Internacional de Cine de Almer\u00eda (FICAL 2022) dedica este a\u00f1o su edici\u00f3n al videoartista canario <strong>Pedro Garhel<\/strong> (1952-2005) y analiza durante tres d\u00edas sus interacciones con <strong>Nam June Paik, Bill Viola, Wolf Vostell, Yoko Ono o Andy Warhol<\/strong>, entre otros videoartistas considerados ya \u201ccl\u00e1sicos\u201d del g\u00e9nero. Este taller, impartido por el profesor y doctor en Comunicaci\u00f3n Audiovisual, <strong>Federico Utrera<\/strong>, tiene lugar en la Diputaci\u00f3n de Almer\u00eda, que ha hecho p\u00fablica la und\u00e9cima edici\u00f3n de este apartado videogr\u00e1fico del Festival bajo el t\u00edtulo \u00a1<strong>Happy Birthday Mr. Garhel<\/strong>!: 70 a\u00f1os de un pionero del Videoarte. Este curso de formaci\u00f3n audiovisual de car\u00e1cter interactivo y gratuito dispone de 30 plazas y se desarrolla entre el 21 y el 23 de noviembre.<!--more--><\/p>\n<p><span style=\"color: #ff0000;\"><strong>El Doctor Federico Utrera (Almer\u00eda, 1963)<\/strong> <\/span>es profesor de posgrado en Comunicaci\u00f3n Audiovisual en Next Educaci\u00f3n (IBS), fue premio extraordinario por su tesis doctoral sobre el Mass Media Art y es autor de la primera biograf\u00eda y cat\u00e1logo razonado sobre el videoartista norteamericano <strong>Bill Viola<\/strong>. Tambi\u00e9n ha participado impartiendo talleres o como jurado en diversos festivales internacionales de cine y videoarte y ha sido invitado y acreditado en diferentes exposiciones de videoarte en museos y centros de arte de todo el mundo. Ha reunido su obra critica en \u201cCordel de Extraviados. Literatura y Arte\u201d, prologado por el Conservador del Museo del Prado, <strong>Mat\u00edas D\u00edaz Padr\u00f3n<\/strong> y por el Premio Cervantes, <strong>Juan Goytisolo<\/strong>. El <strong>Taller de Videoarte<\/strong> est\u00e1 destinado a titulados y estudiantes de Imagen y Sonido, Fotograf\u00eda, Bellas Artes, Filosof\u00eda, Ciencias de la Informaci\u00f3n, Inform\u00e1tica, Historia del Arte, Filolog\u00eda, Humanidades, Antropolog\u00eda, Sociolog\u00eda y Psicolog\u00eda. Tambi\u00e9n va dirigido a profesionales de la ense\u00f1anza, periodistas, realizadores audiovisuales y aficionados a la cultura audiovisual.<\/p>\n<p><span style=\"color: #0000ff;\"><a style=\"color: #0000ff;\" href=\"https:\/\/www.dipalme.org\/Servicios\/cmsdipro\/index.nsf\/fiestas.xsp?p=cultura&amp;documentId=3029F5A7EF8FBF16C12588E70029C6F0\"><strong>La matr\u00edcula se realiza online<\/strong><\/a> <\/span>y el n\u00famero m\u00e1ximo de participantes ser\u00e1 de 30, admitidos por orden de inscripci\u00f3n. El fin del plazo de matr\u00edcula es el 11 de noviembre de 2022 o hasta que se cubran las plazas. Habr\u00e1 opci\u00f3n de registrarse en una lista de espera. Los inscritos tendr\u00e1n derecho a un diploma de asistencia de 9 horas lectivas, que corresponde a la totalidad del curso. Para ello, tendr\u00e1n que acreditar su asistencia mediante un control presencial que se realiza a tal efecto por t\u00e9cnicos del \u00c1rea de Cultura y Cine.<\/p>\n","protected":false},"excerpt":{"rendered":"<p>EL DIARIO.ES. 1 de noviembre de 2022. La secci\u00f3n de videoarte del Festival Internacional de Cine de Almer\u00eda (FICAL 2022) dedica este a\u00f1o su edici\u00f3n al videoartista canario Pedro Garhel (1952-2005) y analiza durante tres d\u00edas sus interacciones con Nam June Paik, Bill Viola, Wolf Vostell, Yoko Ono o Andy Warhol, entre otros videoartistas considerados ya \u201ccl\u00e1sicos\u201d del g\u00e9nero. Este taller, impartido por el profesor y doctor en Comunicaci\u00f3n Audiovisual, Federico Utrera, tiene lugar en la Diputaci\u00f3n de Almer\u00eda, que ha hecho p\u00fablica la und\u00e9cima edici\u00f3n de este apartado videogr\u00e1fico del Festival bajo el t\u00edtulo \u00a1Happy Birthday Mr. Garhel!: 70 a\u00f1os de un pionero del Videoarte. Este curso de formaci\u00f3n<\/p>\n","protected":false},"author":1,"featured_media":0,"comment_status":"open","ping_status":"open","sticky":false,"template":"","format":"standard","meta":{"footnotes":""},"categories":[32],"tags":[142,477,386],"class_list":["post-2454","post","type-post","status-publish","format-standard","hentry","category-videoarte","tag-federico-utrera","tag-festival-internacional-de-cine-de-almeria","tag-pedro-garhel"],"views":1123,"_links":{"self":[{"href":"https:\/\/editorialhijosdemuleyrubio.com\/index.php?rest_route=\/wp\/v2\/posts\/2454","targetHints":{"allow":["GET"]}}],"collection":[{"href":"https:\/\/editorialhijosdemuleyrubio.com\/index.php?rest_route=\/wp\/v2\/posts"}],"about":[{"href":"https:\/\/editorialhijosdemuleyrubio.com\/index.php?rest_route=\/wp\/v2\/types\/post"}],"author":[{"embeddable":true,"href":"https:\/\/editorialhijosdemuleyrubio.com\/index.php?rest_route=\/wp\/v2\/users\/1"}],"replies":[{"embeddable":true,"href":"https:\/\/editorialhijosdemuleyrubio.com\/index.php?rest_route=%2Fwp%2Fv2%2Fcomments&post=2454"}],"version-history":[{"count":2,"href":"https:\/\/editorialhijosdemuleyrubio.com\/index.php?rest_route=\/wp\/v2\/posts\/2454\/revisions"}],"predecessor-version":[{"id":2457,"href":"https:\/\/editorialhijosdemuleyrubio.com\/index.php?rest_route=\/wp\/v2\/posts\/2454\/revisions\/2457"}],"wp:attachment":[{"href":"https:\/\/editorialhijosdemuleyrubio.com\/index.php?rest_route=%2Fwp%2Fv2%2Fmedia&parent=2454"}],"wp:term":[{"taxonomy":"category","embeddable":true,"href":"https:\/\/editorialhijosdemuleyrubio.com\/index.php?rest_route=%2Fwp%2Fv2%2Fcategories&post=2454"},{"taxonomy":"post_tag","embeddable":true,"href":"https:\/\/editorialhijosdemuleyrubio.com\/index.php?rest_route=%2Fwp%2Fv2%2Ftags&post=2454"}],"curies":[{"name":"wp","href":"https:\/\/api.w.org\/{rel}","templated":true}]}}