{"id":2463,"date":"2022-12-14T11:07:50","date_gmt":"2022-12-14T10:07:50","guid":{"rendered":"https:\/\/editorialhijosdemuleyrubio.com\/?p=2463"},"modified":"2022-12-14T11:07:50","modified_gmt":"2022-12-14T10:07:50","slug":"enrique-iznaola-director-del-festival-de-cine-de-almeria-2022-federico-utrera-majadahonda-es-un-magnifico-docente","status":"publish","type":"post","link":"https:\/\/editorialhijosdemuleyrubio.com\/?p=2463","title":{"rendered":"Enrique Iznaola, director del Festival de Cine de Almer\u00eda 2022: \u201cFederico Utrera (Majadahonda) es un magn\u00edfico docente\u00bb"},"content":{"rendered":"<figure id=\"attachment_231785\" aria-describedby=\"caption-attachment-231785\" style=\"width: 300px\" class=\"wp-caption alignleft\"><a href=\"https:\/\/majadahondamagazin.es\/wp-content\/uploads\/2022\/12\/17de0f58-8b08-41e5-aaad-efdbde4cbd75.jpg\"><img loading=\"lazy\" decoding=\"async\" class=\"wp-image-231785 size-medium\" src=\"https:\/\/majadahondamagazin.es\/wp-content\/uploads\/2022\/12\/17de0f58-8b08-41e5-aaad-efdbde4cbd75-300x225.jpg\" alt=\"\" width=\"300\" height=\"225\" \/><\/a><figcaption id=\"caption-attachment-231785\" class=\"wp-caption-text\">Enrique Iznaola, director del Festival, Almudena Morales, diputada de Cultura y Federico Utrera (Majadahonda), profesor de videoarte, en la presentaci\u00f3n del taller del Festival de Cine de Almer\u00eda 2022: <a href=\"https:\/\/www.ivoox.com\/iznaola-festival-cine-almeria-2022-hace-balance-de-audios-mp3_rf_99487027_1.html\">audio de la presentaci\u00f3n aqu\u00ed<\/a><\/figcaption><\/figure>\n<p>LIDIA GARCIA. \u00abLa residencia Civitas ha congregado el <strong>Taller de Videoarte<\/strong> con el que el <strong>XXI Festival Internacional de Cine de Almer\u00eda<\/strong> pretende generar, con car\u00e1cter interactivo, las manifestaciones audiovisuales alternativas y propiciar espacios de encuentro para la reflexi\u00f3n hist\u00f3rica y est\u00e9tica videogr\u00e1fica. Una und\u00e9cima edici\u00f3n que ha contado con la presencia de la diputada de Cultura y Cine, <strong>Almudena Morales y Enrique Iznaola,<\/strong> director de FICAL, han acompa\u00f1ado al profesor <strong>Federico Utrera (Majadahonda<\/strong>), que imparti\u00f3 hasta el 23 de noviembre (2022) los conocimientos para analizar la vida y obra del artista pionero del arte multimedia, virtual y performativo, <strong>Pedro Garhel<\/strong> (1952-2005)\u00bb. As\u00ed comienza la nota de prensa con la que el <strong>Festival Internacional de Cine de Almer\u00eda 2022<\/strong> hace balance de su secci\u00f3n de videoarte y que reproducimos con algunos de los principales impactos en los medios de comunicaci\u00f3n junto a las ya publicadas en emisoras de radio como <strong><a href=\"https:\/\/majadahondamagazin.es\/federico-utrera-las-11-ediciones-sobre-videoarte-del-festival-de-cine-de-almeria-se-resumen-en-esta-de-pedro-garhel-y-los-clasicos-228891\">Canal Sur<\/a><\/strong> o en peri\u00f3dicos como <strong><a href=\"https:\/\/www.eldiario.es\/canariasahora\/cultura\/festival-cine-almeria-explora-interaccion-videoartista-canario-pedro-garhel-clasicos-genero_1_9674022.html\">Eldiario.es<\/a>.<\/strong><!--more--><\/p>\n<figure id=\"attachment_231158\" aria-describedby=\"caption-attachment-231158\" style=\"width: 300px\" class=\"wp-caption alignleft\"><a href=\"https:\/\/majadahondamagazin.es\/wp-content\/uploads\/2022\/12\/Captura-de-pantalla-2022-11-22-a-las-8.42.47.png\"><img loading=\"lazy\" decoding=\"async\" class=\"wp-image-231158 size-medium\" src=\"https:\/\/majadahondamagazin.es\/wp-content\/uploads\/2022\/12\/Captura-de-pantalla-2022-11-22-a-las-8.42.47-300x217.png\" alt=\"\" width=\"300\" height=\"217\" \/><\/a><figcaption id=\"caption-attachment-231158\" class=\"wp-caption-text\">Rese\u00f1a del taller en el Diario de Almer\u00eda<\/figcaption><\/figure>\n<p><strong>Federico Utrera<\/strong>, <strong>vecino en Majadahonda<\/strong>, explic\u00f3 que \u00abdurante 2022, se cumple el 70\u00ba aniversario del nacimiento del video artista <strong>Pedro Garhel<\/strong>, que es, sin duda, una figura clave en la historia reciente del arte en <strong>Espa\u00f1a<\/strong>, y, sin embargo, su obra ha permanecido pr\u00e1cticamente olvidada hasta la actualidad\u201d. La nota a\u00f1ade que \u00abdesde finales de los 70 y a lo largo de los 80 y 90, su trabajo fue fundamental en la normalizaci\u00f3n del arte de acci\u00f3n y su implementaci\u00f3n como base de las experiencias autogestionadas, en el desarrollo del videoarte y la incorporaci\u00f3n de las nuevas tecnolog\u00edas a la pr\u00e1ctica art\u00edstica\u00bb.<\/p>\n<figure id=\"attachment_231156\" aria-describedby=\"caption-attachment-231156\" style=\"width: 300px\" class=\"wp-caption alignleft\"><a href=\"https:\/\/majadahondamagazin.es\/wp-content\/uploads\/2022\/12\/Captura-de-pantalla-2022-11-22-a-las-8.41.15.png\"><img loading=\"lazy\" decoding=\"async\" class=\"wp-image-231156 size-medium\" src=\"https:\/\/majadahondamagazin.es\/wp-content\/uploads\/2022\/12\/Captura-de-pantalla-2022-11-22-a-las-8.41.15-300x262.png\" alt=\"\" width=\"300\" height=\"262\" \/><\/a><figcaption id=\"caption-attachment-231156\" class=\"wp-caption-text\">Rese\u00f1a del taller en Teleprensa<\/figcaption><\/figure>\n<p><strong>Almudena Morales<\/strong>, diputada provincial de Cultura, reflexion\u00f3 que \u201cestamos encantados de estar celebrando estas actividades, que son paralelas a las que se organizan en FICAL y es muy importante que todos los sectores que mueve el cine tengan una visibilidad\u00bb, fueron tres jornadas \u00abde un taller maravilloso y os invito a que sig\u00e1is participando en las actividades enriquecedoras que suceder\u00e1n en este festival, que es uno de los mejores de nuestro pa\u00eds\u201d. Por su parte, <strong>Enrique Iznaola<\/strong>, director del Festival Internacional de Cine, traslad\u00f3 que en esta ocasi\u00f3n, el taller estuvo basado \u00aben una persona que estuvo muy vinculado con <strong>Pedro Almod\u00f3var<\/strong> y la movida madrile\u00f1a\u201d. Asimismo, elogi\u00f3 a <strong>Federico Utrera<\/strong>, \u00ab<strong>quien es un magn\u00edfico docente, deseo que os form\u00e9is con su compa\u00f1\u00eda durante las jornadas<\/strong>\u201d, finaliza la nota.<\/p>\n<figure id=\"attachment_231159\" aria-describedby=\"caption-attachment-231159\" style=\"width: 300px\" class=\"wp-caption alignleft\"><a href=\"https:\/\/majadahondamagazin.es\/wp-content\/uploads\/2022\/12\/Dipalme-Radio.png\"><img loading=\"lazy\" decoding=\"async\" class=\"wp-image-231159 size-medium\" src=\"https:\/\/majadahondamagazin.es\/wp-content\/uploads\/2022\/12\/Dipalme-Radio-300x90.png\" alt=\"\" width=\"300\" height=\"90\" \/><\/a><figcaption id=\"caption-attachment-231159\" class=\"wp-caption-text\">Entrevista en Dipalme Radio <a href=\"https:\/\/www.ivoox.com\/federico-utrera-majadahonda-videoarte-inauguracion-en-audios-mp3_rf_96710067_1.html\"><strong>pinchando aqu\u00ed<\/strong><\/a><\/figcaption><\/figure>\n<p>Durante este taller, que tuvo lugar hasta el 23 de noviembre, se analiz\u00f3 la vida y obra de <strong>Pedro Garhel<\/strong> y, su obra fue expuesta entre otras instituciones, en el <strong>Museo Nacional Centro de Arte Reina Sof\u00eda o el Kunstmuseum de D\u00fcsseldorf<\/strong>. <strong>Garhel<\/strong> ofreci\u00f3 en Madrid un lugar emblem\u00e1tico de encuentro entre las artes visuales, esc\u00e9nicas y sonoras por lo que FICAL recuper\u00f3 y exhibi\u00f3 a trav\u00e9s de su secci\u00f3n de videoarte el legado de este creador pionero en el arte multimedia y performativo en Espa\u00f1a y creador, junto a <strong>Rosa Galindo<\/strong>, del \u2018<strong>Espacio P\u2019<\/strong>, un laboratorio dedicado a investigar y difundir la creaci\u00f3n con los nuevos medios art\u00edsticos y que se convirti\u00f3 en el centro de referencia de la creaci\u00f3n de vanguardia en el Madrid de los a\u00f1os 80.<\/p>\n<figure id=\"attachment_231786\" aria-describedby=\"caption-attachment-231786\" style=\"width: 300px\" class=\"wp-caption alignleft\"><a href=\"https:\/\/majadahondamagazin.es\/wp-content\/uploads\/2022\/12\/beb46070-c17a-47ba-80e2-ac412a9aa617.jpg\"><img loading=\"lazy\" decoding=\"async\" class=\"wp-image-231786 size-medium\" src=\"https:\/\/majadahondamagazin.es\/wp-content\/uploads\/2022\/12\/beb46070-c17a-47ba-80e2-ac412a9aa617-300x225.jpg\" alt=\"\" width=\"300\" height=\"225\" \/><\/a><figcaption id=\"caption-attachment-231786\" class=\"wp-caption-text\">Alumnos del taller de videoarte 2022<\/figcaption><\/figure>\n<p><span style=\"color: #ff0000;\"><strong>Sobre el profesor.<\/strong><\/span> \u00abEl Dr. <strong>Federico Utrera<\/strong> (Almer\u00eda, 1963) es profesor de posgrado de Comunicaci\u00f3n Audiovisual en Next Educaci\u00f3n (IBS). Fue premio extraordinario por su tesis doctoral sobre el <strong>Mass Media Art<\/strong> y es autor de la primera biograf\u00eda y cat\u00e1logo razonado sobre el videoartista norteamericano <strong>Bill Viola<\/strong>. Ha participado impartiendo talleres o como jurado en diversos festivales internacionales de cine y videoarte: <strong>Las Palmas de Gran Canaria, T\u00e1nger (Marruecos), Astorga (Le\u00f3n)<\/strong> y ha sido invitado y acreditado en diferentes exposiciones de videoarte en museos y centros de arte de todo el mundo: <strong>Instituto Cervantes (Nueva York), Fundaci\u00f3n Strozzi (Florencia), Grand Palais (Par\u00eds) o Fundaci\u00f3n Juan March (Cuenca<\/strong>). Ha reunido su obra cr\u00edtica en \u00ab<a href=\"https:\/\/books.google.es\/books\/about\/Cordel_de_extraviados.html?id=K33nAwAAQBAJ&amp;redir_esc=y\"><strong>Cordel de Extraviados. Literatura y Arte<\/strong>\u00ab<\/a>, prologrados por el recientemente fallecido Conservador del <strong>Museo del Prado, Mat\u00edas D\u00edaz Padr\u00f3n<\/strong> y por el <strong>Premio Cervantes, Juan Goytisolo<\/strong>, escritor muy vinculado a Almer\u00eda a trav\u00e9s de su vida y obra\u00bb, concluye el comunicado. <span style=\"color: #ff0000;\"><strong>Fotograf\u00edas del Taller de Videoarte: pinche sobre la imagen para aumentar su tama\u00f1o:<\/strong><\/span><\/p>\n\n","protected":false},"excerpt":{"rendered":"<p>LIDIA GARCIA. \u00abLa residencia Civitas ha congregado el Taller de Videoarte con el que el XXI Festival Internacional de Cine de Almer\u00eda pretende generar, con car\u00e1cter interactivo, las manifestaciones audiovisuales alternativas y propiciar espacios de encuentro para la reflexi\u00f3n hist\u00f3rica y est\u00e9tica videogr\u00e1fica. Una und\u00e9cima edici\u00f3n que ha contado con la presencia de la diputada de Cultura y Cine, Almudena Morales y Enrique Iznaola, director de FICAL, han acompa\u00f1ado al profesor Federico Utrera (Majadahonda), que imparti\u00f3 hasta el 23 de noviembre (2022) los conocimientos para analizar la vida y obra del artista pionero del arte multimedia, virtual y performativo, Pedro Garhel (1952-2005)\u00bb. As\u00ed comienza la nota de prensa con la<\/p>\n","protected":false},"author":1,"featured_media":0,"comment_status":"open","ping_status":"open","sticky":false,"template":"","format":"standard","meta":{"footnotes":""},"categories":[32],"tags":[142,477,386],"class_list":["post-2463","post","type-post","status-publish","format-standard","hentry","category-videoarte","tag-federico-utrera","tag-festival-internacional-de-cine-de-almeria","tag-pedro-garhel"],"views":1384,"_links":{"self":[{"href":"https:\/\/editorialhijosdemuleyrubio.com\/index.php?rest_route=\/wp\/v2\/posts\/2463","targetHints":{"allow":["GET"]}}],"collection":[{"href":"https:\/\/editorialhijosdemuleyrubio.com\/index.php?rest_route=\/wp\/v2\/posts"}],"about":[{"href":"https:\/\/editorialhijosdemuleyrubio.com\/index.php?rest_route=\/wp\/v2\/types\/post"}],"author":[{"embeddable":true,"href":"https:\/\/editorialhijosdemuleyrubio.com\/index.php?rest_route=\/wp\/v2\/users\/1"}],"replies":[{"embeddable":true,"href":"https:\/\/editorialhijosdemuleyrubio.com\/index.php?rest_route=%2Fwp%2Fv2%2Fcomments&post=2463"}],"version-history":[{"count":1,"href":"https:\/\/editorialhijosdemuleyrubio.com\/index.php?rest_route=\/wp\/v2\/posts\/2463\/revisions"}],"predecessor-version":[{"id":2465,"href":"https:\/\/editorialhijosdemuleyrubio.com\/index.php?rest_route=\/wp\/v2\/posts\/2463\/revisions\/2465"}],"wp:attachment":[{"href":"https:\/\/editorialhijosdemuleyrubio.com\/index.php?rest_route=%2Fwp%2Fv2%2Fmedia&parent=2463"}],"wp:term":[{"taxonomy":"category","embeddable":true,"href":"https:\/\/editorialhijosdemuleyrubio.com\/index.php?rest_route=%2Fwp%2Fv2%2Fcategories&post=2463"},{"taxonomy":"post_tag","embeddable":true,"href":"https:\/\/editorialhijosdemuleyrubio.com\/index.php?rest_route=%2Fwp%2Fv2%2Ftags&post=2463"}],"curies":[{"name":"wp","href":"https:\/\/api.w.org\/{rel}","templated":true}]}}