{"id":2466,"date":"2022-12-14T10:10:47","date_gmt":"2022-12-14T09:10:47","guid":{"rendered":"https:\/\/editorialhijosdemuleyrubio.com\/?p=2466"},"modified":"2022-12-14T11:11:33","modified_gmt":"2022-12-14T10:11:33","slug":"matias-diaz-padron-museo-del-prado-por-federico-utrera-majadahonda-obituario-de-un-genio-y-ii","status":"publish","type":"post","link":"https:\/\/editorialhijosdemuleyrubio.com\/?p=2466","title":{"rendered":"Mat\u00edas D\u00edaz Padr\u00f3n (Museo del Prado) por Federico Utrera (Majadahonda): obituario de un genio (y II)"},"content":{"rendered":"<figure id=\"attachment_141744\" aria-describedby=\"caption-attachment-141744\" style=\"width: 278px\" class=\"wp-caption alignleft\"><a href=\"https:\/\/majadahondamagazin.es\/wp-content\/uploads\/2019\/07\/IMG_20190627_163115.jpg\"><img loading=\"lazy\" decoding=\"async\" class=\"size-medium wp-image-141744\" src=\"https:\/\/majadahondamagazin.es\/wp-content\/uploads\/2019\/07\/IMG_20190627_163115-278x300.jpg\" alt=\"\" width=\"278\" height=\"300\" \/><\/a><figcaption id=\"caption-attachment-141744\" class=\"wp-caption-text\">Federico Utrera: obituario de Mat\u00edas D\u00edaz Padr\u00f3n: falleci\u00f3 el 22 de noviembre de 2022 a las 22:15 horas<\/figcaption><\/figure>\n<p>FEDERICO UTRERA. Pasados largos a\u00f1os de nuestro primer encuentro, un d\u00eda me atrev\u00ed a solicitar a <strong>Mat\u00edas D\u00edaz Padr\u00f3n<\/strong> un pr\u00f3logo para mi libro \u00ab<strong>Cordel de Extraviados<\/strong>\u201d, un tomito de breves ensayos en el que la parte dedicada a la Literatura la escrib\u00eda el <strong>Premio Cervantes<\/strong>, <strong>Juan Goytisolo<\/strong>, y la dedicada al Arte el propio <strong>Mat\u00edas<\/strong>. Tard\u00f3 cerca de 1 a\u00f1o en escribirlo y nunca le apresur\u00e9 para entregarlo, sabedor de que al igual que el vino viejo, <strong>Mat\u00edas<\/strong> depuraba mejor sus escritos en los odres nuevos que el tiempo aquilata desde la reflexi\u00f3n y el entendimiento. Sus palabras las incluyo en mi p\u00e1gina web como un premio o reconocimiento m\u00e1s de los que me han otorgado en mi aventurera vida de escritor o profesor: \u201cLa mayor\u00eda de los cr\u00edticos de arte que conozco resumen los textos de los cat\u00e1logos enviados previamente a los peri\u00f3dicos sin el menor vistazo a las obras expuestas. <strong>Federico Utrera<\/strong> va directo a mirar el campo de batalla, buscando la opini\u00f3n de los expertos y juzgando por s\u00ed mismo frente a la realidad palpable de la obra. Esto no es tan com\u00fan y no tengo por menos que recordarlo\u00bb.<!--more--><\/p>\n<figure id=\"attachment_231218\" aria-describedby=\"caption-attachment-231218\" style=\"width: 300px\" class=\"wp-caption alignleft\"><a href=\"https:\/\/majadahondamagazin.es\/wp-content\/uploads\/2022\/12\/IMG_0337.jpg\"><img loading=\"lazy\" decoding=\"async\" class=\"wp-image-231218 size-medium\" src=\"https:\/\/majadahondamagazin.es\/wp-content\/uploads\/2022\/12\/IMG_0337-300x225.jpg\" alt=\"\" width=\"300\" height=\"225\" \/><\/a><figcaption id=\"caption-attachment-231218\" class=\"wp-caption-text\">En el entierro de Antonio Garc\u00eda Trevijano<\/figcaption><\/figure>\n<p>\u00abV\u00ed algo de ello en <strong>Santiago Am\u00f3n<\/strong>, cr\u00edtico de arte fiel a su conciencia y conocedor de la historia del arte. Su ausencia, como bien dijo <strong>Mart\u00edn Ferrand<\/strong>, dej\u00f3 hu\u00e9rfana a la cr\u00edtica. Es l\u00e1stima la falta en la prensa, tan rica, y osada en otras \u00e1reas como la pol\u00edtica y la sociedad. Esto no est\u00e1 fuera de contexto cuando pienso que <strong>Federico Utrera<\/strong> puede bien sustituir la laguna que dej\u00f3 <strong>Santiago Am\u00f3n<\/strong> en la cr\u00edtica de arte. Busca lo que hay de excelencia en los protagonistas que lee y estudia, tanto fil\u00f3sofos, cr\u00edticos, novelistas, dramaturgos y artistas, sin preferencias en los campos de la arquitectura, escultura y pintura. Art\u00edculos interesantes y en consonancia con una escala de valores que escasea en el p\u00e1ramo triunfante del ahora que vivimos. Es de esperar que alg\u00fan d\u00eda se premie este sendero que toma la v\u00eda cr\u00edtica de la raz\u00f3n\u00bb, apuntaba aquel entra\u00f1able y generoso texto.<\/p>\n<figure id=\"attachment_231222\" aria-describedby=\"caption-attachment-231222\" style=\"width: 300px\" class=\"wp-caption alignleft\"><a href=\"https:\/\/majadahondamagazin.es\/wp-content\/uploads\/2022\/12\/Captura-de-pantalla-2022-11-24-a-las-7.00.49.png\"><img loading=\"lazy\" decoding=\"async\" class=\"wp-image-231222 size-medium\" src=\"https:\/\/majadahondamagazin.es\/wp-content\/uploads\/2022\/12\/Captura-de-pantalla-2022-11-24-a-las-7.00.49-300x168.png\" alt=\"\" width=\"300\" height=\"168\" \/><\/a><figcaption id=\"caption-attachment-231222\" class=\"wp-caption-text\">En el 87 cumplea\u00f1os de Antonio Garc\u00eda Trevijano<\/figcaption><\/figure>\n<p>Los encuentros con <strong>Mat\u00edas D\u00edaz Padr\u00f3n<\/strong> se sucedieron con los a\u00f1os y la memoria solo aflora ahora aquellos de los que permaneci\u00f3 un testimonio casi siempre lisonjero de esos que, salvo en el caso de esa amorosa amistad, tanto detestaba. En el <a href=\"https:\/\/www.youtube.com\/watch?v=MHKsz33rlGw\"><strong>87 cumplea\u00f1os<\/strong><\/a> de <strong>Antonio Garc\u00eda-Trevijano<\/strong> en su majestuosa mansi\u00f3n de <strong>Somosaguas<\/strong>, celebrado el 18 de julio de 2014, algunos admiradores aprovechamos la ocasi\u00f3n para dedicarle unas palabras. All\u00ed estaba tambi\u00e9n <strong>Mat\u00edas<\/strong>. Cuando <strong>Don Antonio<\/strong> falleci\u00f3, tuve el honor de grabarle primero y publicarle despu\u00e9s a <strong>Mat\u00edas<\/strong> su obituario, en el que lo compara con <a href=\"https:\/\/majadahondamagazin.es\/conservador-del-museo-del-prado-compara-trevijano-gaulle-malraux-100606\"><strong>De Gaulle y Malraux<\/strong><\/a>, palabras que quiz\u00e1s a <strong>Trevijano<\/strong> le hubieran sonado placenteras por venir de donde ven\u00edan.<\/p>\n<figure id=\"attachment_231221\" aria-describedby=\"caption-attachment-231221\" style=\"width: 300px\" class=\"wp-caption alignleft\"><a href=\"https:\/\/majadahondamagazin.es\/wp-content\/uploads\/2022\/12\/Captura-de-pantalla-2022-11-24-a-las-7.04.42.png\"><img loading=\"lazy\" decoding=\"async\" class=\"wp-image-231221 size-medium\" src=\"https:\/\/majadahondamagazin.es\/wp-content\/uploads\/2022\/12\/Captura-de-pantalla-2022-11-24-a-las-7.04.42-300x191.png\" alt=\"\" width=\"300\" height=\"191\" \/><\/a><figcaption id=\"caption-attachment-231221\" class=\"wp-caption-text\">\u00abEl sabio de la pintura flamenca\u00bb: necrol\u00f3gica en Catalu\u00f1a<\/figcaption><\/figure>\n<p>Tambi\u00e9n le produje <a href=\"https:\/\/majadahondamagazin.es\/page\/1?s=%22diaz+padron%22\"><strong>noticias y realic\u00e9 entrevistas<\/strong><\/a> en las que ejerc\u00eda como <strong>polemista<\/strong>, otra vieja querencia suya, como aquella en la que denunciaba que una <strong>inculta ministra de Cultura<\/strong> gast\u00f3 1,26 millones de euros en una \u00ab<a href=\"https:\/\/www.periodistadigital.com\/sin-categoria\/20071126\/carmen-calvo-velazquez-falso-prado-0987-noticia-689403004768\/\"><strong>Cabeza de Apostol<\/strong>\u00bb de <strong>Vel\u00e1zquez<\/strong><\/a>, cuadro que \u00ab<strong>es falso<\/strong>\u00bb, seg\u00fan declar\u00f3. O aquella otra vez en que revel\u00f3 una verdad tan sabida pero nunca lo suficientemente combatida: \u00ab<a href=\"https:\/\/majadahondamagazin.es\/matias-diaz-padron-museo-del-prado-en-espana-la-politica-manda-en-la-sociedad-civil-la-universidad-y-hasta-en-la-investigacion-cientifica-176878\"><strong>En Espa\u00f1a la pol\u00edtica manda en la sociedad civil, la Universidad y hasta en la investigaci\u00f3n cient\u00edfica\u00bb<\/strong><\/a>. Descubrimientos como aquel en el que hall\u00f3 un in\u00e9dito \u00ab<a href=\"https:\/\/majadahondamagazin.es\/matias-diaz-padron-descubre-un-gaspar-de-crayer-y-anuncia-un-nuevo-libro-sobre-rubens-entrevista-176874\"><strong>Gaspar de Crayer<\/strong><\/a>\u00bb o anunciaba un nuevo libro sobre <strong>Rubens<\/strong> con nuevas aportaciones. Sol\u00eda reunirnos de cuando en cuando formando improvisada tertulia en la <a href=\"https:\/\/majadahondamagazin.es\/el-maestro-del-prado-matias-diaz-padron-reune-a-su-tertulia-en-la-gran-pena-de-madrid-140038\"><strong>Gran Pe\u00f1a de Madrid<\/strong><\/a> y en una de aquellas tenidas me present\u00f3 al escritor <strong>Javier Sierra<\/strong>. Pude comprobar que parte de su libro \u201c<a href=\"https:\/\/majadahondamagazin.es\/el-maestro-del-prado-matias-diaz-padron-reune-a-su-tertulia-en-la-gran-pena-de-madrid-140038\"><strong>El Maestro del Prado<\/strong>\u00ab<\/a> se hab\u00eda inspirado en su figura y por eso le adjudiqu\u00e9 en otro art\u00edculo tal condici\u00f3n, que discretamente le agradaba.<\/p>\n<figure id=\"attachment_231219\" aria-describedby=\"caption-attachment-231219\" style=\"width: 300px\" class=\"wp-caption alignleft\"><a href=\"https:\/\/majadahondamagazin.es\/wp-content\/uploads\/2022\/12\/Captura-de-pantalla-2022-11-24-a-las-7.03.13.png\"><img loading=\"lazy\" decoding=\"async\" class=\"wp-image-231219 size-medium\" src=\"https:\/\/majadahondamagazin.es\/wp-content\/uploads\/2022\/12\/Captura-de-pantalla-2022-11-24-a-las-7.03.13-300x265.png\" alt=\"\" width=\"300\" height=\"265\" \/><\/a><figcaption id=\"caption-attachment-231219\" class=\"wp-caption-text\">Toda la prensa nacional se hizo eco de su fallecimiento<\/figcaption><\/figure>\n<p>Cuando su disc\u00edpula <strong>Julia S\u00e1ez Angulo<\/strong> me dio la noticia del agravamiento de su estado de salud, me puse de inmediato en contacto con \u00e9l. Y vuelvo al inicio de este art\u00edculo. Sirva tambi\u00e9n el obituario de esta periodista como \u00abrequiem\u00bb. Y acompa\u00f1e en ese cielo laico cuya aza\u00f1ista santidad civil reivindiqu\u00e9 para este genio del Arte, que llev\u00f3 el campo de la cr\u00edtica hasta extremos jam\u00e1s nunca vistos antes en Espa\u00f1a: \u201cEx conservador del <strong>Museo del Prado<\/strong>, profesor de Arte en la <strong>Universidad Complutense de Madrid<\/strong> y Presidente de Honor del <strong>Instituto Moll, Mat\u00edas D\u00edaz Padr\u00f3n<\/strong>, nacido en <strong>El Hierro<\/strong>, ha fallecido a los 88 a\u00f1os de edad. Era un canario de pro en la capital de <strong>Espa\u00f1a<\/strong>. Un sabio que mereci\u00f3 los mayores reconocimientos en <strong>B\u00e9lgica y Holanda<\/strong> por su saber en Pintura Flamenca, algo que no ha sido reconocido institucionalmente como tal en su propio pa\u00eds, donde hubiera bien merecido ser <strong>acad\u00e9mico, una Medalla de Oro a las Bellas Artes o Premio Pr\u00edncipe de Asturias<\/strong>, como algunas instituciones pidieron para \u00e9l. <strong>Espa\u00f1a<\/strong>, siempre cicatera con sus mejores hijos\u00bb. Descanse en Paz. <a href=\"https:\/\/majadahondamagazin.es\/obituario-matias-diaz-padron-museo-del-prado-un-genio-de-la-critica-de-arte-y-la-investigacion-historica-i-231203\"><span style=\"color: #ff0000;\"><strong>Lea la primera parte de este obituario pinchando aqu\u00ed.<\/strong><\/span><\/a><\/p>\n","protected":false},"excerpt":{"rendered":"<p>FEDERICO UTRERA. Pasados largos a\u00f1os de nuestro primer encuentro, un d\u00eda me atrev\u00ed a solicitar a Mat\u00edas D\u00edaz Padr\u00f3n un pr\u00f3logo para mi libro \u00abCordel de Extraviados\u201d, un tomito de breves ensayos en el que la parte dedicada a la Literatura la escrib\u00eda el Premio Cervantes, Juan Goytisolo, y la dedicada al Arte el propio Mat\u00edas. Tard\u00f3 cerca de 1 a\u00f1o en escribirlo y nunca le apresur\u00e9 para entregarlo, sabedor de que al igual que el vino viejo, Mat\u00edas depuraba mejor sus escritos en los odres nuevos que el tiempo aquilata desde la reflexi\u00f3n y el entendimiento. Sus palabras las incluyo en mi p\u00e1gina web como un premio o reconocimiento<\/p>\n","protected":false},"author":1,"featured_media":0,"comment_status":"open","ping_status":"open","sticky":false,"template":"","format":"standard","meta":{"footnotes":""},"categories":[19],"tags":[142,298,463],"class_list":["post-2466","post","type-post","status-publish","format-standard","hentry","category-artes-clasicas","tag-federico-utrera","tag-matias-diaz-padron","tag-museo-del-prado"],"views":1124,"_links":{"self":[{"href":"https:\/\/editorialhijosdemuleyrubio.com\/index.php?rest_route=\/wp\/v2\/posts\/2466","targetHints":{"allow":["GET"]}}],"collection":[{"href":"https:\/\/editorialhijosdemuleyrubio.com\/index.php?rest_route=\/wp\/v2\/posts"}],"about":[{"href":"https:\/\/editorialhijosdemuleyrubio.com\/index.php?rest_route=\/wp\/v2\/types\/post"}],"author":[{"embeddable":true,"href":"https:\/\/editorialhijosdemuleyrubio.com\/index.php?rest_route=\/wp\/v2\/users\/1"}],"replies":[{"embeddable":true,"href":"https:\/\/editorialhijosdemuleyrubio.com\/index.php?rest_route=%2Fwp%2Fv2%2Fcomments&post=2466"}],"version-history":[{"count":1,"href":"https:\/\/editorialhijosdemuleyrubio.com\/index.php?rest_route=\/wp\/v2\/posts\/2466\/revisions"}],"predecessor-version":[{"id":2467,"href":"https:\/\/editorialhijosdemuleyrubio.com\/index.php?rest_route=\/wp\/v2\/posts\/2466\/revisions\/2467"}],"wp:attachment":[{"href":"https:\/\/editorialhijosdemuleyrubio.com\/index.php?rest_route=%2Fwp%2Fv2%2Fmedia&parent=2466"}],"wp:term":[{"taxonomy":"category","embeddable":true,"href":"https:\/\/editorialhijosdemuleyrubio.com\/index.php?rest_route=%2Fwp%2Fv2%2Fcategories&post=2466"},{"taxonomy":"post_tag","embeddable":true,"href":"https:\/\/editorialhijosdemuleyrubio.com\/index.php?rest_route=%2Fwp%2Fv2%2Ftags&post=2466"}],"curies":[{"name":"wp","href":"https:\/\/api.w.org\/{rel}","templated":true}]}}