{"id":2469,"date":"2023-01-27T20:24:58","date_gmt":"2023-01-27T19:24:58","guid":{"rendered":"https:\/\/editorialhijosdemuleyrubio.com\/?p=2469"},"modified":"2023-01-27T20:24:58","modified_gmt":"2023-01-27T19:24:58","slug":"presentacion-de-los-premios-carmen-de-cine-en-fitur-2023-con-nuria-fergo-y-federico-utrera","status":"publish","type":"post","link":"https:\/\/editorialhijosdemuleyrubio.com\/?p=2469","title":{"rendered":"Presentaci\u00f3n de los \u00abPremios Carmen\u00bb de cine en FITUR 2023 con Nuria Ferg\u00f3 y Federico Utrera"},"content":{"rendered":"<figure id=\"attachment_235785\" aria-describedby=\"caption-attachment-235785\" style=\"width: 300px\" class=\"wp-caption alignleft\"><a href=\"https:\/\/majadahondamagazin.es\/wp-content\/uploads\/2023\/01\/64979da6-2547-453d-b4af-3d6fcc3fb622.jpg\"><img loading=\"lazy\" decoding=\"async\" class=\"wp-image-235785 size-medium\" src=\"https:\/\/majadahondamagazin.es\/wp-content\/uploads\/2023\/01\/64979da6-2547-453d-b4af-3d6fcc3fb622-300x225.jpg\" alt=\"\" width=\"300\" height=\"225\" \/><\/a><figcaption id=\"caption-attachment-235785\" class=\"wp-caption-text\">La cantante Nuria Ferg\u00f3 y el periodista y profesor de Comunicaci\u00f3n, Federico Utrera, responsable de la secci\u00f3n de Videoarte del Festival Internacional de Cine de Almer\u00eda (FICAL), ambos residentes en Majadahonda (Madrid)<\/figcaption><\/figure>\n<p class=\"p1\">LIDIA GARCIA. El destino \u2018Costa de Almer\u00eda\u2019 se ha convertido este mi\u00e9rcoles 18 de enero (2023) en protagonista durante la primera jornada de <strong>FITUR, la Feria Internacional de Turismo de Madrid<\/strong>, gracias a la puesta en escena de su <strong>potencial cinematogr\u00e1fico internacional<\/strong>. \u00ab<strong>Actores, directores, productores y otros profesionales<\/strong> han llenado el \u00e1rea de presentaciones del stand de \u2018<strong>Costa de Almer\u00eda<\/strong>\u2019 para ser testigos de la <strong>presentaci\u00f3n de la II edici\u00f3n de los \u2018Premios Carmen\u2019 de la Academia del Cine de Andaluc\u00eda<\/strong>, que se celebrar\u00e1n en la provincia de Almer\u00eda el <strong>s\u00e1bado 4 de febrero<\/strong>.<span class=\"Apple-converted-space\">\u00a0 <\/span>La gala de entrega de los <strong>Premios Carmen del Cine de Andaluc\u00eda<\/strong> volver\u00e1 a llenar de cine la provincia y a poner en valor su legado cinematogr\u00e1fico, pues mantiene desde hace <strong>70 a\u00f1os una estrecha relaci\u00f3n con el s\u00e9ptimo arte<\/strong> que le ha llevado a ser escenario natural de <strong>m\u00e1s de 500 pel\u00edculas<\/strong>\u00ab, se\u00f1ala la Diputaci\u00f3n de Almer\u00eda en una nota de prensa.<span class=\"Apple-converted-space\">\u00a0<\/span><!--more--><\/p>\n<figure id=\"attachment_235782\" aria-describedby=\"caption-attachment-235782\" style=\"width: 300px\" class=\"wp-caption alignleft\"><a href=\"https:\/\/majadahondamagazin.es\/wp-content\/uploads\/2023\/01\/9e973e42-1d51-4965-811d-dffbb7d42064-1.jpg\"><img loading=\"lazy\" decoding=\"async\" class=\"wp-image-235782 size-medium\" src=\"https:\/\/majadahondamagazin.es\/wp-content\/uploads\/2023\/01\/9e973e42-1d51-4965-811d-dffbb7d42064-1-300x225.jpg\" alt=\"\" width=\"300\" height=\"225\" \/><\/a><figcaption id=\"caption-attachment-235782\" class=\"wp-caption-text\">Federico Utrera y el director Fernando Colomo<\/figcaption><\/figure>\n<p class=\"p1\">\u00abEl stand de la <strong>Diputaci\u00f3n y \u2018Costa de Almer\u00eda<\/strong>\u2019 se ha llenado de personalidades del mundo del cine que han querido ser part\u00edcipes de esta apuesta de la provincia de Almer\u00eda. Personalidades como los directores <strong>Fernando Colomo y Manuel Mart\u00edn Cuenca<\/strong>, las int\u00e9rpretes <strong>Elena Furiase, Petra Mart\u00ednez, Will Shepard, Eva Almaya<\/strong> y otros grandes rostros conocidos del <strong>cine y la televisi\u00f3n<\/strong> han coincidido en la grandeza de una tierra vinculada al cine y sobre todo al turismo\u00bb, prosigue el comunicado. Entre ellos estaba tambi\u00e9n la cantante y actriz, <strong>Nuria Ferg\u00f3<\/strong>, y el responsable del Taller de Videoarte del Festival Internacional de Cine de Almer\u00eda, <strong>Federico Utrera<\/strong>, ambos residentes en <strong>Majadahonda (Madrid). <\/strong><strong>Petra Mart\u00ednez<\/strong> ha relatado su magn\u00edfica experiencia durante el rodaje de la pel\u00edcula \u00ab<strong>La vida era eso<\/strong>\u00ab; mientras que <strong>Elena Furiase, <\/strong>nieta de la inmortal<strong> Lola Flores, <\/strong>de quien ha recordado sus ra\u00edces andaluzas<strong>,<\/strong>\u00a0ha deseado poder rodar en <strong>Almer\u00eda<\/strong>, una tierra que conoce perfectamente a nivel personal y gracias al Festival Internacional de Cine de Almer\u00eda (FICAL). <strong>Manuel Mart\u00edn Cuenca<\/strong> ha asegurado que no hay nada mas satisfactorio para un almeriense que rodar en su propia tierra y en Andaluc\u00eda, porque es sin\u00f3nimo de \u201clibertad\u201d y ha puesto en valor la luz y la gastronom\u00eda de Almer\u00eda. <strong>Mart\u00edn Cuenca<\/strong> acaba de llevar a los cines su \u00faltima producci\u00f3n titulada \u00ab<strong><a href=\"https:\/\/www.youtube.com\/watch?v=-fwQzgBmkI0\">La Hija<\/a>\u00ab<\/strong> y ya est\u00e1 inmerso en la siguiente. Los \u2018<strong>Premios Carmen<\/strong>\u2019 este a\u00f1o van a entregar el Premio de Honor a <strong>Mar\u00eda Galiana<\/strong> en una gala que volver\u00e1 a poner de manifiesto la importancia del cine para la provincia de Almer\u00eda. Durante la gala se desvelar\u00e1n y recoger\u00e1n sus galardones los premiados en 25 categor\u00edas.<\/p>\n<figure id=\"attachment_235786\" aria-describedby=\"caption-attachment-235786\" style=\"width: 300px\" class=\"wp-caption alignleft\"><a href=\"https:\/\/majadahondamagazin.es\/wp-content\/uploads\/2023\/01\/a4243ba2-4e80-4aff-bff5-c3a555252404.jpg\"><img loading=\"lazy\" decoding=\"async\" class=\"wp-image-235786 size-medium\" src=\"https:\/\/majadahondamagazin.es\/wp-content\/uploads\/2023\/01\/a4243ba2-4e80-4aff-bff5-c3a555252404-300x225.jpg\" alt=\"\" width=\"300\" height=\"225\" \/><\/a><figcaption id=\"caption-attachment-235786\" class=\"wp-caption-text\">Federico Utrera y el director de cine Manuel Mart\u00edn Cuenca, cuya pel\u00edcula \u00abEl autor\u00bb <a href=\"https:\/\/majadahondamagazin.es\/el-actor-javier-gutierrez-sale-aclamado-de-majadahonda-por-el-autor-de-martin-cuenca-100971\"><strong>se present\u00f3 en Majadahonda<\/strong><\/a> con el actor Javier Guti\u00e9rrez<\/figcaption><\/figure>\n<p class=\"p1\">Entre los favoritos de este a\u00f1o destacan \u00ab<strong>Modelo 77<\/strong>\u00ab, con 14 nominaciones, producci\u00f3n m\u00e1s nominada, seguida de \u00ab<strong>Las Gentiles<\/strong>\u00ab, con 13; \u00ab<strong>La maniobra de la tortuga<\/strong>\u00ab, con 12; \u00ab<strong>El universo de Oliver<\/strong>\u00ab, con 9 y \u00ab<strong>A las mujeres de Espa\u00f1a. Mar\u00eda Lej\u00e1rraga<\/strong>\u00ab, con 7. Los \u00ab<strong>Premios Carmen<\/strong>\u00bb del Cine Andaluz, organizados por la <strong>Academia de Cine de Andaluc\u00eda<\/strong>, cuentan con el apoyo de Diputaci\u00f3n de Almer\u00eda, Consejer\u00eda de Turismo, Cultura y Deportes de la Junta de Andaluc\u00eda, Ayuntamiento de Almer\u00eda y RTVA, en colaboraci\u00f3n con la Fundaci\u00f3n SGAE, Fundaci\u00f3n AISGE, EGEDA, Andaluc\u00eda Film Commission y Crea SGR. <span style=\"color: #ff0000;\"><strong>M\u00e1s im\u00e1genes de la presentaci\u00f3n de los Premios Carmen en FITUR 2023 (pinche sobre la foto para aumentar su tama\u00f1o):<\/strong><\/span><\/p>\n","protected":false},"excerpt":{"rendered":"<p>LIDIA GARCIA. El destino \u2018Costa de Almer\u00eda\u2019 se ha convertido este mi\u00e9rcoles 18 de enero (2023) en protagonista durante la primera jornada de FITUR, la Feria Internacional de Turismo de Madrid, gracias a la puesta en escena de su potencial cinematogr\u00e1fico internacional. \u00abActores, directores, productores y otros profesionales han llenado el \u00e1rea de presentaciones del stand de \u2018Costa de Almer\u00eda\u2019 para ser testigos de la presentaci\u00f3n de la II edici\u00f3n de los \u2018Premios Carmen\u2019 de la Academia del Cine de Andaluc\u00eda, que se celebrar\u00e1n en la provincia de Almer\u00eda el s\u00e1bado 4 de febrero.\u00a0 La gala de entrega de los Premios Carmen del Cine de Andaluc\u00eda volver\u00e1 a llenar de<\/p>\n","protected":false},"author":1,"featured_media":0,"comment_status":"open","ping_status":"open","sticky":false,"template":"","format":"standard","meta":{"footnotes":""},"categories":[260],"tags":[142,493,494],"class_list":["post-2469","post","type-post","status-publish","format-standard","hentry","category-cine-2","tag-federico-utrera","tag-fitur","tag-premios-carmen"],"views":1784,"_links":{"self":[{"href":"https:\/\/editorialhijosdemuleyrubio.com\/index.php?rest_route=\/wp\/v2\/posts\/2469","targetHints":{"allow":["GET"]}}],"collection":[{"href":"https:\/\/editorialhijosdemuleyrubio.com\/index.php?rest_route=\/wp\/v2\/posts"}],"about":[{"href":"https:\/\/editorialhijosdemuleyrubio.com\/index.php?rest_route=\/wp\/v2\/types\/post"}],"author":[{"embeddable":true,"href":"https:\/\/editorialhijosdemuleyrubio.com\/index.php?rest_route=\/wp\/v2\/users\/1"}],"replies":[{"embeddable":true,"href":"https:\/\/editorialhijosdemuleyrubio.com\/index.php?rest_route=%2Fwp%2Fv2%2Fcomments&post=2469"}],"version-history":[{"count":1,"href":"https:\/\/editorialhijosdemuleyrubio.com\/index.php?rest_route=\/wp\/v2\/posts\/2469\/revisions"}],"predecessor-version":[{"id":2470,"href":"https:\/\/editorialhijosdemuleyrubio.com\/index.php?rest_route=\/wp\/v2\/posts\/2469\/revisions\/2470"}],"wp:attachment":[{"href":"https:\/\/editorialhijosdemuleyrubio.com\/index.php?rest_route=%2Fwp%2Fv2%2Fmedia&parent=2469"}],"wp:term":[{"taxonomy":"category","embeddable":true,"href":"https:\/\/editorialhijosdemuleyrubio.com\/index.php?rest_route=%2Fwp%2Fv2%2Fcategories&post=2469"},{"taxonomy":"post_tag","embeddable":true,"href":"https:\/\/editorialhijosdemuleyrubio.com\/index.php?rest_route=%2Fwp%2Fv2%2Ftags&post=2469"}],"curies":[{"name":"wp","href":"https:\/\/api.w.org\/{rel}","templated":true}]}}