{"id":2477,"date":"2023-06-26T17:54:28","date_gmt":"2023-06-26T15:54:28","guid":{"rendered":"https:\/\/editorialhijosdemuleyrubio.com\/?p=2477"},"modified":"2023-06-26T17:54:28","modified_gmt":"2023-06-26T15:54:28","slug":"federico-utrera-con-angels-barcelo-y-pepe-rubio-cadena-ser-a-proposito-de-su-libro-sobre-blasco-ibanez","status":"publish","type":"post","link":"https:\/\/editorialhijosdemuleyrubio.com\/?p=2477","title":{"rendered":"Federico Utrera con Angels Barcel\u00f3 y Pepe Rubio (Cadena SER) a prop\u00f3sito de su libro sobre Blasco Ib\u00e1\u00f1ez"},"content":{"rendered":"<figure id=\"attachment_254496\" aria-describedby=\"caption-attachment-254496\" style=\"width: 300px\" class=\"wp-caption alignleft\"><a href=\"https:\/\/majadahondamagazin.es\/wp-content\/uploads\/2023\/06\/BeFunky-collage-80-6.jpg\"><img loading=\"lazy\" decoding=\"async\" class=\"wp-image-254496 size-medium\" src=\"https:\/\/majadahondamagazin.es\/wp-content\/uploads\/2023\/06\/BeFunky-collage-80-6-300x229.jpg?_t=1687688315\" alt=\"\" width=\"300\" height=\"229\" \/><\/a><figcaption id=\"caption-attachment-254496\" class=\"wp-caption-text\">El escritor Federico Utrera, autor del libro \u00ab\u00a1Diputado Blasco Ib\u00e1\u00f1ez!\u00bb, fue entrevistado en \u00abHoy por Hoy\u00bb de Angels Barcel\u00f3 (Cadena SER) en la secci\u00f3n de Pepe Rubio: \u00abViaje de ida\u00bb<\/figcaption><\/figure>\n<p class=\"p1\">MANU RAMOS. El escritor, editor y periodista <strong>Federico Utrera<\/strong> (<strong>Majadahonda<\/strong>) particip\u00f3 en el programa \u00ab<strong>Hoy por Hoy\u00bb de la Cadena SER<\/strong> presentado por <strong>Angels Barcel\u00f3<\/strong> a prop\u00f3sito de su libro <strong>\u00ab\u00a1Diputado Blasco Ib\u00e1\u00f1ez!\u00bb.<\/strong> Lo hizo al ser entrevistado por <strong>Pepe Rubio<\/strong>, quien \u00abnos gu\u00eda en el viaje de ida por la vida de <strong>Blasco Ib\u00e1\u00f1ez<\/strong>, el mito literario valenciano\u00bb, seg\u00fan rese\u00f1a la emisora. La emisi\u00f3n se produjo el 18 de mayo (2023) y se public\u00f3 tambi\u00e9n en la p\u00e1gina web de la radio bajo el t\u00edtulo \u00ab<strong>Blasco Ib\u00e1\u00f1ez, la historia de un hombre inabarcable<\/strong>\u00ab. En la secci\u00f3n \u00ab<strong>Viaje de ida\u00bb<\/strong> dentro del espacio dedicado a \u00ab<strong>Ocio y Cultura\u00bb, Angels Barcel\u00f3<\/strong> dialoga con el propio <strong>Pepe Rubio<\/strong>, quien explica la vigencia del escritor universal valenciano as\u00ed: \u00abNo s\u00e9 si han planteado alguna vez contar la vida de <strong>Vicente Blasco Ib\u00e1\u00f1ez<\/strong>. Ya les digo que es apasionante el intento, pero imposible por exagerado e infinito. Es un camino pleno de sorpresas\u00bb.<span class=\"Apple-converted-space\">\u00a0<\/span>\u00abEl periodista <strong>Federico Utrera<\/strong>, autor de <strong>\u00ab\u00a1Diputado Blasco Ib\u00e1\u00f1ez!\u00bb<\/strong>, lo define \u00abcomo un francotirador en las <strong>Cortes<\/strong>, porque era un hombre alejado de las posiciones ideol\u00f3gicas convencionales\u00bb. Sus discursos iban m\u00e1s en consonancia con los problemas de la gente de a pie. Adem\u00e1s, hab\u00eda que a\u00f1adirle su antimilitarismo, su pacifismo, su persecuci\u00f3n de la corrupci\u00f3n y la defensa que hac\u00eda de la separaci\u00f3n entre <strong>Iglesia y Estado<\/strong>. Tambi\u00e9n fue admirable su alto nivel de oratoria. De <strong>Madrid<\/strong> termin\u00f3 cansado. En el <strong>Congreso<\/strong> era un verso suelto y en su <strong>diario \u00abEl Pueblo\u00bb<\/strong> escrib\u00eda a menudo sobre la farsa parlamentaria. Se da cuenta de que no puede cambiar las cosas. Tampoco est\u00e1 c\u00f3modo en las tertulias pol\u00edticas y literarias de la capital, se ve rechazado y da cuenta de ello en su novela \u00ab<strong>La Horda<\/strong>\u00bb en la que es muy duro con ciertos c\u00edrculos madrile\u00f1os\u00bb, resume <strong>Pepe Rubio.<\/strong><!--more--><\/p>\n<figure id=\"attachment_254497\" aria-describedby=\"caption-attachment-254497\" style=\"width: 300px\" class=\"wp-caption alignleft\"><a href=\"https:\/\/majadahondamagazin.es\/wp-content\/uploads\/2023\/06\/blasco-TWT.png\"><img loading=\"lazy\" decoding=\"async\" class=\"wp-image-254497 size-medium\" src=\"https:\/\/majadahondamagazin.es\/wp-content\/uploads\/2023\/06\/blasco-TWT-300x297.png?_t=1687688397\" alt=\"\" width=\"300\" height=\"297\" \/><\/a><figcaption id=\"caption-attachment-254497\" class=\"wp-caption-text\">Agradecimiento: Pepe Rubio a Federico Utrera<\/figcaption><\/figure>\n<p class=\"p1\"><span style=\"color: #ff0000;\"><strong>\u00abCUANDO EMPRENDAS UN VIAJE PIDE QUE SEA LARGO Y LLENO DE AVENTURAS Y EXPERIENCIAS\u00bb (KAVAFIS)<\/strong><\/span>. Y a\u00f1ade: \u00abEscrib\u00eda <strong>Kavafis<\/strong> que cuando emprendas tu viaje a <strong>\u00cdtaca<\/strong>, pide que el camino sea largo, lleno de aventuras, lleno de experiencias\u00bb. Algo as\u00ed sientes cuando te planteas viajar la vida de <strong>Vicente Blasco Ib\u00e1\u00f1ez<\/strong>. Lo primero es etiquetarlo, presentarlo, decir a qu\u00e9 se dedic\u00f3. Escritor, editor, periodista, pol\u00edtico, viajero, empresario agr\u00edcola, cineasta, reportero. \u00bfPero que fue primero o qu\u00e9 fue lo definitivo?. \u00bfY c\u00f3mo se crea un mito?. Juega muy a favor el tener or\u00edgenes humildes y <strong>Don Vicente<\/strong> los tuvo. Era hijo de unos emigrantes aragoneses que se establecen en Valencia en la segunda mitad del siglo XIX, comerciantes de una burgues\u00eda baja. Nace en 1867, una \u00e9poca muy convulsa de la <strong>Espa\u00f1a<\/strong> del diecinueve que termina con la proclamaci\u00f3n de la I<strong> Rep\u00fablica<\/strong>. El entorno social y pol\u00edtico que vive de ni\u00f1o le influye en su formaci\u00f3n, tambi\u00e9n sus primeras lecturas. Todo lo va llevando a convertirse en lo que hoy llamamos un activista que tiene tres derivas: la literatura, el periodismo y la pol\u00edtica. En los tres \u00e1mbitos se manifiesta su republicanismo y su anticlericalismo en un pa\u00eds donde la religi\u00f3n y la monarqu\u00eda eran muy poderosas\u00bb.<\/p>\n<figure id=\"attachment_254499\" aria-describedby=\"caption-attachment-254499\" style=\"width: 300px\" class=\"wp-caption alignleft\"><a href=\"https:\/\/majadahondamagazin.es\/wp-content\/uploads\/2023\/06\/Captura-de-pantalla-2023-06-25-a-las-9.38.23.png\"><img loading=\"lazy\" decoding=\"async\" class=\"wp-image-254499 size-medium\" src=\"https:\/\/majadahondamagazin.es\/wp-content\/uploads\/2023\/06\/Captura-de-pantalla-2023-06-25-a-las-9.38.23-300x228.png?_t=1687688505\" alt=\"\" width=\"300\" height=\"228\" \/><\/a><figcaption id=\"caption-attachment-254499\" class=\"wp-caption-text\">El reportaje en la web de la Cadena SER<\/figcaption><\/figure>\n<p><span style=\"color: #ff0000;\"><strong>\u00abEL \u00abBLASQUISMO\u00bb EN LA POL\u00cdTICA, EL PERIODISMO Y LA LITERATURA\u00bb<\/strong><\/span>. \u00ab<strong>Vicente Blasco<\/strong> viv\u00eda todo con intensidad, de sus experiencias y observaciones afloran sus creaciones. De sus espacios familiares y del ultramarino de sus padres, de los entornos del <strong>Mercado de Valencia<\/strong> o la <strong>Lonja<\/strong> surge la que para \u00e9l fue su primera novela \u00ab<strong>Arroz y tartana<\/strong>\u00ab. Todas sus obras tienen un estudio previo de ambientes y eso le convierte en un viajero. Pasa un tiempo en <strong>Jerez<\/strong> para escribir \u00ab<strong>La Bodega<\/strong>\u00ab, en <strong>Bilbao<\/strong> para \u00ab<strong>El intruso<\/strong>\u00bb o en la <strong>Albufera<\/strong> y la huerta para escribir \u00ab<strong>La Barraca\u00bb y \u00abCa\u00f1as y barro<\/strong>\u00ab. Cuenta la gente de la \u00e9poca que <strong>Blasco<\/strong> estuvo una semana viviendo y durmiendo en una barca para empaparse de esos h\u00e1litos malolientes que manaban de la laguna\u00bb, a\u00f1ade el art\u00edculo. Y recuerda que \u00abla \u00faltima d\u00e9cada del XIX en <strong>Valencia<\/strong> es la del blasquismo en la pol\u00edtica, el periodismo y la literatura. Es el <strong>Blasco Ib\u00e1\u00f1ez<\/strong> que lideraba movilizaciones en las calles, que pasa por la c\u00e1rcel, que tiene que huir de <strong>Espa\u00f1a<\/strong> tras una algarada contra el presidente <strong>C\u00e1novas Del Castillo<\/strong>. Se va a <strong>Par\u00eds<\/strong>. En la capital francesa, adem\u00e1s de establecer amistades y contactos para futuras empresas pol\u00edticas y editoriales, env\u00eda cr\u00f3nicas de lo que ve a algunos peri\u00f3dicos. Hizo una vida muy bohemia en el barrio latino, se relaciona con otros exiliados espa\u00f1oles e hispanoamericanos, conoce <strong>George Clemenceau<\/strong>, entonces diputado y que durante la <strong>Gran Guerra<\/strong> ser\u00eda considerado el padre de la victoria. Y a la vuelta, tras una amnist\u00eda y con todo ese bagaje, se presenta a diputado a cortes por el partido republicano y arrasa. Estuvo en el <strong>Congreso de los Diputados<\/strong> en <strong>Madrid<\/strong> entre 1892 y 1905&#8243;. <span class=\"Apple-converted-space\">\u00a0<\/span><\/p>\n<figure id=\"attachment_254500\" aria-describedby=\"caption-attachment-254500\" style=\"width: 300px\" class=\"wp-caption alignleft\"><a href=\"https:\/\/majadahondamagazin.es\/wp-content\/uploads\/2023\/06\/Captura-de-pantalla-2023-06-25-a-las-9.42.59.png\"><img loading=\"lazy\" decoding=\"async\" class=\"wp-image-254500 size-medium\" src=\"https:\/\/majadahondamagazin.es\/wp-content\/uploads\/2023\/06\/Captura-de-pantalla-2023-06-25-a-las-9.42.59-300x162.png?_t=1687688523\" alt=\"\" width=\"300\" height=\"162\" \/><\/a><figcaption id=\"caption-attachment-254500\" class=\"wp-caption-text\">El reportaje en el \u00abpodcast\u00bb de la Cadena SER<\/figcaption><\/figure>\n<p class=\"p1\"><span style=\"color: #ff0000;\"><strong>\u00abSU PROYECTO EDITORIAL Y SUS INTERVENCIONES EN EL CINE\u00bb.<\/strong><\/span> \u00abEn <strong>Valencia<\/strong> segu\u00eda tambi\u00e9n muy activo, crea la red de casinos republicanos y la <strong>Universidad Popular<\/strong>. Pone en marcha \u00ab<strong>Prometeo\u00bb,<\/strong> su <strong>proyecto editorial<\/strong>\u00a0con su amigo <strong>Francisco Sempere,<\/strong> que puso a la venta su obra y grandes cl\u00e1sicos de la literatura a precios asequibles. La vida entre <strong>Madrid y Valencia<\/strong> la comparte, en la primera d\u00e9cada del siglo XX, con <strong>Par\u00eds<\/strong>. Pero sorprendentemente, tras abandonar la pol\u00edtica activa, <strong>Vicente Blasco Ib\u00e1\u00f1ez<\/strong> abraza la aventura m\u00e1s surrealista de su vida. Se va a <strong>Argentina<\/strong> de conferencias por todo el pa\u00eds y termina de colono agr\u00edcola. El fracaso econ\u00f3mico devuelve a <strong>Blasco Ib\u00e1\u00f1ez<\/strong> a su ciudad so\u00f1ada, a <strong>Par\u00eds<\/strong>. Pero al poco de llegar, en 1914, estalla la <strong>Gran Guerra<\/strong>. Pasa unos momentos complicados al principio, se muda a un apartamento m\u00e1s peque\u00f1o, incluso tiene que pedir dinero a amigos, pero sus ideas las tiene muy claras. Se pone r\u00e1pidamente del lado aliado y ve en el conflicto una gran oportunidad para poner en marcha su gran obra. <strong>Empez\u00f3 a rodar pel\u00edculas<\/strong>, una primera adaptaci\u00f3n de \u00ab<strong>Los cuatro jinetes<\/strong>\u00bb que se ha perdido y \u00ab<strong>La vieja del cine<\/strong>\u00ab. Es una \u00e9poca de gran intensidad porque <strong>Blasco Ib\u00e1\u00f1ez<\/strong> necesita dinero. Pero es el \u00e9xito de \u00ab<strong>Los cuatro jinetes del apocalipsis<\/strong>\u00bb en <strong>Estados Unidos<\/strong> lo que definitivamente lo hace rico\u00bb, recuerda el reportaje.<span class=\"Apple-converted-space\">\u00a0<\/span><\/p>\n<figure id=\"attachment_254498\" aria-describedby=\"caption-attachment-254498\" style=\"width: 300px\" class=\"wp-caption alignleft\"><a href=\"https:\/\/majadahondamagazin.es\/wp-content\/uploads\/2023\/06\/Captura-de-pantalla-2023-06-25-a-las-9.43.36.png\"><img loading=\"lazy\" decoding=\"async\" class=\"wp-image-254498 size-medium\" src=\"https:\/\/majadahondamagazin.es\/wp-content\/uploads\/2023\/06\/Captura-de-pantalla-2023-06-25-a-las-9.43.36-300x131.png?_t=1687688561\" alt=\"\" width=\"300\" height=\"131\" \/><\/a><figcaption id=\"caption-attachment-254498\" class=\"wp-caption-text\">Numerosas \u00abdescargas\u00bb de la secci\u00f3n de Cultura y Ocio de Pepe Rubio en \u00abHoy por Hoy\u00bb<\/figcaption><\/figure>\n<p class=\"p1\"><span style=\"color: #ff0000;\"><strong>\u00abEL AMBIENTE MEDITERRANEO QUE TANTO LE GUSTABA\u00bb<\/strong><\/span>. \u00abEl \u00e9xito americano y franc\u00e9s le permite alcanzar su sue\u00f1o de vivir c\u00f3modamente y dedicar todo su tiempo a crear y viajar: \u00abCompra en <strong>Ment\u00f3n<\/strong>, la <strong>Costa Azul<\/strong>, entre <strong>Cannes<\/strong> y la frontera italiana, un palacete, <strong>Fontana Rosa<\/strong>, que lo adapta a sus necesidades. El creador valenciano recre\u00f3 all\u00ed los <strong>ambientes mediterr\u00e1neos que tanto le gustaban<\/strong>, entre ellos un jard\u00edn, \u00ab<strong>el jard\u00edn de los novelistas<\/strong>\u00ab, con azulejos t\u00edpicos de los patios andaluces, una biblioteca y hasta una sala de cine. Fue su gran centro de operaciones, el lugar donde parti\u00f3 para dar una vuelta al mundo de cuyas vivencias da cuenta una exposici\u00f3n en su <strong>Casa Museo de la Malvarrosa en Valencia<\/strong>\u00bb se\u00f1ala el art\u00edculo.<\/p>\n<figure id=\"attachment_254501\" aria-describedby=\"caption-attachment-254501\" style=\"width: 300px\" class=\"wp-caption alignleft\"><a href=\"https:\/\/majadahondamagazin.es\/wp-content\/uploads\/2023\/06\/blasco-berlanga.jpg\"><img loading=\"lazy\" decoding=\"async\" class=\"wp-image-254501 size-medium\" src=\"https:\/\/majadahondamagazin.es\/wp-content\/uploads\/2023\/06\/blasco-berlanga-300x259.jpg\" alt=\"\" width=\"300\" height=\"259\" \/><\/a><figcaption id=\"caption-attachment-254501\" class=\"wp-caption-text\">El legendario cineasta Luis Garc\u00eda Berlanga present\u00f3 el libro de Federico Utrera (a su lado) en el propio Congreso de los Diputados<\/figcaption><\/figure>\n<p><span style=\"color: #ff0000;\"><strong>EL POSTRERO REGRESO A CASA<\/strong><\/span>. <strong>Vicente Blasco Ib\u00e1\u00f1ez<\/strong> muere en enero de 1928 en <strong>Ment\u00f3n<\/strong>. Ya era un mito en el mundo e infinitamente m\u00e1s en su tierra. A\u00f1os antes, en 1921 se dio un aut\u00e9ntico ba\u00f1o de masas en <strong>Valencia<\/strong>, fue recibido como un verdadero monarca, a pesar de ser un republicano. Pero si grande fue aquel recibimiento tras sus <strong>\u00e9xitos literarios y cinematogr\u00e1ficos<\/strong>, m\u00e1s lo fue el momento en el que regresaron sus restos mortales. El escritor quiso que s\u00f3lo volvieran a su ciudad en una <strong>Espa\u00f1a<\/strong> republicana. Y as\u00ed fue el 29 de octubre de 1933. Como \u00e9l dej\u00f3 por escrito, \u00ablas vidas vuelven siempre a sus cauces antiguos. En el jard\u00edn de la casa chillaban a coro los p\u00e1jaros sobre las ramas florecientes, mecidas por la brisa que enviaba el vecino mar. Quiero descansar en el m\u00e1s modesto cementerio valenciano, junto al <strong>mare nostrum<\/strong>, que llen\u00f3 de ideal mi esp\u00edritu; quiero que mi cuerpo se confunda con esta tierra de <strong>Val\u00e8ncia<\/strong>, que es el amor de todos mis amores\u00bb. El mito regres\u00f3 a casa. Hoy s\u00f3lo falta que tenga el reconocimiento que merece su obra, sus ideas y una labor editorial encomiable, finaliza el resumen biogr\u00e1fico de la <a href=\"https:\/\/cadenaser.com\/nacional\/2023\/05\/18\/blasco-ibanez-la-historia-de-un-hombre-inabarcable-cadena-ser\/\">Cadena SER<\/a>.<\/p>\n","protected":false},"excerpt":{"rendered":"<p>MANU RAMOS. El escritor, editor y periodista Federico Utrera (Majadahonda) particip\u00f3 en el programa \u00abHoy por Hoy\u00bb de la Cadena SER presentado por Angels Barcel\u00f3 a prop\u00f3sito de su libro \u00ab\u00a1Diputado Blasco Ib\u00e1\u00f1ez!\u00bb. Lo hizo al ser entrevistado por Pepe Rubio, quien \u00abnos gu\u00eda en el viaje de ida por la vida de Blasco Ib\u00e1\u00f1ez, el mito literario valenciano\u00bb, seg\u00fan rese\u00f1a la emisora. La emisi\u00f3n se produjo el 18 de mayo (2023) y se public\u00f3 tambi\u00e9n en la p\u00e1gina web de la radio bajo el t\u00edtulo \u00abBlasco Ib\u00e1\u00f1ez, la historia de un hombre inabarcable\u00ab. En la secci\u00f3n \u00abViaje de ida\u00bb dentro del espacio dedicado a \u00abOcio y Cultura\u00bb, Angels Barcel\u00f3<\/p>\n","protected":false},"author":1,"featured_media":0,"comment_status":"open","ping_status":"open","sticky":false,"template":"","format":"standard","meta":{"footnotes":""},"categories":[26,258],"tags":[87,112,142],"class_list":["post-2477","post","type-post","status-publish","format-standard","hentry","category-material-memoria","category-clasicos-literarios","tag-blasco-ibanez","tag-diputado-blasco-ibanez","tag-federico-utrera"],"views":1096,"_links":{"self":[{"href":"https:\/\/editorialhijosdemuleyrubio.com\/index.php?rest_route=\/wp\/v2\/posts\/2477","targetHints":{"allow":["GET"]}}],"collection":[{"href":"https:\/\/editorialhijosdemuleyrubio.com\/index.php?rest_route=\/wp\/v2\/posts"}],"about":[{"href":"https:\/\/editorialhijosdemuleyrubio.com\/index.php?rest_route=\/wp\/v2\/types\/post"}],"author":[{"embeddable":true,"href":"https:\/\/editorialhijosdemuleyrubio.com\/index.php?rest_route=\/wp\/v2\/users\/1"}],"replies":[{"embeddable":true,"href":"https:\/\/editorialhijosdemuleyrubio.com\/index.php?rest_route=%2Fwp%2Fv2%2Fcomments&post=2477"}],"version-history":[{"count":1,"href":"https:\/\/editorialhijosdemuleyrubio.com\/index.php?rest_route=\/wp\/v2\/posts\/2477\/revisions"}],"predecessor-version":[{"id":2478,"href":"https:\/\/editorialhijosdemuleyrubio.com\/index.php?rest_route=\/wp\/v2\/posts\/2477\/revisions\/2478"}],"wp:attachment":[{"href":"https:\/\/editorialhijosdemuleyrubio.com\/index.php?rest_route=%2Fwp%2Fv2%2Fmedia&parent=2477"}],"wp:term":[{"taxonomy":"category","embeddable":true,"href":"https:\/\/editorialhijosdemuleyrubio.com\/index.php?rest_route=%2Fwp%2Fv2%2Fcategories&post=2477"},{"taxonomy":"post_tag","embeddable":true,"href":"https:\/\/editorialhijosdemuleyrubio.com\/index.php?rest_route=%2Fwp%2Fv2%2Ftags&post=2477"}],"curies":[{"name":"wp","href":"https:\/\/api.w.org\/{rel}","templated":true}]}}