{"id":2488,"date":"2023-11-07T06:37:29","date_gmt":"2023-11-07T05:37:29","guid":{"rendered":"https:\/\/editorialhijosdemuleyrubio.com\/?p=2488"},"modified":"2023-11-07T06:56:46","modified_gmt":"2023-11-07T05:56:46","slug":"el-desconocido-videoarte-de-john-lennon-y-yoko-ono-protagonista-la-12a-edicion-del-taller-de-federico-utrera-en-el-festival-internacional-de-cine-de-almeria-fical-2023","status":"publish","type":"post","link":"https:\/\/editorialhijosdemuleyrubio.com\/?p=2488","title":{"rendered":"El desconocido videoarte de John Lennon y Yoko Ono protagoniza la 12\u00aa edici\u00f3n del taller de Federico Utrera en el Festival Internacional de Cine de Almer\u00eda (FICAL 2023)"},"content":{"rendered":"<figure id=\"attachment_2492\" aria-describedby=\"caption-attachment-2492\" style=\"width: 300px\" class=\"wp-caption alignleft\"><a href=\"https:\/\/editorialhijosdemuleyrubio.com\/wp-content\/uploads\/2023\/11\/portada-taller-lennon-yoko.png\"><img loading=\"lazy\" decoding=\"async\" class=\"wp-image-2492 size-medium\" src=\"https:\/\/editorialhijosdemuleyrubio.com\/wp-content\/uploads\/2023\/11\/portada-taller-lennon-yoko-300x170.png\" alt=\"\" width=\"300\" height=\"170\" srcset=\"https:\/\/editorialhijosdemuleyrubio.com\/wp-content\/uploads\/2023\/11\/portada-taller-lennon-yoko-300x170.png 300w, https:\/\/editorialhijosdemuleyrubio.com\/wp-content\/uploads\/2023\/11\/portada-taller-lennon-yoko-768x435.png 768w, https:\/\/editorialhijosdemuleyrubio.com\/wp-content\/uploads\/2023\/11\/portada-taller-lennon-yoko.png 800w\" sizes=\"auto, (max-width: 300px) 100vw, 300px\" \/><\/a><figcaption id=\"caption-attachment-2492\" class=\"wp-caption-text\">El Festival Internacional de Cine de Almer\u00eda (FICAL 23) ha publicado este lunes 6 de noviembre (2023) la informaci\u00f3n relativa a su 12\u00aa edici\u00f3n del Taller de Videoarte dedicada en esta ocasi\u00f3n a \u201cJohn Lennon y Yoko Ono Videoartistas: 90 Aniversario\u00bb<\/figcaption><\/figure>\n<p>El <strong>Festival Internacional de Cine de Almer\u00eda (FICAL 23<\/strong>) ha publicado este lunes 6 de noviembre (2023) la informaci\u00f3n relativa a su 12\u00aa edici\u00f3n del Taller de Videoarte dedicada en esta ocasi\u00f3n a \u201c<strong>John Lennon y Yoko Ono Videoartistas: 90 Aniversario\u00bb.<\/strong> Este curso de Formacion Audiovisual se celebra del 20 al 22 de noviembre de 2023 en el <strong>Centro Fundaci\u00f3n Unicaja de Almer\u00eda<\/strong> (Paseo de Almer\u00eda, 69) y consiste en un \u00abtaller de <strong>car\u00e1cter interactivo<\/strong> que posee la finalidad de generar \u00e1mbitos para las <strong>manifestaciones audiovisuales alternativas<\/strong> y propiciar <strong>espacios de encuentro para la reflexi\u00f3n hist\u00f3rica y est\u00e9tica videogr\u00e1fica<\/strong>\u00ab. En este taller, que imparte durante 3 d\u00edas en horario de 11 a 14 horas, el profesor y doctor en Comunicaci\u00f3n Audiovisual, <strong>Federico Utrera,<\/strong> profundiza en el <strong>90 aniversario de Yoko Ono<\/strong> y en la trayectoria como videoartistas del m\u00fasico <strong>John Lennon (The Beatles)<\/strong> y de la japonesa-norteamericana. Juntos rodaron al menos <strong>una veintena de v\u00eddeos<\/strong>, la mayor\u00eda de ellas <strong>piezas de videoarte<\/strong>. <strong>John Lennon<\/strong> (1940-1980) conoci\u00f3 a <strong>Yoko Ono<\/strong> (1933) unos d\u00edas despu\u00e9s de regresar de Almer\u00eda, donde hab\u00eda residido entre el 19 de septiembre y el 6 de noviembre de 1966 para rodar la pel\u00edcula sat\u00edrica \u00ab<strong>How I won the war\u00bb (\u00abComo gan\u00e9 la guerra\u00bb)<\/strong> y donde comenz\u00f3 a componer \u00ab<strong>Strawberry Fields Forever\u00bb<\/strong> en los atardeceres de la playa del <strong>Zapillo<\/strong>. De ah\u00ed surgi\u00f3 no solo una relaci\u00f3n sentimental sino videoart\u00edstica que aunque se ha exhibido parcialmente en varios pa\u00edses de <strong>Europa y Am\u00e9rica<\/strong>, es la primera vez que se re\u00fane de forma completa.<!--more--><\/p>\n<figure id=\"attachment_2491\" aria-describedby=\"caption-attachment-2491\" style=\"width: 300px\" class=\"wp-caption alignleft\"><a href=\"https:\/\/editorialhijosdemuleyrubio.com\/wp-content\/uploads\/2023\/11\/john-yoko-tate.jpg\"><img loading=\"lazy\" decoding=\"async\" class=\"wp-image-2491 size-medium\" src=\"https:\/\/editorialhijosdemuleyrubio.com\/wp-content\/uploads\/2023\/11\/john-yoko-tate-300x225.jpg\" alt=\"\" width=\"300\" height=\"225\" srcset=\"https:\/\/editorialhijosdemuleyrubio.com\/wp-content\/uploads\/2023\/11\/john-yoko-tate-300x225.jpg 300w, https:\/\/editorialhijosdemuleyrubio.com\/wp-content\/uploads\/2023\/11\/john-yoko-tate-768x576.jpg 768w, https:\/\/editorialhijosdemuleyrubio.com\/wp-content\/uploads\/2023\/11\/john-yoko-tate.jpg 800w\" sizes=\"auto, (max-width: 300px) 100vw, 300px\" \/><\/a><figcaption id=\"caption-attachment-2491\" class=\"wp-caption-text\">Los anteriores talleres de Federico Utrera en FICAL han versado sobre los videoartistas Bill Viola (EE.UU), Nam June Paik (Corea), Wolf Vostell (Alemania), Yoko Ono (Jap\u00f3n), Fernando Arrabal (Espa\u00f1a, Francia), Julian Rosefeldt (Alemania), Michel Houellebecq (Francia), Josep Beuys (Alemania), Charlotte Moorman (EE.UU) y Pedro Garhel (Canarias, Espa\u00f1a).<\/figcaption><\/figure>\n<p>Esta investigaci\u00f3n sobre los principales hitos audiovisuales de ambos videoartistas revela v\u00eddeos, fotograf\u00edas y datos, gran parte de ellos in\u00e9ditos, que salen por primera vez a la luz y que reconstruyen una biograf\u00eda videoart\u00edstica conjunta que, adem\u00e1s de desconocida, resulta especialmente interesante. El <strong>Dr. Federico Utrera<\/strong> (Almer\u00eda, 1963) es profesor de posgrado en Comunicaci\u00f3n Audiovisual en <strong>Next Educaci\u00f3n<\/strong> y fue premio extraordinario por su tesis doctoral sobre el <strong>Mass Media Art<\/strong> como autor de la primera biograf\u00eda y cat\u00e1logo razonado sobre el videoartista norteamericano <strong>Bill Viola.<\/strong> Ha participado impartiendo talleres o como jurado en diversos festivales internacionales de cine y videoarte: <strong>Las Palmas de Gran Canaria, Medina del Campo (Valladolid), T\u00e1nger (Marruecos), Astorga (Le\u00f3n),<\/strong> etc\u2026 y ha sido invitado y acreditado en diferentes exposiciones de videoarte en museos y centros de arte de todo el mundo: <strong>Instituto Cervantes (Nueva York), Fundaci\u00f3n Strozzi (Florencia), Grand Palais (Par\u00eds), Museo Guggenheim (Nueva York y Bilbao), Royal Academy of Arts (Londres), Museo de Arte abstracto espa\u00f1ol \/ Fundaci\u00f3n Juan March (Cuenca)<\/strong>, etc\u2026 Ha reunido su obra critica en \u201c<a href=\"https:\/\/www.bubok.es\/libros\/224633\/cordel-de-extraviados-arte\"><strong>Cordel de Extraviados. Literatura y Arte\u201d,<\/strong><\/a> prologados por el Conservador del <strong>Museo del Prado, Mat\u00edas D\u00edaz Padr\u00f3n<\/strong> y por el <strong>Premio Cervantes, Juan Goytisolo.<\/strong> Sus anteriores talleres han versado sobre los videoartistas <strong>Bill Viola (EE.UU), Nam June Paik (Corea), Wolf Vostell (Alemania), Yoko Ono (Jap\u00f3n), Fernando Arrabal (Espa\u00f1a, Francia), Julian Rosefeldt (Alemania), Michel Houellebecq (Francia), Josep Beuys (Alemania), Charlotte Moorman (EE.UU) y Pedro Garhel (Canarias, Espa\u00f1a).<\/strong><\/p>\n<figure id=\"attachment_2490\" aria-describedby=\"caption-attachment-2490\" style=\"width: 300px\" class=\"wp-caption alignleft\"><a href=\"https:\/\/editorialhijosdemuleyrubio.com\/wp-content\/uploads\/2023\/11\/john-y-yoko-tate.png\"><img loading=\"lazy\" decoding=\"async\" class=\"wp-image-2490 size-medium\" src=\"https:\/\/editorialhijosdemuleyrubio.com\/wp-content\/uploads\/2023\/11\/john-y-yoko-tate-300x167.png\" alt=\"\" width=\"300\" height=\"167\" srcset=\"https:\/\/editorialhijosdemuleyrubio.com\/wp-content\/uploads\/2023\/11\/john-y-yoko-tate-300x167.png 300w, https:\/\/editorialhijosdemuleyrubio.com\/wp-content\/uploads\/2023\/11\/john-y-yoko-tate-768x426.png 768w, https:\/\/editorialhijosdemuleyrubio.com\/wp-content\/uploads\/2023\/11\/john-y-yoko-tate.png 800w\" sizes=\"auto, (max-width: 300px) 100vw, 300px\" \/><\/a><figcaption id=\"caption-attachment-2490\" class=\"wp-caption-text\">Federico Utrera profundiza en el 90 aniversario de Yoko Ono y en la trayectoria como videoartistas del m\u00fasico John Lennon (The Beatles) y de la japonesa-norteamericana. Juntos rodaron al menos una veintena de v\u00eddeos, la mayor\u00eda de ellas piezas de videoarte<\/figcaption><\/figure>\n<p>\u00abEl taller est\u00e1 dirigido a titulados y estudiantes de <strong>Imagen y Sonido, Fotograf\u00eda, Bellas Artes, Filosof\u00eda, Ciencias de la Informaci\u00f3n, Inform\u00e1tica, Historia del Arte, Filolog\u00eda, Humanidades, Antropolog\u00eda, Sociolog\u00eda y Psicolog\u00eda. Tambi\u00e9n a profesionales de la ense\u00f1anza, periodistas. realizadores audiovisuales y aficionados a la cultura audiovisual.<\/strong> La matr\u00edcula tiene car\u00e1cter gratuito y se realiza online cumplimentando la <a href=\"https:\/\/www.dipalme.org\/Servicios\/cmsdipro\/index.nsf\/fiestas.xsp?p=cultura&amp;documentId=3252223648EAA972C1258A59003A4CD8\"><strong>ficha de inscripci\u00f3n disponible en la web www.dipalme.org.<\/strong><\/a> El n\u00famero m\u00e1ximo de participantes ser\u00e1 de <strong>30 alumnos<\/strong>, admitidos por riguroso orden de inscripci\u00f3n. El fin del plazo de la matr\u00edcula expira el 15 de noviembre de 2023 o hasta que se cubran las plazas, aunque habr\u00e1 opci\u00f3n de registrarse en una <strong>lista de espera<\/strong>. En caso de no asistencia al curso, tras haber recibido la confirmaci\u00f3n de la inscripci\u00f3n, se tendr\u00e1 que justificar para poder ser admitido en otros cursos o talleres organizados por el <strong>Departamento de Artes Audiovisuales<\/strong> de la <strong>Diputaci\u00f3n de Almer\u00eda<\/strong> durante los a\u00f1os 2023 y 2024. Los inscritos tendr\u00e1n derecho a un diploma de asistencia de 9 horas lectivas, que corresponde a la totalidad del curso. Para ello, tendr\u00e1n que acreditar su asistencia mediante un control presencial que se realizar\u00e1 a tal efecto por t\u00e9cnicos del <strong>\u00c1rea de Cultura, Cine e Identidad Almeriense.<\/strong> La Diputaci\u00f3n de Almer\u00eda se reserva el derecho de cambiar cualquier aspecto organizativo y del programa si as\u00ed lo exigieran las circunstancias\u00bb, concluye la informaci\u00f3n oficial.<\/p>\n","protected":false},"excerpt":{"rendered":"<p>El Festival Internacional de Cine de Almer\u00eda (FICAL 23) ha publicado este lunes 6 de noviembre (2023) la informaci\u00f3n relativa a su 12\u00aa edici\u00f3n del Taller de Videoarte dedicada en esta ocasi\u00f3n a \u201cJohn Lennon y Yoko Ono Videoartistas: 90 Aniversario\u00bb. Este curso de Formacion Audiovisual se celebra del 20 al 22 de noviembre de 2023 en el Centro Fundaci\u00f3n Unicaja de Almer\u00eda (Paseo de Almer\u00eda, 69) y consiste en un \u00abtaller de car\u00e1cter interactivo que posee la finalidad de generar \u00e1mbitos para las manifestaciones audiovisuales alternativas y propiciar espacios de encuentro para la reflexi\u00f3n hist\u00f3rica y est\u00e9tica videogr\u00e1fica\u00ab. En este taller, que imparte durante 3 d\u00edas en horario de<\/p>\n","protected":false},"author":1,"featured_media":0,"comment_status":"open","ping_status":"open","sticky":false,"template":"","format":"standard","meta":{"footnotes":""},"categories":[32],"tags":[142,477,468,504,45,505],"class_list":["post-2488","post","type-post","status-publish","format-standard","hentry","category-videoarte","tag-federico-utrera","tag-festival-internacional-de-cine-de-almeria","tag-fical","tag-john-lennon","tag-videoarte-2","tag-yoko-ono"],"views":1459,"_links":{"self":[{"href":"https:\/\/editorialhijosdemuleyrubio.com\/index.php?rest_route=\/wp\/v2\/posts\/2488","targetHints":{"allow":["GET"]}}],"collection":[{"href":"https:\/\/editorialhijosdemuleyrubio.com\/index.php?rest_route=\/wp\/v2\/posts"}],"about":[{"href":"https:\/\/editorialhijosdemuleyrubio.com\/index.php?rest_route=\/wp\/v2\/types\/post"}],"author":[{"embeddable":true,"href":"https:\/\/editorialhijosdemuleyrubio.com\/index.php?rest_route=\/wp\/v2\/users\/1"}],"replies":[{"embeddable":true,"href":"https:\/\/editorialhijosdemuleyrubio.com\/index.php?rest_route=%2Fwp%2Fv2%2Fcomments&post=2488"}],"version-history":[{"count":3,"href":"https:\/\/editorialhijosdemuleyrubio.com\/index.php?rest_route=\/wp\/v2\/posts\/2488\/revisions"}],"predecessor-version":[{"id":2497,"href":"https:\/\/editorialhijosdemuleyrubio.com\/index.php?rest_route=\/wp\/v2\/posts\/2488\/revisions\/2497"}],"wp:attachment":[{"href":"https:\/\/editorialhijosdemuleyrubio.com\/index.php?rest_route=%2Fwp%2Fv2%2Fmedia&parent=2488"}],"wp:term":[{"taxonomy":"category","embeddable":true,"href":"https:\/\/editorialhijosdemuleyrubio.com\/index.php?rest_route=%2Fwp%2Fv2%2Fcategories&post=2488"},{"taxonomy":"post_tag","embeddable":true,"href":"https:\/\/editorialhijosdemuleyrubio.com\/index.php?rest_route=%2Fwp%2Fv2%2Ftags&post=2488"}],"curies":[{"name":"wp","href":"https:\/\/api.w.org\/{rel}","templated":true}]}}