{"id":2498,"date":"2023-11-14T12:16:59","date_gmt":"2023-11-14T11:16:59","guid":{"rendered":"https:\/\/editorialhijosdemuleyrubio.com\/?p=2498"},"modified":"2023-11-14T12:24:58","modified_gmt":"2023-11-14T11:24:58","slug":"exitosa-presentacion-en-madrid-del-festival-de-cine-de-almeria-2023-y-del-taller-de-videoarte-sobre-john-lennon-y-yoko-ono-ultimas-plazas","status":"publish","type":"post","link":"https:\/\/editorialhijosdemuleyrubio.com\/?p=2498","title":{"rendered":"Exitosa presentaci\u00f3n en Madrid del Festival de Cine de Almer\u00eda 2023 y del Taller de Videoarte sobre John Lennon y Yoko Ono: \u00faltimas plazas"},"content":{"rendered":"<figure id=\"attachment_2499\" aria-describedby=\"caption-attachment-2499\" style=\"width: 300px\" class=\"wp-caption alignleft\"><a href=\"https:\/\/editorialhijosdemuleyrubio.com\/wp-content\/uploads\/2023\/11\/IMG_1707-scaled.jpg\"><img loading=\"lazy\" decoding=\"async\" class=\"wp-image-2499 size-medium\" src=\"https:\/\/editorialhijosdemuleyrubio.com\/wp-content\/uploads\/2023\/11\/IMG_1707-300x225.jpg\" alt=\"\" width=\"300\" height=\"225\" srcset=\"https:\/\/editorialhijosdemuleyrubio.com\/wp-content\/uploads\/2023\/11\/IMG_1707-300x225.jpg 300w, https:\/\/editorialhijosdemuleyrubio.com\/wp-content\/uploads\/2023\/11\/IMG_1707-1024x768.jpg 1024w, https:\/\/editorialhijosdemuleyrubio.com\/wp-content\/uploads\/2023\/11\/IMG_1707-768x576.jpg 768w, https:\/\/editorialhijosdemuleyrubio.com\/wp-content\/uploads\/2023\/11\/IMG_1707-1536x1152.jpg 1536w, https:\/\/editorialhijosdemuleyrubio.com\/wp-content\/uploads\/2023\/11\/IMG_1707-2048x1536.jpg 2048w, https:\/\/editorialhijosdemuleyrubio.com\/wp-content\/uploads\/2023\/11\/IMG_1707-1170x878.jpg 1170w\" sizes=\"auto, (max-width: 300px) 100vw, 300px\" \/><\/a><figcaption id=\"caption-attachment-2499\" class=\"wp-caption-text\">Enrique Iznaola, director del Festival Internacional de Cine de Almer\u00eda con Federico Utrera durante la presentaci\u00f3n en Madrid<\/figcaption><\/figure>\n<p class=\"p1\">FEDERICO UTRERA. El <strong>Festival Internacional de Cine de Almer\u00eda (FICAL 2023)<\/strong> se present\u00f3 con \u00e9xito de p\u00fablico este lunes 13 de noviembre (2023) en Madrid y durante el acto tuve la oportunidad de difundir una vez m\u00e1s la 12\u00aa edici\u00f3n del <strong>Taller de la Secci\u00f3n de Videoarte<\/strong> que en esta ocasi\u00f3n se dedica a John Lennon y Yoko Ono coincidiendo con el 90\u00ba cumplea\u00f1os de la artista americano-japonesa. La faceta videoart\u00edstica de <strong>John Lennon es<\/strong> muy poco conocida y esta es la primera vez que salen a la luz las 15 piezas de videoarte que el miembro de los Beatles elabor\u00f3 de forma conjunta con su pareja, ejerciendo de director, guionista, productor, performer y m\u00fasico de la banda sonora. Para su catalogaci\u00f3n de forma razonada, he empleado la misma t\u00e9cnica que se utiliza en otras disciplinas art\u00edsticas est\u00e1ticas, como la pintura o la escultura, siendo esta la primera vez que se realiza esta tarea sobre la obra videoart\u00edstica de John Lennon. Los <strong>Festivales de Cine, Museos e Instituciones Culturales que hasta ahora hab\u00edan difundido esta obra audiovisual en Europa, Am\u00e9rica o Asia<\/strong> lo hab\u00edan hecho de forma fragmentada, mezclando la obra de Yoko Ono con la de ambos artistas y sin diferenciar los g\u00e9neros (videoarte o documental). En esta ocasi\u00f3n, s\u00ed lo vamos a hacer, por lo que espero que se puedan aprovechar mejor estas experiencias para sus aplicaciones m\u00e1s contempor\u00e1neas.<!--more--><\/p>\n<figure id=\"attachment_2502\" aria-describedby=\"caption-attachment-2502\" style=\"width: 300px\" class=\"wp-caption aligncenter\"><a href=\"https:\/\/editorialhijosdemuleyrubio.com\/wp-content\/uploads\/2023\/11\/IMG_1716-scaled.jpg\"><img loading=\"lazy\" decoding=\"async\" class=\"wp-image-2502 size-medium\" src=\"https:\/\/editorialhijosdemuleyrubio.com\/wp-content\/uploads\/2023\/11\/IMG_1716-300x225.jpg\" alt=\"\" width=\"300\" height=\"225\" srcset=\"https:\/\/editorialhijosdemuleyrubio.com\/wp-content\/uploads\/2023\/11\/IMG_1716-300x225.jpg 300w, https:\/\/editorialhijosdemuleyrubio.com\/wp-content\/uploads\/2023\/11\/IMG_1716-1024x768.jpg 1024w, https:\/\/editorialhijosdemuleyrubio.com\/wp-content\/uploads\/2023\/11\/IMG_1716-768x576.jpg 768w, https:\/\/editorialhijosdemuleyrubio.com\/wp-content\/uploads\/2023\/11\/IMG_1716-1536x1152.jpg 1536w, https:\/\/editorialhijosdemuleyrubio.com\/wp-content\/uploads\/2023\/11\/IMG_1716-2048x1536.jpg 2048w, https:\/\/editorialhijosdemuleyrubio.com\/wp-content\/uploads\/2023\/11\/IMG_1716-1170x878.jpg 1170w\" sizes=\"auto, (max-width: 300px) 100vw, 300px\" \/><\/a><figcaption id=\"caption-attachment-2502\" class=\"wp-caption-text\">Federico Utrera con la periodista Isabel Jim\u00e9nez (Tele 5), que present\u00f3 el acto en Madrid y a quien le explic\u00f3 el contenido del Taller de Videoarte sobre John Lennon y Yoko Ono<\/figcaption><\/figure>\n<figure id=\"attachment_2500\" aria-describedby=\"caption-attachment-2500\" style=\"width: 300px\" class=\"wp-caption alignleft\"><a href=\"https:\/\/editorialhijosdemuleyrubio.com\/wp-content\/uploads\/2023\/11\/IMG_1714-scaled.jpg\"><img loading=\"lazy\" decoding=\"async\" class=\"wp-image-2500 size-medium\" src=\"https:\/\/editorialhijosdemuleyrubio.com\/wp-content\/uploads\/2023\/11\/IMG_1714-300x225.jpg\" alt=\"\" width=\"300\" height=\"225\" srcset=\"https:\/\/editorialhijosdemuleyrubio.com\/wp-content\/uploads\/2023\/11\/IMG_1714-300x225.jpg 300w, https:\/\/editorialhijosdemuleyrubio.com\/wp-content\/uploads\/2023\/11\/IMG_1714-1024x768.jpg 1024w, https:\/\/editorialhijosdemuleyrubio.com\/wp-content\/uploads\/2023\/11\/IMG_1714-768x576.jpg 768w, https:\/\/editorialhijosdemuleyrubio.com\/wp-content\/uploads\/2023\/11\/IMG_1714-1536x1152.jpg 1536w, https:\/\/editorialhijosdemuleyrubio.com\/wp-content\/uploads\/2023\/11\/IMG_1714-2048x1536.jpg 2048w, https:\/\/editorialhijosdemuleyrubio.com\/wp-content\/uploads\/2023\/11\/IMG_1714-1170x878.jpg 1170w\" sizes=\"auto, (max-width: 300px) 100vw, 300px\" \/><\/a><figcaption id=\"caption-attachment-2500\" class=\"wp-caption-text\">El periodista Mois\u00e9s Rodr\u00edguez (RTVE) se mostr\u00f3 muy interesado por el taller de videoarte en Almer\u00eda<\/figcaption><\/figure>\n<p class=\"p1\">El acto celebrado en Madrid cont\u00f3 con numerosos asistentes y periodistas que participaron en el mismo. Debo agradecer especialmente su inter\u00e9s a <strong>Isabel Jim\u00e9nez<\/strong> (Tele 5), <strong>Mois\u00e9s Rodr\u00edguez<\/strong> (TVE), al popular actor <strong>Nacho Guerreros<\/strong>, etc.. y en general a todos los que pude saludar en este evento que se celebr\u00f3 en la sede de la exitosa empresa Consentino ubicada en el Paseo de la Castellana. Tambi\u00e9n quiero agradecer desde aqu\u00ed sus cari\u00f1osas palabras a otros artistas como <strong>Fernando Arrabal,<\/strong> que conoci\u00f3 a <strong>John Lennon y a Yoko Ono en el Festival de Cannes<\/strong> del a\u00f1o 1971, al traductor y escritor <strong>Pollux Hern\u00e1ndez (Bruselas)<\/strong>, al <strong>editor Ra\u00fal Herrero (Zaragoza)<\/strong> y a periodistas como <strong>Miguel Sanchiz<\/strong> (RTVE), <strong>Antonio Torres<\/strong> (La Voz de Almer\u00eda) y <strong>Joaqu\u00edn Segura (<\/strong>Canal 7 Andaluc\u00eda) su inter\u00e9s por la difusi\u00f3n informativa de este curso de Videoarte, que comienza el pr\u00f3ximo lunes 20 de noviembre en la sede de Unicaja del Paseo de Almer\u00eda.<\/p>\n<figure id=\"attachment_2505\" aria-describedby=\"caption-attachment-2505\" style=\"width: 300px\" class=\"wp-caption aligncenter\"><a href=\"https:\/\/editorialhijosdemuleyrubio.com\/wp-content\/uploads\/2023\/11\/IMG_1720-scaled.jpg\"><img loading=\"lazy\" decoding=\"async\" class=\"wp-image-2505 size-medium\" src=\"https:\/\/editorialhijosdemuleyrubio.com\/wp-content\/uploads\/2023\/11\/IMG_1720-300x225.jpg\" alt=\"\" width=\"300\" height=\"225\" srcset=\"https:\/\/editorialhijosdemuleyrubio.com\/wp-content\/uploads\/2023\/11\/IMG_1720-300x225.jpg 300w, https:\/\/editorialhijosdemuleyrubio.com\/wp-content\/uploads\/2023\/11\/IMG_1720-1024x768.jpg 1024w, https:\/\/editorialhijosdemuleyrubio.com\/wp-content\/uploads\/2023\/11\/IMG_1720-768x576.jpg 768w, https:\/\/editorialhijosdemuleyrubio.com\/wp-content\/uploads\/2023\/11\/IMG_1720-1536x1152.jpg 1536w, https:\/\/editorialhijosdemuleyrubio.com\/wp-content\/uploads\/2023\/11\/IMG_1720-2048x1536.jpg 2048w, https:\/\/editorialhijosdemuleyrubio.com\/wp-content\/uploads\/2023\/11\/IMG_1720-1170x878.jpg 1170w\" sizes=\"auto, (max-width: 300px) 100vw, 300px\" \/><\/a><figcaption id=\"caption-attachment-2505\" class=\"wp-caption-text\">Numeroso p\u00fablico asisti\u00f3 al evento cinematogr\u00e1fico<\/figcaption><\/figure>\n<figure id=\"attachment_2506\" aria-describedby=\"caption-attachment-2506\" style=\"width: 300px\" class=\"wp-caption alignleft\"><a href=\"https:\/\/editorialhijosdemuleyrubio.com\/wp-content\/uploads\/2023\/11\/IMG_1712-scaled.jpg\"><img loading=\"lazy\" decoding=\"async\" class=\"wp-image-2506 size-medium\" src=\"https:\/\/editorialhijosdemuleyrubio.com\/wp-content\/uploads\/2023\/11\/IMG_1712-300x225.jpg\" alt=\"\" width=\"300\" height=\"225\" srcset=\"https:\/\/editorialhijosdemuleyrubio.com\/wp-content\/uploads\/2023\/11\/IMG_1712-300x225.jpg 300w, https:\/\/editorialhijosdemuleyrubio.com\/wp-content\/uploads\/2023\/11\/IMG_1712-1024x768.jpg 1024w, https:\/\/editorialhijosdemuleyrubio.com\/wp-content\/uploads\/2023\/11\/IMG_1712-768x576.jpg 768w, https:\/\/editorialhijosdemuleyrubio.com\/wp-content\/uploads\/2023\/11\/IMG_1712-1536x1152.jpg 1536w, https:\/\/editorialhijosdemuleyrubio.com\/wp-content\/uploads\/2023\/11\/IMG_1712-2048x1536.jpg 2048w, https:\/\/editorialhijosdemuleyrubio.com\/wp-content\/uploads\/2023\/11\/IMG_1712-1170x878.jpg 1170w\" sizes=\"auto, (max-width: 300px) 100vw, 300px\" \/><\/a><figcaption id=\"caption-attachment-2506\" class=\"wp-caption-text\">El popular actor Nacho Guerreros con Federico Utrera<\/figcaption><\/figure>\n<p class=\"p1\">A ellos les expliqu\u00e9 que es la primera vez que se re\u00fanen en el mundo las <strong>15 piezas de videoarte<\/strong> que ambos artistas realizaron conjuntamente entre 1966 y 1971, seleccionadas entre el medio centenar de grabaciones audiovisuales que ambos protagonizaron en los 14 a\u00f1os que estuvieron juntos hasta la fecha del asesinato del cantante de los Beatles en el edificio Dakota de Nueva York.<span class=\"Apple-converted-space\">\u00a0 <\/span>Si Yoko Ono<span class=\"Apple-converted-space\">\u00a0 <\/span>ha cumplido 90 a\u00f1os, John Lennon tendr\u00eda 83 a\u00f1os desde este 9 de octubre.<span class=\"Apple-converted-space\">\u00a0<\/span>Por esta 12\u00aa edici\u00f3n de la secci\u00f3n de Videoarte de FICAL han pasado ya por Almer\u00eda los talleres sobre la vida y obra de <strong>Bill Viola<\/strong> (EE.UU), <strong>Nam June Paik<\/strong> (Corea, EEUU), <strong>Wolf Vostell<\/strong> (Alemania), <strong>Yoko Ono<\/strong> (Jap\u00f3n, EEUU), <strong>Fernando Arrabal<\/strong> (Espa\u00f1a, Francia), <strong>Julian Rosefeldt<\/strong> (Alemania), <strong>Michel Houellebecq<\/strong> (Francia), <strong>Josep Beuys<\/strong> (Alemania), <strong>Charlotte Moorman<\/strong> (EE.UU) y <strong>Pedro Garhel<\/strong> (Canarias (Espa\u00f1a). Solo me queda recordar que al final del curso la Secretar\u00eda del mismo que desempe\u00f1a un a\u00f1o m\u00e1s la eficiente <strong>Beatriz Oliver<\/strong>, otorga un diploma de acreditaci\u00f3n por la asistencia. <strong>La inscripci\u00f3n puede formalizarse <a href=\"https:\/\/www.dipalme.org\/Servicios\/cmsdipro\/index.nsf\/fiestas.xsp?p=cultura&amp;documentId=3252223648EAA972C1258A59003A4CD8\">pinchando aqu\u00ed.<\/a><\/strong><\/p>\n<figure id=\"attachment_2503\" aria-describedby=\"caption-attachment-2503\" style=\"width: 300px\" class=\"wp-caption aligncenter\"><a href=\"https:\/\/editorialhijosdemuleyrubio.com\/wp-content\/uploads\/2023\/11\/IMG_1718-scaled.jpg\"><img loading=\"lazy\" decoding=\"async\" class=\"wp-image-2503 size-medium\" src=\"https:\/\/editorialhijosdemuleyrubio.com\/wp-content\/uploads\/2023\/11\/IMG_1718-300x225.jpg\" alt=\"\" width=\"300\" height=\"225\" srcset=\"https:\/\/editorialhijosdemuleyrubio.com\/wp-content\/uploads\/2023\/11\/IMG_1718-300x225.jpg 300w, https:\/\/editorialhijosdemuleyrubio.com\/wp-content\/uploads\/2023\/11\/IMG_1718-1024x768.jpg 1024w, https:\/\/editorialhijosdemuleyrubio.com\/wp-content\/uploads\/2023\/11\/IMG_1718-768x576.jpg 768w, https:\/\/editorialhijosdemuleyrubio.com\/wp-content\/uploads\/2023\/11\/IMG_1718-1536x1152.jpg 1536w, https:\/\/editorialhijosdemuleyrubio.com\/wp-content\/uploads\/2023\/11\/IMG_1718-2048x1536.jpg 2048w, https:\/\/editorialhijosdemuleyrubio.com\/wp-content\/uploads\/2023\/11\/IMG_1718-1170x878.jpg 1170w\" sizes=\"auto, (max-width: 300px) 100vw, 300px\" \/><\/a><figcaption id=\"caption-attachment-2503\" class=\"wp-caption-text\">El p\u00fablico asistente disfrut\u00f3 con la velada de promoci\u00f3n del cine en Almer\u00eda<\/figcaption><\/figure>\n","protected":false},"excerpt":{"rendered":"<p>FEDERICO UTRERA. El Festival Internacional de Cine de Almer\u00eda (FICAL 2023) se present\u00f3 con \u00e9xito de p\u00fablico este lunes 13 de noviembre (2023) en Madrid y durante el acto tuve la oportunidad de difundir una vez m\u00e1s la 12\u00aa edici\u00f3n del Taller de la Secci\u00f3n de Videoarte que en esta ocasi\u00f3n se dedica a John Lennon y Yoko Ono coincidiendo con el 90\u00ba cumplea\u00f1os de la artista americano-japonesa. La faceta videoart\u00edstica de John Lennon es muy poco conocida y esta es la primera vez que salen a la luz las 15 piezas de videoarte que el miembro de los Beatles elabor\u00f3 de forma conjunta con su pareja, ejerciendo de director,<\/p>\n","protected":false},"author":1,"featured_media":0,"comment_status":"open","ping_status":"open","sticky":false,"template":"","format":"standard","meta":{"footnotes":""},"categories":[32],"tags":[142,506,504,507,505],"class_list":["post-2498","post","type-post","status-publish","format-standard","hentry","category-videoarte","tag-federico-utrera","tag-festival-de-cine-de-almeria","tag-john-lennon","tag-taller-de-videoarte","tag-yoko-ono"],"views":1588,"_links":{"self":[{"href":"https:\/\/editorialhijosdemuleyrubio.com\/index.php?rest_route=\/wp\/v2\/posts\/2498","targetHints":{"allow":["GET"]}}],"collection":[{"href":"https:\/\/editorialhijosdemuleyrubio.com\/index.php?rest_route=\/wp\/v2\/posts"}],"about":[{"href":"https:\/\/editorialhijosdemuleyrubio.com\/index.php?rest_route=\/wp\/v2\/types\/post"}],"author":[{"embeddable":true,"href":"https:\/\/editorialhijosdemuleyrubio.com\/index.php?rest_route=\/wp\/v2\/users\/1"}],"replies":[{"embeddable":true,"href":"https:\/\/editorialhijosdemuleyrubio.com\/index.php?rest_route=%2Fwp%2Fv2%2Fcomments&post=2498"}],"version-history":[{"count":3,"href":"https:\/\/editorialhijosdemuleyrubio.com\/index.php?rest_route=\/wp\/v2\/posts\/2498\/revisions"}],"predecessor-version":[{"id":2509,"href":"https:\/\/editorialhijosdemuleyrubio.com\/index.php?rest_route=\/wp\/v2\/posts\/2498\/revisions\/2509"}],"wp:attachment":[{"href":"https:\/\/editorialhijosdemuleyrubio.com\/index.php?rest_route=%2Fwp%2Fv2%2Fmedia&parent=2498"}],"wp:term":[{"taxonomy":"category","embeddable":true,"href":"https:\/\/editorialhijosdemuleyrubio.com\/index.php?rest_route=%2Fwp%2Fv2%2Fcategories&post=2498"},{"taxonomy":"post_tag","embeddable":true,"href":"https:\/\/editorialhijosdemuleyrubio.com\/index.php?rest_route=%2Fwp%2Fv2%2Ftags&post=2498"}],"curies":[{"name":"wp","href":"https:\/\/api.w.org\/{rel}","templated":true}]}}