{"id":2527,"date":"2024-05-21T16:46:34","date_gmt":"2024-05-21T14:46:34","guid":{"rendered":"https:\/\/editorialhijosdemuleyrubio.com\/?p=2527"},"modified":"2024-05-21T16:46:34","modified_gmt":"2024-05-21T14:46:34","slug":"canal-sur-tv-vuelve-a-emitir-carmen-de-burgos-la-voz-silenciada-con-federico-utrera-majadahonda-una-leyenda-del-feminismo","status":"publish","type":"post","link":"https:\/\/editorialhijosdemuleyrubio.com\/?p=2527","title":{"rendered":"Canal Sur TV vuelve a emitir \u00abCarmen de Burgos, la voz silenciada\u00bb con Federico Utrera (Majadahonda): \u00abuna leyenda del feminismo\u00bb"},"content":{"rendered":"<figure id=\"attachment_281087\" aria-describedby=\"caption-attachment-281087\" style=\"width: 300px\" class=\"wp-caption alignleft\"><a href=\"https:\/\/majadahondamagazin.es\/wp-content\/uploads\/2024\/03\/IMG_8663.jpg\"><img loading=\"lazy\" decoding=\"async\" class=\"wp-image-281087 size-medium\" src=\"https:\/\/majadahondamagazin.es\/wp-content\/uploads\/2024\/03\/IMG_8663-300x225.jpg\" alt=\"\" width=\"300\" height=\"225\" \/><\/a><figcaption id=\"caption-attachment-281087\" class=\"wp-caption-text\">El director Pedro Callejas durante la grabaci\u00f3n de la pel\u00edcula sobre Carmen de Burgos \u00abColombine\u00bb en la casa de Federico Utrera en Majadahonda<\/figcaption><\/figure>\n<p>MARIANA BENITO. El Departamento de Comunicaci\u00f3n de RTVA\u00a0(Canal Sur Andaluc\u00eda) ha emitido una nota de prensa en la que informa de la emisi\u00f3n por cuarta vez del documental \u00ab<strong>Carmen de Burgos, la voz silenciada<\/strong>\u00ab, que fue redifundido este jueves 14 de marzo (2024) a partir de las 01:25 horas, en Andaluc\u00eda Televisi\u00f3n. En el mismo, participa el escritor, profesor y periodista Federico Utrera (Majadahonda), autor del libro \u00ab<strong>Memorias de Colombine. La primera periodista\u00bb,<\/strong> cuya segunda edici\u00f3n incluye los discursos de <strong>Ana Botella (PP), Carmen Alborch (PSOE) y Rosa Aguilar (IU)<\/strong> durante la primera presentaci\u00f3n de este volumen en la Casa de Am\u00e9rica. Ahora <strong>Canal Sur<\/strong> emite de nuevo esta pel\u00edcula, que sigue siendo un \u00e9xito de audiencia (acumula ya m\u00e1s de 2 millones de espectadores), y que presenta como \u00ab<strong>Carmen de Burgos<\/strong>, la voz silenciada\u00bb, una leyenda del feminismo en <strong>Andaluc\u00eda Televisi\u00f3n<\/strong>. El trabajo rinde homenaje a la figura de esta almeriense, primera mujer redactora de un peri\u00f3dico en Espa\u00f1a y primera corresponsal de guerra, defensora de los derechos de la mujeres y los ni\u00f1os\u00bb.<!--more--><\/p>\n<figure id=\"attachment_281082\" aria-describedby=\"caption-attachment-281082\" style=\"width: 300px\" class=\"wp-caption alignleft\"><a href=\"https:\/\/majadahondamagazin.es\/wp-content\/uploads\/2024\/03\/IMG_8695.jpg\"><img loading=\"lazy\" decoding=\"async\" class=\"wp-image-281082 size-medium\" src=\"https:\/\/majadahondamagazin.es\/wp-content\/uploads\/2024\/03\/IMG_8695-300x225.jpg?_t=1710668242\" alt=\"\" width=\"300\" height=\"225\" \/><\/a><figcaption id=\"caption-attachment-281082\" class=\"wp-caption-text\">Fanny Rubio durante la grabaci\u00f3n de la pel\u00edcula<\/figcaption><\/figure>\n<p>\u00ab<strong>Carmen de Burgos<\/strong>, la voz silenciada\u00bb\u00a0es el documental que, la noche de este\u00a0jueves 14 de marzo (01:25 horas), Andaluc\u00eda Televisi\u00f3n\u00a0emitir\u00e1 para todos los andaluces. La historia de esta almeriense,\u00a0periodista, escritora, traductora y licenciada en Magisterio, est\u00e1 muy vinculada al feminismo y a la defensa de los derechos de los ni\u00f1os.\u00a0Bajo el seud\u00f3nimo de \u00ab<strong>Colombine<\/strong>\u00ab, fue la primera mujer en convertirse en redactora de un peri\u00f3dico en Espa\u00f1a y en ser corresponsal de guerra. Tras su muerte, en 1932, fue silenciada por la dictadura franquista. A los 33 a\u00f1os, se fue con su hija a Madrid para comenzar una nueva vida ejerciendo su vocaci\u00f3n literaria. Defensora de los derechos de las mujeres y los ni\u00f1os, en especial en lo relativo al divorcio y al voto femenino, luch\u00f3 tambi\u00e9n por la libertad en la Espa\u00f1a atrasada y pobre de los a\u00f1os XX, manifestando su oposici\u00f3n a la pena de muerte. Escribi\u00f3 cuentos, biograf\u00edas, libros de viajes y de divulgaci\u00f3n feminista, como \u00ab<strong>El divorcio en Espa\u00f1a<\/strong>\u00bb (1904) o \u00abLa mujer moderna y sus derechos\u00bb (1927). Mantuvo una relaci\u00f3n de 20 a\u00f1os con el escritor <strong>Ram\u00f3n G\u00f3mez de la Serna<\/strong>\u00ab, indica la <a href=\"https:\/\/www.canalsur.es\/rtva\/carmen-de-burgos-la-voz-silenciada-una-leyenda-del-feminismo-en-andalucia-television\/2022641.html\"><strong>nota de prensa<\/strong><\/a>.<\/p>\n<figure id=\"attachment_281081\" aria-describedby=\"caption-attachment-281081\" style=\"width: 300px\" class=\"wp-caption alignleft\"><a href=\"https:\/\/majadahondamagazin.es\/wp-content\/uploads\/2024\/03\/b7699f47f652d7408a058df13bf7aabb-sepultura-javier.png\"><img loading=\"lazy\" decoding=\"async\" class=\"wp-image-281081 size-medium\" src=\"https:\/\/majadahondamagazin.es\/wp-content\/uploads\/2024\/03\/b7699f47f652d7408a058df13bf7aabb-sepultura-javier-300x258.png?_t=1710668289\" alt=\"\" width=\"300\" height=\"258\" \/><\/a><figcaption id=\"caption-attachment-281081\" class=\"wp-caption-text\">La tumba de Colombine, que sigue sufragando la familia Muley de Almer\u00eda, en el Cementerio Civil de Madrid. Abajo el escritor Miguel Naveros, el periodista Mart\u00ednez Soler y la escritora Maria Jesus Orbegozo durante la conmemoraci\u00f3n de un aniversario en el mismo lugar<\/figcaption><\/figure>\n<p>Y concluye: \u00abEl audiovisual,\u00a0participado por Canal Sur\u00a0y dirigido por\u00a0Pedro Callejas Medina en 2017,\u00a0cuenta con las intervenciones de\u00a0<strong>Rosa M\u00aa Calaf, Covadonga Porr\u00faa, Pilar Barber\u00e1, Juan Jos\u00e9 T\u00e9llez, Federico Utrera, Antonio Sevillano, Laura Freixas, Luis Garc\u00eda Montero, Benjam\u00edn Prado, Jos\u00e9 Antonio Mart\u00ednez Soler, C\u00e9sar Antonio Molina y Nieves Concostrina<\/strong>\u00ab. Precisamente Nieves Concostrina escribi\u00f3 en 2017: \u201cLo primero que hace <strong>Carmen de Burgos<\/strong> cuando se traslada a Madrid, que es ya mayorcita con 34 a\u00f1os, para reiniciar su carrera period\u00edstica en serio contratada en un peri\u00f3dico, es ir a visitar a un muerto muy especial a un cementerio concreto. Nada m\u00e1s llegar. No lo conoc\u00eda pero fue a conocerlo: el primer periodista moderno, <strong>Mariano Jos\u00e9 de Larra<\/strong>. Me enter\u00e9 porque lo cuenta <strong>Federico Utrera<\/strong> en su libro biogr\u00e1fico de Carmen de Burgos que se titula \u201c<strong>Memorias de Colombine<\/strong>\u201d. Las palabras de la periodista <strong>Nieves Concostrina<\/strong> en el programa \u201cNo es un d\u00eda cualquiera\u201d de <strong>Pepa Fern\u00e1ndez<\/strong> en Radio Nacional de Espa\u00f1a (RNE) tuvieron amplio eco en las redes sociales porque en su secci\u00f3n \u00abEl Acabose\u00bb habl\u00f3 sobre la periodista Carmen de Burgos, conocida con el pseud\u00f3nimo de \u201c<strong>Colombine<\/strong>\u201d. Ese domingo 10 de diciembre de 2017 se cumpl\u00edan <a href=\"https:\/\/majadahondamagazin.es\/rne-y-canal-sur-celebran-el-150o-aniversario-de-carmen-de-burgos-con-el-libro-memorias-de-colombine-de-federico-utrera-92985\"><strong>150 a\u00f1os de su nacimiento<\/strong><\/a>.<\/p>\n<figure id=\"attachment_281083\" aria-describedby=\"caption-attachment-281083\" style=\"width: 300px\" class=\"wp-caption alignleft\"><a href=\"https:\/\/majadahondamagazin.es\/wp-content\/uploads\/2024\/03\/IMG_8699.jpg\"><img loading=\"lazy\" decoding=\"async\" class=\"wp-image-281083 size-medium\" src=\"https:\/\/majadahondamagazin.es\/wp-content\/uploads\/2024\/03\/IMG_8699-300x225.jpg?_t=1710668397\" alt=\"\" width=\"300\" height=\"225\" \/><\/a><figcaption id=\"caption-attachment-281083\" class=\"wp-caption-text\">C\u00e9sar Antonio Molina durante el rodaje de la pel\u00edcula<\/figcaption><\/figure>\n<p>Canal Sur TV estren\u00f3 el documental \u00abCarmen de Burgos. La voz silenciada\u00bb, que puede verse y descargarse \u00edntegramente en internet, en el mes de <a href=\"https:\/\/majadahondamagazin.es\/canal-sur-estrena-la-pelicula-carmen-de-burgos-la-voz-silenciada-con-la-intervencion-de-federico-utrera-131926\"><strong>marzo de 2019<\/strong><\/a> y en ese aniversario se multiplicaron en toda Espa\u00f1a los homenajes en recuerdo a <strong>Carmen de Burgos, desde Madrid a Le\u00f3n, M\u00e1laga, Almer\u00eda, Granada, Segovia<\/strong> etc. <strong>Mediaset Espa\u00f1a<\/strong> le dedic\u00f3 tambi\u00e9n uno de sus homenajes mensuales y los art\u00edculos sobre su vida y obra siguen floreciendo por todo el universo de internet. Tres a\u00f1os despu\u00e9s (2022), Canal Sur recuper\u00f3 el documental sobre \u201cColombine\u201d con otra redifusi\u00f3n. En este caso, tuvo lugar el <a href=\"https:\/\/majadahondamagazin.es\/canal-sur-recupera-el-documental-sobre-la-periodista-carmen-de-burgos-colombine-con-federico-utrera-como-su-biografo-223752\"><strong>14 septiembre 2022<\/strong><\/a> y recordaba como este canal p\u00fablico \u00abse puede sintonizar en toda Andaluc\u00eda adem\u00e1s de en Gibraltar, las ciudades aut\u00f3nomas de Ceuta y Melilla y en parte de Castilla-La Mancha, como ejemplo en Ciudad Real, adem\u00e1s de las plataformas digitales. Desde el 28 de febrero de 2015, ofrece una programaci\u00f3n cultural, deportiva, educativa, infantil y de informaci\u00f3n complementaria a la del generalista <strong>Canal Sur Televisi\u00f3n<\/strong>.<\/p>\n<figure id=\"attachment_281084\" aria-describedby=\"caption-attachment-281084\" style=\"width: 300px\" class=\"wp-caption alignleft\"><a href=\"https:\/\/majadahondamagazin.es\/wp-content\/uploads\/2024\/03\/IMG_8667.jpg\"><img loading=\"lazy\" decoding=\"async\" class=\"wp-image-281084 size-medium\" src=\"https:\/\/majadahondamagazin.es\/wp-content\/uploads\/2024\/03\/IMG_8667-300x225.jpg\" alt=\"\" width=\"300\" height=\"225\" \/><\/a><figcaption id=\"caption-attachment-281084\" class=\"wp-caption-text\">El escritor, profesor y periodista Federico Utrera, autor del libro \u00abMemorias de Colombine. La primera periodista\u00bb, durante la grabaci\u00f3n de la pel\u00edcula de Pedro Callejas sobre Carmen de Burgos en su casa de Majadahonda (Madrid)<\/figcaption><\/figure>\n<p>El 30 de marzo de 2020, debido a un problema de origen t\u00e9cnico, emiti\u00f3 sus contenidos en simult\u00e1neo con <strong>Canal Sur Televisi\u00f3n<\/strong> durante poco tiempo y volvi\u00f3 a emitir su programaci\u00f3n propia y diferente al de Canal Sur Televisi\u00f3n\u00bb.\u200b Fue el a\u00f1o pasado cuando Andaluc\u00eda Televisi\u00f3n, la segunda cadena cultural de Canal Sur, emiti\u00f3 el martes 7 de febrero (2023) el documental dirigido por <strong>Pedro Callejas<\/strong>, <a href=\"https:\/\/majadahondamagazin.es\/andalucia-television-canal-sur-emite-carmen-de-burgos-la-voz-silenciada-con-federico-utrera-18-millones-de-espectadores-238969\"><strong>alcanzando 1.8 millones de espectadores<\/strong><\/a>. El escritor <strong>Federico Utrera<\/strong> ha rodado ya 3 pel\u00edculas y documentales sobre Carmen de Burgos y este es su 5\u00ba film sobre la tem\u00e1tica de su 10 libros publicados, que abarcan tem\u00e1ticas y biograf\u00edas sobre <strong>Vicente Blasco Ib\u00e1\u00f1ez<\/strong>, los poetas <strong>Panero<\/strong>, el videoartista <strong>Bill Viola<\/strong> o incluso sus <strong>Memorias Parlamentarias<\/strong>, que recopilan sus dos d\u00e9cadas de trayectoria como cronista en la C\u00e1mara Baja y que edit\u00f3 \u00abLa Esfera de los Libros\u00bb (El Mundo) bajo el titulo de \u00ab<strong>Los Leones del Congreso<\/strong>\u00ab, seg\u00fan recopila <a href=\"https:\/\/federicoutrera.wordpress.com\/experiencia-profesional\/\"><strong>su p\u00e1gina web<\/strong><\/a>.<\/p>\n<p>&nbsp;<\/p>\n<p>&nbsp;<\/p>\n","protected":false},"excerpt":{"rendered":"<p>MARIANA BENITO. El Departamento de Comunicaci\u00f3n de RTVA\u00a0(Canal Sur Andaluc\u00eda) ha emitido una nota de prensa en la que informa de la emisi\u00f3n por cuarta vez del documental \u00abCarmen de Burgos, la voz silenciada\u00ab, que fue redifundido este jueves 14 de marzo (2024) a partir de las 01:25 horas, en Andaluc\u00eda Televisi\u00f3n. En el mismo, participa el escritor, profesor y periodista Federico Utrera (Majadahonda), autor del libro \u00abMemorias de Colombine. La primera periodista\u00bb, cuya segunda edici\u00f3n incluye los discursos de Ana Botella (PP), Carmen Alborch (PSOE) y Rosa Aguilar (IU) durante la primera presentaci\u00f3n de este volumen en la Casa de Am\u00e9rica. Ahora Canal Sur emite de nuevo esta pel\u00edcula,<\/p>\n","protected":false},"author":1,"featured_media":0,"comment_status":"open","ping_status":"open","sticky":false,"template":"","format":"standard","meta":{"footnotes":""},"categories":[26],"tags":[82,83,142],"class_list":["post-2527","post","type-post","status-publish","format-standard","hentry","category-material-memoria","tag-carmen-de-burgos","tag-colombine","tag-federico-utrera"],"views":1201,"_links":{"self":[{"href":"https:\/\/editorialhijosdemuleyrubio.com\/index.php?rest_route=\/wp\/v2\/posts\/2527","targetHints":{"allow":["GET"]}}],"collection":[{"href":"https:\/\/editorialhijosdemuleyrubio.com\/index.php?rest_route=\/wp\/v2\/posts"}],"about":[{"href":"https:\/\/editorialhijosdemuleyrubio.com\/index.php?rest_route=\/wp\/v2\/types\/post"}],"author":[{"embeddable":true,"href":"https:\/\/editorialhijosdemuleyrubio.com\/index.php?rest_route=\/wp\/v2\/users\/1"}],"replies":[{"embeddable":true,"href":"https:\/\/editorialhijosdemuleyrubio.com\/index.php?rest_route=%2Fwp%2Fv2%2Fcomments&post=2527"}],"version-history":[{"count":1,"href":"https:\/\/editorialhijosdemuleyrubio.com\/index.php?rest_route=\/wp\/v2\/posts\/2527\/revisions"}],"predecessor-version":[{"id":2528,"href":"https:\/\/editorialhijosdemuleyrubio.com\/index.php?rest_route=\/wp\/v2\/posts\/2527\/revisions\/2528"}],"wp:attachment":[{"href":"https:\/\/editorialhijosdemuleyrubio.com\/index.php?rest_route=%2Fwp%2Fv2%2Fmedia&parent=2527"}],"wp:term":[{"taxonomy":"category","embeddable":true,"href":"https:\/\/editorialhijosdemuleyrubio.com\/index.php?rest_route=%2Fwp%2Fv2%2Fcategories&post=2527"},{"taxonomy":"post_tag","embeddable":true,"href":"https:\/\/editorialhijosdemuleyrubio.com\/index.php?rest_route=%2Fwp%2Fv2%2Ftags&post=2527"}],"curies":[{"name":"wp","href":"https:\/\/api.w.org\/{rel}","templated":true}]}}