{"id":2532,"date":"2024-06-19T07:46:32","date_gmt":"2024-06-19T05:46:32","guid":{"rendered":"https:\/\/editorialhijosdemuleyrubio.com\/?p=2532"},"modified":"2024-06-19T07:46:59","modified_gmt":"2024-06-19T05:46:59","slug":"luis-carlos-ramirez-rne-30-aniversario-de-la-asociacion-de-periodistas-parlamentarios-app-y-reconocimiento-a-sus-fundadores","status":"publish","type":"post","link":"https:\/\/editorialhijosdemuleyrubio.com\/?p=2532","title":{"rendered":"Luis Carlos Ramirez (RNE): \u00ab30 Aniversario de la Asociacion de Periodistas Parlamentarios (APP) y reconocimiento a sus fundadores\u00bb"},"content":{"rendered":"<figure id=\"attachment_293139\" aria-describedby=\"caption-attachment-293139\" style=\"width: 300px\" class=\"wp-caption alignleft\"><a href=\"https:\/\/majadahondamagazin.es\/wp-content\/uploads\/2024\/06\/IMG_5794-1.jpeg\"><img loading=\"lazy\" decoding=\"async\" class=\"wp-image-293139 size-medium\" src=\"https:\/\/majadahondamagazin.es\/wp-content\/uploads\/2024\/06\/IMG_5794-1-300x225.jpeg\" alt=\"\" width=\"300\" height=\"225\" \/><\/a><figcaption id=\"caption-attachment-293139\" class=\"wp-caption-text\">Federico Utrera, que represent\u00f3 a la primera Junta Directiva, con uno de sus maestros, el periodista Miguel Angel Aguilar, en la <a href=\"https:\/\/fotos.europapress.es\/temasactualidad\/f6025077\"><strong>exposici\u00f3n y homenaje a la Asociaci\u00f3n de Periodistas Parlamentarios (APP) y a sus fundadores<\/strong><\/a> en su 30\u00ba Aniversario, celebrado en el Congreso de los Diputados<\/figcaption><\/figure>\n<p>LUIS CARLOS RAMIREZ. (11 de junio de 2024). <em>*Secretario General de la Asociacion de Periodistas Parlamentarios (APP)<\/em>. \u00abCi\u00f1\u00e9ndonos a nuestro libro -el 30 aniversario de la APP- es obligado testimoniar con agradecimiento, al grupo de compa\u00f1eros que decidimos fundar la Asociaci\u00f3n \u2013<strong>Luis Santos, Luc\u00eda M\u00e9ndez, Jos\u00e9 Carlos Duque, Fernando J\u00e1uregui, Federico Utrera, Susana Moneo, Marta G\u00f3mez Montero, Luis Falg\u00e1s, Nieves Goicoechea y Anabel D\u00edez<\/strong>-. El prop\u00f3sito no era otro que mejorar una interlocuci\u00f3n con las Cortes, m\u00e1s que fluida y abierta en todo momento, y el compromiso de ejercer el periodismo veraz, de aquellos profesionales acreditados en las c\u00e1maras, cuyo n\u00famero tambi\u00e9n crec\u00eda de manera exponencial. Baste decir que en los a\u00f1os 80 apenas exist\u00eda sala de prensa como tal, cuyo servicio prestaba la actual <strong>Sala Sagasta<\/strong>, y que los habituales periodistas acreditados no pasaban del medio centenar. Hoy superamos los 300, que llegan a 500 en los grandes debates, seg\u00fan datos oficiales. Nuestro reconocimiento a todos ellos, y en especial, a quienes ejercen el oficio de manera precaria y en dif\u00edciles circunstancias.<!--more--><\/p>\n<figure id=\"attachment_293134\" aria-describedby=\"caption-attachment-293134\" style=\"width: 300px\" class=\"wp-caption alignleft\"><a href=\"https:\/\/majadahondamagazin.es\/wp-content\/uploads\/2024\/06\/IMG_5777.jpeg\"><img loading=\"lazy\" decoding=\"async\" class=\"wp-image-293134 size-medium\" src=\"https:\/\/majadahondamagazin.es\/wp-content\/uploads\/2024\/06\/IMG_5777-300x225.jpeg\" alt=\"\" width=\"300\" height=\"225\" \/><\/a><figcaption id=\"caption-attachment-293134\" class=\"wp-caption-text\">Periodistas Parlamentarios: Luis Carlos Ram\u00edrez (RNE) durante su discurso, que reproducimos \u00edntegramente en MJD Magazin<\/figcaption><\/figure>\n<p>Presidenta del Congreso, vicepresidente del Senado, ex presidentes de las Cortes, ilustres se\u00f1or\u00edas de todas las legislaturas, queridos colegas, patrocinadores y amigos que nos acompa\u00f1\u00e1is. Los 30 a\u00f1os de nuestra asociaci\u00f3n apenas forman parte de los 2 siglos de periodismo pol\u00edtico y parlamentario que naci\u00f3 en el <strong>C\u00e1diz de las Cortes<\/strong>. Las mismas que aprobaron la primera <strong>Constituci\u00f3n<\/strong> de la democracia en m\u00e1s que precarias circunstancias. Los diputados docea\u00f1istas no solo tuvieron que debatir pendientes del invasor, sino hacer frente, adem\u00e1s, a la terrible fiebre amarilla que seg\u00f3 la vida a algunos de ellos. Aquellos servidores p\u00fablicos redactaron la primera <strong>Carta Magna<\/strong> que enterr\u00f3 la <strong>Inquisici\u00f3n<\/strong> y aprob\u00f3 tambi\u00e9n la <strong>ley de imprenta<\/strong>, la que permiti\u00f3 publicar los pensamientos e ideas pol\u00edticas con libertad. As\u00ed lo recoge la norma, como \u00fanico camino \u2013cito literalmente- \u00abpara llevar al conocimiento de la verdadera <strong>opini\u00f3n p\u00fablica<\/strong> y como freno a la <strong>arbitrariedad de los que gobiernan\u00bb<\/strong>.<\/p>\n<figure id=\"attachment_293140\" aria-describedby=\"caption-attachment-293140\" style=\"width: 300px\" class=\"wp-caption alignleft\"><a href=\"https:\/\/majadahondamagazin.es\/wp-content\/uploads\/2024\/06\/app-30-aniversario-federico-utrera.jpg\"><img loading=\"lazy\" decoding=\"async\" class=\"wp-image-293140 size-medium\" src=\"https:\/\/majadahondamagazin.es\/wp-content\/uploads\/2024\/06\/app-30-aniversario-federico-utrera-300x225.jpg\" alt=\"\" width=\"300\" height=\"225\" \/><\/a><figcaption id=\"caption-attachment-293140\" class=\"wp-caption-text\">\u00abQue 30 a\u00f1os son nada\u00bb: reescribiendo el c\u00e9lebre tango, Federico Utrera y el diputado Rafael Hernando (PP). En el homenaje se reprodujo en TV el premio entregado y recibido, que ambos inmortalizaron 30 a\u00f1os despu\u00e9s en esta otra fotograf\u00eda<\/figcaption><\/figure>\n<p>La salvedad de tal regulaci\u00f3n, hace 200 a\u00f1os, no era otra que el sometimiento a la ley y a los tribunales para castigar \u201clos libelos infamatorios, los escritos calumniosos, los subversivos de las leyes fundamentales de la monarqu\u00eda, y los licenciosos contrarios a la decencia publica, y a las buenas costumbres\u201d. Desde que las <strong>Cortes<\/strong> gaditanas crearon la primera tribuna de prensa, en 1811, en la <strong>iglesia de san Felipe Neri,<\/strong> se oficializa el trabajo como <strong>cronista parlamentario<\/strong>, multiplicado exponencialmente desde entonces\u2026 Su ubicaci\u00f3n se situ\u00f3 en una galer\u00eda junto a los <strong>taqu\u00edgrafos<\/strong> y el <strong>p\u00fablico<\/strong> general. Ello posibilit\u00f3 la aparici\u00f3n de hasta medio centenar de peri\u00f3dicos, que situaron a <strong>C\u00e1diz<\/strong> como cuna del periodismo pol\u00edtico espa\u00f1ol. Su m\u00e1ximo exponente fue <strong>El Conciso<\/strong> -autotitulado \u00abdefensor de las <strong>Cortes<\/strong> y de la <strong>Constituci\u00f3n<\/strong>\u00ab;-, aunque su labor fue compartida tambi\u00e9n por el <strong>Semanario Patri\u00f3tico, El Redactor General y El Observador de Cortes<\/strong>. Todos llegaron a transcribir, de manera cuasi literal, los arduos <strong>debates<\/strong> de aquel Parlamento. Se anticiparon as\u00ed a la creaci\u00f3n del <strong>Diario de Sesiones<\/strong> por las propias <strong>Cortes<\/strong>, un a\u00f1o despu\u00e9s, para satisfacer la demanda de <strong>noticias<\/strong> y la <strong>informaci\u00f3n<\/strong> de los ciudadanos.<\/p>\n<figure id=\"attachment_293133\" aria-describedby=\"caption-attachment-293133\" style=\"width: 300px\" class=\"wp-caption alignleft\"><a href=\"https:\/\/majadahondamagazin.es\/wp-content\/uploads\/2024\/06\/IMG_5769.jpeg\"><img loading=\"lazy\" decoding=\"async\" class=\"wp-image-293133 size-medium\" src=\"https:\/\/majadahondamagazin.es\/wp-content\/uploads\/2024\/06\/IMG_5769-300x225.jpeg\" alt=\"\" width=\"300\" height=\"225\" \/><\/a><figcaption id=\"caption-attachment-293133\" class=\"wp-caption-text\">Periodistas Parlamentarios: Antonio Regalado (RNE), vecino de Majadahonda, con Federico Utrera<\/figcaption><\/figure>\n<p><strong>Dos siglos despu\u00e9s<\/strong>, es dif\u00edcil imaginar el ejercicio de la pol\u00edtica sin <strong>prensa<\/strong>, sin el testimonio de los <strong>profesionales del periodismo<\/strong>, desde la aparici\u00f3n del primer <strong>Diario curioso y erudito <\/strong>de <strong>Francisco Mariano\u00a0Nipho<\/strong>, en pleno siglo XVIII, y su evoluci\u00f3n exponencial hasta hoy, con centenares de <strong>medios escritos, audiovisuales y sobre todo en formato digital<\/strong>. Nada hubiera sido igual, para conocer la intrahistoria de la vida p\u00fablica y las turbulencias de los per\u00edodos mon\u00e1rquicos, republicanos, los 50 a\u00f1os de la restauraci\u00f3n, las dictaduras o la recuperaci\u00f3n de la democracia. \u00bfQui\u00e9n hubiera narrado el <strong>golpe de Pav\u00eda<\/strong>? -caricaturizado en esta exposici\u00f3n-, o las <strong>rebeliones cantonales<\/strong>, e incluso, las <strong>asonadas m\u00e1s recientes<\/strong> como la de <strong>Tejero<\/strong>, que afortunadamente no lleg\u00f3 a triunfar, con la famosa noche de los transistores y las ediciones extra de los medios de papel?. Como dir\u00eda un ilustre paisano y expresidente de esta c\u00e1mara, lejos de nosotros el af\u00e1n de protagonismo, mal que nos pese la cr\u00edtica, la descalificaci\u00f3n o los intentos de demonizar, cuando no silenciar, el <strong>mal llamado cuarto poder.<\/strong><\/p>\n<figure id=\"attachment_293141\" aria-describedby=\"caption-attachment-293141\" style=\"width: 300px\" class=\"wp-caption alignleft\"><a href=\"https:\/\/majadahondamagazin.es\/wp-content\/uploads\/2024\/06\/BeFunky-collage-7.jpg\"><img loading=\"lazy\" decoding=\"async\" class=\"wp-image-293141 size-medium\" src=\"https:\/\/majadahondamagazin.es\/wp-content\/uploads\/2024\/06\/BeFunky-collage-7-300x144.jpg\" alt=\"\" width=\"300\" height=\"144\" \/><\/a><figcaption id=\"caption-attachment-293141\" class=\"wp-caption-text\">Federico Utrera con los entonces presidentes del Congreso y Senado, Jesus Posada (PP) y Juan Jos\u00e9 Lucas (PP), durante el homenaje<\/figcaption><\/figure>\n<p>El reflejo de la <strong>relaci\u00f3n pol\u00edtico-period\u00edstica<\/strong> de estos a\u00f1os va mucho m\u00e1s all\u00e1 de la confraternizaci\u00f3n de los <strong>premios otorgados por nuestra asociaci\u00f3n<\/strong>, que, por cierto, no cuentan con el agrado de todos. Solo el reconocimiento de virtudes como la <strong>oratoria, el esfuerzo<\/strong>, o la incisiva y m\u00e1s que turbulenta <strong>relaci\u00f3n entre gobierno y oposici\u00f3n<\/strong>, contentan a quienes reciben los galardones, con indiferencia, cuando no el enfado de los m\u00e1s cr\u00edticos. Que se lo pregunten al diputado y alcalde de <strong>Tarragona<\/strong>, que se encontr\u00f3 con este titular en la portada del peri\u00f3dico local, tras hacer p\u00fablica la relaci\u00f3n de premios pasados: <strong>\u00abEl alcalde, desconocido en el Parlamento\u00bb<\/strong>. Ni que decir tiene que pidi\u00f3 todo tipo de explicaciones y exigencias a la asociaci\u00f3n.<\/p>\n<figure id=\"attachment_293130\" aria-describedby=\"caption-attachment-293130\" style=\"width: 300px\" class=\"wp-caption alignleft\"><a href=\"https:\/\/majadahondamagazin.es\/wp-content\/uploads\/2024\/06\/IMG_5765.jpeg\"><img loading=\"lazy\" decoding=\"async\" class=\"wp-image-293130 size-medium\" src=\"https:\/\/majadahondamagazin.es\/wp-content\/uploads\/2024\/06\/IMG_5765-300x225.jpeg\" alt=\"\" width=\"300\" height=\"225\" \/><\/a><figcaption id=\"caption-attachment-293130\" class=\"wp-caption-text\">Periodistas Parlamentarios: Jes\u00fas Serrano, jefe de prensa del Congreso y Joaqu\u00edn Anastasio, cronista de La Provincia (Las Palmas) y bater\u00eda de jazz<\/figcaption><\/figure>\n<p>Muchos entendieron desde entonces que no es lo mismo estar silente que en silencio, o dormido y durmiente, como dir\u00eda el impert\u00e9rrito senador <strong>Camilo Jos\u00e9 Cela<\/strong>, y que adem\u00e1s se puede dividir el tiempo pol\u00edtico entre <strong>Parlamento<\/strong>, <strong>partido<\/strong>\u00a0e incluso el m\u00e1s modesto <strong>Ayuntamiento<\/strong>. No han sido estas las \u00fanicas diferencias de criterio de los asociados al premiar a <strong>l\u00edderes o presidentes del Gobierno<\/strong> c\u00f3mo mejor <strong>orador<\/strong>, o incluso proclamar <strong>diputados agrios o castigo para la prensa<\/strong>. Hasta el premio al <strong>parlamentario mudo<\/strong> y la <strong>pregunta del mill\u00f3n<\/strong>, desaparecidos hoy, incitaban ya a conocer si las respuestas del Gobierno a las preguntas escritas de la Oposici\u00f3n son ajustadas, realmente, a lo que se demanda. <strong>15 legislaturas, con 7 presidentes de Gobierno, 14 del Congreso y 13 del Senado<\/strong>, desde la restauraci\u00f3n de la <strong>democracia<\/strong>, han servido para desarrollar la <strong>segunda Constituci\u00f3n m\u00e1s longeva de la historia<\/strong>, y consolidar las instituciones \u2013pese a las turbulencias del presente-, incluido el parlamentarismo de los <strong>dos centenares largos de partidos y las miles de se\u00f1or\u00edas<\/strong> que han accedido a las <strong>Cortes<\/strong> desde entonces.<\/p>\n<figure id=\"attachment_293128\" aria-describedby=\"caption-attachment-293128\" style=\"width: 300px\" class=\"wp-caption alignleft\"><a href=\"https:\/\/majadahondamagazin.es\/wp-content\/uploads\/2024\/06\/IMG_5752.jpeg\"><img loading=\"lazy\" decoding=\"async\" class=\"wp-image-293128 size-medium\" src=\"https:\/\/majadahondamagazin.es\/wp-content\/uploads\/2024\/06\/IMG_5752-300x225.jpeg\" alt=\"\" width=\"300\" height=\"225\" \/><\/a><figcaption id=\"caption-attachment-293128\" class=\"wp-caption-text\">Periodistas Parlamentarios: Con Josep L\u00f3pez de Lerma (CiU) e I\u00f1aki Anasagasti (PNV)<\/figcaption><\/figure>\n<p>Tambi\u00e9n ha servido para reforzar la <strong>relaci\u00f3n entre pol\u00edticos y periodistas no siempre bien avenida<\/strong>. Los respectivos presidentes de las c\u00e1maras, <strong>Landelino Lavilla y Peces Barba o Juan Jos\u00e9 Laborda y Juan Jos\u00e9 Lucas<\/strong> (que nos acompa\u00f1a), por citar solo algunos de ellos, se empe\u00f1aron en reforzar la cortes\u00eda parlamentaria y la concordia \u2013de la que gustaba presumir a <strong>F\u00e9lix Pons<\/strong>-, m\u00e1s que diluida hoy, para dar paso a una polarizaci\u00f3n, que ni mucho menos es nueva, pese a emerger con inusitada virulencia en el tiempo actual. Atr\u00e1s queda la simbiosis en la que los <strong>Roca, Borrell, Rubalcaba, Gallard\u00f3n, Jordi Casas<\/strong> y hasta <strong>Rosa Aguilar<\/strong>, cantaban habaneras de madrugada, interrumpidas solo por la polic\u00eda municipal\u2026 por elevar el tono. El pasado, tambi\u00e9n fue pr\u00f3digo de no pocos retos y enfrentamientos en los debates, reflejados en los peri\u00f3dicos gr\u00e1ficos, como estas caricaturas cr\u00edticas del siglo XIX, custodiadas en la <strong>Biblioteca del Congreso<\/strong> y otros documentos del <strong>Archivo<\/strong> de la c\u00e1mara, a los que agradecemos su colaboraci\u00f3n.<\/p>\n<figure id=\"attachment_293131\" aria-describedby=\"caption-attachment-293131\" style=\"width: 300px\" class=\"wp-caption alignleft\"><a href=\"https:\/\/majadahondamagazin.es\/wp-content\/uploads\/2024\/06\/IMG_5767.jpeg\"><img loading=\"lazy\" decoding=\"async\" class=\"wp-image-293131 size-medium\" src=\"https:\/\/majadahondamagazin.es\/wp-content\/uploads\/2024\/06\/IMG_5767-300x225.jpeg\" alt=\"\" width=\"300\" height=\"225\" \/><\/a><figcaption id=\"caption-attachment-293131\" class=\"wp-caption-text\">Periodistas Parlamentarios: con Ana Oramas (Coalici\u00f3n Canaria) y Joaqu\u00edn Anastasio<\/figcaption><\/figure>\n<p>Eran tiempos en los que los que el <strong>Diario de Sesiones<\/strong> recog\u00eda, por ejemplo, los reproches del fil\u00f3sofo <strong>Ortega y Gasset<\/strong> a los <strong>diputados jabal\u00edes<\/strong>, o la justificaci\u00f3n del insigne <strong>Sagasta<\/strong>, medio siglo antes, para \u201crealizar de cuando en cuando alguna barbaridad, y tener libertad\u201d. En fin, el mosaico de im\u00e1genes reflejadas en esta exposici\u00f3n conmemorativa forman parte de los momentos l\u00fadicos de una simbiosis que ha dado y seguir\u00e1 dando que hablar. Tambi\u00e9n son el reflejo de la tensi\u00f3n de los debates, como se puede comprobar en las instant\u00e1neas premiadas de los compa\u00f1eros gr\u00e1ficos. Forman parte de <strong>las dos caras de la moneda politico-period\u00edstica en las que la percepci\u00f3n de la realidad no siempre es coincidente<\/strong>. En este lado de la barrera siempre es bueno reivindicar el periodismo honesto que defend\u00eda nuestra a\u00f1orada <strong>Victoria Prego<\/strong>, frente a un <strong>periodismo de trincheras o falaz, que en cualquier caso nunca se debe censurar, aunque se pueda reprochar<\/strong>.<\/p>\n<figure id=\"attachment_293135\" aria-describedby=\"caption-attachment-293135\" style=\"width: 300px\" class=\"wp-caption alignleft\"><a href=\"https:\/\/majadahondamagazin.es\/wp-content\/uploads\/2024\/06\/IMG_5778.jpeg\"><img loading=\"lazy\" decoding=\"async\" class=\"wp-image-293135 size-medium\" src=\"https:\/\/majadahondamagazin.es\/wp-content\/uploads\/2024\/06\/IMG_5778-300x225.jpeg\" alt=\"\" width=\"300\" height=\"225\" \/><\/a><figcaption id=\"caption-attachment-293135\" class=\"wp-caption-text\">Anabel D\u00edez (El Pa\u00eds), presidenta de la APP, durante su celebrado y aplaudido discurso. A su lado, presidenta del Congreso, vicepresidente del Senado y portavoces parlamentarios<\/figcaption><\/figure>\n<p>Sin m\u00e1s, nuestro agradecimiento a todos los asociados, a los presidentes de la APP &#8211;<strong>Luis Santos, Ignacio Hern\u00e1ndez, Mar\u00eda Rey, Carmen del Riego, Rafa de Miguel, Luis Izquierdo y Anabel D\u00edez<\/strong>&#8211; y a cuantos colegas hacen de la <strong>cr\u00f3nica pol\u00edtica<\/strong> un ejemplo para trasmitir la informaci\u00f3n de cada d\u00eda. Gratitud tambi\u00e9n a nuestros patrocinadores y colaboradores, que han hecho posible la continuidad de la <strong>Asociaci\u00f3n<\/strong> durante estas tres d\u00e9cadas, personalizada en <strong>Francisco Luz\u00f3n<\/strong>, presidente de <strong>Argentaria<\/strong>, que nos apoy\u00f3 desde el primer momento. Igual que a <strong>Telef\u00f3nica, BBVA, El Corte Ingl\u00e9s, Accenture, Bankia, Caixabank, Aproafa y Acento<\/strong>. Tambi\u00e9n a <strong>B\u00e1rbara<\/strong>, nuestra eficaz secretaria, y como no, al <strong>Hotel Palace<\/strong>, nuestra segunda casa desde entonces, como la de algunas se\u00f1or\u00edas en tiempos pret\u00e9ritos de bonanza. Presidenta, gracias por acoger esta exposici\u00f3n, en un sitio tan emblem\u00e1tico como la ante <strong>sala Ernest<\/strong> <strong>Lluch<\/strong>, adem\u00e1s de en la galer\u00eda de acceso a la sala de prensa para contemplar estos <strong>premios como otra imagen del Parlamento<\/strong>.<\/p>\n<p>&nbsp;<\/p>\n","protected":false},"excerpt":{"rendered":"<p>LUIS CARLOS RAMIREZ. (11 de junio de 2024). *Secretario General de la Asociacion de Periodistas Parlamentarios (APP). \u00abCi\u00f1\u00e9ndonos a nuestro libro -el 30 aniversario de la APP- es obligado testimoniar con agradecimiento, al grupo de compa\u00f1eros que decidimos fundar la Asociaci\u00f3n \u2013Luis Santos, Luc\u00eda M\u00e9ndez, Jos\u00e9 Carlos Duque, Fernando J\u00e1uregui, Federico Utrera, Susana Moneo, Marta G\u00f3mez Montero, Luis Falg\u00e1s, Nieves Goicoechea y Anabel D\u00edez-. El prop\u00f3sito no era otro que mejorar una interlocuci\u00f3n con las Cortes, m\u00e1s que fluida y abierta en todo momento, y el compromiso de ejercer el periodismo veraz, de aquellos profesionales acreditados en las c\u00e1maras, cuyo n\u00famero tambi\u00e9n crec\u00eda de manera exponencial. Baste decir que en<\/p>\n","protected":false},"author":1,"featured_media":0,"comment_status":"open","ping_status":"open","sticky":false,"template":"","format":"standard","meta":{"footnotes":""},"categories":[26,262],"tags":[509,510,142,511,512],"class_list":["post-2532","post","type-post","status-publish","format-standard","hentry","category-material-memoria","category-varia","tag-asociacion-de-periodistas-parlamentarios","tag-congreso-de-los-diputados","tag-federico-utrera","tag-parlamento","tag-politica"],"views":1077,"_links":{"self":[{"href":"https:\/\/editorialhijosdemuleyrubio.com\/index.php?rest_route=\/wp\/v2\/posts\/2532","targetHints":{"allow":["GET"]}}],"collection":[{"href":"https:\/\/editorialhijosdemuleyrubio.com\/index.php?rest_route=\/wp\/v2\/posts"}],"about":[{"href":"https:\/\/editorialhijosdemuleyrubio.com\/index.php?rest_route=\/wp\/v2\/types\/post"}],"author":[{"embeddable":true,"href":"https:\/\/editorialhijosdemuleyrubio.com\/index.php?rest_route=\/wp\/v2\/users\/1"}],"replies":[{"embeddable":true,"href":"https:\/\/editorialhijosdemuleyrubio.com\/index.php?rest_route=%2Fwp%2Fv2%2Fcomments&post=2532"}],"version-history":[{"count":1,"href":"https:\/\/editorialhijosdemuleyrubio.com\/index.php?rest_route=\/wp\/v2\/posts\/2532\/revisions"}],"predecessor-version":[{"id":2533,"href":"https:\/\/editorialhijosdemuleyrubio.com\/index.php?rest_route=\/wp\/v2\/posts\/2532\/revisions\/2533"}],"wp:attachment":[{"href":"https:\/\/editorialhijosdemuleyrubio.com\/index.php?rest_route=%2Fwp%2Fv2%2Fmedia&parent=2532"}],"wp:term":[{"taxonomy":"category","embeddable":true,"href":"https:\/\/editorialhijosdemuleyrubio.com\/index.php?rest_route=%2Fwp%2Fv2%2Fcategories&post=2532"},{"taxonomy":"post_tag","embeddable":true,"href":"https:\/\/editorialhijosdemuleyrubio.com\/index.php?rest_route=%2Fwp%2Fv2%2Ftags&post=2532"}],"curies":[{"name":"wp","href":"https:\/\/api.w.org\/{rel}","templated":true}]}}