{"id":2539,"date":"2024-07-14T11:02:01","date_gmt":"2024-07-14T09:02:01","guid":{"rendered":"https:\/\/editorialhijosdemuleyrubio.com\/?p=2539"},"modified":"2024-07-14T11:02:30","modified_gmt":"2024-07-14T09:02:30","slug":"el-biografo-espanol-de-bill-viola-escribe-sobre-la-muerte-del-videoartista-norteamericano-fue-el-picasso-del-videoarte","status":"publish","type":"post","link":"https:\/\/editorialhijosdemuleyrubio.com\/?p=2539","title":{"rendered":"El bi\u00f3grafo espa\u00f1ol de Bill Viola escribe sobre la muerte del videoartista norteamericano: \u00abFue el Picasso del videoarte\u00bb"},"content":{"rendered":"<figure id=\"attachment_297197\" aria-describedby=\"caption-attachment-297197\" style=\"width: 300px\" class=\"wp-caption alignleft\"><a href=\"https:\/\/majadahondamagazin.es\/wp-content\/uploads\/2024\/07\/muere-el-videoartista-bill-viola-uno-de-los-creadores-mas-influyentes-del-siglo-xx.jpg\"><img loading=\"lazy\" decoding=\"async\" class=\"wp-image-297197 size-medium\" src=\"https:\/\/majadahondamagazin.es\/wp-content\/uploads\/2024\/07\/muere-el-videoartista-bill-viola-uno-de-los-creadores-mas-influyentes-del-siglo-xx-300x168.jpg\" alt=\"\" width=\"300\" height=\"168\" \/><\/a><figcaption id=\"caption-attachment-297197\" class=\"wp-caption-text\">La muerte del videoartista (Bill Viola): \u00abEl hecho de haber sido un espa\u00f1ol su primer bi\u00f3grafo \u2013y autor de su \u00faltimo cat\u00e1logo razonado\u2013 no solo me facilit\u00f3 el acceso al siempre herm\u00e9tico mundo de los museos en Espa\u00f1a, en especial del Caixaforum, Guggenheim y Thyssen-Bornemisza, que son los tres que mostraron curiosidad por esta circunstancia, sino que me abri\u00f3 adem\u00e1s las puertas de instituciones de todo el mundo (Nueva York, Par\u00eds, Florencia, Londres, etc.) donde incluso he podido disertar sobre su vida y obra\u00bb. La <a href=\"https:\/\/magazin.aktualne.cz\/kultura\/zemrel-bill-viola\/r~d44d50f8416211efb689ac1f6b220ee8\/\"><strong>Agencia France Presse (AFP)<\/strong><\/a> menciona en su obituario que \u00aben 2011 se public\u00f3 su libro biograf\u00eda, escrito por Federico Utrera\u00bb<\/figcaption><\/figure>\n<p>FEDERICO UTRERA. <em>\u00abIn Memoriam\u00bb<\/em>. El videoartista norteamericano <strong>Bill Viola<\/strong> (1951-2024) falleci\u00f3 este viernes 12 de julio a los <strong>73 a\u00f1os<\/strong> v\u00edctima del alzh\u00e9imer en su casa de <strong>Long Beach (California<\/strong>) y son numerosos los amigos que me han advertido de su muerte para recordar de nuevo lo m\u00e1s significativo de su vida y obra. El hecho de haber sido un espa\u00f1ol su primer bi\u00f3grafo \u2013y autor de su \u00faltimo cat\u00e1logo razonado\u2013 no solo me facilit\u00f3 el acceso al siempre herm\u00e9tico mundo de los museos en Espa\u00f1a, en especial del <strong>Caixaforum, Guggenheim y Thyssen-Bornemisza<\/strong>, que son los tres que mostraron curiosidad por esta circunstancia, sino que me abri\u00f3 adem\u00e1s las puertas de instituciones de todo el mundo (<strong><a href=\"https:\/\/www.panamaamerica.com.pa\/node\/747493#google_vignette\">Nueva York<\/a>, <a href=\"https:\/\/www.rtve.es\/play\/audios\/un-idioma-sin-fronteras\/idioma-sin-fronteras-230614\/2627743\/\">Par\u00eds<\/a>, <a href=\"https:\/\/federicoutrera.wordpress.com\/2017\/08\/08\/bill-viola-ultimissimo-florencia-el-renacimiento-es-un-video-invisible-i\/\">Florencia<\/a>, Londres, etc.)<\/strong> donde incluso he podido disertar sobre su vida y obra, aspectos inseparables como en todo gran artista que se precie de serlo, sea cual sea su disciplina. Tuve el honor y el placer de contactar con <strong>Bill Viola<\/strong> primero por email para la investigaci\u00f3n que comenz\u00f3 en 2005 (entonces internet no estaba tan extendido como hoy) contestando amablemente a mis preguntas. Y posteriormente lo conoc\u00ed en persona, primero durante un <a href=\"https:\/\/federicoutrera.wordpress.com\/2013\/05\/23\/bill-viola-recala-en-murcia-para-ilustrar-los-nexos-entre-el-video-y-el-sufismo-de-ibn-arabi\/\"><strong>Simposio sobre Ibn Arabi en Murcia<\/strong><\/a> (2013) y posteriormente en la <strong>Real Academia de Bellas Artes de San Fernando<\/strong> con motivo de una exposici\u00f3n suya (2014), simult\u00e1nea al estreno en el <strong>Teatro Real<\/strong> de su <strong>escenograf\u00eda audiovisual<\/strong> para el <a href=\"https:\/\/federicoutrera.wordpress.com\/2014\/01\/28\/tristan-isolda-y-wagner-con-bill-viola-en-el-real-ver-musica-y-escuchar-imagenes\/\">\u00ab<strong>Trist\u00e1n e Isolda\u00bb de Wagner<\/strong>,<\/a> en celebrada adaptaci\u00f3n de <strong>Peter Sellars.<\/strong><!--more--><\/p>\n<figure id=\"attachment_297196\" aria-describedby=\"caption-attachment-297196\" style=\"width: 300px\" class=\"wp-caption alignleft\"><a href=\"https:\/\/majadahondamagazin.es\/wp-content\/uploads\/2024\/07\/Kira-Perov.jpg\"><img loading=\"lazy\" decoding=\"async\" class=\"wp-image-297196 size-medium\" src=\"https:\/\/majadahondamagazin.es\/wp-content\/uploads\/2024\/07\/Kira-Perov-300x225.jpg\" alt=\"\" width=\"300\" height=\"225\" \/><\/a><figcaption id=\"caption-attachment-297196\" class=\"wp-caption-text\">La fot\u00f3grafa Kira Perov, esposa y ahora viuda de Bill Viola, con Federico Utrera en Cuenca. El videoartista ya no pudo asistir a la inauguraci\u00f3n<\/figcaption><\/figure>\n<p><span style=\"color: #ff0000;\"><strong>ENCUENTRO EN CUENCA CON KIRA PEROV.<\/strong><\/span> Algunos a\u00f1os despu\u00e9s de la publicaci\u00f3n de mi tesis doctoral sobre el <strong>Mass Media Art<\/strong> y el libro posterior que se convirti\u00f3 en <strong>\u00abViola on Video\u00bb<\/strong>, esa primera biograf\u00eda, no recuerdo con precisi\u00f3n la fecha, un alto cargo de un museo espa\u00f1ol me advirti\u00f3 que el videoartista ya era reh\u00e9n de esta enfermedad que ha acabado prematuramente con su vida, por lo que probablemente no volver\u00eda a tener contacto con \u00e9l. Y as\u00ed fue. Mi encuentro en <a href=\"https:\/\/federicoutrera.wordpress.com\/2018\/12\/07\/la-fotografa-australiana-kira-perov-descubre-el-dialogo-entre-el-videoartista-bill-viola-y-la-ciudad-de-cuenca\/\"><strong>Cuenca<\/strong><\/a> (2018) con su esposa, la fot\u00f3grafa australiana <strong>Kira Perov<\/strong>, tras la inauguraci\u00f3n de su \u00ab<a href=\"https:\/\/majadahondamagazin.es\/federico-utrera-desentrana-los-codigos-de-bill-viola-en-el-independiente-exposicion-en-cuenca-119347\"><strong>V\u00eda M\u00edstica<\/strong><\/a>\u00bb en cuatro sedes del casco hist\u00f3rico de la ciudad, adem\u00e1s del <strong>Museo de Arte Abstracto Espa\u00f1ol<\/strong>, en las <strong>iglesias de San Miguel, San Andr\u00e9s y las Ang\u00e9licas<\/strong> (sala de exposiciones de la Escuela de Arte Jos\u00e9 Mar\u00eda Cruz Novillo), fue la \u00faltima vez que supe de ellos. Hoy solo puedo lamentar y apenarme por su fallecimiento dedic\u00e1ndole una breve reflexi\u00f3n que he venido repitiendo durante estos a\u00f1os como ap\u00f3stol de una disciplina art\u00edstica que muy probablemente alcanzar\u00e1 su hegemon\u00eda sobre los restante soportes est\u00e1ticos durante este siglo XXI.<\/p>\n<figure id=\"attachment_297189\" aria-describedby=\"caption-attachment-297189\" style=\"width: 300px\" class=\"wp-caption alignleft\"><a href=\"https:\/\/majadahondamagazin.es\/wp-content\/uploads\/2024\/07\/bill-viola-utrera-collage.jpg\"><img loading=\"lazy\" decoding=\"async\" class=\"wp-image-297189 size-medium\" src=\"https:\/\/majadahondamagazin.es\/wp-content\/uploads\/2024\/07\/bill-viola-utrera-collage-300x225.jpg\" alt=\"\" width=\"300\" height=\"225\" \/><\/a><figcaption id=\"caption-attachment-297189\" class=\"wp-caption-text\">Federico Utrera en la catedral de Saint Paul (Londres), Guggenheim (Bilbao), Gran Palais (Par\u00eds), Galer\u00eda Uffizi (Florencia) e Instituto Cervantes (Nueva York) en actos y exposiciones de Bill Viola<\/figcaption><\/figure>\n<p><strong><span style=\"color: #ff0000;\">UN INNOVADOR GLOBAL COMO PICASSO.<\/span> Bill Viola<\/strong> fue el \u00ab<strong>Picasso<\/strong>\u00bb del videoarte, siendo el malague\u00f1o un artista con el que no simpatizaba especialmente (\u00e9l era sobre todo un videoartista \u00abrealista\u00bb, si se puede denominar as\u00ed), a pesar de que lleg\u00f3 a exponer en el <strong>Museo Picasso de M\u00e1laga<\/strong> e imparti\u00f3 una muy l\u00facida videoconferencia que tuve oportunidad de escuchar. Quiz\u00e1s abominaba de este apelativo \u2013<strong>\u00abel Picasso del videoarte<\/strong>\u00ab\u2013 porque uno de sus acerados cr\u00edticos iniciales le defini\u00f3 despectivamente como \u00ab<strong>el Picasso de la Generaci\u00f3n MTV\u00bb<\/strong>, lo que quer\u00eda decir algo as\u00ed como la <em>cima art\u00edstica<\/em> de <em>los ni\u00f1atos del videoclip<\/em>. De ah\u00ed que yo reformulara en mi biograf\u00eda ese malintencionado bautismo para darle otro prisma algo m\u00e1s ajustado a su papel innovador. <strong>Picasso<\/strong> tampoco fue el primer cubista pero s\u00ed el que impuso su transformaci\u00f3n de la pintura en el siglo XX. Y es que estamos siendo testigos de un hecho art\u00edstico y tecnol\u00f3gico que pocas veces ocurre en la Historia: un cambio de visi\u00f3n y adem\u00e1s de soporte. El pincel, el lienzo y el color han sido sustituidos por la c\u00e1mara, el plasma (o el LED) y el tiempo, este \u00faltimo entendido como materia pl\u00e1stica y vers\u00e1til. Y el arte es transformar algo en ideas, en formas, pues todo arte representa cosas invisibles seg\u00fan anticipaba <strong>Coomaraswamy<\/strong>, uno de los sabios hind\u00faes que inspiraba la obra de <strong>Bill Viola<\/strong>.<\/p>\n<figure id=\"attachment_297195\" aria-describedby=\"caption-attachment-297195\" style=\"width: 300px\" class=\"wp-caption alignleft\"><a href=\"https:\/\/majadahondamagazin.es\/wp-content\/uploads\/2024\/07\/Captura-de-pantalla-2024-07-14-a-las-4.26.45.png\"><img loading=\"lazy\" decoding=\"async\" class=\"wp-image-297195 size-medium\" src=\"https:\/\/majadahondamagazin.es\/wp-content\/uploads\/2024\/07\/Captura-de-pantalla-2024-07-14-a-las-4.26.45-300x194.png\" alt=\"\" width=\"300\" height=\"194\" \/><\/a><figcaption id=\"caption-attachment-297195\" class=\"wp-caption-text\">Federico Utrera en la Catedral de Saint Paul de Londres, que exhibe de forma permanente varias obras de Bill Viola<\/figcaption><\/figure>\n<p><span style=\"color: #ff0000;\"><strong>LA TECNOLOG\u00cdA Y EL ARTE<\/strong><\/span>. Hoy la ciencia y el arte (poes\u00eda) vuelven a estar unidos, como en la \u00e9poca de <strong>Brunelleschi y Masaccio<\/strong>. Para ello es necesario explicar antes algunos presupuestos te\u00f3ricos y cient\u00edficos que acompa\u00f1an a la experiencia est\u00e9tica. La tesis de <strong>Bill Viola<\/strong> que traslad\u00e9 en su biograf\u00eda es que vivimos en presente un <strong>segundo Renacimiento<\/strong> que solo el futuro describir\u00e1 en los libros de <strong>Historia<\/strong>. La perspectiva de <strong>Brunelleschi<\/strong> en el siglo XV es la imagen en 3D de hoy en di\u0301a. El descubrimiento y extensi\u00f3n de la <strong>imprenta<\/strong> es semejante a la explosio\u0301n de informacio\u0301n que supone <strong>internet<\/strong>. La sustituci\u00f3n de la pintura al fresco o a la tabla por el cuadro al o\u0301leo es similar al paso de la fotografi\u0301a anal\u00f3gica a la digital, que puede ser continuamente retocada. Y el <strong>videoarte<\/strong> es la evoluci\u00f3n natural de la pintura, como la videoinstalaci\u00f3n lo es de la escultura, que fue anterior. Creo que el videoarte es una innovaci\u00f3n y un cambio y <strong>Bill Viola<\/strong> no fue el primero (antes fueron los videoescultores <strong>Nam June Paik y Wolf Vostell)<\/strong> pero s\u00ed fue su profeta. Todo ello coexiste con nuevas formas art\u00edsticas (cloud art, body art, etc\u2026) porque el arte conceptual y audiovisual ya se desliza en la conciencia del siglo XXI, transformando el ideario del nuevo artista, que no es necesariamente alguien que dibuja bien, sino alguien que piensa bien. Y alguien que piensa bien es que escribe o crea bien y muy seguramente tambi\u00e9n act\u00faa bien, como hac\u00eda <strong>Bill Viola<\/strong>. Descanse en Paz.<\/p>\n<figure id=\"attachment_297192\" aria-describedby=\"caption-attachment-297192\" style=\"width: 300px\" class=\"wp-caption aligncenter\"><a href=\"https:\/\/majadahondamagazin.es\/wp-content\/uploads\/2024\/07\/Captura-de-pantalla-2024-07-14-a-las-3.15.11.png\"><img loading=\"lazy\" decoding=\"async\" class=\"wp-image-297192 size-medium\" src=\"https:\/\/majadahondamagazin.es\/wp-content\/uploads\/2024\/07\/Captura-de-pantalla-2024-07-14-a-las-3.15.11-300x264.png\" alt=\"\" width=\"300\" height=\"264\" \/><\/a><figcaption id=\"caption-attachment-297192\" class=\"wp-caption-text\">\u00abLa epifan\u00eda de Bill Viola\u00bb: el periodista y escritor Federico Utrera publica la primera biograf\u00eda del videoartista estadounidense (El Pa\u00eds)<\/figcaption><\/figure>\n<figure id=\"attachment_297190\" aria-describedby=\"caption-attachment-297190\" style=\"width: 300px\" class=\"wp-caption aligncenter\"><a href=\"https:\/\/majadahondamagazin.es\/wp-content\/uploads\/2024\/07\/Captura-de-pantalla-2024-07-14-a-las-3.13.38.png\"><img loading=\"lazy\" decoding=\"async\" class=\"wp-image-297190 size-medium\" src=\"https:\/\/majadahondamagazin.es\/wp-content\/uploads\/2024\/07\/Captura-de-pantalla-2024-07-14-a-las-3.13.38-300x242.png\" alt=\"\" width=\"300\" height=\"242\" \/><\/a><figcaption id=\"caption-attachment-297190\" class=\"wp-caption-text\">\u00abEl Instituto Cervantes de Nueva York inaugur\u00f3 un taller interactivo y multidisciplinario que durante tres d\u00edas repas\u00f3 la huella espa\u00f1ola en la obra del videoartista neoyorquino Bill Viola\u00bb <a href=\"https:\/\/www.panamaamerica.com.pa\/node\/747493\">(Panama America.com)<\/a><\/figcaption><\/figure>\n<figure id=\"attachment_297191\" aria-describedby=\"caption-attachment-297191\" style=\"width: 300px\" class=\"wp-caption aligncenter\"><a href=\"https:\/\/majadahondamagazin.es\/wp-content\/uploads\/2024\/07\/Captura-de-pantalla-2024-07-14-a-las-3.14.18.png\"><img loading=\"lazy\" decoding=\"async\" class=\"wp-image-297191 size-medium\" src=\"https:\/\/majadahondamagazin.es\/wp-content\/uploads\/2024\/07\/Captura-de-pantalla-2024-07-14-a-las-3.14.18-300x283.png\" alt=\"\" width=\"300\" height=\"283\" \/><\/a><figcaption id=\"caption-attachment-297191\" class=\"wp-caption-text\">Montse Frisach (El Punt Avui): \u00abLa primera monograf\u00eda sobre Bill Viola (1951) escrita y publicada en el Estado espa\u00f1ol, bajo el t\u00edtulo \u00abViola On V\u00eddeo\u00bb, es una extensa biograf\u00eda-ensayo y cat\u00e1logo razonado sobre el artista. Su autor es el periodista y ensayista Federico Utrera, que cuando en el 2005 vio en la Fundaci\u00f3n La Caixa de Madrid la exposici\u00f3n de la serie \u00abLas Pasiones\u00bb, de Bill Viola, tuvo una aut\u00e9ntica sacudida, seg\u00fan confiesa. No es porque s\u00ed Utrera califique al artista de \u201cel Picasso de videoarte\u201d, ya que no s\u00f3lo lo considera un pionero del videoarte sino el art\u00edfice del nacimiento de \u201cun nuevo g\u00e9nero y un gran cambio en la est\u00e9tica contempor\u00e1nea \u201d. El libro, coproducido entre varias universidades como la de las Palmas de Gran Canaria, la Rey Juan Carlos, la de Almer\u00eda y la de Salamanca, es fruto de la profunda admiraci\u00f3n de Utrera por el artista estadounidense, pero tambi\u00e9n de una exhaustiva investigaci\u00f3n de las fuentes art\u00edsticas y literarias de Bill Viola y de las propias palabras del creador.<\/figcaption><\/figure>\n<figure id=\"attachment_297194\" aria-describedby=\"caption-attachment-297194\" style=\"width: 300px\" class=\"wp-caption aligncenter\"><a href=\"https:\/\/majadahondamagazin.es\/wp-content\/uploads\/2024\/07\/Captura-de-pantalla-2024-07-14-a-las-3.17.28.png\"><img loading=\"lazy\" decoding=\"async\" class=\"wp-image-297194 size-medium\" src=\"https:\/\/majadahondamagazin.es\/wp-content\/uploads\/2024\/07\/Captura-de-pantalla-2024-07-14-a-las-3.17.28-300x225.png?_t=1720926273\" alt=\"\" width=\"300\" height=\"225\" \/><\/a><figcaption id=\"caption-attachment-297194\" class=\"wp-caption-text\">\u00abHoy me ha venido a la memoria uno de mis artistas favoritos, Bill Viola, y tengo que dar las gracias a Federico Utrera, que ha escrito la primera biograf\u00eda sobre el artista, uno de los mejor considerados por la cr\u00edtica en el mundo del videoarte. El libro de Federico Utrera lleva por t\u00edtulo \u2018Viola on v\u00eddeo\u2019 y se present\u00f3 en Madrid el d\u00eda 20 de Junio de 2011. El escritor analiza la trayectoria del artista desde sus inicios, fruto de sus investigaciones y el estudio que el escritor ha realizado sobre el artista, un recorrido por la biograf\u00eda y las etapas art\u00edsticas de Viola, as\u00ed como sus fracasos y los dif\u00edciles comienzos\u00bb (<a href=\"https:\/\/novedadesenlibros.wordpress.com\/2011\/06\/24\/bill-viola-a-traves-de-los-ojos-de-federico-utrera\/\"><em><strong>Novedades en Libros<\/strong><\/em><\/a>)<\/figcaption><\/figure>\n<figure id=\"attachment_297193\" aria-describedby=\"caption-attachment-297193\" style=\"width: 300px\" class=\"wp-caption aligncenter\"><a href=\"https:\/\/majadahondamagazin.es\/wp-content\/uploads\/2024\/07\/Captura-de-pantalla-2024-07-14-a-las-3.16.06.png\"><img loading=\"lazy\" decoding=\"async\" class=\"wp-image-297193 size-medium\" src=\"https:\/\/majadahondamagazin.es\/wp-content\/uploads\/2024\/07\/Captura-de-pantalla-2024-07-14-a-las-3.16.06-300x200.png\" alt=\"\" width=\"300\" height=\"200\" \/><\/a><figcaption id=\"caption-attachment-297193\" class=\"wp-caption-text\">\u00abFederico Utrera, profesor y doctor en Comunicaci\u00f3n Audiovisual, es autor de \u00abViola on Video\u00bb, la primera biograf\u00eda del artista que se realiza en todo el mundo y que recoge el primer cat\u00e1logo razonado de su obra\u00bb.<\/figcaption><\/figure>\n","protected":false},"excerpt":{"rendered":"<p>FEDERICO UTRERA. \u00abIn Memoriam\u00bb. El videoartista norteamericano Bill Viola (1951-2024) falleci\u00f3 este viernes 12 de julio a los 73 a\u00f1os v\u00edctima del alzh\u00e9imer en su casa de Long Beach (California) y son numerosos los amigos que me han advertido de su muerte para recordar de nuevo lo m\u00e1s significativo de su vida y obra. El hecho de haber sido un espa\u00f1ol su primer bi\u00f3grafo \u2013y autor de su \u00faltimo cat\u00e1logo razonado\u2013 no solo me facilit\u00f3 el acceso al siempre herm\u00e9tico mundo de los museos en Espa\u00f1a, en especial del Caixaforum, Guggenheim y Thyssen-Bornemisza, que son los tres que mostraron curiosidad por esta circunstancia, sino que me abri\u00f3 adem\u00e1s las puertas<\/p>\n","protected":false},"author":1,"featured_media":0,"comment_status":"open","ping_status":"open","sticky":false,"template":"","format":"standard","meta":{"footnotes":""},"categories":[15,14,32],"tags":[44,142,137],"class_list":["post-2539","post","type-post","status-publish","format-standard","hentry","category-bill-viola","category-blog-de-videoarte","category-videoarte","tag-bill-viola-2","tag-federico-utrera","tag-viola-on-video"],"views":1024,"_links":{"self":[{"href":"https:\/\/editorialhijosdemuleyrubio.com\/index.php?rest_route=\/wp\/v2\/posts\/2539","targetHints":{"allow":["GET"]}}],"collection":[{"href":"https:\/\/editorialhijosdemuleyrubio.com\/index.php?rest_route=\/wp\/v2\/posts"}],"about":[{"href":"https:\/\/editorialhijosdemuleyrubio.com\/index.php?rest_route=\/wp\/v2\/types\/post"}],"author":[{"embeddable":true,"href":"https:\/\/editorialhijosdemuleyrubio.com\/index.php?rest_route=\/wp\/v2\/users\/1"}],"replies":[{"embeddable":true,"href":"https:\/\/editorialhijosdemuleyrubio.com\/index.php?rest_route=%2Fwp%2Fv2%2Fcomments&post=2539"}],"version-history":[{"count":2,"href":"https:\/\/editorialhijosdemuleyrubio.com\/index.php?rest_route=\/wp\/v2\/posts\/2539\/revisions"}],"predecessor-version":[{"id":2541,"href":"https:\/\/editorialhijosdemuleyrubio.com\/index.php?rest_route=\/wp\/v2\/posts\/2539\/revisions\/2541"}],"wp:attachment":[{"href":"https:\/\/editorialhijosdemuleyrubio.com\/index.php?rest_route=%2Fwp%2Fv2%2Fmedia&parent=2539"}],"wp:term":[{"taxonomy":"category","embeddable":true,"href":"https:\/\/editorialhijosdemuleyrubio.com\/index.php?rest_route=%2Fwp%2Fv2%2Fcategories&post=2539"},{"taxonomy":"post_tag","embeddable":true,"href":"https:\/\/editorialhijosdemuleyrubio.com\/index.php?rest_route=%2Fwp%2Fv2%2Ftags&post=2539"}],"curies":[{"name":"wp","href":"https:\/\/api.w.org\/{rel}","templated":true}]}}