{"id":2547,"date":"2024-09-11T19:09:35","date_gmt":"2024-09-11T17:09:35","guid":{"rendered":"https:\/\/editorialhijosdemuleyrubio.com\/?p=2547"},"modified":"2024-09-11T19:09:35","modified_gmt":"2024-09-11T17:09:35","slug":"publicaciones-y-articulos-sobre-juan-ramon-jimenez-bill-viola-panero-trevijano-colombine-y-leopardi-recogen-los-libros-de-federico-utrera","status":"publish","type":"post","link":"https:\/\/editorialhijosdemuleyrubio.com\/?p=2547","title":{"rendered":"Publicaciones y art\u00edculos sobre Juan Ram\u00f3n Jim\u00e9nez, Bill Viola, Panero, Trevijano, Colombine y Leopardi recogen los libros de Federico Utrera"},"content":{"rendered":"<figure id=\"attachment_163749\" aria-describedby=\"caption-attachment-163749\" style=\"width: 300px\" class=\"wp-caption alignleft\"><a href=\"https:\/\/majadahondamagazin.es\/wp-content\/uploads\/2020\/06\/IMG_3301.jpeg\"><img loading=\"lazy\" decoding=\"async\" class=\"wp-image-163749 size-medium\" src=\"https:\/\/majadahondamagazin.es\/wp-content\/uploads\/2020\/06\/IMG_3301-300x225.jpeg\" alt=\"\" width=\"300\" height=\"225\" \/><\/a><figcaption id=\"caption-attachment-163749\" class=\"wp-caption-text\"><strong>Mar\u00eda Pilar Cavero Montori: <\/strong>\u00abNo estoy sola, me acompa\u00f1a <strong>Juan Ram\u00f3n Jim\u00e9nez<\/strong>, en mi mano llevo sus \u00ab<strong>Libros de Madrid<\/strong>\u00bb en edici\u00f3n de <strong>Jos\u00e9 Luis L\u00f3pez Bretones<\/strong> (Hijos de Muley Rubio. Madrid 2001). Una obra que no pudo publicar en vida y que ni instituciones pol\u00edticas ni culturales quisieron publicarle despu\u00e9s de su muerte. \u00abSus p\u00e1ginas reivindican al <strong>Madrid de Carlos III<\/strong> y retratan con palabras sutiles y bellas el alma de las cosas\u00bb <strong>(Federico Utrera)\u00bb.<\/strong><\/figcaption><\/figure>\n<p>MARIANA BENITO. Diversas publicaciones y art\u00edculos publicados o difundidos este a\u00f1o 2024 han recogido varios libros escritos o editados por Federico Utrera (Almer\u00eda, 1963), el escritor, editor, profesor y periodista residente en Majadahonda (Madrid), seg\u00fan han hecho llegar sus autores o editores a la redacci\u00f3n de este peri\u00f3dico este mes de agosto. As\u00ed, <strong>Mar\u00eda Pilar Cavero Montori,<\/strong> (Huesca, 1941) licenciada en Filosof\u00eda y Letras, secci\u00f3n Historia, en la Universidad de Zaragoza y Catedr\u00e1tica de Ense\u00f1anza Media en el Instituto de Arganda del Rey (Madrid), ha escrito en \u00ab<strong>El Diario de Madrid\u00bb<\/strong> un bello art\u00edculo publicado este 1 de julio titulado <strong>\u00abPaseo \u00edntimo con Juan Ram\u00f3n Jim\u00e9nez<\/strong>\u00ab. En el mismo resume como \u00abesta noche de principios de julio inicio mi recorrido por la plaza de las Cortes. Quiero saludar a don Miguel antes de dirigirme al paseo del Prado. No estoy sola, me acompa\u00f1a <strong>Juan Ram\u00f3n Jim\u00e9nez,<\/strong> en mi mano llevo sus <strong>\u00abLibros de Madrid\u00bb<\/strong> en edici\u00f3n de <strong>Jos\u00e9 Luis L\u00f3pez Bretones (Hijos de Muley Rubio. Madrid 2001<\/strong>). Una obra que no pudo publicar en vida y que ni instituciones pol\u00edticas ni culturales quisieron publicarle despu\u00e9s de su muerte. \u00abSus p\u00e1ginas reivindican al Madrid de Carlos III y retratan con palabras sutiles y bellas el alma de las cosas\u00bb <strong>(Federico Utrera)\u00bb<\/strong>. La profesora va recorriendo las fuentes de Neptuno y Cibeles en Madrid con <strong><a href=\"https:\/\/www.eldiariodemadrid.es\/articulo\/opinion\/paseo-intimo-juan-ramon-jimenez\/20240701102946076920.html\">el libro de Bretones y Utrera<\/a> <\/strong>en la mano, reproduciendo distintos pasajes del mismo y traslad\u00e1ndolos a lo que va viendo en la actualidad. Y parafrasea al <strong>Premio Nobel:<\/strong> \u00abEl pol\u00edtico, que ha de administrar un pa\u00eds, un pueblo, debe de estar impregnado de esa poes\u00eda profunda que ser\u00eda la paz de su patria\u2026 \u00a1Qu\u00e9 d\u00eda tan distinto para \u00e9l y para su pa\u00eds ser\u00eda&#8230;!, y si antes de ir al Parlamento preparara po\u00e9ticamente su actividad, su pensamiento, su car\u00e1cter, \u00a1qu\u00e9 giro tan distinto tomar\u00edan sus intervenciones y c\u00f3mo no oir\u00edamos ni ver\u00edamos lo que vemos y o\u00edmos cada tarde, esas tardes tristes de los mercados parlamentarios!\u00bb.<!--more--><\/p>\n<figure id=\"attachment_297196\" aria-describedby=\"caption-attachment-297196\" style=\"width: 300px\" class=\"wp-caption alignleft\"><a href=\"https:\/\/majadahondamagazin.es\/wp-content\/uploads\/2024\/07\/Kira-Perov.jpg\"><img loading=\"lazy\" decoding=\"async\" class=\"wp-image-297196 size-medium\" src=\"https:\/\/majadahondamagazin.es\/wp-content\/uploads\/2024\/07\/Kira-Perov-300x225.jpg\" alt=\"\" width=\"300\" height=\"225\" \/><\/a><figcaption id=\"caption-attachment-297196\" class=\"wp-caption-text\">Kira Perov, viuda de Bill Viola, en Cuenca (Espa\u00f1a) con Federico Utrera, autor del libro \u00abViola on video\u00bb, durante la inauguraci\u00f3n de la exposici\u00f3n \u00abV\u00eda M\u00edstica\u00bb del videoartista norteamericano<\/figcaption><\/figure>\n<p><span style=\"color: #339966;\"><strong>ALCHETRON ES LA NUEVA ENCICLOPEDIA \u00abON LINE\u00bb QUE PRETENDE COMPETIR CON WIKIPEDIA<\/strong><\/span> y que se define como \u00absocial innovadora y de alto rendimiento que re\u00fane todos los formatos de informaci\u00f3n sobre un tema en particular en un centro de conocimiento central en su plataforma\u00bb. Fundada por el hind\u00fa <strong>Dinny \u03a1aul<\/strong>, que se califica como \u00abemprendedor visionario, GrowthHacker, codificador apasionado, wikipedista y experto en SEO\u00bb, esta enciclopedia aspira a ser \u00abla pr\u00f3xima gran transformaci\u00f3n en la forma en que los usuarios buscan, consumen y comparten informaci\u00f3n\u00bb, ya que <strong>Alchetron<\/strong> \u00abest\u00e1 preparado para revolucionar y organizar la informaci\u00f3n para que sea f\u00e1cilmente accesible para aquellos en la web. La enciclopedia social gratuita de <strong>Alchetron<\/strong> permite a los usuarios buscar, compartir e interactuar con contenido sobre millones de temas. Puedes buscar en Google cualquier cosa con <strong>Alchetron<\/strong>. Simplemente incluye Alchetron en tu consulta de b\u00fasqueda de <strong>Google<\/strong>\u00ab. Y en la entrada del videoartista Bill Viola, recientemente fallecido, se\u00f1ala: \u00abEn 2003,<strong> \u00abLas Pasiones\u00bb<\/strong> se exhibi\u00f3 en <strong>Los \u00c1ngeles, Londres, Madrid y Canberra<\/strong>. Se trataba de una importante colecci\u00f3n de obras en c\u00e1mara lenta y cargadas de emociones de Viola, inspiradas en las tradiciones de la pintura devocional del Renacimiento. La primera biograf\u00eda de Viola, titulada <strong>\u00abViola on V\u00eddeo\u00bb,<\/strong> fue escrita por <strong>Federico Utrera (Universidad Rey Juan Carlos)<\/strong> y publicada en Espa\u00f1a en 2011. <strong>Bill Viola Studio<\/strong> est\u00e1 dirigido por su esposa, <strong>Kira Perov,<\/strong> quien es la directora ejecutiva. Ha trabajado con Viola desde 1978 gestionando y ayudando a <strong>Viola<\/strong> con sus cintas de v\u00eddeo e instalaciones. Ella documenta su trabajo en progreso en el lugar. Todas las publicaciones del estudio son editadas por <strong>Perov<\/strong>\u00ab, indica la entrada de <a href=\"https:\/\/alchetron.com\/Bill-Viola#google_vignette\">Alchetron<\/a>.<\/p>\n<figure id=\"attachment_300660\" aria-describedby=\"caption-attachment-300660\" style=\"width: 331px\" class=\"wp-caption alignleft\"><a href=\"https:\/\/majadahondamagazin.es\/wp-content\/uploads\/2024\/08\/101.jpg\"><img loading=\"lazy\" decoding=\"async\" class=\" wp-image-300660\" src=\"https:\/\/majadahondamagazin.es\/wp-content\/uploads\/2024\/08\/101.jpg\" alt=\"\" width=\"331\" height=\"195\" \/><\/a><figcaption id=\"caption-attachment-300660\" class=\"wp-caption-text\">Casa de Am\u00e9rica (Madrid): Presentadoras de \u00abMemorias de Colombine\u00bb: Ana Botella (PP), Carmen Alborch (PSOE), Rosa Aguilar (IU), Gabriela Ca\u00f1as (El Pa\u00eds), Trinidad de Le\u00f3n Sotelo (ABC) y Carmen Gurruchaga (El Mundo). Federico Utrera (en el centro) dej\u00f3 una silla vac\u00eda en honor a Carmen de Burgos \u00abColombine\u00bb<\/figcaption><\/figure>\n<p><span style=\"color: #339966;\"><b>LA WEB DE ACADEMIA.EDU HA DADO A CONOCER EL SUPLEMENTO \u00abMOSAICO ITALIANO\u00bb DE \u00abCOMUNIT\u00c1 ITALIANA\u00bb, REVISTA DEL INSTITUTO ITALIANO DE CULTURA,<\/b><\/span> que recoge en su n\u00famero 167, A\u00f1o XIII el art\u00edculo <strong>\u00abLos poetas espa\u00f1oles y la poes\u00eda de Leopardi\u00bb<\/strong> (I poeti spagnoli e la poesia di Leopardi) escrito por <strong>Pedro Luis Ladr\u00f3n De Guevara Mellado<\/strong> (Universidad de Murcia-Spagna): \u00abNo hay ciclo de poes\u00eda espa\u00f1ola que no incluya una antolog\u00eda suya. Presentarlo como un poeta desconocido para los espa\u00f1oles s\u00f3lo demuestra el desconocimiento de quienes hacen tal afirmaci\u00f3n. <strong>Antonio Machado<\/strong> ya ten\u00eda en alta estima al poeta recanati y escribiendo a su querida Pilar de Valderrama (<strong>Guiomar)<\/strong> sobre los poetas de m\u00e9rito afirmaba: \u00abEs verdad, Leopardi, Heine y nuestros florentinos son antiguos, pero con ellos vas en buena compa\u00f1\u00eda\u00bb. Por su parte, <strong>Juan Ram\u00f3n Jim\u00e9nez, Premio Nobel de Literatura en 1956<\/strong>, conoc\u00eda la poes\u00eda de Leopardi y <strong>Carmen de Burgos, \u00abColombine\u00bb,<\/strong> le pidi\u00f3 la traducci\u00f3n de \u00ab<strong>Alla luna\u00bb<\/strong> para su monograf\u00eda sobre el poeta recanati. Al recibir este libro, <strong>Juan Ram\u00f3n<\/strong> escribe: \u00abHoy no es el d\u00eda adecuado para hablar detenidamente del libro. Como el pobre y gran Giacomo, el fr\u00edo invierno casi me paraliza y no hay muchos momentos que pueda aprovechar. Pero desde hoy os deseo de todo coraz\u00f3n lo mejor por el amor apasionado que sent\u00eds hacia el gran poeta de Recanati\u00bb, frases que recoge en una <a href=\"https:\/\/www.eldiariodemadrid.es\/articulo\/opinion\/paseo-intimo-juan-ramon-jimenez\/20240701102946076920.html\"><strong>nota<\/strong><\/a> en la que menciona a <strong>Federico Utrera<\/strong> por su libro <strong>\u00abMemorias de Colombine. La primera periodista\u00bb<\/strong> (Madrid, HMR Hijos de Muley Rubio, 1998, p. 189) donde fueron publicadas.<\/p>\n<figure id=\"attachment_150880\" aria-describedby=\"caption-attachment-150880\" style=\"width: 276px\" class=\"wp-caption alignleft\"><a href=\"https:\/\/majadahondamagazin.es\/wp-content\/uploads\/2019\/11\/download-7.jpg\"><img loading=\"lazy\" decoding=\"async\" class=\"size-full wp-image-150880\" src=\"https:\/\/majadahondamagazin.es\/wp-content\/uploads\/2019\/11\/download-7.jpg\" alt=\"\" width=\"276\" height=\"183\" \/><\/a><figcaption id=\"caption-attachment-150880\" class=\"wp-caption-text\">Federico Utrera con el poeta Leopoldo Mar\u00eda Panero en el Festival de Cine de Las Palmas<\/figcaption><\/figure>\n<p><span style=\"color: #339966;\"><b>FEDERICO UTRERA TAMBI\u00c9N ES AUTOR DEL LIBRO \u00abDESPU\u00c9S DE TANTOS DESENCANTOS. VIDA Y OBRA DE LOS PANERO\u00bb SOBRE LA SAGA DE POETAS LEONESES <\/b><\/span>y el peri\u00f3dico \u00ab<strong>Astorga Redacci\u00f3n<\/strong>\u00bb recoge otra noticia que lo menciona: \u00abCientos de intelectuales espa\u00f1oles firman un manifiesto en contra de convertir el <strong>Museo Casa Panero de Astorga<\/strong> en la \u2018Casa del Terror\u2019. Miembros de la Real Academia Espa\u00f1ola, el ex secretario de Estado del PP, <strong>Luis Alberto de Cuenca<\/strong>, el vicerrector de la <strong>Universidad Complutense de Madrid<\/strong>, o la ex directora de la <strong>Compa\u00f1\u00eda de Teatro Nacional<\/strong>, son s\u00f3lo algunos de los nombres del comunicado. La cr\u00edtica no se ha hecho esperar y ha trascendido lo estrictamente local. Si lo que buscaba el Ayuntamiento de <strong>Astorga<\/strong> para este Halloween era generar un ambiente t\u00e9trico, siniestro y terror\u00edfico, lo ha conseguido. Como todo parec\u00eda indicar tras la decisi\u00f3n del concejal de Fiestas, <strong>Borja Gonz\u00e1lez,<\/strong> de celebrar Halloween en el Museo Casa Panero incluso con la voz discordante del concejal de Cultura, Tom\u00e1s Valle (que en todo momento desestim\u00f3 la propuesta y refrenda el manifiesto), cientos de intelectuales de toda Espa\u00f1a han mostrado su indignaci\u00f3n ante lo que consideran \u201cun desprop\u00f3sito, que raya en la provocaci\u00f3n y el escarnio\u201d. En el comunicado, emitido por la <strong>Asociaci\u00f3n Amigos Casa Panero,<\/strong> no s\u00f3lo se reflejan los nombres de las ilustres f<strong>amilias Panero y Alonso Luengo<\/strong>, sino que forman parte de \u00e9l m\u00e1s de <a href=\"https:\/\/astorgaredaccion.com\/art\/34204\/cientos-de-intelectuales-espanoles-firman-un-manifiesto-en-contra-de-convertir-el-museo-casa-panero-de-astorga-en-la-casa-del-terror\">doscientos firmantes<\/a>\u00ab, entre los que se encuentra <strong>Federico Utrera.<\/strong><\/p>\n<figure id=\"attachment_300215\" aria-describedby=\"caption-attachment-300215\" style=\"width: 300px\" class=\"wp-caption alignleft\"><a href=\"https:\/\/majadahondamagazin.es\/wp-content\/uploads\/2024\/08\/trevijano-utrera.png\"><img loading=\"lazy\" decoding=\"async\" class=\"wp-image-300215 size-medium\" src=\"https:\/\/majadahondamagazin.es\/wp-content\/uploads\/2024\/08\/trevijano-utrera-300x135.png\" alt=\"\" width=\"300\" height=\"135\" \/><\/a><figcaption id=\"caption-attachment-300215\" class=\"wp-caption-text\">Federico Utrera con el polit\u00f3logo y pensador Antonio Garc\u00eda Trevijano en Somosaguas (Madrid): un art\u00edculo recoge uno de sus programas dedicado al \u00abdistrito electoral\u00bb como \u00abUnidad M\u00ednima de Poder y Futuro de la Democracia Espa\u00f1ola\u00bb<\/figcaption><\/figure>\n<p><span style=\"color: #339966;\"><b>POR \u00daLTIMO, BERNARDO RABASSA, QUE SE DEFINE COMO \u00abLIBREPENSADOR, MAESTRO NACIONAL, LICENCIADO Y DOCTOR EN FILOSOF\u00cdA Y LETRAS Y DIPLOMADO EN PSICOLOG\u00cdA INDUSTRIAL POR LA UNIVERSIDAD COMPLUTENSE DE MADRID\u00bb<\/b><\/span>, ha publicado este 23 mayo otro episodio de \u00abHistorias de mi vida liberal: la III Rep\u00fablica Constitucional\u00bb dedicado a \u00abLa Unidad M\u00ednima de Poder y el Futuro de la Democracia Espa\u00f1ola\u00bb. En el art\u00edculo que recoge la web \u00abEstrella Digital\u00bb recuerda que \u00aben una reciente <a href=\"https:\/\/www.diarioerc.com\/2012\/10\/25\/dialogos-de-somosaguas-lctv-continua-desvelando-el-contenido-teoria-pura-de-la-republica-ii\/\"><strong>emisi\u00f3n de \u00abLibertad Constituyente<\/strong><\/a>\u00bb, <strong>Federico Utrera y Antonio Garc\u00eda Trevijano<\/strong> abordaron una discusi\u00f3n profunda sobre el volumen digital de <strong>\u00abTeor\u00eda Pura de la Rep\u00fablica\u00bb<\/strong> publicado por Ediciones MCRC. Este primer libro ha sido reconocido por lectores y especialistas como uno de los mejores trabajos de <strong>Trevijano<\/strong>, destac\u00e1ndose por su rigor cient\u00edfico al analizar la pol\u00edtica. El aspecto m\u00e1s innovador de esta obra es el descubrimiento de la unidad m\u00ednima de poder: <strong>el distrito electoral<\/strong>. Este concepto es fundamental para construir una reflexi\u00f3n pol\u00edtica rigurosa y basada en principios cient\u00edficos, aline\u00e1ndose con las pr\u00e1cticas democr\u00e1ticas de la mayor\u00eda de los pa\u00edses del mundo, en contraposici\u00f3n con los sistemas de listas cerradas que fomentan el control olig\u00e1rquico\u00bb.<\/p>\n<figure id=\"attachment_300210\" aria-describedby=\"caption-attachment-300210\" style=\"width: 300px\" class=\"wp-caption alignleft\"><a href=\"https:\/\/majadahondamagazin.es\/wp-content\/uploads\/2024\/08\/Captura-de-pantalla-2024-08-12-a-las-18.16.17.png\"><img loading=\"lazy\" decoding=\"async\" class=\"wp-image-300210 size-medium\" src=\"https:\/\/majadahondamagazin.es\/wp-content\/uploads\/2024\/08\/Captura-de-pantalla-2024-08-12-a-las-18.16.17-300x130.png\" alt=\"\" width=\"300\" height=\"130\" \/><\/a><figcaption id=\"caption-attachment-300210\" class=\"wp-caption-text\">Antonio Garc\u00eda Trevijano en su estudio de Somosaguas (Madrid) con Federico Utrera<\/figcaption><\/figure>\n<p>\u00abLa idea de <strong>Trevijano<\/strong> subraya que el <strong>distrito electoral<\/strong> permite una representaci\u00f3n m\u00e1s aut\u00e9ntica y directa del electorado, eliminando intermediarios y pr\u00e1cticas que pueden distorsionar la voluntad popular. La adopci\u00f3n de distritos electorales no solo democratizar\u00eda m\u00e1s el proceso electoral, sino que tambi\u00e9n podr\u00eda revitalizar la pol\u00edtica espa\u00f1ola, haci\u00e9ndola m\u00e1s participativa y transparente. Adem\u00e1s, <strong>Trevijano y Utrera<\/strong> destacaron un <a href=\"https:\/\/www.youtube.com\/watch?v=Ip4Fh1ffsME\"><strong>segundo pilar crucial<\/strong> <\/a>para una democracia robusta: la elecci\u00f3n independiente de un Presidente Ejecutivo de la Rep\u00fablica. Este mecanismo garantizar\u00eda una clara separaci\u00f3n de poderes, especialmente del poder judicial, asegurando su independencia y, por ende, la justicia y equidad en el sistema. Implementar un sistema donde el Presidente Ejecutivo sea elegido de manera independiente de las legislativas aportar\u00eda varias ventajas. En primer lugar, se reducir\u00eda el riesgo de que el ejecutivo y el legislativo se vean dominados por un mismo grupo de poder, fomentando as\u00ed un equilibrio que favorezca el debate y la pluralidad\u00bb.<\/p>\n<p>\u00abEn segundo lugar, la independencia judicial se ver\u00eda reforzada, lo que es vital para la protecci\u00f3n de los derechos y libertades de los ciudadanos. Para que estos cambios sean efectivos y contribuyan a una cohesi\u00f3n nacional, es fundamental que la bandera que represente esta nueva estructura republicana, la roja y gualda, sea un s\u00edmbolo de unidad que abarque a todas las ideolog\u00edas: derecha, centro e izquierda. Esto evitar\u00eda la repetici\u00f3n de las divisiones hist\u00f3ricas que han marcado a Espa\u00f1a, aquellas \u00abDos Espa\u00f1as\u00bb que tan po\u00e9ticamente describi\u00f3 <strong>Antonio Machado:<\/strong> \u00abEspa\u00f1olito que vienes al mundo te guarde Dios, una de las dos Espa\u00f1as ha de helarte el coraz\u00f3n\u00bb. En conclusi\u00f3n, la propuesta de <strong>Antonio Garc\u00eda Trevijano,<\/strong> reforzada por el an\u00e1lisis de <strong>Federico Utrera<\/strong>, ofrece una hoja de ruta clara y viable hacia una democracia m\u00e1s genuina y efectiva en Espa\u00f1a. Adoptar distritos electorales y asegurar la elecci\u00f3n independiente del presidente ejecutivo son pasos decisivos hacia la modernizaci\u00f3n del sistema pol\u00edtico espa\u00f1ol. Esto, junto con una bandera que simbolice la unidad, podr\u00eda finalmente sanar las heridas del pasado y construir un futuro m\u00e1s justo y equitativo para todos los espa\u00f1oles. Naturalmente hoy, con la dictadura de <strong>Pedro S\u00e1nchez,<\/strong> que desea la rep\u00fablica mas que la monarqu\u00eda, resulta del todo inconveniente crear un <strong>III Rep\u00fablica Constitucional,<\/strong> por m\u00e1s que sea racional, pues Espa\u00f1a se hundir\u00eda en el abismo. Del caos al Cosmos, dif\u00edcil ser\u00eda poder hacerlo\u00bb, finaliza la <a href=\"https:\/\/www.estrelladigital.es\/opinion\/20240523\/historias-de-mi-vida-liberal-la-iii-republica-constitucional\/\">reflexi\u00f3n<\/a>.<\/p>\n<p>&nbsp;<\/p>\n<p>&nbsp;<\/p>\n<p>&nbsp;<\/p>\n","protected":false},"excerpt":{"rendered":"<p>MARIANA BENITO. Diversas publicaciones y art\u00edculos publicados o difundidos este a\u00f1o 2024 han recogido varios libros escritos o editados por Federico Utrera (Almer\u00eda, 1963), el escritor, editor, profesor y periodista residente en Majadahonda (Madrid), seg\u00fan han hecho llegar sus autores o editores a la redacci\u00f3n de este peri\u00f3dico este mes de agosto. As\u00ed, Mar\u00eda Pilar Cavero Montori, (Huesca, 1941) licenciada en Filosof\u00eda y Letras, secci\u00f3n Historia, en la Universidad de Zaragoza y Catedr\u00e1tica de Ense\u00f1anza Media en el Instituto de Arganda del Rey (Madrid), ha escrito en \u00abEl Diario de Madrid\u00bb un bello art\u00edculo publicado este 1 de julio titulado \u00abPaseo \u00edntimo con Juan Ram\u00f3n Jim\u00e9nez\u00ab. En el mismo resume<\/p>\n","protected":false},"author":1,"featured_media":0,"comment_status":"open","ping_status":"open","sticky":false,"template":"","format":"standard","meta":{"footnotes":""},"categories":[18,25,26,16,258,267,32],"tags":[44,83,142,63,515,71,514],"class_list":["post-2547","post","type-post","status-publish","format-standard","hentry","category-biblioteca-bill-viola","category-biblioteca-juan-ramon-jimenez","category-material-memoria","category-biblioteca-panero","category-clasicos-literarios","category-el-club-de-los-poetas-muertos","category-videoarte","tag-bill-viola-2","tag-colombine","tag-federico-utrera","tag-juan-ramon-jimenez","tag-leopardi","tag-panero","tag-trevijano"],"views":945,"_links":{"self":[{"href":"https:\/\/editorialhijosdemuleyrubio.com\/index.php?rest_route=\/wp\/v2\/posts\/2547","targetHints":{"allow":["GET"]}}],"collection":[{"href":"https:\/\/editorialhijosdemuleyrubio.com\/index.php?rest_route=\/wp\/v2\/posts"}],"about":[{"href":"https:\/\/editorialhijosdemuleyrubio.com\/index.php?rest_route=\/wp\/v2\/types\/post"}],"author":[{"embeddable":true,"href":"https:\/\/editorialhijosdemuleyrubio.com\/index.php?rest_route=\/wp\/v2\/users\/1"}],"replies":[{"embeddable":true,"href":"https:\/\/editorialhijosdemuleyrubio.com\/index.php?rest_route=%2Fwp%2Fv2%2Fcomments&post=2547"}],"version-history":[{"count":1,"href":"https:\/\/editorialhijosdemuleyrubio.com\/index.php?rest_route=\/wp\/v2\/posts\/2547\/revisions"}],"predecessor-version":[{"id":2548,"href":"https:\/\/editorialhijosdemuleyrubio.com\/index.php?rest_route=\/wp\/v2\/posts\/2547\/revisions\/2548"}],"wp:attachment":[{"href":"https:\/\/editorialhijosdemuleyrubio.com\/index.php?rest_route=%2Fwp%2Fv2%2Fmedia&parent=2547"}],"wp:term":[{"taxonomy":"category","embeddable":true,"href":"https:\/\/editorialhijosdemuleyrubio.com\/index.php?rest_route=%2Fwp%2Fv2%2Fcategories&post=2547"},{"taxonomy":"post_tag","embeddable":true,"href":"https:\/\/editorialhijosdemuleyrubio.com\/index.php?rest_route=%2Fwp%2Fv2%2Ftags&post=2547"}],"curies":[{"name":"wp","href":"https:\/\/api.w.org\/{rel}","templated":true}]}}