{"id":2550,"date":"2024-11-06T12:48:17","date_gmt":"2024-11-06T11:48:17","guid":{"rendered":"https:\/\/editorialhijosdemuleyrubio.com\/?p=2550"},"modified":"2024-11-06T12:48:45","modified_gmt":"2024-11-06T11:48:45","slug":"encuesta-en-eldiario-es-los-diez-libros-canarios-de-federico-utrera","status":"publish","type":"post","link":"https:\/\/editorialhijosdemuleyrubio.com\/?p=2550","title":{"rendered":"Encuesta en Eldiario.es: los diez libros canarios de Federico Utrera\u00a0"},"content":{"rendered":"\r\n<p><a href=\"https:\/\/editorialhijosdemuleyrubio.com\/wp-content\/uploads\/2024\/11\/0.jpg\"><img loading=\"lazy\" decoding=\"async\" class=\"alignleft size-medium wp-image-2551\" src=\"https:\/\/editorialhijosdemuleyrubio.com\/wp-content\/uploads\/2024\/11\/0-300x200.jpg\" alt=\"\" width=\"300\" height=\"200\" srcset=\"https:\/\/editorialhijosdemuleyrubio.com\/wp-content\/uploads\/2024\/11\/0-300x200.jpg 300w, https:\/\/editorialhijosdemuleyrubio.com\/wp-content\/uploads\/2024\/11\/0-1024x682.jpg 1024w, https:\/\/editorialhijosdemuleyrubio.com\/wp-content\/uploads\/2024\/11\/0-768x512.jpg 768w, https:\/\/editorialhijosdemuleyrubio.com\/wp-content\/uploads\/2024\/11\/0-1536x1023.jpg 1536w, https:\/\/editorialhijosdemuleyrubio.com\/wp-content\/uploads\/2024\/11\/0-1170x780.jpg 1170w, https:\/\/editorialhijosdemuleyrubio.com\/wp-content\/uploads\/2024\/11\/0.jpg 1600w\" sizes=\"auto, (max-width: 300px) 100vw, 300px\" \/><\/a>FEDERICO UTRERA. El escritor y periodista <strong>V\u00edctor Rodr\u00edguez Gago<\/strong> me ha invitado a participar en una encuesta elaborada entre 100 personas relacionadas con la creaci\u00f3n literaria y cient\u00edfica, acad\u00e9mica, cr\u00edtica, periodismo, edici\u00f3n, librer\u00edas y gesti\u00f3n cultural, para seleccionar los 50 libros canarios m\u00e1s destacados de los \u00faltimos 50 a\u00f1os (1975-2024). La consulta es un simple juego que sigue al ya realizado por \u00ab<strong>The New York Times<\/strong>\u00bb en este a\u00f1o 2024 para confeccionar una lista de los 100 mejores libros en lengua inglesa del siglo XXI. Coincid\u00ed con <strong>V\u00edctor Rodr\u00edguez Gago <\/strong>en los a\u00f1os mozos de una redacci\u00f3n legendaria como fue la del diario \u00abCanarias 7\u00bb de Las Palmas de Gran Canaria en los a\u00f1os ochenta del pasado siglo. J\u00f3venes y mayores periodistas con fuste literario como el propio Gago nos asombraban a los que entonces surc\u00e1bamos nuestra primera ignorancia, que dijo Cervantes. Eran todos ellos escritores de garra afilada y humor ingenioso que usaban sutilmente la met\u00e1fora y el adjetivo, recogiendo as\u00ed la tradici\u00f3n literaria de la prensa espa\u00f1ola que comenz\u00f3 Mariano Jos\u00e9 de Larra en Madrid y continuara <strong>Miguel Delibes<\/strong> en Valladolid: <strong>Vicente Llorca, Carlos Sosa, FJ. Chavanel, Crist\u00f3bal Pe\u00f1ate, Luis Socorro, Fernando Bruquetas o Paco Moreno<\/strong>, \u2013hoy encumbrado por m\u00e9ritos propios en la esfera audiovisual espa\u00f1ola\u2013, trat\u00e1bamos de superar con esfuerzo a ese enorme dinosaurio que era el peri\u00f3dico \u00abLa Provincia\u00bb, donde sobresal\u00eda la pluma del poeta <strong>Antonio Puente<\/strong>.<!--more--><\/p>\r\n\r\n\r\n\r\n<p>15 a\u00f1os despu\u00e9s me llega esta encuesta, que contestar\u00e9 as\u00e9pticamente, pero que dada su excepcionalidad, me ha animado a escribir aparte este obituario: para m\u00ed, que tambi\u00e9n fui curioso\u00a0 editor y periodista literario de papel, ahora reconvertido en digital, el libro y el periodismo cl\u00e1sico, en la era de internet, han muerto o est\u00e1n en penosa y ya larga fase de extremaunci\u00f3n, que probablemente coincida con la m\u00eda. La red supone una revoluci\u00f3n similar a la de la Imprenta en el siglo XV, con una divulgaci\u00f3n masiva del conocimiento y la informaci\u00f3n como supuso aquella extraordinaria \u00e9poca. Sin embargo, el env\u00e9s de esta novedosa moneda ha supuesto que los t\u00e9cnicos anal\u00f3gicos que antes eran los minuciosos monjes copistas de los antiguos Monasterios (peri\u00f3dicos y editoriales de papel) estan pasando a mejor vida. En esta etapa de transici\u00f3n, vuelve el periodismo precario e indigente que tan bien ilustraran los cervantinos <strong>Rinconete y Cortadillo<\/strong> o m\u00e1s modernamente ese \u00abpianista en el burdel\u00bb que glosara <strong>Juan Luis Cebri\u00e1n.<\/strong> Regresa la era de los iconos (emoticonos se llaman ahora con agudeza) que ya en el antiguo Egipto constitu\u00edan la caligraf\u00eda m\u00e1s popular y sencilla. Y junto con el desplazamiento del relato textual por el audiovisual, otro signo de nuestros tiempos, le han dado la puntilla a una era que, a mis 60 a\u00f1os, ya no siento irremediablemente como m\u00eda.<\/p>\r\n\r\n\r\n\r\n<p>As\u00ed que, puesto ya el pie en el estribo, con menos vida por vivir de la que ya he vivido, rebobinando \u2013y algunas veces tambi\u00e9n abominando\u2013 de un pasado m\u00e1s divertido que glorioso \u2013a mi generaci\u00f3n les marcaron los \u00abfelices ochenta\u00bb como a nuestros abuelos los \u00abfelices veinte\u00bb, con sus \u00abcracks\u00bb econ\u00f3micos incluidos (1929 y 2008)\u2013, repaso ahora mis 10 libros canarios acogi\u00e9ndome en \u00faltimo lugar y con cierta sorna a la autocita que generosamente permite <strong>V\u00edctor Gago<\/strong>. Con una salvedad: de mi escasa decena de vol\u00famenes escritos en papel con los que castigu\u00e9 a mis lectores, escrib\u00ed varios libros canarios (porque fueron editados en <strong>Las Palmas<\/strong>) y un par de ellos alcanzaron cierta fama: en el campo de la Pol\u00edtica, y quien sabe si quiz\u00e1s de la Historia, mi primerizo \u00ab<strong>Canarias Secreto de Estado\u00bb<\/strong> (episodios in\u00e9ditos de la Transici\u00f3n pol\u00edtica y militar en las islas) obtuvo alguna notoriedad y cerca de alcanzar los 30 a\u00f1os de vida (1996) me siguen pidiendo ejemplares (el \u00faltimo anteayer). Tambi\u00e9n se edit\u00f3 en Las Palmas \u00ab<strong>Despu\u00e9s de Tantos Desencantos<\/strong>\u00bb (<strong>Vida y obra Po\u00e9ticas de los Panero)<\/strong>, que coincidi\u00f3 con la estancia en <strong>Gran Canaria<\/strong> de aquel genio y trastornado creador llamado <strong>Leopoldo Mar\u00eda Panero, pero<\/strong> este tiene solo 15 a\u00f1os de recorrido y l\u00f3gicamente posee m\u00e1s trecho cuantitativo en la Pen\u00ednsula y cualitativo en las Islas. Son los \u00fanicos que podr\u00edan mencionarse, pero por el escaso pudor que a pesar de mis oficios p\u00fablicos todav\u00eda me queda, no los incluyo.<\/p>\r\n\r\n\r\n\r\n<p>Por ello, como suele decirse, ni est\u00e1n todos los que son ni son todos los que est\u00e1n. En mi selecci\u00f3n, la todav\u00eda cumbre literaria de don <strong>Benito P\u00e9rez Gald\u00f3s<\/strong> deber\u00eda sobresalir al menos con dos t\u00edtulos por sus dos \u00fanicas novelas mud\u00e9jares de los Episodios Nacionales. Se ha quedado fuera su \u00ab<strong>Carlos VI en la R\u00e1pita\u00bb <\/strong>por la econom\u00eda de espacios que me obliga a escoger solo una (\u00ab<strong>Aitta Tettuen<\/strong>\u00ab). Y en Arte faltar\u00eda alguna obra escrita de <strong>Manolo Millares<\/strong>, que he le\u00eddo salpicada entre pr\u00f3logos y poemarios, o de <strong>Juan Hidalgo<\/strong>, cuya escritura <strong>Zaj<\/strong> tampoco he acertado a encontrar en monograf\u00eda. Hubiera incluido a <strong>Tom\u00e1s de Iriarte<\/strong> por sus \u00ab<strong>F\u00e1bulas Literarias<\/strong>\u00bb (reedici\u00f3n) o a <strong>Alonso Quesada<\/strong> por su \u00abLino de los sue\u00f1os\u00bb pero por cuestiones literarias y biogr\u00e1ficas escog\u00ed finalmente al transgresor novelista <strong>Michel Houellebecq<\/strong>, al no menos controvertido dramaturgo <strong>Fernando Arrabal<\/strong> por sus libros titulados \u00ab<strong>Lanzarote<\/strong>\u00ab, y a <strong>Tom\u00e1s Morales<\/strong> por sus \u00abPoemas de la Gloria, del Amor y del Mar\u00bb, tan ligado a mis memorias de <strong>Carmen de Burgos \u00abColombine\u00bb<\/strong>, porque est\u00e1n tambi\u00e9n muy relacionados con mis peripecias vitales y literarias. El primero me cambi\u00f3 la vida cuando lo le\u00ed por azar en unas vacaciones en la isla de <strong>C\u00e9sar Manrique<\/strong>, artista con quien incluso trabaj\u00e9 al alim\u00f3n en la redacci\u00f3n de varios art\u00edculos, y el segundo me cost\u00f3 Dios y ayuda encontrarlo porque estaba editado en Suiza. Y he a\u00f1adido el \u201c<strong>Outing en Espa\u00f1a<\/strong>\u201d del historiador <strong>Fernando Bruquetas<\/strong> (ULPGC) con aquel legendario pr\u00f3logo en el que el ex ministro y presidente canario <strong>Jer\u00f3nimo Saavedra<\/strong> sali\u00f3 del armario, porque fue sin duda el fen\u00f3meno sociol\u00f3gico y literario m\u00e1s abrumador salido de las islas al inicio de siglo (a\u00f1o 2.000).<\/p>\r\n\r\n\r\n\r\n<p>Faltar\u00edan algunos m\u00e1s que mi quijotesca y abrumadora biblioteca, hoy arrumbada en desvanes y almacenes por culpa de forzadas mudanzas y traslados, los atesora en busca de un destino final m\u00e1s digno que el estercolero, que hoy el lenguaje pol\u00edticamente correcto denomina m\u00e1s decorosamente \u00abPunto Limpio\u00bb. Y como el sondeo admite los \u00ablibros favoritos o bien aquellos que, sin serlo, te parezcan los m\u00e1s influyentes\u00bb, y acepta la autorreferencia si existe \u00abun impacto remarcable entre sus contempor\u00e1neos\u00bb o si contribuye \u00abal autorretrato de los participantes a trav\u00e9s de sus gustos literarios en relaci\u00f3n con la tradici\u00f3n insular\u00bb, me he animado a incluir mi tercer otro libro m\u00edo \u00abcanario\u00bb. Est\u00e1 en el \u00faltimo lugar de la lista, aunque solo merecer\u00eda ubicarse en otra candidatura de los \u00ablibros menos influyentes\u00bb. Y apostando doble contra sencillo que no lo ha le\u00eddo nadie o casi nadie, siendo para m\u00ed el m\u00e1s apreciado, doy su t\u00edtulo: \u00ab<strong>Cordel de Extraviados<\/strong>\u00bb fue prologado por mis maestros <strong>Juan Goytisolo<\/strong>, <strong>Premio Cervantes<\/strong> \u2013que no se prodigaba en alabanzas y a\u00fan menos ajenas\u2013, y por el hist\u00f3rico cr\u00edtico de arte e historiador herre\u00f1o, <strong>Mat\u00edas D\u00edaz Padr\u00f3n<\/strong>, laureado conservador del <strong>Museo del Prado<\/strong>. Ese volumen recoge mis art\u00edculos sobre <strong>Literatura y Arte,<\/strong> lo menos malo que soy capaz de hacer que dir\u00eda <strong>Van Gogh<\/strong>, siendo mi despedida de dos d\u00e9cadas escribiendo sobre las Islas en un peri\u00f3dico que el editor <strong>Juan Francisco Garc\u00eda <\/strong>y su familia supieron sacar adelante con la determinaci\u00f3n de un oficio de titanes que tambi\u00e9n se extingue, y que por ello merecer\u00eda tambi\u00e9n alg\u00fan d\u00eda un homenaje.<\/p>\r\n\r\n\r\n\r\n<p><strong>10 LIBROS CANARIOS DE FEDERICO UTRERA<\/strong>: 1- Gald\u00f3s: \u00abAitta Tettauen\u00bb (reedici\u00f3n). 2-Michel Houellebecq: \u00abLanzarote\u00bb (novela). 3- \u00abLanzarote\u00bb de Fernando Arrabal (Poes\u00eda). 4-Andr\u00e9s S\u00e1nchez Robayna: \u00abCanarias. Las vanguardias hist\u00f3ricas\u00bb (ensayo). 5-Mat\u00edas D\u00edaz Padr\u00f3n: \u00abEscritos sobre Rubens\u00bb (Arte). 6-C\u00e9sar Manrique: \u00abArquitectura in\u00e9dita\u00bb (Arte). 7-Tom\u00e1s Morales: \u00abPoemas de la Gloria, del Amor y del Mar\u00bb (reedici\u00f3n). 8- Fernando Bruquetas: \u201cOuting en Espa\u00f1a\u201d (ensayo). 9-Antonio Puente: \u00abEl Sol en el suelo\u00bb (ensayo), 10- \u00abCordel de Extraviados\u00bb de Federico Utrera (ensayo).\u00a0<strong><a href=\"https:\/\/www.eldiario.es\/canariasahora\/canarias-opina\/diez-libros-canarios-federico-utrera_132_11767001.html\">Lea el art\u00edculo original en Eldiario.es pinchando aqu\u00ed.<\/a><\/strong><\/p>\r\n","protected":false},"excerpt":{"rendered":"<p>FEDERICO UTRERA. El escritor y periodista V\u00edctor Rodr\u00edguez Gago me ha invitado a participar en una encuesta elaborada entre 100 personas relacionadas con la creaci\u00f3n literaria y cient\u00edfica, acad\u00e9mica, cr\u00edtica, periodismo, edici\u00f3n, librer\u00edas y gesti\u00f3n cultural, para seleccionar los 50 libros canarios m\u00e1s destacados de los \u00faltimos 50 a\u00f1os (1975-2024). La consulta es un simple juego que sigue al ya realizado por \u00abThe New York Times\u00bb en este a\u00f1o 2024 para confeccionar una lista de los 100 mejores libros en lengua inglesa del siglo XXI. Coincid\u00ed con V\u00edctor Rodr\u00edguez Gago en los a\u00f1os mozos de una redacci\u00f3n legendaria como fue la del diario \u00abCanarias 7\u00bb de Las Palmas de Gran<\/p>\n","protected":false},"author":1,"featured_media":0,"comment_status":"open","ping_status":"open","sticky":false,"template":"","format":"standard","meta":{"footnotes":""},"categories":[258,259,30,23],"tags":[148,142,113],"class_list":["post-2550","post","type-post","status-publish","format-standard","hentry","category-clasicos-literarios","category-editores-2","category-librerias","category-noticias","tag-canarias","tag-federico-utrera","tag-libros"],"views":730,"_links":{"self":[{"href":"https:\/\/editorialhijosdemuleyrubio.com\/index.php?rest_route=\/wp\/v2\/posts\/2550","targetHints":{"allow":["GET"]}}],"collection":[{"href":"https:\/\/editorialhijosdemuleyrubio.com\/index.php?rest_route=\/wp\/v2\/posts"}],"about":[{"href":"https:\/\/editorialhijosdemuleyrubio.com\/index.php?rest_route=\/wp\/v2\/types\/post"}],"author":[{"embeddable":true,"href":"https:\/\/editorialhijosdemuleyrubio.com\/index.php?rest_route=\/wp\/v2\/users\/1"}],"replies":[{"embeddable":true,"href":"https:\/\/editorialhijosdemuleyrubio.com\/index.php?rest_route=%2Fwp%2Fv2%2Fcomments&post=2550"}],"version-history":[{"count":2,"href":"https:\/\/editorialhijosdemuleyrubio.com\/index.php?rest_route=\/wp\/v2\/posts\/2550\/revisions"}],"predecessor-version":[{"id":2553,"href":"https:\/\/editorialhijosdemuleyrubio.com\/index.php?rest_route=\/wp\/v2\/posts\/2550\/revisions\/2553"}],"wp:attachment":[{"href":"https:\/\/editorialhijosdemuleyrubio.com\/index.php?rest_route=%2Fwp%2Fv2%2Fmedia&parent=2550"}],"wp:term":[{"taxonomy":"category","embeddable":true,"href":"https:\/\/editorialhijosdemuleyrubio.com\/index.php?rest_route=%2Fwp%2Fv2%2Fcategories&post=2550"},{"taxonomy":"post_tag","embeddable":true,"href":"https:\/\/editorialhijosdemuleyrubio.com\/index.php?rest_route=%2Fwp%2Fv2%2Ftags&post=2550"}],"curies":[{"name":"wp","href":"https:\/\/api.w.org\/{rel}","templated":true}]}}