{"id":2558,"date":"2024-11-09T12:54:54","date_gmt":"2024-11-09T11:54:54","guid":{"rendered":"https:\/\/editorialhijosdemuleyrubio.com\/?p=2558"},"modified":"2024-11-09T12:54:54","modified_gmt":"2024-11-09T11:54:54","slug":"video-art-workshop-lorca-dali-bunuel-videoartists-given-by-dr-federico-utrera","status":"publish","type":"post","link":"https:\/\/editorialhijosdemuleyrubio.com\/?p=2558","title":{"rendered":"Video Art Workshop: Lorca, Dal\u00ed &#038; Bu\u00f1uel videoartists given by Dr. Federico Utrera"},"content":{"rendered":"<p><a href=\"https:\/\/editorialhijosdemuleyrubio.com\/wp-content\/uploads\/2024\/11\/ilustracion-english.jpg\"><img loading=\"lazy\" decoding=\"async\" class=\"alignleft size-medium wp-image-2559\" src=\"https:\/\/editorialhijosdemuleyrubio.com\/wp-content\/uploads\/2024\/11\/ilustracion-english-300x225.jpg\" alt=\"\" width=\"300\" height=\"225\" srcset=\"https:\/\/editorialhijosdemuleyrubio.com\/wp-content\/uploads\/2024\/11\/ilustracion-english-300x225.jpg 300w, https:\/\/editorialhijosdemuleyrubio.com\/wp-content\/uploads\/2024\/11\/ilustracion-english-768x576.jpg 768w, https:\/\/editorialhijosdemuleyrubio.com\/wp-content\/uploads\/2024\/11\/ilustracion-english.jpg 1024w\" sizes=\"auto, (max-width: 300px) 100vw, 300px\" \/><\/a>YOSOYFICAL.ES. November 18, 2024 11:00 a.m. to 1:00 p.m. The poet <strong>Federico Garc\u00eda Lorca<\/strong>, the painter <strong>Salvador Dal\u00ed<\/strong>, and the filmmaker <strong>Luis Bu\u00f1uel<\/strong> formed what has been called \u00abthe most fabulous friendly triangle of the 20th century.\u00bb Despite belonging to different artistic disciplines, all three made forays into video art even before this form of expression was \u00abinvented.\u00bb How was this possible? Through an interactive audiovisual workshop lasting three days and 9 hours, the <strong>International Film Festival of Almer\u00eda<\/strong> will analyze this fascinating connection by exploring the \u00abvideographic\u00bb productions of these renowned creators. Not only will the most recognized works be reviewed, such as Bu\u00f1uel and Dal\u00ed\u2019s \u201c<strong>Un perro andaluz<\/strong>\u201d and \u201c<strong>La Edad de Oro<\/strong>\u201d or Lorca\u2019s \u201c<strong>Viaje a la Luna<\/strong>\u201d but eight lesser-known productions will also be included that reveal the sometimes positive and sometimes negative interaction between these three artists, who have become key figures in 20th-century Spanish culture. Professor and Doctor of Audiovisual Communication, <strong>Federico Utrera<\/strong>, will take participants on a journey through time, uncovering the keys that gave rise to these astonishing audiovisual creations, which were contemporary to the birth of sound cinema and helped lay the foundations for video art from Spain.<!--more--><\/p>\n<p>In this edition, Professor <strong>Federico Utrera<\/strong> will present in the interactive audiovisual workshop the life and video art work of authors who still remain on the periphery of this discipline due to their inclusion in obscure areas of audiovisual historiography. Postgraduate lecturer in <strong>Audiovisual Communication<\/strong> at <strong>Next Educaci\u00f3n<\/strong> (Madrid). He was awarded an extraordinary prize for his doctoral thesis on <strong>Mass Media Art<\/strong> and is the author of the first biography and catalogue raisonn\u00e9 on the <strong>North American<\/strong> video artist <strong>Bill Viola<\/strong>. He has participated as a workshop and jury member in several international film and video art festivals and has been invited and accredited in different video art exhibitions in museums and art centres all over the world. <a href=\"https:\/\/www.dipalme.org\/Servicios\/cmsdipro\/index.nsf\/fiestas.xsp?p=dipalme&amp;documentId=A0D89418F7E73A46C1258BC700309D15\">Free registration here.<\/a><\/p>\n","protected":false},"excerpt":{"rendered":"<p>YOSOYFICAL.ES. November 18, 2024 11:00 a.m. to 1:00 p.m. The poet Federico Garc\u00eda Lorca, the painter Salvador Dal\u00ed, and the filmmaker Luis Bu\u00f1uel formed what has been called \u00abthe most fabulous friendly triangle of the 20th century.\u00bb Despite belonging to different artistic disciplines, all three made forays into video art even before this form of expression was \u00abinvented.\u00bb How was this possible? Through an interactive audiovisual workshop lasting three days and 9 hours, the International Film Festival of Almer\u00eda will analyze this fascinating connection by exploring the \u00abvideographic\u00bb productions of these renowned creators. Not only will the most recognized works be reviewed, such as Bu\u00f1uel and Dal\u00ed\u2019s \u201cUn perro andaluz\u201d<\/p>\n","protected":false},"author":1,"featured_media":0,"comment_status":"open","ping_status":"open","sticky":false,"template":"","format":"standard","meta":{"footnotes":""},"categories":[1],"tags":[288,142,517,516,304,519,518],"class_list":["post-2558","post","type-post","status-publish","format-standard","hentry","category-uncategorized","tag-federico-garcia-lorca","tag-federico-utrera","tag-international-film-festival-of-almeria","tag-luis-bunuel","tag-salvador-dali","tag-videoart","tag-videoartists"],"views":764,"_links":{"self":[{"href":"https:\/\/editorialhijosdemuleyrubio.com\/index.php?rest_route=\/wp\/v2\/posts\/2558","targetHints":{"allow":["GET"]}}],"collection":[{"href":"https:\/\/editorialhijosdemuleyrubio.com\/index.php?rest_route=\/wp\/v2\/posts"}],"about":[{"href":"https:\/\/editorialhijosdemuleyrubio.com\/index.php?rest_route=\/wp\/v2\/types\/post"}],"author":[{"embeddable":true,"href":"https:\/\/editorialhijosdemuleyrubio.com\/index.php?rest_route=\/wp\/v2\/users\/1"}],"replies":[{"embeddable":true,"href":"https:\/\/editorialhijosdemuleyrubio.com\/index.php?rest_route=%2Fwp%2Fv2%2Fcomments&post=2558"}],"version-history":[{"count":1,"href":"https:\/\/editorialhijosdemuleyrubio.com\/index.php?rest_route=\/wp\/v2\/posts\/2558\/revisions"}],"predecessor-version":[{"id":2560,"href":"https:\/\/editorialhijosdemuleyrubio.com\/index.php?rest_route=\/wp\/v2\/posts\/2558\/revisions\/2560"}],"wp:attachment":[{"href":"https:\/\/editorialhijosdemuleyrubio.com\/index.php?rest_route=%2Fwp%2Fv2%2Fmedia&parent=2558"}],"wp:term":[{"taxonomy":"category","embeddable":true,"href":"https:\/\/editorialhijosdemuleyrubio.com\/index.php?rest_route=%2Fwp%2Fv2%2Fcategories&post=2558"},{"taxonomy":"post_tag","embeddable":true,"href":"https:\/\/editorialhijosdemuleyrubio.com\/index.php?rest_route=%2Fwp%2Fv2%2Ftags&post=2558"}],"curies":[{"name":"wp","href":"https:\/\/api.w.org\/{rel}","templated":true}]}}