{"id":2561,"date":"2024-11-12T11:23:01","date_gmt":"2024-11-12T10:23:01","guid":{"rendered":"https:\/\/editorialhijosdemuleyrubio.com\/?p=2561"},"modified":"2024-11-12T11:30:20","modified_gmt":"2024-11-12T10:30:20","slug":"el-taller-de-videoarte-de-fical-2024-dedicado-a-lorca-dali-y-bunuel-videoartistas-se-presenta-tambien-en-madrid","status":"publish","type":"post","link":"https:\/\/editorialhijosdemuleyrubio.com\/?p=2561","title":{"rendered":"El Taller de Videoarte de FICAL 2024 dedicado a \u201cLorca, Dal\u00ed y Bu\u00f1uel videoartistas\u201d se presenta tambi\u00e9n en Madrid"},"content":{"rendered":"<figure id=\"attachment_2564\" aria-describedby=\"caption-attachment-2564\" style=\"width: 300px\" class=\"wp-caption alignleft\"><a href=\"https:\/\/editorialhijosdemuleyrubio.com\/wp-content\/uploads\/2024\/11\/9a057d33-45aa-4d1b-a821-179b5d9d6f9f.jpg\"><img loading=\"lazy\" decoding=\"async\" class=\"wp-image-2564 size-medium\" src=\"https:\/\/editorialhijosdemuleyrubio.com\/wp-content\/uploads\/2024\/11\/9a057d33-45aa-4d1b-a821-179b5d9d6f9f-300x205.jpg\" alt=\"\" width=\"300\" height=\"205\" srcset=\"https:\/\/editorialhijosdemuleyrubio.com\/wp-content\/uploads\/2024\/11\/9a057d33-45aa-4d1b-a821-179b5d9d6f9f-300x205.jpg 300w, https:\/\/editorialhijosdemuleyrubio.com\/wp-content\/uploads\/2024\/11\/9a057d33-45aa-4d1b-a821-179b5d9d6f9f-1024x700.jpg 1024w, https:\/\/editorialhijosdemuleyrubio.com\/wp-content\/uploads\/2024\/11\/9a057d33-45aa-4d1b-a821-179b5d9d6f9f-768x525.jpg 768w, https:\/\/editorialhijosdemuleyrubio.com\/wp-content\/uploads\/2024\/11\/9a057d33-45aa-4d1b-a821-179b5d9d6f9f-1536x1050.jpg 1536w, https:\/\/editorialhijosdemuleyrubio.com\/wp-content\/uploads\/2024\/11\/9a057d33-45aa-4d1b-a821-179b5d9d6f9f-1170x800.jpg 1170w, https:\/\/editorialhijosdemuleyrubio.com\/wp-content\/uploads\/2024\/11\/9a057d33-45aa-4d1b-a821-179b5d9d6f9f.jpg 1571w\" sizes=\"auto, (max-width: 300px) 100vw, 300px\" \/><\/a><figcaption id=\"caption-attachment-2564\" class=\"wp-caption-text\">Como presentadora y directora del programa &#8216;Historia de nuestro cine&#8217;, en La 2 de TVE, la periodista Elena S\u00e1nchez present\u00f3 el acto y se mostr\u00f3 muy interesada por el Taller de Videoarte de Federico Utrera<\/figcaption><\/figure>\n<p class=\"p1\">LIDIA GARCIA. \u201cEl Festival Internacional de Cine de Almer\u00eda, FICAL, vuelve a sorprender en su puesta de largo en Madrid. La XXIII edici\u00f3n del certamen audiovisual almeriense se present\u00f3 en la noche de este lunes 11 de noviembre (2024) en un multitudinario acto celebrado en la casa de uno de sus principales colaboradores, en el Espacio Movistar del Edificio Telef\u00f3nica, en la Gran V\u00eda madrile\u00f1a.\u00a0Al evento, presentado por la periodista Elena S\u00e1nchez, asisti\u00f3 una amplia representaci\u00f3n de los principales profesionales del sector audiovisual espa\u00f1ol entre los que se encontraban prestigiosos int\u00e9rpretes, directores, guionistas, productores\u2026, y otros profesionales de la industria que arroparon la presentaci\u00f3n de FICAL que este a\u00f1o se celebra del 15 al 24 de noviembre con una completa programaci\u00f3n con mas de cien actividades, todas gratuitas\u201d, informa la Diputaci\u00f3n de Almer\u00eda en una nota de prensa. FICAL cuenta desde hace 13 a\u00f1os con una secci\u00f3n de Videoarte que imparte en forma de Taller Audiovisual interactivo el profesor y Doctor en Comunicaci\u00f3n Audiovisual, Federico Utrera (Almer\u00eda, 1963), que dedica este a\u00f1o 2024 su edici\u00f3n a \u201cLorca, Dal\u00ed y Bu\u00f1uel, videoartistas\u201d.<!--more--><\/p>\n<p><iframe loading=\"lazy\" title=\"&quot;Lorca, Dal\u00ed y Bun\u0303uel videoartistas&quot;: Taller de Videoarte en el Festival de Cine de Almer\u00eda 2024\" width=\"640\" height=\"360\" src=\"https:\/\/www.youtube.com\/embed\/QG3LAcynP1Y?feature=oembed\" frameborder=\"0\" allow=\"accelerometer; autoplay; clipboard-write; encrypted-media; gyroscope; picture-in-picture; web-share\" referrerpolicy=\"strict-origin-when-cross-origin\" allowfullscreen><\/iframe><\/p>\n<figure id=\"attachment_2565\" aria-describedby=\"caption-attachment-2565\" style=\"width: 349px\" class=\"wp-caption alignleft\"><a href=\"https:\/\/editorialhijosdemuleyrubio.com\/wp-content\/uploads\/2024\/11\/52932b75-5103-40fc-bbb7-40c27831ebb5.jpg\"><img loading=\"lazy\" decoding=\"async\" class=\"wp-image-2565 \" src=\"https:\/\/editorialhijosdemuleyrubio.com\/wp-content\/uploads\/2024\/11\/52932b75-5103-40fc-bbb7-40c27831ebb5-300x191.jpg\" alt=\"\" width=\"349\" height=\"222\" srcset=\"https:\/\/editorialhijosdemuleyrubio.com\/wp-content\/uploads\/2024\/11\/52932b75-5103-40fc-bbb7-40c27831ebb5-300x191.jpg 300w, https:\/\/editorialhijosdemuleyrubio.com\/wp-content\/uploads\/2024\/11\/52932b75-5103-40fc-bbb7-40c27831ebb5-1024x653.jpg 1024w, https:\/\/editorialhijosdemuleyrubio.com\/wp-content\/uploads\/2024\/11\/52932b75-5103-40fc-bbb7-40c27831ebb5-768x490.jpg 768w, https:\/\/editorialhijosdemuleyrubio.com\/wp-content\/uploads\/2024\/11\/52932b75-5103-40fc-bbb7-40c27831ebb5-1170x746.jpg 1170w, https:\/\/editorialhijosdemuleyrubio.com\/wp-content\/uploads\/2024\/11\/52932b75-5103-40fc-bbb7-40c27831ebb5.jpg 1425w\" sizes=\"auto, (max-width: 349px) 100vw, 349px\" \/><\/a><figcaption id=\"caption-attachment-2565\" class=\"wp-caption-text\">El director del Festival, Enrique Iznaola, con Federico Utrera, en la presentaci\u00f3n madrile\u00f1a de FICAL 2024<\/figcaption><\/figure>\n<p class=\"p1\">En la presentaci\u00f3n intervenieron algunos de los protagonistas de FICAL como David Bermejo y Laura Ramos, showrunner y actriz de \u2018Entrev\u00edas\u2019, serie que recibir\u00e1 un premio de honor en FICAL; el director de \u2018\u00bfQui\u00e9n es qui\u00e9n?\u2019, Mart\u00edn Cuervo y el actor Antonio Lofer; y la guionista Marta Gonz\u00e1lez de Vega en representaci\u00f3n del jurado. Todos han destacado el epicentro que supone FICAL para las producciones audiovisuales y que se ha convertido en una cita ineludible para profesionales y aficionados. Entre las personalidades de la industria audiovisual que asistieron a la presentaci\u00f3n de FICAL en Madrid han estado el director Rodrigo Sorogoyen, el cineasta almeriense Manuel Mart\u00edn Cuenca, el director Antonio del Real, los int\u00e9rpretes Nacho Guerreros, Melanie Olivares, Raquel Mero\u00f1o, Helena Catani, Eva Almaya\u2026<\/p>\n<figure id=\"attachment_2563\" aria-describedby=\"caption-attachment-2563\" style=\"width: 300px\" class=\"wp-caption aligncenter\"><a href=\"https:\/\/editorialhijosdemuleyrubio.com\/wp-content\/uploads\/2024\/11\/8d53cdcc-d107-4263-aab4-a38cd0e8a038.jpg\"><img loading=\"lazy\" decoding=\"async\" class=\"wp-image-2563 size-medium\" src=\"https:\/\/editorialhijosdemuleyrubio.com\/wp-content\/uploads\/2024\/11\/8d53cdcc-d107-4263-aab4-a38cd0e8a038-300x230.jpg\" alt=\"\" width=\"300\" height=\"230\" srcset=\"https:\/\/editorialhijosdemuleyrubio.com\/wp-content\/uploads\/2024\/11\/8d53cdcc-d107-4263-aab4-a38cd0e8a038-300x230.jpg 300w, https:\/\/editorialhijosdemuleyrubio.com\/wp-content\/uploads\/2024\/11\/8d53cdcc-d107-4263-aab4-a38cd0e8a038-1024x785.jpg 1024w, https:\/\/editorialhijosdemuleyrubio.com\/wp-content\/uploads\/2024\/11\/8d53cdcc-d107-4263-aab4-a38cd0e8a038-768x589.jpg 768w, https:\/\/editorialhijosdemuleyrubio.com\/wp-content\/uploads\/2024\/11\/8d53cdcc-d107-4263-aab4-a38cd0e8a038-1170x897.jpg 1170w, https:\/\/editorialhijosdemuleyrubio.com\/wp-content\/uploads\/2024\/11\/8d53cdcc-d107-4263-aab4-a38cd0e8a038.jpg 1247w\" sizes=\"auto, (max-width: 300px) 100vw, 300px\" \/><\/a><figcaption id=\"caption-attachment-2563\" class=\"wp-caption-text\">El director de cine Mart\u00edn Cuenca con su hijo y Federico Utrera, todos almerienses, durante la presentaci\u00f3n de FICAL 2024 en Madrid<\/figcaption><\/figure>\n<figure id=\"attachment_2566\" aria-describedby=\"caption-attachment-2566\" style=\"width: 346px\" class=\"wp-caption alignleft\"><a href=\"https:\/\/editorialhijosdemuleyrubio.com\/wp-content\/uploads\/2024\/11\/370566bb-2e30-49ea-ab19-f78e2477a8bc.jpg\"><img loading=\"lazy\" decoding=\"async\" class=\"wp-image-2566 \" src=\"https:\/\/editorialhijosdemuleyrubio.com\/wp-content\/uploads\/2024\/11\/370566bb-2e30-49ea-ab19-f78e2477a8bc-300x201.jpg\" alt=\"\" width=\"346\" height=\"232\" srcset=\"https:\/\/editorialhijosdemuleyrubio.com\/wp-content\/uploads\/2024\/11\/370566bb-2e30-49ea-ab19-f78e2477a8bc-300x201.jpg 300w, https:\/\/editorialhijosdemuleyrubio.com\/wp-content\/uploads\/2024\/11\/370566bb-2e30-49ea-ab19-f78e2477a8bc-1024x685.jpg 1024w, https:\/\/editorialhijosdemuleyrubio.com\/wp-content\/uploads\/2024\/11\/370566bb-2e30-49ea-ab19-f78e2477a8bc-768x513.jpg 768w, https:\/\/editorialhijosdemuleyrubio.com\/wp-content\/uploads\/2024\/11\/370566bb-2e30-49ea-ab19-f78e2477a8bc-1536x1027.jpg 1536w, https:\/\/editorialhijosdemuleyrubio.com\/wp-content\/uploads\/2024\/11\/370566bb-2e30-49ea-ab19-f78e2477a8bc-1170x782.jpg 1170w, https:\/\/editorialhijosdemuleyrubio.com\/wp-content\/uploads\/2024\/11\/370566bb-2e30-49ea-ab19-f78e2477a8bc.jpg 1590w\" sizes=\"auto, (max-width: 346px) 100vw, 346px\" \/><\/a><figcaption id=\"caption-attachment-2566\" class=\"wp-caption-text\">El presentador de TVE Mois\u00e9s Rodr\u00edguez (Informe Semanal, Documentos TV y D\u00edas de Cine) tambi\u00e9n se interes\u00f3 por el Taller de Videoarte<\/figcaption><\/figure>\n<p class=\"p1\">El director del Festival, Enrique Iznaola, ha asegurado que FICAL se ha convertido en una cita fundamental no s\u00f3lo para Andaluc\u00eda, sino para todo el pa\u00eds. \u201cDurante 10 d\u00edas, los espectadores tendr\u00e1n ocasi\u00f3n de ver las mejores series, cortos y largometrajes de \u00d3pera Prima. Todo ello con actividades paralelas: Mesas redondas, conciertos y exposiciones. Su repercusi\u00f3n en la \u00faltima edici\u00f3n fue de 10 millones de euros, lo que demuestra que la apuesta de la Diputaci\u00f3n y el resto de las instituciones est\u00e1 m\u00e1s que rentabilizada. Y si ha crecido exponencialmente poco a poco es gracias al esfuerzo de 200 personas que de alguna u otra manera trabajan vinculadas al Festival\u201d. <a href=\"https:\/\/www.dipalme.org\/Servicios\/cmsdipro\/index.nsf\/fiestas.xsp?p=dipalme&amp;documentId=A0D89418F7E73A46C1258BC700309D15\">PARA INSCRIPCIONES EN EL TALLER DE VIDEOARTE PINCHAR AQUI.<\/a><\/p>\n","protected":false},"excerpt":{"rendered":"<p>LIDIA GARCIA. \u201cEl Festival Internacional de Cine de Almer\u00eda, FICAL, vuelve a sorprender en su puesta de largo en Madrid. La XXIII edici\u00f3n del certamen audiovisual almeriense se present\u00f3 en la noche de este lunes 11 de noviembre (2024) en un multitudinario acto celebrado en la casa de uno de sus principales colaboradores, en el Espacio Movistar del Edificio Telef\u00f3nica, en la Gran V\u00eda madrile\u00f1a.\u00a0Al evento, presentado por la periodista Elena S\u00e1nchez, asisti\u00f3 una amplia representaci\u00f3n de los principales profesionales del sector audiovisual espa\u00f1ol entre los que se encontraban prestigiosos int\u00e9rpretes, directores, guionistas, productores\u2026, y otros profesionales de la industria que arroparon la presentaci\u00f3n de FICAL que este a\u00f1o se<\/p>\n","protected":false},"author":1,"featured_media":0,"comment_status":"open","ping_status":"open","sticky":false,"template":"","format":"standard","meta":{"footnotes":""},"categories":[14,32,28],"tags":[521,384,142,477,523,520,45,522],"class_list":["post-2561","post","type-post","status-publish","format-standard","hentry","category-blog-de-videoarte","category-videoarte","category-videos","tag-bunuel","tag-dali","tag-federico-utrera","tag-festival-internacional-de-cine-de-almeria","tag-fical-2024","tag-lorca","tag-videoarte-2","tag-videoartistas"],"views":908,"_links":{"self":[{"href":"https:\/\/editorialhijosdemuleyrubio.com\/index.php?rest_route=\/wp\/v2\/posts\/2561","targetHints":{"allow":["GET"]}}],"collection":[{"href":"https:\/\/editorialhijosdemuleyrubio.com\/index.php?rest_route=\/wp\/v2\/posts"}],"about":[{"href":"https:\/\/editorialhijosdemuleyrubio.com\/index.php?rest_route=\/wp\/v2\/types\/post"}],"author":[{"embeddable":true,"href":"https:\/\/editorialhijosdemuleyrubio.com\/index.php?rest_route=\/wp\/v2\/users\/1"}],"replies":[{"embeddable":true,"href":"https:\/\/editorialhijosdemuleyrubio.com\/index.php?rest_route=%2Fwp%2Fv2%2Fcomments&post=2561"}],"version-history":[{"count":3,"href":"https:\/\/editorialhijosdemuleyrubio.com\/index.php?rest_route=\/wp\/v2\/posts\/2561\/revisions"}],"predecessor-version":[{"id":2569,"href":"https:\/\/editorialhijosdemuleyrubio.com\/index.php?rest_route=\/wp\/v2\/posts\/2561\/revisions\/2569"}],"wp:attachment":[{"href":"https:\/\/editorialhijosdemuleyrubio.com\/index.php?rest_route=%2Fwp%2Fv2%2Fmedia&parent=2561"}],"wp:term":[{"taxonomy":"category","embeddable":true,"href":"https:\/\/editorialhijosdemuleyrubio.com\/index.php?rest_route=%2Fwp%2Fv2%2Fcategories&post=2561"},{"taxonomy":"post_tag","embeddable":true,"href":"https:\/\/editorialhijosdemuleyrubio.com\/index.php?rest_route=%2Fwp%2Fv2%2Ftags&post=2561"}],"curies":[{"name":"wp","href":"https:\/\/api.w.org\/{rel}","templated":true}]}}