{"id":2571,"date":"2024-11-26T16:59:22","date_gmt":"2024-11-26T15:59:22","guid":{"rendered":"https:\/\/editorialhijosdemuleyrubio.com\/?p=2571"},"modified":"2024-12-03T10:00:59","modified_gmt":"2024-12-03T09:00:59","slug":"amplio-eco-en-los-medios-de-comunicacion-del-taller-de-videoarte-sobre-lorca-dali-y-bunuel-en-fical-2024","status":"publish","type":"post","link":"https:\/\/editorialhijosdemuleyrubio.com\/?p=2571","title":{"rendered":"Amplio eco en los medios de comunicaci\u00f3n del Taller de Videoarte sobre Lorca, Dal\u00ed y Bu\u00f1uel en FICAL 2024"},"content":{"rendered":"<p class=\"p1\"><a href=\"https:\/\/editorialhijosdemuleyrubio.com\/wp-content\/uploads\/2024\/11\/Foto-Familia.jpg\"><img loading=\"lazy\" decoding=\"async\" class=\"alignleft size-medium wp-image-2581\" src=\"https:\/\/editorialhijosdemuleyrubio.com\/wp-content\/uploads\/2024\/11\/Foto-Familia-300x225.jpg\" alt=\"\" width=\"300\" height=\"225\" srcset=\"https:\/\/editorialhijosdemuleyrubio.com\/wp-content\/uploads\/2024\/11\/Foto-Familia-300x225.jpg 300w, https:\/\/editorialhijosdemuleyrubio.com\/wp-content\/uploads\/2024\/11\/Foto-Familia-1024x768.jpg 1024w, https:\/\/editorialhijosdemuleyrubio.com\/wp-content\/uploads\/2024\/11\/Foto-Familia-768x576.jpg 768w, https:\/\/editorialhijosdemuleyrubio.com\/wp-content\/uploads\/2024\/11\/Foto-Familia-1536x1152.jpg 1536w, https:\/\/editorialhijosdemuleyrubio.com\/wp-content\/uploads\/2024\/11\/Foto-Familia-1170x878.jpg 1170w, https:\/\/editorialhijosdemuleyrubio.com\/wp-content\/uploads\/2024\/11\/Foto-Familia.jpg 1984w\" sizes=\"auto, (max-width: 300px) 100vw, 300px\" \/><\/a>MANU RAMOS. Televisiones como Tele 5 (Ruth M\u00e9ndez), TVE (Mois\u00e9s Rodr\u00edguez), Canal Sur (Lola L\u00f3pez) y Canal 7 (Cristina Barrero), radios como Canal Sur (Mar\u00eda Jesus Recio), Dipalme Radio (Asunci\u00f3n Quir\u00f3s, Pepe Cuenca, Juan Antonio Cort\u00e9s) agencias como Europa Press y Efe y prensa como La Voz de Almer\u00eda, Ideal y Diario de Almer\u00eda se hicieron eco del Taller de Videoarte que en esta edici\u00f3n de 2024 celebrada del lunes 18 al mi\u00e9rcoles 20 de noviembre en los salones de Unicaja del Paseo de Almer\u00eda realiz\u00f3 el profesor y doctor en Comunicaci\u00f3n Audiovisual, Federico Utrera (Almer\u00eda, 1963) en su d\u00e9cimo tercera edici\u00f3n. Con 25 alumnos acreditados y la asistencia desde su Secretar\u00eda de Beatriz Oliver (Diputaci\u00f3n de Almer\u00eda), esta edici\u00f3n bati\u00f3 todos los r\u00e9cords en cuanto a impacto, quiz\u00e1s por tener como protagonistas a tres precursores del \u00abvideoarte\u00bb en Espa\u00f1a: \u00abFederico Garc\u00eda Lorca, Salvador Dal\u00ed y Luis Bu\u00f1uel, videoartistas\u00bb, que as\u00ed se titulaba la masterclass. La secci\u00f3n de videoarte de FICAL hab\u00eda tenido antes como monograf\u00edas a Nam June Paik (Corea), Wolf Vostell (Alemania), Yoko Ono (Jap\u00f3n), Bill Viola (EE.UU), Fernando Arrabal (Espa\u00f1a), Julian Rosefeldt (Alemania), Michel Houellebecq (Francia), Josep Beuys (Alemania), Charlotte Moorman (EE.UU), Pedro Garhel (Espa\u00f1a) o John Lennon (Inglaterra). Este es un resumen de las referencias period\u00edsticas de este a\u00f1o.<!--more--><\/p>\n<p class=\"p1\"><span style=\"color: #008000;\"><strong><a href=\"https:\/\/editorialhijosdemuleyrubio.com\/wp-content\/uploads\/2024\/11\/467501708_994553129377841_6675815801800150687_n.jpg\"><img loading=\"lazy\" decoding=\"async\" class=\"alignleft size-medium wp-image-2580\" src=\"https:\/\/editorialhijosdemuleyrubio.com\/wp-content\/uploads\/2024\/11\/467501708_994553129377841_6675815801800150687_n-300x200.jpg\" alt=\"\" width=\"300\" height=\"200\" srcset=\"https:\/\/editorialhijosdemuleyrubio.com\/wp-content\/uploads\/2024\/11\/467501708_994553129377841_6675815801800150687_n-300x200.jpg 300w, https:\/\/editorialhijosdemuleyrubio.com\/wp-content\/uploads\/2024\/11\/467501708_994553129377841_6675815801800150687_n-1024x683.jpg 1024w, https:\/\/editorialhijosdemuleyrubio.com\/wp-content\/uploads\/2024\/11\/467501708_994553129377841_6675815801800150687_n-768x512.jpg 768w, https:\/\/editorialhijosdemuleyrubio.com\/wp-content\/uploads\/2024\/11\/467501708_994553129377841_6675815801800150687_n-1170x780.jpg 1170w, https:\/\/editorialhijosdemuleyrubio.com\/wp-content\/uploads\/2024\/11\/467501708_994553129377841_6675815801800150687_n.jpg 1440w\" sizes=\"auto, (max-width: 300px) 100vw, 300px\" \/><\/a>TELE 5\/ EUROPA PRESS<\/strong><\/span> <a href=\"https:\/\/www.telecinco.es\/noticias\/cultura\/20241114\/festival-cine-almeria-analiza-amistad-dali-lorca-bunuel_18_014014674.html\">(14\/11\/2024<\/a>). Informativos Telecinco \/ Ruth M\u00e9ndez\/ Europa Press. Imagen: Adri\u00e1n Alonso. El Festival de Cine de Almer\u00eda analiza la amistad entre Salvador Dal\u00ed, Federico Garc\u00eda Lorca y Luis Bu\u00f1uel. El Fical recoge en un taller la relaci\u00f3n y la influencia entre Dal\u00ed, Lorca y Bu\u00f1uel.<span class=\"Apple-converted-space\">\u00a0 <\/span>El Festival de Cine de Almer\u00eda analizar\u00e1 la amistad entre Dal\u00ed, Lorca y Bu\u00f1uel. Dal\u00ed, Lorca y Bu\u00f1uel se conocieron en Madrid con apenas 20 a\u00f1os, cuando derrochaban m\u00e1s creatividad que dinero. \u00abInventaron el videoarte antes de que irrumpieran las nuevas tecnolog\u00edas\u00bb, dice Federico Utrera, quien imparte el taller. El Festival Internacional de Cine de Almer\u00eda (Fical), que ha fortalecido su papel como antesala de los galardones nacionales m\u00e1s importantes del s\u00e9ptimo arte, los Premios Goya, ha presentado esta semana su XXIII edici\u00f3n en un acto celebrado en la Gran V\u00eda madrile\u00f1a. En la cita cinematogr\u00e1fica se habla este a\u00f1o sobre el tr\u00edo de amigos hist\u00f3rico e irrepetible que formaron Salvador Dal\u00ed, Federico Garc\u00eda Lorca y Luis Bu\u00f1uel. Una residencia de estudiantes de la capital espa\u00f1ola fue testigo de esa relaci\u00f3n c\u00f3smica. Se conocieron con apenas 20 a\u00f1os, cuando derrochaban m\u00e1s creatividad que dinero. \u00abDal\u00ed no vend\u00eda ni un cuadro, la poes\u00eda de Lorca ni siquiera se publicaba y Bu\u00f1uel dilapid\u00f3 la fortuna de su familia\u00bb, explica Federico Utrera, quien imparte el taller sobre los tres artistas.<\/p>\n<p><iframe loading=\"lazy\" title=\"Taller de Videoarte sobre Lorca, Dal\u00ed y Bu\u00f1uel (FICAL 2024), noticia en TVE, Canal Sur y Tele 5\" width=\"640\" height=\"360\" src=\"https:\/\/www.youtube.com\/embed\/vu0HRFwR4QA?feature=oembed\" frameborder=\"0\" allow=\"accelerometer; autoplay; clipboard-write; encrypted-media; gyroscope; picture-in-picture; web-share\" referrerpolicy=\"strict-origin-when-cross-origin\" allowfullscreen><\/iframe><\/p>\n<p class=\"p1\"><span style=\"color: #008000;\"><strong><a href=\"https:\/\/editorialhijosdemuleyrubio.com\/wp-content\/uploads\/2024\/11\/467395583_994553119377842_3150272909225386741_n.jpg\"><img loading=\"lazy\" decoding=\"async\" class=\"alignleft size-medium wp-image-2579\" src=\"https:\/\/editorialhijosdemuleyrubio.com\/wp-content\/uploads\/2024\/11\/467395583_994553119377842_3150272909225386741_n-300x200.jpg\" alt=\"\" width=\"300\" height=\"200\" srcset=\"https:\/\/editorialhijosdemuleyrubio.com\/wp-content\/uploads\/2024\/11\/467395583_994553119377842_3150272909225386741_n-300x200.jpg 300w, https:\/\/editorialhijosdemuleyrubio.com\/wp-content\/uploads\/2024\/11\/467395583_994553119377842_3150272909225386741_n-1024x683.jpg 1024w, https:\/\/editorialhijosdemuleyrubio.com\/wp-content\/uploads\/2024\/11\/467395583_994553119377842_3150272909225386741_n-768x512.jpg 768w, https:\/\/editorialhijosdemuleyrubio.com\/wp-content\/uploads\/2024\/11\/467395583_994553119377842_3150272909225386741_n-1170x780.jpg 1170w, https:\/\/editorialhijosdemuleyrubio.com\/wp-content\/uploads\/2024\/11\/467395583_994553119377842_3150272909225386741_n.jpg 1440w\" sizes=\"auto, (max-width: 300px) 100vw, 300px\" \/><\/a>IDEAL.<\/strong><\/span> M. P. M. Lunes, <a href=\"https:\/\/www.ideal.es\/culturas\/almeria\/lorca-dali-bunuel-centran-taller-videoarte-fical-20241118181707-nt.html\">18 de noviembre 2024<\/a>. Amor y desamor entre Dal\u00ed y Lorca. Adem\u00e1s de sus rivalidades, se tratar\u00e1 el amor y el desamor en el caso de Dal\u00ed y Lorca. \u00abHay momentos de erotismo entre los dos que ninguno ocult\u00f3\u00bb, se\u00f1ala Utrera, quien a\u00f1ade que \u00abinventaron el videoarte antes de que irrumpieran las nuevas tecnolog\u00edas\u00bb. El certamen en la ciudad andaluza ofrece en 2024 m\u00e1s de cien actividades, todas de car\u00e1cter gratuito, en varios escenarios emblem\u00e1ticos de la ciudad. Tambi\u00e9n cuenta con actividades en diferentes pueblos de la provincia. El presidente de la Diputaci\u00f3n de Almer\u00eda, Javier A. Garc\u00eda, ha puesto de relieve que \u00abel cine forma parte del ADN de los almerienses y el festival manifiesta la magia de esta especial relaci\u00f3n que se remonta a m\u00e1s de 70 a\u00f1os de rodajes\u00bb. \u00abHemos sido escenario de algunas de las mejores pel\u00edculas de la historia y Fical rememora ese legado fusion\u00e1ndolo con el presente y el futuro de la provincia como tierra de cine\u00bb, ha resaltado.<\/p>\n<p class=\"p1\"><a href=\"https:\/\/editorialhijosdemuleyrubio.com\/wp-content\/uploads\/2024\/11\/2b7dd572-9b84-4cc2-ad26-2baf301d5443.jpg\"><img loading=\"lazy\" decoding=\"async\" class=\"alignleft size-medium wp-image-2582\" src=\"https:\/\/editorialhijosdemuleyrubio.com\/wp-content\/uploads\/2024\/11\/2b7dd572-9b84-4cc2-ad26-2baf301d5443-300x225.jpg\" alt=\"\" width=\"300\" height=\"225\" srcset=\"https:\/\/editorialhijosdemuleyrubio.com\/wp-content\/uploads\/2024\/11\/2b7dd572-9b84-4cc2-ad26-2baf301d5443-300x225.jpg 300w, https:\/\/editorialhijosdemuleyrubio.com\/wp-content\/uploads\/2024\/11\/2b7dd572-9b84-4cc2-ad26-2baf301d5443-1024x768.jpg 1024w, https:\/\/editorialhijosdemuleyrubio.com\/wp-content\/uploads\/2024\/11\/2b7dd572-9b84-4cc2-ad26-2baf301d5443-768x576.jpg 768w, https:\/\/editorialhijosdemuleyrubio.com\/wp-content\/uploads\/2024\/11\/2b7dd572-9b84-4cc2-ad26-2baf301d5443-1536x1152.jpg 1536w, https:\/\/editorialhijosdemuleyrubio.com\/wp-content\/uploads\/2024\/11\/2b7dd572-9b84-4cc2-ad26-2baf301d5443-1170x878.jpg 1170w, https:\/\/editorialhijosdemuleyrubio.com\/wp-content\/uploads\/2024\/11\/2b7dd572-9b84-4cc2-ad26-2baf301d5443.jpg 1600w\" sizes=\"auto, (max-width: 300px) 100vw, 300px\" \/><\/a>Lorca, Dal\u00ed y Bu\u00f1uel centran el Taller de Videoarte de Fical. &#8216;Un perro andaluz&#8217; y &#8216;La edad de oro&#8217;, firmadas por el pintor y el cineasta; y &#8216;Un viaje a la Luna&#8217;, del poeta granadino, ejemplos de la inmersi\u00f3n de los tres genios en esta disciplina art\u00edstica. La edici\u00f3n n\u00famero trece del Taller de Videoarte de Fical se ha adentrado en tres grandes genios, el poeta Federico Garc\u00eda Lorca, el pintor Salvador Dal\u00ed y el cineasta Luis Bu\u00f1uel, y su confluencia en una disciplina videoart\u00edstica, poco habitual para ellos, pero en la que han realizado interesantes incursiones. Y se har\u00e1 a lo largo de tres d\u00edas y nueve horas, de la mano de Federico Utrera, profesor de posgrado en Comunicaci\u00f3n Audiovisual en Next Educaci\u00f3n (Madrid) y uno de los grandes expertos en la materia, en el Centro Cultura Fundaci\u00f3n Unicaja de Almer\u00eda.<\/p>\n<p class=\"p1\"><a href=\"https:\/\/editorialhijosdemuleyrubio.com\/wp-content\/uploads\/2024\/11\/Portada-Noticia-Ideal.png\"><img loading=\"lazy\" decoding=\"async\" class=\"alignleft size-medium wp-image-2572\" src=\"https:\/\/editorialhijosdemuleyrubio.com\/wp-content\/uploads\/2024\/11\/Portada-Noticia-Ideal-288x300.png\" alt=\"\" width=\"288\" height=\"300\" srcset=\"https:\/\/editorialhijosdemuleyrubio.com\/wp-content\/uploads\/2024\/11\/Portada-Noticia-Ideal-288x300.png 288w, https:\/\/editorialhijosdemuleyrubio.com\/wp-content\/uploads\/2024\/11\/Portada-Noticia-Ideal-768x799.png 768w, https:\/\/editorialhijosdemuleyrubio.com\/wp-content\/uploads\/2024\/11\/Portada-Noticia-Ideal.png 984w\" sizes=\"auto, (max-width: 288px) 100vw, 288px\" \/><\/a>\u00abSon los tres representantes m\u00e1s importantes de la edad de plata de la cultura espa\u00f1ola, y que confluyeron en sus pr\u00e1cticas videoart\u00edsticas: &#8216;Un perro andaluz&#8217; y &#8216;La edad de oro&#8217;, que hicieron Dal\u00ed y Bu\u00f1uel, y &#8216;Un viaje a la Luna&#8217;, de Garc\u00eda Lorca. \u00c9stas son las piezas fundamentales, pero tambi\u00e9n cada uno de ellos hicieron sus peque\u00f1as incursiones. Dal\u00ed hizo hasta nueve piezas de videoarte que est\u00e1 conceptuadas como tal. Garc\u00eda Lorca dej\u00f3 escrito un gui\u00f3n que a\u00fan no se ha desarrollado del todo. Y Luis Bu\u00f1uel incorpor\u00f3 a sus pel\u00edculas parte de esa pr\u00e1ctica videoart\u00edstica: la c\u00e1mara lenta y r\u00e1pida, el primer plano, poder jugar con el tiempo en la imagen, en todo eso Bu\u00f1uel es pionero en videoarte\u00bb, ha explicado Federico Utrera. Los participantes tambi\u00e9n descubrir\u00e1n en esta actividad las caracter\u00edsticas comunes en su trabajo en videoarte de los tres genios: \u00abSustituyen el pincel por la c\u00e1mara de televisi\u00f3n, el lienzo por la pantalla y el color de la paleta del artista por el tiempo, y lo llevan de manera genial\u00bb. El poeta Federico Garc\u00eda Lorca, el pintor Salvador Dal\u00ed y el cineasta Luis Bu\u00f1uel, conformaron lo que ha sido denominado &#8216;el tri\u00e1ngulo amistoso m\u00e1s fabuloso del siglo XX&#8217;. A pesar de pertenecer a disciplinas art\u00edsticas distintas, realizaron incursiones en el videoarte incluso antes de que esta forma de expresi\u00f3n se &#8216;inventara&#8217;.<\/p>\n<p class=\"p1\"><span style=\"color: #008000;\"><strong><a href=\"https:\/\/editorialhijosdemuleyrubio.com\/wp-content\/uploads\/2024\/11\/Portada-Noticia-LVA.png\"><img loading=\"lazy\" decoding=\"async\" class=\"alignleft  wp-image-2574\" src=\"https:\/\/editorialhijosdemuleyrubio.com\/wp-content\/uploads\/2024\/11\/Portada-Noticia-LVA-300x245.png\" alt=\"\" width=\"358\" height=\"292\" srcset=\"https:\/\/editorialhijosdemuleyrubio.com\/wp-content\/uploads\/2024\/11\/Portada-Noticia-LVA-300x245.png 300w, https:\/\/editorialhijosdemuleyrubio.com\/wp-content\/uploads\/2024\/11\/Portada-Noticia-LVA-768x628.png 768w, https:\/\/editorialhijosdemuleyrubio.com\/wp-content\/uploads\/2024\/11\/Portada-Noticia-LVA.png 1024w\" sizes=\"auto, (max-width: 358px) 100vw, 358px\" \/><\/a>LA VOZ DE ALMERIA.<\/strong><\/span> Nuria Pascual. <a href=\"https:\/\/www.lavozdealmeria.com\/noticia\/409\/series-y-tv\/283305\/el-festival-de-cine-de-almeria-aborda-la-historia-de-amor-entre-dali-y-lorca\">16 nov. 2024<\/a>. El Festival de Cine de Almer\u00eda aborda la historia de amor entre Dal\u00ed y Lorca. Federico Utrera es el encargo del taller que profundiza en su relaci\u00f3n y la amistad con Bu\u00f1uel. El Festival Internacional de Cine de Almer\u00eda (Fical) contin\u00faa consolid\u00e1ndose como un evento clave antes de los Premios Goya, los galardones m\u00e1s importantes del cine espa\u00f1ol. En la cita cinematogr\u00e1fica se habla este a\u00f1o del v\u00ednculo \u00fanico entre Salvador Dal\u00ed, Federico Garc\u00eda Lorca y Luis Bu\u00f1uel, tres genios de la cultura que, en sus primeros a\u00f1os, vivieron su juventud en una residencia. estudiantil de la capital. La relaci\u00f3n de estos artistas, cuando apenas ten\u00edan 20 a\u00f1os, ser\u00e1 el hilo conductor de la cita cinematogr\u00e1fica. En ese tiempo, los tres brillaban por su creatividad, aunque no por su \u00e9xito econ\u00f3mico. \u00abDal\u00ed no vend\u00eda ni un solo cuadro, la poes\u00eda de Lorca no se publicaba, y Bu\u00f1uel hab\u00eda dilapidado la fortuna familiar\u00bb, explica Federico Utrera, encargado del taller que profundiza en su historia. Esta din\u00e1mica marcar\u00e1 la exploraci\u00f3n del festival sobre los v\u00ednculos de amistad, rivalidad y la inmensa creatividad de este tr\u00edo irrepetible.<\/p>\n<p class=\"p1\"><a href=\"https:\/\/editorialhijosdemuleyrubio.com\/wp-content\/uploads\/2024\/11\/LVA.jpg\"><img loading=\"lazy\" decoding=\"async\" class=\"alignleft size-medium wp-image-2577\" src=\"https:\/\/editorialhijosdemuleyrubio.com\/wp-content\/uploads\/2024\/11\/LVA-225x300.jpg\" alt=\"\" width=\"225\" height=\"300\" srcset=\"https:\/\/editorialhijosdemuleyrubio.com\/wp-content\/uploads\/2024\/11\/LVA-225x300.jpg 225w, https:\/\/editorialhijosdemuleyrubio.com\/wp-content\/uploads\/2024\/11\/LVA-768x1024.jpg 768w, https:\/\/editorialhijosdemuleyrubio.com\/wp-content\/uploads\/2024\/11\/LVA-1152x1536.jpg 1152w, https:\/\/editorialhijosdemuleyrubio.com\/wp-content\/uploads\/2024\/11\/LVA-1170x1560.jpg 1170w, https:\/\/editorialhijosdemuleyrubio.com\/wp-content\/uploads\/2024\/11\/LVA.jpg 1200w\" sizes=\"auto, (max-width: 225px) 100vw, 225px\" \/><\/a>La historia de amor y desamor entre Dal\u00ed y Lorca. Uno de los aspectos m\u00e1s intrigantes que se abordar\u00e1 es la relaci\u00f3n amorosa y desamorosa entre Dal\u00ed y Lorca. Seg\u00fan Utrera, \u00abhubo momentos de erotismo entre ellos que nunca trataron de ocultar\u00bb. Adem\u00e1s, resalta c\u00f3mo los tres artistas fueron pioneros en campos como el videoarte, mucho antes de la llegada de las nuevas tecnolog\u00edas. Fical 2024 se celebrar\u00e1 con m\u00e1s de cien actividades, todas gratuitas, repartidas en varios de los principales escenarios de Almer\u00eda y otros municipios cercanos. Este certamen, que ofrece un programa cultural diverso, pone en valor la importancia hist\u00f3rica y cultural del cine en la regi\u00f3n. Javier A. Garc\u00eda, presidente de la Diputaci\u00f3n de Almer\u00eda, destac\u00f3 el papel fundamental del cine en la identidad local. \u00abEl cine forma parte del ADN de los almerienses y el festival celebra m\u00e1s de 70 a\u00f1os de rodajes en nuestra tierra\u00bb, subray\u00f3. Fical no solo homenajea ese legado, sino que tambi\u00e9n proyecta el futuro de la provincia como un referente cinematogr\u00e1fico.<\/p>\n<p class=\"p1\"><span style=\"color: #008000;\"><strong><a href=\"https:\/\/editorialhijosdemuleyrubio.com\/wp-content\/uploads\/2024\/11\/Portada-Radio-Dipalme.png\"><img loading=\"lazy\" decoding=\"async\" class=\"alignleft size-medium wp-image-2575\" src=\"https:\/\/editorialhijosdemuleyrubio.com\/wp-content\/uploads\/2024\/11\/Portada-Radio-Dipalme-300x267.png\" alt=\"\" width=\"300\" height=\"267\" srcset=\"https:\/\/editorialhijosdemuleyrubio.com\/wp-content\/uploads\/2024\/11\/Portada-Radio-Dipalme-300x267.png 300w, https:\/\/editorialhijosdemuleyrubio.com\/wp-content\/uploads\/2024\/11\/Portada-Radio-Dipalme-768x683.png 768w, https:\/\/editorialhijosdemuleyrubio.com\/wp-content\/uploads\/2024\/11\/Portada-Radio-Dipalme.png 1024w\" sizes=\"auto, (max-width: 300px) 100vw, 300px\" \/><\/a>DIPALME. ORG.<\/strong><\/span> Juan Antonio Cort\u00e9s. <a href=\"https:\/\/radio.dipalme.org\/noticias\/federico-utrera-propone-en-fical-un-viaje-los-origenes-del-videoarte-con-lorca-dali-y\">Noviembre 18, 2024<\/a>. Federico Utrera propone en FICAL un viaje a los or\u00edgenes del videoarte con Lorca, Dal\u00ed y Bu\u00f1uel. Desde este lunes y hasta EL jueves, 21 de noviembre, el profesor de Comunicaci\u00f3n Audiovisual y periodista almeriense, Federico Utrera, dirige el interesante taller de videoarte \u2018Lorca, Dal\u00ed y Bu\u00f1uel, Videoartistas\u2019 (Fundaci\u00f3n Unicaja de Almer\u00eda) en el marco del Festival Internacional de Cine de Almer\u00eda (FICAL). <strong>Un taller pionero:<\/strong> Es la primera vez en Espa\u00f1a que un foro analiza la trayectoria precursora e incursora del poeta Federico Garc\u00eda Lorca, el pintor Salvador Dal\u00ed y el cineasta Luis Bu\u00f1uel<span class=\"Apple-converted-space\">\u00a0 <\/span>en el \u201cvideoarte\u201d antes de que se creara el concepto de v\u00eddeo. En este taller de 9 horas lectivas se profundiza en creaciones como &#8216;Un perro andaluz\u2019 y \u2018La Edad de Oro\u2019, de Luis Bu\u00f1uel y Dal\u00ed y \u2018El Viaje a la Luna\u2019, de Lorca, as\u00ed como otras 8 producciones audiovisuales \u201cm\u00e1s desconocidas\u201d y coet\u00e1neas al nacimiento del cine sonoro.<\/p>\n<p class=\"p1\"><span style=\"color: #008000;\"><strong><a href=\"https:\/\/editorialhijosdemuleyrubio.com\/wp-content\/uploads\/2024\/11\/portada-diario-de-almeria.png\"><img loading=\"lazy\" decoding=\"async\" class=\"alignleft size-medium wp-image-2576\" src=\"https:\/\/editorialhijosdemuleyrubio.com\/wp-content\/uploads\/2024\/11\/portada-diario-de-almeria-300x236.png\" alt=\"\" width=\"300\" height=\"236\" srcset=\"https:\/\/editorialhijosdemuleyrubio.com\/wp-content\/uploads\/2024\/11\/portada-diario-de-almeria-300x236.png 300w, https:\/\/editorialhijosdemuleyrubio.com\/wp-content\/uploads\/2024\/11\/portada-diario-de-almeria-768x604.png 768w, https:\/\/editorialhijosdemuleyrubio.com\/wp-content\/uploads\/2024\/11\/portada-diario-de-almeria.png 1024w\" sizes=\"auto, (max-width: 300px) 100vw, 300px\" \/><\/a>DIARIO DE ALMERIA.<\/strong><\/span> Diego Mart\u00ednez. <a href=\"https:\/\/www.diariodealmeria.es\/ocio\/fical-pone-foco-creaciones-videoartistas_0_2002818913.html\">19 de noviembre 2024.<\/a> FICAL pone el foco en las creaciones de videoartistas. El taller es impartido por Federico Utrera, profesor de posgrado en Comunicaci\u00f3n Audiovisual en Next Educaci\u00f3n (Madrid). La edici\u00f3n n\u00famero 13 del Taller de Videoarte de FICAL se ha adentrado en tres grandes genios, el poeta Federico Garc\u00eda Lorca, el pintor Salvador Dal\u00ed y el cineasta Luis Bu\u00f1uel, y su confluencia en una disciplina videoart\u00edstica, poco habitual para ellos, pero en la que han realizado interesantes incursiones. Y se har\u00e1 a lo largo de tres d\u00edas y nueve horas, de la mano de Federico Utrera, profesor de posgrado en Comunicaci\u00f3n Audiovisual en Next Educaci\u00f3n (Madrid) y uno de los grandes expertos en la materia, en el Centro Cultura Fundaci\u00f3n Unicaja de Almer\u00eda en el Paseo de la ciudad.<\/p>\n<p class=\"p1\"><a href=\"https:\/\/editorialhijosdemuleyrubio.com\/wp-content\/uploads\/2024\/11\/370566bb-2e30-49ea-ab19-f78e2477a8bc.jpg\"><img loading=\"lazy\" decoding=\"async\" class=\"alignleft size-medium wp-image-2566\" src=\"https:\/\/editorialhijosdemuleyrubio.com\/wp-content\/uploads\/2024\/11\/370566bb-2e30-49ea-ab19-f78e2477a8bc-300x201.jpg\" alt=\"\" width=\"300\" height=\"201\" srcset=\"https:\/\/editorialhijosdemuleyrubio.com\/wp-content\/uploads\/2024\/11\/370566bb-2e30-49ea-ab19-f78e2477a8bc-300x201.jpg 300w, https:\/\/editorialhijosdemuleyrubio.com\/wp-content\/uploads\/2024\/11\/370566bb-2e30-49ea-ab19-f78e2477a8bc-1024x685.jpg 1024w, https:\/\/editorialhijosdemuleyrubio.com\/wp-content\/uploads\/2024\/11\/370566bb-2e30-49ea-ab19-f78e2477a8bc-768x513.jpg 768w, https:\/\/editorialhijosdemuleyrubio.com\/wp-content\/uploads\/2024\/11\/370566bb-2e30-49ea-ab19-f78e2477a8bc-1536x1027.jpg 1536w, https:\/\/editorialhijosdemuleyrubio.com\/wp-content\/uploads\/2024\/11\/370566bb-2e30-49ea-ab19-f78e2477a8bc-1170x782.jpg 1170w, https:\/\/editorialhijosdemuleyrubio.com\/wp-content\/uploads\/2024\/11\/370566bb-2e30-49ea-ab19-f78e2477a8bc.jpg 1590w\" sizes=\"auto, (max-width: 300px) 100vw, 300px\" \/><\/a>Federico Utrera explica que \u201cson los tres representantes m\u00e1s importantes de la edad de plata de la cultura espa\u00f1ola, y que confluyeron en sus pr\u00e1cticas videoart\u00edsticas: Un perro andaluzy La edad de oro, que hicieron Dal\u00ed y Bu\u00f1uel, y Un viaje a la Luna, de Garc\u00eda Lorca. \u00c9stas son las piezas fundamentales, pero tambi\u00e9n cada uno de ellos hicieron sus peque\u00f1as incursiones. Dal\u00ed hizo hasta nueve piezas de videoarte que est\u00e1 conceptuadas como tal. Garc\u00eda Lorca dej\u00f3 escrito un gui\u00f3n que a\u00fan no se ha desarrollado del todo. Y Luis Bu\u00f1uel incorpor\u00f3 a sus pel\u00edculas parte de esa pr\u00e1ctica videoart\u00edstica: la c\u00e1mara lenta y r\u00e1pida, el primer plano, poder jugar con el tiempo en la imagen, en todo eso Bu\u00f1uel es pionero en videoarte\u201d.<\/p>\n<p class=\"p1\"><a href=\"https:\/\/editorialhijosdemuleyrubio.com\/wp-content\/uploads\/2024\/11\/8d53cdcc-d107-4263-aab4-a38cd0e8a038.jpg\"><img loading=\"lazy\" decoding=\"async\" class=\"alignleft  wp-image-2563\" src=\"https:\/\/editorialhijosdemuleyrubio.com\/wp-content\/uploads\/2024\/11\/8d53cdcc-d107-4263-aab4-a38cd0e8a038-300x230.jpg\" alt=\"\" width=\"346\" height=\"265\" srcset=\"https:\/\/editorialhijosdemuleyrubio.com\/wp-content\/uploads\/2024\/11\/8d53cdcc-d107-4263-aab4-a38cd0e8a038-300x230.jpg 300w, https:\/\/editorialhijosdemuleyrubio.com\/wp-content\/uploads\/2024\/11\/8d53cdcc-d107-4263-aab4-a38cd0e8a038-1024x785.jpg 1024w, https:\/\/editorialhijosdemuleyrubio.com\/wp-content\/uploads\/2024\/11\/8d53cdcc-d107-4263-aab4-a38cd0e8a038-768x589.jpg 768w, https:\/\/editorialhijosdemuleyrubio.com\/wp-content\/uploads\/2024\/11\/8d53cdcc-d107-4263-aab4-a38cd0e8a038-1170x897.jpg 1170w, https:\/\/editorialhijosdemuleyrubio.com\/wp-content\/uploads\/2024\/11\/8d53cdcc-d107-4263-aab4-a38cd0e8a038.jpg 1247w\" sizes=\"auto, (max-width: 346px) 100vw, 346px\" \/><\/a>Los participantes tambi\u00e9n descubrir\u00e1n las caracter\u00edsticas comunes en su trabajo en videoarte de los tres genios: \u201csustituyen el pincel por la c\u00e1mara de televisi\u00f3n, el lienzo por la pantalla y el color de la paleta del artista por el tiempo, y lo llevan de manera genial\u201d, explica Federico Utrera. El poeta Federico Garc\u00eda Lorca, el pintor Salvador Dal\u00ed y el cineasta Luis Bu\u00f1uel, conformaron lo que ha sido denominado \u2018el tri\u00e1ngulo amistoso m\u00e1s fabuloso del siglo XX\u2019. A pesar de pertenecer a disciplinas art\u00edsticas distintas, realizaron incursiones en el videoarte incluso antes de que esta forma de expresi\u00f3n se \u2018inventara\u2019. El profesor y doctor en Comunicaci\u00f3n Audiovisual, Federico Utrera, lleva a los participantes en un viaje a trav\u00e9s del tiempo, donde est\u00e1n descubriendo las claves que dieron origen a estas asombrosas creaciones, contempor\u00e1neas al nacimiento del cine sonoro, que ayudaron a sentar las bases del videoarte desde Espa\u00f1a.<\/p>\n<p class=\"p1\"><span style=\"color: #008000;\"><strong><a href=\"https:\/\/editorialhijosdemuleyrubio.com\/wp-content\/uploads\/2024\/11\/52932b75-5103-40fc-bbb7-40c27831ebb5.jpg\"><img loading=\"lazy\" decoding=\"async\" class=\"alignleft size-medium wp-image-2565\" src=\"https:\/\/editorialhijosdemuleyrubio.com\/wp-content\/uploads\/2024\/11\/52932b75-5103-40fc-bbb7-40c27831ebb5-300x191.jpg\" alt=\"\" width=\"300\" height=\"191\" srcset=\"https:\/\/editorialhijosdemuleyrubio.com\/wp-content\/uploads\/2024\/11\/52932b75-5103-40fc-bbb7-40c27831ebb5-300x191.jpg 300w, https:\/\/editorialhijosdemuleyrubio.com\/wp-content\/uploads\/2024\/11\/52932b75-5103-40fc-bbb7-40c27831ebb5-1024x653.jpg 1024w, https:\/\/editorialhijosdemuleyrubio.com\/wp-content\/uploads\/2024\/11\/52932b75-5103-40fc-bbb7-40c27831ebb5-768x490.jpg 768w, https:\/\/editorialhijosdemuleyrubio.com\/wp-content\/uploads\/2024\/11\/52932b75-5103-40fc-bbb7-40c27831ebb5-1170x746.jpg 1170w, https:\/\/editorialhijosdemuleyrubio.com\/wp-content\/uploads\/2024\/11\/52932b75-5103-40fc-bbb7-40c27831ebb5.jpg 1425w\" sizes=\"auto, (max-width: 300px) 100vw, 300px\" \/><\/a>EUROPA PRESS.<\/strong><\/span> <a href=\"https:\/\/www.diariodealmeria.es\/ocio\/fical-pone-foco-creaciones-videoartistas_0_2002818913.html\">Diputaci\u00f3n<\/a>. Fical inicia un ciclo de videoarte para explorar el v\u00ednculo entre Lorca, Dal\u00ed y Bu\u00f1uel. Federico Utrera ha explicado que \u00abson los tres representantes m\u00e1s importantes de la edad de plata de la cultura espa\u00f1ola, y que confluyeron en sus pr\u00e1cticas videoart\u00edsticas: &#8216;Un perro andaluz&#8217; y &#8216;La edad de oro&#8217;, que hicieron Dal\u00ed y Bu\u00f1uel, y &#8216;Un viaje a la Luna&#8217;, de Garc\u00eda Lorca\u00bb. Seg\u00fan ha indicado la instituci\u00f3n provincial en una nota, \u00abestas son las piezas fundamentales, pero tambi\u00e9n cada uno de ellos hicieron sus peque\u00f1as incursiones.<\/p>\n<p class=\"p1\"><a href=\"https:\/\/editorialhijosdemuleyrubio.com\/wp-content\/uploads\/2024\/11\/cccb129a-fe22-4a75-ade2-214990b67c98.jpg\"><img loading=\"lazy\" decoding=\"async\" class=\"wp-image-2584 alignleft\" src=\"https:\/\/editorialhijosdemuleyrubio.com\/wp-content\/uploads\/2024\/11\/cccb129a-fe22-4a75-ade2-214990b67c98-300x225.jpg\" alt=\"\" width=\"324\" height=\"243\" srcset=\"https:\/\/editorialhijosdemuleyrubio.com\/wp-content\/uploads\/2024\/11\/cccb129a-fe22-4a75-ade2-214990b67c98-300x225.jpg 300w, https:\/\/editorialhijosdemuleyrubio.com\/wp-content\/uploads\/2024\/11\/cccb129a-fe22-4a75-ade2-214990b67c98-1024x768.jpg 1024w, https:\/\/editorialhijosdemuleyrubio.com\/wp-content\/uploads\/2024\/11\/cccb129a-fe22-4a75-ade2-214990b67c98-768x576.jpg 768w, https:\/\/editorialhijosdemuleyrubio.com\/wp-content\/uploads\/2024\/11\/cccb129a-fe22-4a75-ade2-214990b67c98-1536x1152.jpg 1536w, https:\/\/editorialhijosdemuleyrubio.com\/wp-content\/uploads\/2024\/11\/cccb129a-fe22-4a75-ade2-214990b67c98-1170x878.jpg 1170w, https:\/\/editorialhijosdemuleyrubio.com\/wp-content\/uploads\/2024\/11\/cccb129a-fe22-4a75-ade2-214990b67c98.jpg 2040w\" sizes=\"auto, (max-width: 324px) 100vw, 324px\" \/><\/a>Dal\u00ed hizo hasta nueve piezas de videoarte que est\u00e1 conceptuadas como tal. Garc\u00eda Lorca dej\u00f3 escrito un gui\u00f3n que a\u00fan no se ha desarrollado del todo\u00bb. Por su parte, \u00abLuis Bu\u00f1uel incorpor\u00f3 a sus pel\u00edculas parte de esa pr\u00e1ctica videoart\u00edstica: la c\u00e1mara lenta y r\u00e1pida, el primer plano, poder jugar con el tiempo en la imagen, en todo eso Bu\u00f1uel es pionero en videoarte\u00bb, han asegurado desde la Diputaci\u00f3n. Los participantes de este ciclo tambi\u00e9n descubrir\u00e1n las caracter\u00edsticas comunes en su trabajo en videoarte de los tres artistas.<\/p>\n<p class=\"p1\"><a href=\"https:\/\/editorialhijosdemuleyrubio.com\/wp-content\/uploads\/2024\/11\/Y1A6362-scaled.jpg\"><img loading=\"lazy\" decoding=\"async\" class=\"alignleft size-medium wp-image-2583\" src=\"https:\/\/editorialhijosdemuleyrubio.com\/wp-content\/uploads\/2024\/11\/Y1A6362-300x200.jpg\" alt=\"\" width=\"300\" height=\"200\" srcset=\"https:\/\/editorialhijosdemuleyrubio.com\/wp-content\/uploads\/2024\/11\/Y1A6362-300x200.jpg 300w, https:\/\/editorialhijosdemuleyrubio.com\/wp-content\/uploads\/2024\/11\/Y1A6362-1024x683.jpg 1024w, https:\/\/editorialhijosdemuleyrubio.com\/wp-content\/uploads\/2024\/11\/Y1A6362-768x512.jpg 768w, https:\/\/editorialhijosdemuleyrubio.com\/wp-content\/uploads\/2024\/11\/Y1A6362-1536x1024.jpg 1536w, https:\/\/editorialhijosdemuleyrubio.com\/wp-content\/uploads\/2024\/11\/Y1A6362-2048x1365.jpg 2048w, https:\/\/editorialhijosdemuleyrubio.com\/wp-content\/uploads\/2024\/11\/Y1A6362-1170x780.jpg 1170w\" sizes=\"auto, (max-width: 300px) 100vw, 300px\" \/><\/a>\u00abSustituyen el pincel por la c\u00e1mara de televisi\u00f3n, el lienzo por la pantalla y el color de la paleta del artista por el tiempo, y lo llevan de manera genial\u00bb, ha explicado Utrera. Seg\u00fan han indicado desde la instituci\u00f3n provincial, \u00abel poeta Federico Garc\u00eda Lorca, el pintor Salvador Dal\u00ed y el cineasta Luis Bu\u00f1uel, conformaron lo que ha sido denominado &#8216;el tri\u00e1ngulo amistoso m\u00e1s fabuloso del siglo XX&#8217;. A pesar de pertenecer a disciplinas art\u00edsticas distintas, realizaron incursiones en el videoarte incluso antes de que esta forma de expresi\u00f3n se inventara\u00bb. \u00abUtrera ha llevado a los participantes en un viaje a trav\u00e9s del tiempo, donde est\u00e1n descubriendo las claves que dieron origen a estas asombrosas creaciones, contempor\u00e1neas al nacimiento del cine sonoro, que ayudaron a sentar las bases del videoarte desde Espa\u00f1a\u00bb, han destacado desde la Diputaci\u00f3n de Almer\u00eda.<\/p>\n","protected":false},"excerpt":{"rendered":"<p>MANU RAMOS. Televisiones como Tele 5 (Ruth M\u00e9ndez), TVE (Mois\u00e9s Rodr\u00edguez), Canal Sur (Lola L\u00f3pez) y Canal 7 (Cristina Barrero), radios como Canal Sur (Mar\u00eda Jesus Recio), Dipalme Radio (Asunci\u00f3n Quir\u00f3s, Pepe Cuenca, Juan Antonio Cort\u00e9s) agencias como Europa Press y Efe y prensa como La Voz de Almer\u00eda, Ideal y Diario de Almer\u00eda se hicieron eco del Taller de Videoarte que en esta edici\u00f3n de 2024 celebrada del lunes 18 al mi\u00e9rcoles 20 de noviembre en los salones de Unicaja del Paseo de Almer\u00eda realiz\u00f3 el profesor y doctor en Comunicaci\u00f3n Audiovisual, Federico Utrera (Almer\u00eda, 1963) en su d\u00e9cimo tercera edici\u00f3n. Con 25 alumnos acreditados y la asistencia desde<\/p>\n","protected":false},"author":1,"featured_media":0,"comment_status":"open","ping_status":"open","sticky":false,"template":"","format":"standard","meta":{"footnotes":""},"categories":[270,14,32],"tags":[521,384,142,506,468,520,45],"class_list":["post-2571","post","type-post","status-publish","format-standard","hentry","category-arte-audiovisual","category-blog-de-videoarte","category-videoarte","tag-bunuel","tag-dali","tag-federico-utrera","tag-festival-de-cine-de-almeria","tag-fical","tag-lorca","tag-videoarte-2"],"views":781,"_links":{"self":[{"href":"https:\/\/editorialhijosdemuleyrubio.com\/index.php?rest_route=\/wp\/v2\/posts\/2571","targetHints":{"allow":["GET"]}}],"collection":[{"href":"https:\/\/editorialhijosdemuleyrubio.com\/index.php?rest_route=\/wp\/v2\/posts"}],"about":[{"href":"https:\/\/editorialhijosdemuleyrubio.com\/index.php?rest_route=\/wp\/v2\/types\/post"}],"author":[{"embeddable":true,"href":"https:\/\/editorialhijosdemuleyrubio.com\/index.php?rest_route=\/wp\/v2\/users\/1"}],"replies":[{"embeddable":true,"href":"https:\/\/editorialhijosdemuleyrubio.com\/index.php?rest_route=%2Fwp%2Fv2%2Fcomments&post=2571"}],"version-history":[{"count":4,"href":"https:\/\/editorialhijosdemuleyrubio.com\/index.php?rest_route=\/wp\/v2\/posts\/2571\/revisions"}],"predecessor-version":[{"id":2588,"href":"https:\/\/editorialhijosdemuleyrubio.com\/index.php?rest_route=\/wp\/v2\/posts\/2571\/revisions\/2588"}],"wp:attachment":[{"href":"https:\/\/editorialhijosdemuleyrubio.com\/index.php?rest_route=%2Fwp%2Fv2%2Fmedia&parent=2571"}],"wp:term":[{"taxonomy":"category","embeddable":true,"href":"https:\/\/editorialhijosdemuleyrubio.com\/index.php?rest_route=%2Fwp%2Fv2%2Fcategories&post=2571"},{"taxonomy":"post_tag","embeddable":true,"href":"https:\/\/editorialhijosdemuleyrubio.com\/index.php?rest_route=%2Fwp%2Fv2%2Ftags&post=2571"}],"curies":[{"name":"wp","href":"https:\/\/api.w.org\/{rel}","templated":true}]}}