{"id":2606,"date":"2025-08-26T12:26:49","date_gmt":"2025-08-26T10:26:49","guid":{"rendered":"https:\/\/editorialhijosdemuleyrubio.com\/?p=2606"},"modified":"2025-08-26T12:26:49","modified_gmt":"2025-08-26T10:26:49","slug":"federico-utrera-la-voz-que-devolvio-el-vuelo-a-colombine-en-la-casa-de-la-cultura-de-majadahonda","status":"publish","type":"post","link":"https:\/\/editorialhijosdemuleyrubio.com\/?p=2606","title":{"rendered":"Federico Utrera: la voz que devolvi\u00f3 el vuelo a \u00abColombine\u00bb en la Casa de la Cultura de Majadahonda"},"content":{"rendered":"<figure id=\"attachment_343591\" aria-describedby=\"caption-attachment-343591\" style=\"width: 300px\" class=\"wp-caption alignleft\"><a href=\"https:\/\/majadahondamagazin.es\/wp-content\/uploads\/2025\/05\/318f3057-f1c7-48b6-8d86-48eccc2b7103.jpg\"><img loading=\"lazy\" decoding=\"async\" class=\"wp-image-343591 size-medium\" src=\"https:\/\/majadahondamagazin.es\/wp-content\/uploads\/2025\/05\/318f3057-f1c7-48b6-8d86-48eccc2b7103-300x225.jpg?_t=1748636333\" alt=\"\" width=\"300\" height=\"225\" \/><\/a><figcaption id=\"caption-attachment-343591\" class=\"wp-caption-text\">\u00ab\u00a1P\u00edcaro progreso que trajo los ferrocarriles en lugar de las c\u00f3modas escobas sobre las que cruzaban el aire nuestras respetables abuelas\u00a1\u00bb, dec\u00eda Colombine. Y s\u00ed, en efecto, nos falta una mirada m\u00e1s larga y unas ambiciones m\u00e1s globales y generosas para mejorar a\u00fan m\u00e1s el futuro de la Humanidad, a\u00f1ade Federico Utrera: \u00abLos precursores de Miguel \u00c1ngel fueron los hombres que hicieron con el pu\u00f1o las primeras vasijas de barro&#8230; No verlo&#8230; \u00bfQue importa sabiendo que ha de venir?. Hay que ser buenos y leales. Vale m\u00e1s ser buenos que ser artistas\u00bb. Tambi\u00e9n es una frase suya, no m\u00eda. Yo solo me he limitado a transcribirla&#8230;\u00bb<\/figcaption><\/figure>\n<p>MIGUEL SANCHIZ. (29 de junio de 2025). En el coraz\u00f3n de la historia espa\u00f1ola hay figuras que caminaron por delante de su tiempo y que, sin embargo, fueron empujadas a los m\u00e1rgenes de la memoria. Una de ellas fue <strong>Carmen de Burgos<\/strong>, la primera mujer redactora en un peri\u00f3dico nacional, escritora prol\u00edfica, activista infatigable y figura clave del feminismo espa\u00f1ol de comienzos del siglo XX. Durante d\u00e9cadas, su pseud\u00f3nimo \u2014\u00bb<strong>Colombine<\/strong>\u00ab, como firmaba sus art\u00edculos\u2014 fue pr\u00e1cticamente olvidado. Hasta que un investigador tenaz, sensible y l\u00facido decidi\u00f3 rescatar su legado del silencio. <strong>Federico Mart\u00ednez Utrera<\/strong> es el autor del libro \u201c<a href=\"https:\/\/editorialhijosdemuleyrubio.com\/?s=Colombine\"><strong>Memorias de Colombine. La primera periodista\u201d<\/strong>,<\/a> un trabajo recomendable que no solo reconstruye con rigor documental la trayectoria vital de esta mujer extraordinaria, sino que tambi\u00e9n le devuelve la palabra, el lugar y la luz que la historia le neg\u00f3. Su obra ha sido celebrada por su profundidad, su belleza literaria y su capacidad de reivindicar a una mujer que no busc\u00f3 acompa\u00f1amiento, sino transformaci\u00f3n.<!--more--><\/p>\n<figure id=\"attachment_320924\" aria-describedby=\"caption-attachment-320924\" style=\"width: 300px\" class=\"wp-caption alignleft\"><a href=\"https:\/\/majadahondamagazin.es\/wp-content\/uploads\/2025\/01\/geografia-humana.jpg\"><img loading=\"lazy\" decoding=\"async\" class=\"size-medium wp-image-320924\" src=\"https:\/\/majadahondamagazin.es\/wp-content\/uploads\/2025\/01\/geografia-humana-300x275.jpg\" alt=\"\" width=\"300\" height=\"275\" \/><\/a><figcaption id=\"caption-attachment-320924\" class=\"wp-caption-text\">Atlas de Geograf\u00eda Humana, por el periodista Miguel Sanchiz<\/figcaption><\/figure>\n<p><span style=\"color: #008000;\"><strong>A LO LARGO DE LOS A\u00d1OS, UTRERA HA PERSEGUIDO LA HUELLA DE COLOMBINE<\/strong><\/span> en archivos, hemerotecas, manuscritos y cartas. Ha trazado su paso por <strong>Almer\u00eda, Madrid<\/strong> y los escenarios de una <strong>Europa<\/strong> convulsa. Y ha conseguido algo m\u00e1s dif\u00edcil todav\u00eda: mostrar a la mujer completa, contradictoria, libre y vibrante que fue <strong>Carmen de Burgos<\/strong>, sin reducirla a s\u00edmbolo ni idealizarla. Desde <strong>Majadahonda Magazin<\/strong> tenemos el privilegio de conversar con \u00e9l. No solo porque el 26 de mayo (2025) pronunci\u00f3 una conferencia en el <strong>Centro Cultural Carmen Conde de Majadahonda a invitaci\u00f3n del Colectivo de Mujeres de Majadahonda,<\/strong> sino porque su mirada sobre <strong>Colombine<\/strong> nos interpela a todos: \u00bfqu\u00e9 figuras hemos silenciado? \u00bfA cu\u00e1ntas mujeres seguimos sin ver aunque vuelen?. Oyendo a <strong>Federico Utrera,<\/strong> esta duda nos envuelve y para ello le realizamos esta entrevista. Y le agradecemos profundamente no solo su tiempo y generosidad, sino tambi\u00e9n su mirada l\u00facida, comprometida y profundamente humana. Gracias a investigadores como \u00e9l, figuras como <strong>Carmen de Burgos \u2014Colombine\u2014<\/strong> regresan al lugar que les corresponde: no como un pie de p\u00e1gina en la historia, sino como protagonistas plenas de una <strong>Espa\u00f1a<\/strong> que a\u00fan sigue despertando su pasado y su deuda con las mujeres que le abrieron camino.<\/p>\n<figure id=\"attachment_238973\" aria-describedby=\"caption-attachment-238973\" style=\"width: 300px\" class=\"wp-caption alignleft\"><a href=\"https:\/\/majadahondamagazin.es\/wp-content\/uploads\/2023\/02\/IMG_8661.jpg\"><img loading=\"lazy\" decoding=\"async\" class=\"wp-image-238973 size-medium\" src=\"https:\/\/majadahondamagazin.es\/wp-content\/uploads\/2023\/02\/IMG_8661-300x225.jpg\" alt=\"\" width=\"300\" height=\"225\" \/><\/a><figcaption id=\"caption-attachment-238973\" class=\"wp-caption-text\">Federico Utrera ha grabado varias pel\u00edculas y documentales sobre la vida de Colombine en TVE y Canal Sur, momento que recoge la imagen del que se rod\u00f3 en Majadahonda<\/figcaption><\/figure>\n<p><span style=\"color: #ff0000;\"><strong>\u00bfC\u00f3mo descubriste a Colombine?<\/strong> <\/span>\u2013Por una feliz casualidad. Yo trabajaba en el diario \u00abEl Sol\u00bb, que ten\u00eda su sede en la <strong>plaza de Col\u00f3n de Madrid<\/strong> y los tiempos muertos los pasaba en esa vidriera del conocimiento que es la <strong>Biblioteca Nacional<\/strong>. A salto de mata entre libro y libro me top\u00e9 con ella. <span style=\"color: #ff0000;\"><strong>\u00bfQu\u00e9 fue lo que te atrajo de su figura para dedicarle un libro tan completo y 30 a\u00f1os de tu vida?<\/strong><\/span> \u2013 Indudablemente su faceta de periodista. Ya es una profesi\u00f3n de titanes y siempre he admirado a las mujeres que se dedican a ella cuando descubr\u00ed que en su \u00e9poca fue la pionera. \u00a1Y no se sab\u00eda! Se la reivindicaba como feminista y novelista, pero no como periodista. Y decid\u00ed biografiarla a fondo. Tanto, que han pasado 30 a\u00f1os y el libro sigue volando tras dos ediciones, cien recensiones cient\u00edficas en todo el mundo \u2013que tuve que recopilar para la <strong>ANECA<\/strong> del <strong>Ministerio de Educaci\u00f3n<\/strong>\u2013 3 pel\u00edculas y documentales y centenares de rese\u00f1as period\u00edsticas en prensa, radio y TV, de todo eso se ha hablado en <strong>Majadahonda<\/strong>. <span style=\"color: #ff0000;\"><strong>\u00bfCrees que la historia ha sido injusta con Carmen de Burgos?<\/strong> <\/span>\u2013No es un t\u00f3pico: lo fue en su \u00e9poca, sobre todo despu\u00e9s de su muerte, lo fue en la dictadura de <strong>Franco<\/strong> y lo es ahora todav\u00eda en democracia. Expuse ejemplos concretos en la conferencia sobre como se la ha marginado, tanto por progresistas como por conservadores, como pionera en la demanda del voto para la mujer.<\/p>\n<figure id=\"attachment_343594\" aria-describedby=\"caption-attachment-343594\" style=\"width: 300px\" class=\"wp-caption alignleft\"><a href=\"https:\/\/majadahondamagazin.es\/wp-content\/uploads\/2025\/05\/d7f28804-01b1-437d-ad88-5e6193b5dfbc.jpg\"><img loading=\"lazy\" decoding=\"async\" class=\"wp-image-343594 size-medium\" src=\"https:\/\/majadahondamagazin.es\/wp-content\/uploads\/2025\/05\/d7f28804-01b1-437d-ad88-5e6193b5dfbc-300x225.jpg?_t=1749440639\" alt=\"\" width=\"300\" height=\"225\" \/><\/a><figcaption id=\"caption-attachment-343594\" class=\"wp-caption-text\">\u00abPor una feliz casualidad me top\u00e9 con Colombine: yo trabajaba en el diario \u00abEl Sol\u00bb, que ten\u00eda su sede en la plaza de Col\u00f3n de Madrid y los tiempos muertos los pasaba en esa vidriera del conocimiento que es la Biblioteca Nacional. A salto de mata entre libro y libro me top\u00e9 con ella\u00bb<\/figcaption><\/figure>\n<p><span style=\"color: #ff0000;\"><strong>\u00bfPor qu\u00e9 su nombre no ha resonado con la fuerza de otras figuras del feminismo, pese a su inmensa labor?<\/strong><\/span> \u2013Por esta misma raz\u00f3n. La profesora <strong>Sonia N\u00fa\u00f1ez Puente<\/strong>, que me dio clase en mi doctorado, diferenci\u00f3 el feminismo que excluye al hombre y el que integra a la mujer. <strong>Colombine<\/strong> era integradora, progresista, librepensadora&#8230; Las feministas radicales se lo perdonaron por pionera pero cuando publiqu\u00e9 sus <strong>Memorias<\/strong>, que recogen su pluralismo y sus matices, ya la sacaron de sus bibliotecas y exposiciones. D\u00ed ejemplos concretos en la conferencia de <strong>Majadahonda<\/strong>. <span style=\"color: #ff0000;\"><strong>Como primera mujer periodista profesional en Espa\u00f1a, \u00bfqu\u00e9 obst\u00e1culos tuvo que vencer Colombine y c\u00f3mo supo usar la palabra como herramienta de transformaci\u00f3n social?<\/strong><\/span> \u2013Obst\u00e1culos muchos: a otro periodista que la insult\u00f3 y se mof\u00f3 de ella por ir a las redacciones lo ret\u00f3 a una pelea. Como ella era algo voluminosa, ni apareci\u00f3. Tambi\u00e9n se enfrent\u00f3 a la polic\u00eda alemana en la primera guerra mundial para poder escapar porque le sorprendi\u00f3 all\u00ed&#8230; Tuvo coraje, s\u00ed, el periodismo sin \u00e9l no es nada, eso lo aprend\u00ed yo tambi\u00e9n muy pronto cuando con 19 a\u00f1os ya tuve que sentarme delante de un juez por una cr\u00f3nica local&#8230; Termin\u00e9 mi carrera en el equipo de investigaci\u00f3n de la revista \u00ab<strong>Intervi\u00fa<\/strong>\u00ab, jug\u00e1ndomela con terroristas, narcos y pol\u00edticos corruptos. \u00abLa libertad tiene un precio, amigo <strong>Sancho<\/strong>\u00bb vino a decir <strong>Cervantes<\/strong>. \u00a1Cu\u00e1nta raz\u00f3n ten\u00eda!<\/p>\n<figure id=\"attachment_343595\" aria-describedby=\"caption-attachment-343595\" style=\"width: 300px\" class=\"wp-caption alignleft\"><a href=\"https:\/\/majadahondamagazin.es\/wp-content\/uploads\/2025\/05\/d4272d7d-4686-43f7-9ae9-edcc6a492a4c.jpg\"><img loading=\"lazy\" decoding=\"async\" class=\"wp-image-343595 size-medium\" src=\"https:\/\/majadahondamagazin.es\/wp-content\/uploads\/2025\/05\/d4272d7d-4686-43f7-9ae9-edcc6a492a4c-300x225.jpg?_t=1749440776\" alt=\"\" width=\"300\" height=\"225\" \/><\/a><figcaption id=\"caption-attachment-343595\" class=\"wp-caption-text\">\u00abUna feminista del PSOE tambi\u00e9n la margin\u00f3 en una exposici\u00f3n por considerarla librepensadora, algo que pude trasladarle en persona a Alfonso Guerra cuando yo era corresponsal parlamentario. Me dio la raz\u00f3n y me confes\u00f3 que algunas feministas de su partido eran m\u00e1s dogm\u00e1ticas que la propia derecha.\u00bb<\/figcaption><\/figure>\n<p><span style=\"color: #ff0000;\"><strong>\u00bfQu\u00e9 significado ten\u00eda para ella escribir bajo el seud\u00f3nimo de \u201cColombine\u201d?<\/strong><\/span> \u2013Nada especial&#8230; supongo. La \u00abbautiz\u00f3\u00bb otro periodista jefe suyo por un personaje de <strong>\u00abLa Comedia del Arte\u00bb<\/strong> y acert\u00f3 de pleno: es un contrapunto de la gr\u00e1cil bailarina con un nombre escasamente femenino adem\u00e1s. Dio en el clavo. <span style=\"color: #ff0000;\"><strong>\u00bfEl pseud\u00f3nimo era una estrategia de supervivencia en un mundo hostil o una forma de libertad?<\/strong><\/span> \u2013\u00a1Buff!, dif\u00edcil pregunta. \u00ab<strong>Colombine<\/strong>\u00bb solo fue un secreto al principio, luego todo el mundo supo que era <strong>Carmen de Burgos<\/strong>. Ella escribi\u00f3 como <strong>\u00abPerico de los Palotes\u00bb,\u200b \u00abGabriel Luna\u00bb, \u00abRaquel\u00bb, \u00abMarianela\u00bb.<\/strong>.. \u00bfLibertad, supervivencia o impunidad? Hoy el pseud\u00f3nimo se ha trasladado a los comentarios de los lectores en art\u00edculos y noticias pero leyendo a <strong>Jos\u00e9 M\u00aa Babot<\/strong> quejarse de las cr\u00edticas que recibe en <strong>MJD Magazin<\/strong> por lectores an\u00f3nimos confirmo que la pol\u00e9mica sobre los pseud\u00f3nimos no ha acabado ni acabar\u00e1 nunca. <span style=\"color: #ff0000;\"><strong>Has retratado a una mujer m\u00faltiple: escritora, periodista, pedagoga, activista, amante, madre, exiliada emocional&#8230; \u00bfCu\u00e1l de esas facetas crees que resume mejor su esencia?<\/strong><\/span>. \u2013Todas y ninguna en exclusiva. Ella misma sol\u00eda decir que ten\u00eda muchos yoes, como todo el mundo, algo que pocas personas reconocen.<\/p>\n<figure id=\"attachment_343590\" aria-describedby=\"caption-attachment-343590\" style=\"width: 300px\" class=\"wp-caption alignleft\"><a href=\"https:\/\/majadahondamagazin.es\/wp-content\/uploads\/2025\/05\/85de4563-ee80-42a9-934c-64e88e128abb.jpg\"><img loading=\"lazy\" decoding=\"async\" class=\"wp-image-343590 size-medium\" src=\"https:\/\/majadahondamagazin.es\/wp-content\/uploads\/2025\/05\/85de4563-ee80-42a9-934c-64e88e128abb-300x225.jpg?_t=1749440803\" alt=\"\" width=\"300\" height=\"225\" \/><\/a><figcaption id=\"caption-attachment-343590\" class=\"wp-caption-text\">La sala de la Casa de la Cultura se llen\u00f3 para o\u00edr la conferencia sobre Carmen de Burgos de Federico Utrera, autor de \u00abMemorias de Colombine\u00bb<\/figcaption><\/figure>\n<p><span style=\"color: #ff0000;\"><strong>Colombine tuvo una relaci\u00f3n larga e intensa con Ram\u00f3n G\u00f3mez de la Serna. \u00bfFue una historia de amor entre iguales o tambi\u00e9n hubo sombras como ocurre a veces entre genios<\/strong><\/span>? \u2013Luces y sombras hay en todas las relaciones humanas, mi maestro <strong>Juan Goytisolo<\/strong> me confi\u00f3 que lo relevante no son las contradicciones sino saber convivir con ellas. <strong>Colombine y Ram\u00f3n<\/strong> terminaron hablando todos los domingos por tel\u00e9fono, como un ritual. Ella lo hab\u00eda perdonado del romance con su hija y \u00e9l reconoc\u00eda as\u00ed el afecto y admiraci\u00f3n que siempre le tuvo. <span style=\"color: #ff0000;\"><strong>En tus investigaciones, \u00bfte has topado con resistencias al reivindicar a Carmen de Burgos?.<\/strong><\/span> \u2013S\u00ed, varias veces. Una profesora a la que ni conozco me dicen que me odia porque mi libro se adelant\u00f3 al suyo, una feminista del PSOE tambi\u00e9n la margin\u00f3 en una exposici\u00f3n por librepensadora, algo que pude trasladarle en persona a <strong>Alfonso Guerra<\/strong> cuando yo era corresponsal parlamentario. Me dio la raz\u00f3n y me confes\u00f3 que algunas feministas de su partido eran m\u00e1s dogm\u00e1ticas que la propia derecha.<\/p>\n<figure id=\"attachment_343592\" aria-describedby=\"caption-attachment-343592\" style=\"width: 300px\" class=\"wp-caption alignleft\"><a href=\"https:\/\/majadahondamagazin.es\/wp-content\/uploads\/2025\/05\/5118024b-a7c6-4ceb-8981-b1f644ea33d0-scaled.jpg\"><img loading=\"lazy\" decoding=\"async\" class=\"wp-image-343592 size-medium\" src=\"https:\/\/majadahondamagazin.es\/wp-content\/uploads\/2025\/05\/5118024b-a7c6-4ceb-8981-b1f644ea33d0-300x225.jpg?_t=1749440961\" alt=\"\" width=\"300\" height=\"225\" \/><\/a><figcaption id=\"caption-attachment-343592\" class=\"wp-caption-text\">\u00abColombine ya no es patrimonio de ninguna ideolog\u00eda ni de nadie, ahora se le pone su nombre a colegios en M\u00e1laga, C\u00f3rdoba, premios literarios, calles por toda Espa\u00f1a&#8230; En Madrid hay placas donde vivi\u00f3 y en Almer\u00eda el paseo mar\u00edtimo lleva su nombre. El periodista Jos\u00e9 Antonio Mart\u00ednez Soler, que tambi\u00e9n fue maestro m\u00edo, est\u00e1 promoviendo que la futura estaci\u00f3n del AVE en Almer\u00eda lleve tambi\u00e9n su nombre\u00bb<\/figcaption><\/figure>\n<p><span style=\"color: #ff0000;\"><strong>\u00bfHa cambiado algo en la recepci\u00f3n de su figura en los \u00faltimos a\u00f1os?<\/strong><\/span> \u2013Si, mucho. Ya no es patrimonio de ninguna ideolog\u00eda ni de nadie, ahora se le pone su nombre a colegios en <strong>M\u00e1laga, C\u00f3rdoba<\/strong>, premios literarios, calles por toda Espa\u00f1a&#8230; En <strong>Madrid<\/strong> hay placas donde vivi\u00f3 y en <strong>Almer\u00eda<\/strong> el paseo mar\u00edtimo lleva su nombre. El periodista <strong>Jos\u00e9 Antonio Mart\u00ednez Soler,<\/strong> que tambi\u00e9n fue maestro m\u00edo, est\u00e1 promoviendo que la futura estaci\u00f3n del AVE en <strong>Almer\u00eda<\/strong> lleve tambi\u00e9n su nombre. <span style=\"color: #ff0000;\"><strong>\u00bfQu\u00e9 legado nos deja Colombine en este siglo XXI, tan distinto en apariencia, pero todav\u00eda con tantos techos de cristal?<\/strong><\/span> \u2013Para m\u00ed el principal es su reivindicaci\u00f3n de la libertad y eso comenz\u00f3 con la conquista del voto para la mujer. Hoy ya nadie lo discute pero queda pendiente la lacra de la violencia de g\u00e9nero y preservar el embarazo como algo intocable laboralmente, pues todav\u00eda se incumple en las pymes m\u00e1s precarias si no lo salvaguarda el Estado. <span style=\"color: #ff0000;\"><strong>\u00bfC\u00f3mo crees que leer\u00eda hoy Colombine los peri\u00f3dicos actuales?<\/strong><\/span> \u2013Con alborozo. Al igual que en su \u00e9poca, vivimos uno de esos raros momentos de la Historia con una expansi\u00f3n de la libertad de prensa gracias a internet, como en la \u00e9poca de Lutero tambi\u00e9n. Ojal\u00e1 sea irreversible.<\/p>\n<figure id=\"attachment_343596\" aria-describedby=\"caption-attachment-343596\" style=\"width: 300px\" class=\"wp-caption alignleft\"><a href=\"https:\/\/majadahondamagazin.es\/wp-content\/uploads\/2025\/05\/IMG_2708.jpeg\"><img loading=\"lazy\" decoding=\"async\" class=\"wp-image-343596 size-medium\" src=\"https:\/\/majadahondamagazin.es\/wp-content\/uploads\/2025\/05\/IMG_2708-300x225.jpeg?_t=1749441063\" alt=\"\" width=\"300\" height=\"225\" \/><\/a><figcaption id=\"caption-attachment-343596\" class=\"wp-caption-text\">\u00abColombine se fijar\u00eda hoy en los marginados: desempleados, inmigrantes desamparados, mujeres, mayores, discapacitados&#8230;\u00bb<\/figcaption><\/figure>\n<p><span style=\"color: #ff0000;\"><strong>\u00bfD\u00f3nde estar\u00eda su pluma, su voz, su mirada?<\/strong><\/span> \u2013En los marginados siempre. En su \u00e9poca fueron los jud\u00edos inmigrantes, las mujeres, las madres y las trabajadoras. Hoy siguen siendo los desempleados, los inmigrantes m\u00e1s desamparados, las mujeres, los mayores, los discapacitados, los marginados&#8230; <span style=\"color: #ff0000;\"><strong>\u00bfQu\u00e9 puede aprender una joven periodista de hoy de una mujer como ella, que luch\u00f3 sin miedo pero tambi\u00e9n con inteligencia, con ternura y con pasi\u00f3n?<\/strong><\/span> \u2013Tantas cosas, pero podr\u00edamos resumirlas en unas cuantas: lectura, rigor, inter\u00e9s, minuciosidad, revisi\u00f3n, tenacidad y mirada cr\u00edtica. Hoy ser periodista, requiere ser \u00absuperwoman\u00bb o \u00absuperman\u00bb, quedamos pocos supervivientes de la <strong>Edad de Hielo<\/strong> y al que lo logre le espera un para\u00edso, pero plagado de trampas que ha de superar con constante responsabilidad.<\/p>\n<figure id=\"attachment_343589\" aria-describedby=\"caption-attachment-343589\" style=\"width: 300px\" class=\"wp-caption alignleft\"><a href=\"https:\/\/majadahondamagazin.es\/wp-content\/uploads\/2025\/05\/41ce5c14-7f62-4a6d-8cff-990f4858d840.jpg\"><img loading=\"lazy\" decoding=\"async\" class=\"wp-image-343589 size-medium\" src=\"https:\/\/majadahondamagazin.es\/wp-content\/uploads\/2025\/05\/41ce5c14-7f62-4a6d-8cff-990f4858d840-300x225.jpg?_t=1749441021\" alt=\"\" width=\"300\" height=\"225\" \/><\/a><figcaption id=\"caption-attachment-343589\" class=\"wp-caption-text\">\u00abHoy ser periodista, requiere ser \u00absuperwoman\u00bb o \u00absuperman\u00bb, quedamos pocos supervivientes de la Edad de Hielo y al que lo logre le espera un para\u00edso, pero plagado de trampas que ha de superar con constante responsabilidad.<\/figcaption><\/figure>\n<p><span style=\"color: #ff0000;\"><strong>Federico, t\u00fa has dicho en tu conferencia de Majadahonda que \u201clas mujeres como Colombine no se arrastran: vuelan, aunque nadie las vea\u201d. \u00bfCrees que nuestra historia sigue escrita por quienes no saben \u2014o no quieren\u2014 levantar la vista para verlas pasar?<\/strong> <\/span>\u2013Realmente la frase textual que escribi\u00f3 ella fue: \u00abEso de hacerse un palacio, con cementerio y todo, para vivir y morir en un mismo sitio, me parece que nos asemeja a los moluscos. \u00a1P\u00edcaro progreso que trajo los ferrocarriles en lugar de las c\u00f3modas escobas sobre las que cruzaban el aire nuestras respetables abuelas\u00a1\u00bb. Y s\u00ed, en efecto, nos falta una mirada m\u00e1s larga y unas ambiciones m\u00e1s globales y generosas para mejorar a\u00fan m\u00e1s el futuro de la Humanidad. \u00abLos precursores de <strong>Miguel \u00c1ngel<\/strong> fueron los hombres que hicieron con el pu\u00f1o las primeras vasijas de barro&#8230; No verlo&#8230; \u00bfQue importa sabiendo que ha de venir?. Hay que ser buenos y leales. Vale m\u00e1s ser buenos que ser artistas\u00bb. Tambi\u00e9n es una frase suya, no m\u00eda. Yo solo me he limitado a transcribirla&#8230;<\/p>\n","protected":false},"excerpt":{"rendered":"<p>MIGUEL SANCHIZ. (29 de junio de 2025). En el coraz\u00f3n de la historia espa\u00f1ola hay figuras que caminaron por delante de su tiempo y que, sin embargo, fueron empujadas a los m\u00e1rgenes de la memoria. Una de ellas fue Carmen de Burgos, la primera mujer redactora en un peri\u00f3dico nacional, escritora prol\u00edfica, activista infatigable y figura clave del feminismo espa\u00f1ol de comienzos del siglo XX. Durante d\u00e9cadas, su pseud\u00f3nimo \u2014\u00bbColombine\u00ab, como firmaba sus art\u00edculos\u2014 fue pr\u00e1cticamente olvidado. Hasta que un investigador tenaz, sensible y l\u00facido decidi\u00f3 rescatar su legado del silencio. Federico Mart\u00ednez Utrera es el autor del libro \u201cMemorias de Colombine. La primera periodista\u201d, un trabajo recomendable que no<\/p>\n","protected":false},"author":1,"featured_media":0,"comment_status":"open","ping_status":"open","sticky":false,"template":"","format":"standard","meta":{"footnotes":""},"categories":[26,258],"tags":[82,142,440],"class_list":["post-2606","post","type-post","status-publish","format-standard","hentry","category-material-memoria","category-clasicos-literarios","tag-carmen-de-burgos","tag-federico-utrera","tag-memorias-de-colombine"],"views":437,"_links":{"self":[{"href":"https:\/\/editorialhijosdemuleyrubio.com\/index.php?rest_route=\/wp\/v2\/posts\/2606","targetHints":{"allow":["GET"]}}],"collection":[{"href":"https:\/\/editorialhijosdemuleyrubio.com\/index.php?rest_route=\/wp\/v2\/posts"}],"about":[{"href":"https:\/\/editorialhijosdemuleyrubio.com\/index.php?rest_route=\/wp\/v2\/types\/post"}],"author":[{"embeddable":true,"href":"https:\/\/editorialhijosdemuleyrubio.com\/index.php?rest_route=\/wp\/v2\/users\/1"}],"replies":[{"embeddable":true,"href":"https:\/\/editorialhijosdemuleyrubio.com\/index.php?rest_route=%2Fwp%2Fv2%2Fcomments&post=2606"}],"version-history":[{"count":1,"href":"https:\/\/editorialhijosdemuleyrubio.com\/index.php?rest_route=\/wp\/v2\/posts\/2606\/revisions"}],"predecessor-version":[{"id":2607,"href":"https:\/\/editorialhijosdemuleyrubio.com\/index.php?rest_route=\/wp\/v2\/posts\/2606\/revisions\/2607"}],"wp:attachment":[{"href":"https:\/\/editorialhijosdemuleyrubio.com\/index.php?rest_route=%2Fwp%2Fv2%2Fmedia&parent=2606"}],"wp:term":[{"taxonomy":"category","embeddable":true,"href":"https:\/\/editorialhijosdemuleyrubio.com\/index.php?rest_route=%2Fwp%2Fv2%2Fcategories&post=2606"},{"taxonomy":"post_tag","embeddable":true,"href":"https:\/\/editorialhijosdemuleyrubio.com\/index.php?rest_route=%2Fwp%2Fv2%2Ftags&post=2606"}],"curies":[{"name":"wp","href":"https:\/\/api.w.org\/{rel}","templated":true}]}}