{"id":2614,"date":"2025-10-08T09:09:34","date_gmt":"2025-10-08T07:09:34","guid":{"rendered":"https:\/\/editorialhijosdemuleyrubio.com\/?p=2614"},"modified":"2025-10-08T09:09:34","modified_gmt":"2025-10-08T07:09:34","slug":"lecturas-de-verano-majadahonda-un-libro-ideal-sobre-colombine-para-todas-las-estaciones-que-pide-a-gritos-la-reedicion","status":"publish","type":"post","link":"https:\/\/editorialhijosdemuleyrubio.com\/?p=2614","title":{"rendered":"Lecturas de Verano (Majadahonda): \u00abUn libro ideal sobre Colombine para todas las estaciones que pide a gritos la reedici\u00f3n\u00bb"},"content":{"rendered":"<figure id=\"attachment_350655\" aria-describedby=\"caption-attachment-350655\" style=\"width: 300px\" class=\"wp-caption alignleft\"><a href=\"https:\/\/majadahondamagazin.es\/wp-content\/uploads\/2025\/08\/Captura-de-pantalla-2025-08-15-a-las-8.10.47.png\"><img loading=\"lazy\" decoding=\"async\" class=\"wp-image-350655 size-medium\" src=\"https:\/\/majadahondamagazin.es\/wp-content\/uploads\/2025\/08\/Captura-de-pantalla-2025-08-15-a-las-8.10.47-300x169.png\" alt=\"\" width=\"300\" height=\"169\" \/><\/a><figcaption id=\"caption-attachment-350655\" class=\"wp-caption-text\">\u00abUna vida interesant\u00edsima la que en este libro se nos cuenta, con Carmen de Burgos muerta en Madrid, en 1932 (hab\u00eda nacido en 1867), de un ataque al coraz\u00f3n, aquella v\u00edscera cordial voluminosa, en sentido lato, tanto como su propietaria\u00bb. En la imagen, el retrato que le hizo Julio Romero de Torres (Museo de C\u00f3rdoba) y una reciente exposici\u00f3n en la Biblioteca Nacional (2024\/25)<\/figcaption><\/figure>\n<p class=\"p1\">VICENTE ARAGUAS. (15 de agosto de 2025).<em> Brava \u201cColombine\u201d<\/em>. Hay escritores mucho m\u00e1s conocidos por su anecdotario, tambi\u00e9n por su ligaz\u00f3n con otros autores, y ello es l\u00e1stima. Por supuesto que en el caso de <strong>Carmen de Burgos \u201cColombine\u201d,<\/strong> la categor\u00eda supera en ella a lo anecd\u00f3tico, tambi\u00e9n porque su relaci\u00f3n con <strong>Ram\u00f3n G\u00f3mez de la Serna<\/strong> fue arma de doble filo. Porque en <strong>Ram\u00f3n<\/strong>, no nos enga\u00f1emos, es mucho m\u00e1s conoc\u00edda la vida que la obra (\u201c<strong>Pombo\u201d y \u201cGreguer\u00edas<\/strong>\u201d, aparte, \u00bfqui\u00e9n lee hoy \u201c<strong>El secreto del acueducto<\/strong>\u201d, por ejemplo?). Y en cualquier caso, en sus amores, \u2013los hubo, sin duda\u2013, se produjo el natural trasvase. \u201c<strong>Colombine<\/strong>\u201d, de infancia en <strong>Rodalquilar (Almer\u00eda)<\/strong>, paisana \u2013pues\u2013 de <strong>Federico Utrera<\/strong>, autor de \u201c<strong>Memorias de Colombine. La primera periodista\u201d (Hijos de Muley Rubio, Majadahonda-Madrid, 1998<\/strong>), es un personaje fascinante, algo as\u00ed como una <strong>hermana menor de Emilia Pardo Baz\u00e1n<\/strong>, con quien se daba un aire f\u00edsico importante (e imponente). <!--more--><\/p>\n<figure id=\"attachment_300788\" aria-describedby=\"caption-attachment-300788\" style=\"width: 153px\" class=\"wp-caption alignleft\"><a href=\"https:\/\/majadahondamagazin.es\/wp-content\/uploads\/2024\/08\/vicente-araguas-300x200-1.jpg\"><img loading=\"lazy\" decoding=\"async\" class=\"size-full wp-image-300788\" src=\"https:\/\/majadahondamagazin.es\/wp-content\/uploads\/2024\/08\/vicente-araguas-300x200-1.jpg\" alt=\"\" width=\"153\" height=\"194\" \/><\/a><figcaption id=\"caption-attachment-300788\" class=\"wp-caption-text\">Vicente Araguas<\/figcaption><\/figure>\n<p class=\"p1\"><span style=\"color: #008000;\"><strong>CARMEN DE BURGOS Y LA PARDO BAZ\u00c1N<\/strong><\/span>. Cierto que el talento de la coru\u00f1esa, su estilo, su concepto, superan con mucho no ya a \u201c<strong>Colombine<\/strong>\u201d sino a cualquier otra narradora espa\u00f1ola, de antes y despu\u00e9s. Ahora bien, en la reivindicaci\u00f3n de los derechos de la mujer <strong>Carmen de Burgos<\/strong> fue mucho m\u00e1s lejos. Bien que en lo privado ambas despacharon a sendos maridos, si no zanganos bastante impertinentes en cuestiones de igualdad de derechos. Las dos tuvieron amores y amantes, <strong>L\u00e1zaro Galdiano<\/strong> y, quiz\u00e1s, <strong>Blasco Ib\u00e1\u00f1ez<\/strong> referidos a la<strong> Pardo Baz\u00e1n y Ram\u00f3n, <\/strong>de nuevo el autor de \u201c<strong>La barraca<\/strong>\u201d y <strong>P\u00e9rez Gald\u00f3s<\/strong> tal vez, en el caso \u201c<strong>Colombine\u201d<\/strong>. Pero esta \u00faltima fue abanderada de la presencia de la mujer en todos los terrenos, ya fuesen las urnas, la igualdad de salarios o el derecho al divorcio.<\/p>\n<figure id=\"attachment_350653\" aria-describedby=\"caption-attachment-350653\" style=\"width: 300px\" class=\"wp-caption alignleft\"><a href=\"https:\/\/majadahondamagazin.es\/wp-content\/uploads\/2025\/08\/Captura-de-pantalla-2025-08-15-a-las-8.00.08.png\"><img loading=\"lazy\" decoding=\"async\" class=\"wp-image-350653 size-medium\" src=\"https:\/\/majadahondamagazin.es\/wp-content\/uploads\/2025\/08\/Captura-de-pantalla-2025-08-15-a-las-8.00.08-300x199.png\" alt=\"\" width=\"300\" height=\"199\" \/><\/a><figcaption id=\"caption-attachment-350653\" class=\"wp-caption-text\">\u00abUn libro ideal para todas las estaciones\u00bb<\/figcaption><\/figure>\n<p class=\"p1\"><span style=\"color: #008000;\"><strong> LA POL\u00c9MICA VISITA A SAN P\u00cdO<\/strong><\/span>. En este caso las esposas ten\u00edan bastante que ganar en un pa\u00eds decididamente machista, regido por leyes antediluvianas donde el marido que sorprendiera a su mujer en flagrante adulterio pod\u00eda emprenderla a tiros, por ejemplo, con la pareja de amantes. Ninguna broma, pues, con un asunto donde el matrimonio era inviolable para la ley civil (distinta la anulaci\u00f3n eclesi\u00e1stica). \u201c<strong>Colombine<\/strong>\u201d no era religiosa, y sin embargo fue a <strong>Roma<\/strong> a entrevistarse con <strong>P\u00edo X<\/strong> (s\u00ed, el <strong>San P\u00edo del colegio majariego<\/strong>) llevada por sus afanes period\u00edsticos, a los que se entreg\u00f3 con fe de practicante.<\/p>\n<figure id=\"attachment_350654\" aria-describedby=\"caption-attachment-350654\" style=\"width: 300px\" class=\"wp-caption alignleft\"><a href=\"https:\/\/majadahondamagazin.es\/wp-content\/uploads\/2025\/08\/Captura-de-pantalla-2025-08-15-a-las-8.02.36.png\"><img loading=\"lazy\" decoding=\"async\" class=\"wp-image-350654 size-medium\" src=\"https:\/\/majadahondamagazin.es\/wp-content\/uploads\/2025\/08\/Captura-de-pantalla-2025-08-15-a-las-8.02.36-300x209.png\" alt=\"\" width=\"300\" height=\"209\" \/><\/a><figcaption id=\"caption-attachment-350654\" class=\"wp-caption-text\">\u00abPrefiero antes un buen libro de cocina que una mala novela\u00bb (Colombine): \u00abAparte escribi\u00f3 de todo: novelas, teatro, biograf\u00edas, incluso \u2013diriamos hoy\u2013 manuales de autoayuda que se vendian a porrillo, consciente de que con ello \u201cColombine\u201d se jugaba el que la llamasen autora de libros de \u201ccocina\u201d, por ejemplo, subestimando el resto de su producci\u00f3n\u00bb<\/figcaption><\/figure>\n<p class=\"p1\"><span style=\"color: #008000;\"><strong>ESCRITORA POLIFAC\u00c9TICA.<\/strong> <\/span>Aparte escribi\u00f3 de todo: novelas, teatro, biograf\u00edas, incluso \u2013diriamos hoy\u2013 manuales de autoayuda que se vendian a porrillo, consciente de que con ello \u201c<strong>Colombine<\/strong>\u201d se jugaba el que la llamasen autora de <strong>libros de \u201ccocina\u201d<\/strong>, por ejemplo, subestimando el resto de su producci\u00f3n. Una vida interesant\u00edsima la que en este libro se nos cuenta, con <strong>Carmen de Burgos<\/strong> muerta en <strong>Madrid<\/strong>, en 1932 (hab\u00eda nacido en 1867), de un ataque al coraz\u00f3n, aquella v\u00edscera cordial voluminosa, en sentido lato, tanto como su propietaria. Una dama \u201cjamona\u201d, es su autodescripci\u00f2n, hoy totalmente desaparecida para mujeres apetecibles por sus redondeces, cuyas adiposidades f\u00edsicas y espirituales (\u201c<strong>Colombine<\/strong>\u201d fue una mujer excesiva para su tiempo, una hero\u00edna de las mujeres en trance de emancipaci\u00f3n) encuentran en nuestro <strong>Federico Mart\u00ednez Utrera<\/strong> un autor ideal para actuar como \u201cm\u00e9dium\u201d m\u00e1s que como transcriptor de los textos autobiogr\u00e1ficos colombinos (si se me permite el adjetivo).<\/p>\n<figure id=\"attachment_350652\" aria-describedby=\"caption-attachment-350652\" style=\"width: 300px\" class=\"wp-caption alignleft\"><a href=\"https:\/\/majadahondamagazin.es\/wp-content\/uploads\/2025\/08\/utrera-colombine.jpg\"><img loading=\"lazy\" decoding=\"async\" class=\"wp-image-350652 size-medium\" src=\"https:\/\/majadahondamagazin.es\/wp-content\/uploads\/2025\/08\/utrera-colombine-300x225.jpg\" alt=\"\" width=\"300\" height=\"225\" \/><\/a><figcaption id=\"caption-attachment-350652\" class=\"wp-caption-text\">\u00abUna hero\u00edna de las mujeres en trance de emancipaci\u00f3n que encuentra en nuestro Federico Mart\u00ednez Utrera un autor ideal\u00bb<\/figcaption><\/figure>\n<p class=\"p1\"><span style=\"color: #008000;\"><strong>MIS LECTURAS DE VERANO<\/strong><\/span>. Un libro ideal para todas las estaciones, que pide a gritos reedici\u00f3n. Para todo el a\u00f1o, digo, aunque yo lo haya le\u00eddo estos d\u00edas de finales de julio, en <strong>Majadahonda<\/strong>, entre <strong>Praga y Neda (Coru\u00f1a<\/strong>), arrullado \u2013incluso- por esa cierta brisa que contradice t\u00f3picos sobre la inclemencia clim\u00e1tica majariega. Los t\u00f3picos sobre la \u201c<strong>Colombine<\/strong>\u201d simplemente anecd\u00f3tica se los lleva tambi\u00e9n por delante este libro de bell\u00edsima factura y contenido ejemplar. Como <strong>Carmen de Burgos \u201cColombine\u201d,<\/strong> cuya infancia transcurre desde los<strong> campos de N\u00edjar<\/strong> y el <strong>Cabo de Gata<\/strong> a <strong>Rodalquilar (Almer\u00eda<\/strong>). Bandera de causas que hoy ni los m\u00e1s sansirol\u00e9s discuten.<\/p>\n","protected":false},"excerpt":{"rendered":"<p>VICENTE ARAGUAS. (15 de agosto de 2025). Brava \u201cColombine\u201d. Hay escritores mucho m\u00e1s conocidos por su anecdotario, tambi\u00e9n por su ligaz\u00f3n con otros autores, y ello es l\u00e1stima. Por supuesto que en el caso de Carmen de Burgos \u201cColombine\u201d, la categor\u00eda supera en ella a lo anecd\u00f3tico, tambi\u00e9n porque su relaci\u00f3n con Ram\u00f3n G\u00f3mez de la Serna fue arma de doble filo. Porque en Ram\u00f3n, no nos enga\u00f1emos, es mucho m\u00e1s conoc\u00edda la vida que la obra (\u201cPombo\u201d y \u201cGreguer\u00edas\u201d, aparte, \u00bfqui\u00e9n lee hoy \u201cEl secreto del acueducto\u201d, por ejemplo?). Y en cualquier caso, en sus amores, \u2013los hubo, sin duda\u2013, se produjo el natural trasvase. \u201cColombine\u201d, de infancia en<\/p>\n","protected":false},"author":1,"featured_media":0,"comment_status":"open","ping_status":"open","sticky":false,"template":"","format":"standard","meta":{"footnotes":""},"categories":[26,258,268],"tags":[337,83,142,440],"class_list":["post-2614","post","type-post","status-publish","format-standard","hentry","category-material-memoria","category-clasicos-literarios","category-periferias-y-ultraperiferias","tag-carmen-de-burgos-colombine","tag-colombine","tag-federico-utrera","tag-memorias-de-colombine"],"views":346,"_links":{"self":[{"href":"https:\/\/editorialhijosdemuleyrubio.com\/index.php?rest_route=\/wp\/v2\/posts\/2614","targetHints":{"allow":["GET"]}}],"collection":[{"href":"https:\/\/editorialhijosdemuleyrubio.com\/index.php?rest_route=\/wp\/v2\/posts"}],"about":[{"href":"https:\/\/editorialhijosdemuleyrubio.com\/index.php?rest_route=\/wp\/v2\/types\/post"}],"author":[{"embeddable":true,"href":"https:\/\/editorialhijosdemuleyrubio.com\/index.php?rest_route=\/wp\/v2\/users\/1"}],"replies":[{"embeddable":true,"href":"https:\/\/editorialhijosdemuleyrubio.com\/index.php?rest_route=%2Fwp%2Fv2%2Fcomments&post=2614"}],"version-history":[{"count":1,"href":"https:\/\/editorialhijosdemuleyrubio.com\/index.php?rest_route=\/wp\/v2\/posts\/2614\/revisions"}],"predecessor-version":[{"id":2615,"href":"https:\/\/editorialhijosdemuleyrubio.com\/index.php?rest_route=\/wp\/v2\/posts\/2614\/revisions\/2615"}],"wp:attachment":[{"href":"https:\/\/editorialhijosdemuleyrubio.com\/index.php?rest_route=%2Fwp%2Fv2%2Fmedia&parent=2614"}],"wp:term":[{"taxonomy":"category","embeddable":true,"href":"https:\/\/editorialhijosdemuleyrubio.com\/index.php?rest_route=%2Fwp%2Fv2%2Fcategories&post=2614"},{"taxonomy":"post_tag","embeddable":true,"href":"https:\/\/editorialhijosdemuleyrubio.com\/index.php?rest_route=%2Fwp%2Fv2%2Ftags&post=2614"}],"curies":[{"name":"wp","href":"https:\/\/api.w.org\/{rel}","templated":true}]}}