{"id":2616,"date":"2025-10-08T09:16:52","date_gmt":"2025-10-08T07:16:52","guid":{"rendered":"https:\/\/editorialhijosdemuleyrubio.com\/?p=2616"},"modified":"2025-10-08T09:18:13","modified_gmt":"2025-10-08T07:18:13","slug":"de-majadahonda-a-marraquech-larache-y-almeria-la-espana-y-sus-ejidos-de-juan-goytisolo","status":"publish","type":"post","link":"https:\/\/editorialhijosdemuleyrubio.com\/?p=2616","title":{"rendered":"De Majadahonda a Marraquech, Larache y Almer\u00eda: la \u00abEspa\u00f1a y sus Ejidos\u00bb de Juan Goytisolo"},"content":{"rendered":"<figure id=\"attachment_352175\" aria-describedby=\"caption-attachment-352175\" style=\"width: 300px\" class=\"wp-caption alignleft\"><a href=\"https:\/\/majadahondamagazin.es\/wp-content\/uploads\/2025\/09\/4052271.jpg\"><img loading=\"lazy\" decoding=\"async\" class=\"wp-image-352175 size-medium\" src=\"https:\/\/majadahondamagazin.es\/wp-content\/uploads\/2025\/09\/4052271-300x169.jpg\" alt=\"\" width=\"300\" height=\"169\" \/><\/a><figcaption id=\"caption-attachment-352175\" class=\"wp-caption-text\">El irreductible Juan Goytisolo: \u00abCada generaci\u00f3n deber\u00eda dar al menos uno como \u00e9l, como dio un Fernando de Rojas, un San Juan de la Cruz, un Blanco White, un Luis Cernuda, por citar algunos irredentos de un pa\u00eds que mand\u00f3 al exilio, aunque fuera interior, a tantas mentes clar\u00edsimas\u00bb.<\/figcaption><\/figure>\n<p class=\"p1\">VICENTE ARAGUAS. (Majadahonda, 5 de septiembre de 2025). <em>Juan Goytisolo, Adelantado.<\/em> Se habl\u00f3 mucho en el largo y t\u00f3rrido verano (para hiperbolizar un poco a <strong>William Faulkner<\/strong>) de <strong>Torre Pacheco y Jumilla<\/strong>, como lugares donde \u201cla caza del moro\u201d, tan bien glosada por el irreductible <strong>Juan Goytisolo<\/strong>. Cada generaci\u00f3n deber\u00eda dar al menos uno como \u00e9l, como dio un <strong>Fernando de Rojas<\/strong>, un <strong>San Juan de la Cruz<\/strong>, un <strong>Blanco White<\/strong>, un <strong>Luis Cernuda<\/strong>, por citar algunos irredentos de un pa\u00eds que mand\u00f3 al exilio, aunque fuera interior, a tantas mentes clar\u00edsimas. Y s\u00ed, d\u00edgase claro, estas cazas del inmigrante, como lo fuimos nosotros, \u2013soy gallego, \u201ciste vaise, aquel vaise e todos, todos se van\u201d [<em>Este se<\/em>\u00a0va y\u00a0<em>aqu\u00e9l se<\/em> va y<em> todos, todos se van]<\/em>, <strong>Rosal\u00eda de Castro<\/strong>, otra insurgente, lo dej\u00f3 dicho para siempre\u2013, deshonran a un pa\u00eds de acogida. Y tantos otros lo fueron del nuestro, por razones pol\u00edticas, por asuntos econ\u00f3micos, tantas veces lo mismo. Y en caso de duda volvamos, por favor, a las im\u00e1genes brutales de la gente republicana huyendo a <strong>Francia<\/strong> a la ca\u00edda de <strong>Catalu\u00f1a<\/strong> en manos franquistas. Uno de ellos, <strong>Antonio Machado<\/strong>, hoy en manos de todos. Pron\u00fanciese el \u201cCaminante no hay camino\u201d y oir\u00e1n un coro un\u00e1nime para decir el poema casi entero, o completo, bien que conocido sobre todo por la versi\u00f3n que de \u00e9l hiciera <strong>Serrat<\/strong> (a\u00f1adiendo verso de su cosecha, lo que no s\u00e9 si est\u00e1 bien).<!--more--><\/p>\n<figure id=\"attachment_310388\" aria-describedby=\"caption-attachment-310388\" style=\"width: 238px\" class=\"wp-caption aligncenter\"><a href=\"https:\/\/majadahondamagazin.es\/wp-content\/uploads\/2024\/11\/araguas.jpg\"><img loading=\"lazy\" decoding=\"async\" class=\" wp-image-310388\" src=\"https:\/\/majadahondamagazin.es\/wp-content\/uploads\/2024\/11\/araguas-300x225.jpg\" alt=\"\" width=\"238\" height=\"178\" \/><\/a><figcaption id=\"caption-attachment-310388\" class=\"wp-caption-text\">Vicente Araguas<\/figcaption><\/figure>\n<p class=\"p1\"><span style=\"color: #008000;\"><strong>LA COSA ES QUE JUAN GOYTISOLO, EN SU LIBRO \u201cESPA\u00d1A Y SUS EJIDOS\u201d<\/strong><\/span>, bell\u00edsima edici\u00f3n de <strong><a href=\"https:\/\/editorialhijosdemuleyrubio.com\/?cat=17\">Hijos de Muley-Rubio<\/a>,<\/strong> editora que tiene su sede en <strong>Majadahonda<\/strong> \u2013otra pirueta en el aire majariego, detr\u00e1s de ello la impronta de <strong>Lidia Garc\u00eda Rubio<\/strong> y <strong>Federico Utrera\u2013<\/strong>, se muestra como un fin\u00edsimo profeta de cuanto habr\u00eda de venir despu\u00e9s. Hasta los fuegos de este verano, con las televisiones aguardando a lo que qued\u00f3 en artificio, Pero, ojo, que la hoguera est\u00e1 viva, y los inquisidores de baratillo esperando avivarla. \u00bfQu\u00e9 hay \u201cmoros\u201d malos? Cierto. \u00bfQu\u00e9 hay \u201ccristianos\u201d horrendos? Tambi\u00e9n. Aj\u00fastese la ley a todos ellos, y aqu\u00ed paz y despu\u00e9s gloria. \u201cOjal\u00e1\u201d que as\u00ed sea. Y esta, ojal\u00e1, es hermosa palabra que viene del \u00e1rabe, como las otras 3.000, tal vez me quede corto, que tienen id\u00e9ntica procedencia.<\/p>\n<figure id=\"attachment_352178\" aria-describedby=\"caption-attachment-352178\" style=\"width: 300px\" class=\"wp-caption aligncenter\"><a href=\"https:\/\/majadahondamagazin.es\/wp-content\/uploads\/2025\/09\/goytisolo-cancion-sensi-falan-.png\"><img loading=\"lazy\" decoding=\"async\" class=\"wp-image-352178 size-medium\" src=\"https:\/\/majadahondamagazin.es\/wp-content\/uploads\/2025\/09\/goytisolo-cancion-sensi-falan--300x166.png\" alt=\"\" width=\"300\" height=\"166\" \/><\/a><figcaption id=\"caption-attachment-352178\" class=\"wp-caption-text\">Uno de los escasos poemas del novelista Juan Goytisolo extra\u00eddo de su libro \u00abMakbara\u00bb por la cantautora Sensi Fal\u00e1n para musicarlo en su bella canci\u00f3n \u00ab<a href=\"https:\/\/music.youtube.com\/search?q=ardores+sensi+falan\"><strong>Vivir del Cuento\u00bb<\/strong><\/a><\/figcaption><\/figure>\n<figure id=\"attachment_352176\" aria-describedby=\"caption-attachment-352176\" style=\"width: 300px\" class=\"wp-caption alignleft\"><a href=\"https:\/\/majadahondamagazin.es\/wp-content\/uploads\/2025\/09\/goy-kViH-1240x698@abc.jpeg\"><img loading=\"lazy\" decoding=\"async\" class=\"wp-image-352176 size-medium\" src=\"https:\/\/majadahondamagazin.es\/wp-content\/uploads\/2025\/09\/goy-kViH-1240x698@abc-300x169.jpeg\" alt=\"\" width=\"300\" height=\"169\" \/><\/a><figcaption id=\"caption-attachment-352176\" class=\"wp-caption-text\">Entierro de Juan Goytisolo en Larache<\/figcaption><\/figure>\n<p class=\"p1\"><span style=\"color: #008000;\"><b>MI NARIZ, AQUILINA, ME LA MALICIO AR\u00c1BIGO-JUDEO-CRISTIANA <\/b><\/span>como aquel libro ejemplar del gran <strong>Camilo Jos\u00e9 Cela: \u201cJud\u00edos, moros y cristianos\u201d.<\/strong> Reg\u00falese la inmigraci\u00f3n en buena hora, eso por descontado. Y, despu\u00e9s, convivamos, como en el <strong>Toledo<\/strong> del rey aquel que conocemos como <strong>Alfonso X \u201cEl Sabio\u201d<\/strong>, y procuremos no atizar los fuegos, ojal\u00e1 (de nuevo) fatuos, que ya vislumbraba <strong>Juan Goytisolo en El Ejido (Almer\u00eda)<\/strong> a finales del siglo pasado, muertos incluidos, o en la estaci\u00f3n de <strong>Chamart\u00edn<\/strong>, cuando un marroqu\u00ed, tendido en un banco a dormir en un sue\u00f1o de d\u00edas, fue cazado y muerto a disparos policiales cuando emprend\u00eda \u201cveloz carrera\u201d. Otros tiempos, s\u00ed, pero que este verano han vuelto a surgir.<\/p>\n<figure id=\"attachment_352173\" aria-describedby=\"caption-attachment-352173\" style=\"width: 300px\" class=\"wp-caption aligncenter\"><a href=\"https:\/\/majadahondamagazin.es\/wp-content\/uploads\/2025\/09\/06025e84-0d92-4349-8522-1ebd3c61073c_16-9-discover-aspect-ratio_default_0.jpg\"><img loading=\"lazy\" decoding=\"async\" class=\"size-medium wp-image-352173\" src=\"https:\/\/majadahondamagazin.es\/wp-content\/uploads\/2025\/09\/06025e84-0d92-4349-8522-1ebd3c61073c_16-9-discover-aspect-ratio_default_0-300x169.jpg\" alt=\"\" width=\"300\" height=\"169\" \/><\/a><figcaption id=\"caption-attachment-352173\" class=\"wp-caption-text\">Juan Goytisolo falleci\u00f3 en Marrakech en 2017 a los 86 a\u00f1os y fue enterrado en el cementerio espa\u00f1ol de Larache a la vera del escritor frances Jean Genet que yace all\u00ed desde 1986 \u00a9 EFE Mohamed Siali<\/figcaption><\/figure>\n<figure id=\"attachment_352177\" aria-describedby=\"caption-attachment-352177\" style=\"width: 242px\" class=\"wp-caption aligncenter\"><a href=\"https:\/\/majadahondamagazin.es\/wp-content\/uploads\/2025\/09\/goytisolo-utrera1-300x300-1.jpeg\"><img loading=\"lazy\" decoding=\"async\" class=\"wp-image-352177\" src=\"https:\/\/majadahondamagazin.es\/wp-content\/uploads\/2025\/09\/goytisolo-utrera1-300x300-1.jpeg\" alt=\"\" width=\"242\" height=\"242\" \/><\/a><figcaption id=\"caption-attachment-352177\" class=\"wp-caption-text\">Federico Utrera y Goytisolo en Tetu\u00e1n<\/figcaption><\/figure>\n<p class=\"p1\"><span style=\"color: #008000;\"><b>JUAN GOYTISOLO ESCRIB\u00cdA SOBRE ELLOS EN ART\u00cdCULOS VARIOS QUE SE DEJAN VER EN ESTE LIBRO EJEMPLAR,<\/b><\/span> que leo en un santiam\u00e9n. Y si \u201cojal\u00e1\u201d tiene ra\u00edces ar\u00e1bigas, en \u201csantiam\u00e9n\u201d ya se vislumbra su cristiandad evidente. Que somos un pa\u00eds de mezclas, y aun de mezclillas, como este <strong>Juan Goytisolo<\/strong>, apellido vasco, nacimiento catal\u00e1n, vida y muerte definitivamente marroqu\u00edes. Muerto en <strong>Marraquech<\/strong>, sepultura en <strong>Larache<\/strong>. Un hombre universal, Su escritura, tambi\u00e9n. Autor de una obra amplia y riqu\u00edsima, de la que me atrevo a recomendar la primeriza<strong> \u201cDuelo en el para\u00edso\u201d<\/strong> pero \u2013sobre todo\u2013 \u201c<strong>Se\u00f1as de identidad\u201d<\/strong> y <strong>\u201cReivindicaci\u00f3n del Conde Juli\u00e1n<\/strong>\u201d. Aparte \u201c<strong>Coto vedado\u201d<\/strong>, su primera incursi\u00f3n autobiogr\u00e1fica. Y, naturalmente, este libro estupendo que ilumin\u00f3 mis \u00faltimos d\u00edas de verano, que contiene art\u00edculos y varias muy esclarecedoras entrevistas. Otro libro que, como los de <a href=\"https:\/\/editorialhijosdemuleyrubio.com\/\"><strong>Hijos de Muley-Rubio<\/strong><\/a>, lujo de editor majariego, piden urgente reedici\u00f3n. S\u00ed.<\/p>\n<p>&nbsp;<\/p>\n","protected":false},"excerpt":{"rendered":"<p>VICENTE ARAGUAS. (Majadahonda, 5 de septiembre de 2025). Juan Goytisolo, Adelantado. Se habl\u00f3 mucho en el largo y t\u00f3rrido verano (para hiperbolizar un poco a William Faulkner) de Torre Pacheco y Jumilla, como lugares donde \u201cla caza del moro\u201d, tan bien glosada por el irreductible Juan Goytisolo. Cada generaci\u00f3n deber\u00eda dar al menos uno como \u00e9l, como dio un Fernando de Rojas, un San Juan de la Cruz, un Blanco White, un Luis Cernuda, por citar algunos irredentos de un pa\u00eds que mand\u00f3 al exilio, aunque fuera interior, a tantas mentes clar\u00edsimas. Y s\u00ed, d\u00edgase claro, estas cazas del inmigrante, como lo fuimos nosotros, \u2013soy gallego, \u201ciste vaise, aquel vaise<\/p>\n","protected":false},"author":1,"featured_media":0,"comment_status":"open","ping_status":"open","sticky":false,"template":"","format":"standard","meta":{"footnotes":""},"categories":[17,268],"tags":[61,41],"class_list":["post-2616","post","type-post","status-publish","format-standard","hentry","category-biblioteca-hispanica-juan-goytisolo","category-periferias-y-ultraperiferias","tag-espana-y-sus-ejidos","tag-juan-goytisolo"],"views":344,"_links":{"self":[{"href":"https:\/\/editorialhijosdemuleyrubio.com\/index.php?rest_route=\/wp\/v2\/posts\/2616","targetHints":{"allow":["GET"]}}],"collection":[{"href":"https:\/\/editorialhijosdemuleyrubio.com\/index.php?rest_route=\/wp\/v2\/posts"}],"about":[{"href":"https:\/\/editorialhijosdemuleyrubio.com\/index.php?rest_route=\/wp\/v2\/types\/post"}],"author":[{"embeddable":true,"href":"https:\/\/editorialhijosdemuleyrubio.com\/index.php?rest_route=\/wp\/v2\/users\/1"}],"replies":[{"embeddable":true,"href":"https:\/\/editorialhijosdemuleyrubio.com\/index.php?rest_route=%2Fwp%2Fv2%2Fcomments&post=2616"}],"version-history":[{"count":2,"href":"https:\/\/editorialhijosdemuleyrubio.com\/index.php?rest_route=\/wp\/v2\/posts\/2616\/revisions"}],"predecessor-version":[{"id":2618,"href":"https:\/\/editorialhijosdemuleyrubio.com\/index.php?rest_route=\/wp\/v2\/posts\/2616\/revisions\/2618"}],"wp:attachment":[{"href":"https:\/\/editorialhijosdemuleyrubio.com\/index.php?rest_route=%2Fwp%2Fv2%2Fmedia&parent=2616"}],"wp:term":[{"taxonomy":"category","embeddable":true,"href":"https:\/\/editorialhijosdemuleyrubio.com\/index.php?rest_route=%2Fwp%2Fv2%2Fcategories&post=2616"},{"taxonomy":"post_tag","embeddable":true,"href":"https:\/\/editorialhijosdemuleyrubio.com\/index.php?rest_route=%2Fwp%2Fv2%2Ftags&post=2616"}],"curies":[{"name":"wp","href":"https:\/\/api.w.org\/{rel}","templated":true}]}}