{"id":2619,"date":"2025-10-08T09:23:47","date_gmt":"2025-10-08T07:23:47","guid":{"rendered":"https:\/\/editorialhijosdemuleyrubio.com\/?p=2619"},"modified":"2025-10-08T09:23:47","modified_gmt":"2025-10-08T07:23:47","slug":"leyendo-a-federico-utrera-majadahonda-cordel-de-extraviados-literatura-y-arte-goytisolo-casi-nada-y-matias-padron-museo-del-prado","status":"publish","type":"post","link":"https:\/\/editorialhijosdemuleyrubio.com\/?p=2619","title":{"rendered":"Leyendo a Federico Utrera (Majadahonda): Cordel de Extraviados (Literatura y Arte), Goytisolo (\u00a1casi nada!) y Mat\u00edas Padr\u00f3n (Museo del Prado)"},"content":{"rendered":"<figure id=\"attachment_355062\" aria-describedby=\"caption-attachment-355062\" style=\"width: 300px\" class=\"wp-caption alignleft\"><a href=\"https:\/\/majadahondamagazin.es\/wp-content\/uploads\/2025\/10\/Captura-de-pantalla-2025-10-05-a-las-9.10.35.png\"><img loading=\"lazy\" decoding=\"async\" class=\"wp-image-355062 size-medium\" src=\"https:\/\/majadahondamagazin.es\/wp-content\/uploads\/2025\/10\/Captura-de-pantalla-2025-10-05-a-las-9.10.35-300x213.png\" alt=\"\" width=\"300\" height=\"213\" \/><\/a><figcaption id=\"caption-attachment-355062\" class=\"wp-caption-text\">Una noche con Federico en el Teatro de las Aguas viendo la \u00ab\u00faltima\u00bb antolog\u00eda dram\u00e1tica de Lorca (<a href=\"https:\/\/teatrodelasaguas.com\/evento\/una-noche-con-federico-56\/\"><strong>todav\u00eda en cartel<\/strong><\/a>): Utrera es autor de una obra de teatro (\u00ab\u00a1<a href=\"https:\/\/www.amazon.es\/Arraballebecq-Federico-Utrera-ebook\/dp\/B00CKMUMHM\"><strong>Arraballebecq<\/strong><\/a>!\u00bb). En la otra imagen con la fot\u00f3grafa Mar\u00eda Espa\u00f1a, viuda de Francisco Umbral, paseando por Majadahonda<\/figcaption><\/figure>\n<p class=\"p1\">VICENTE ARAGUAS (Majadahonda, 5 de octubre de 2025). Leyendo a <strong>Federico<\/strong>. No, no a <strong>Garc\u00eda Lorca, Federico<\/strong> le dicen los confianzudos, no es mi caso, que yo le llamo por ambos apellidos, de puro respeto que le tengo al granadino, o si acaso le digo <strong>Lorca<\/strong> a secas (ox\u00edmoron, que buen manantial era\/ es el autor de <strong>La casa de Bernarda Alba)<\/strong>. Que yo leo estos d\u00edas de principios de oto\u00f1o a <strong>Federico<\/strong>, a veces <strong>Mart\u00ednez Utrera<\/strong>, otras, simplemente <strong>Utrera<\/strong>. Y digo que quien lo vea por esos campos de la vida, campos majariegos, de f\u00fatbol o no, tambi\u00e9n por el <strong>Cerro del Espino,<\/strong> naturalmente, con una bufanda rayista tan \u201cvintage\u201d como la \u201cmosca\u201d mosqueteril de su adorno capilar, igual no se entera de que estamos ante un elemento categ\u00f3rico, no nada anecd\u00f3tico, sino un individuo que no solamente cape\u00f3 toda una aventura editorial, <a href=\"https:\/\/editorialhijosdemuleyrubio.com\/\"><strong>Hijos de Muley Rubio<\/strong><\/a>, con sede majariega, por cierto, para darle de comer (y beber) aparte. Comer y no comistrajos, precisamente, beber, y no cualquier bebestible de esos de garraf\u00f3n que les dan a nuestros muchachos cuando se ponen de copas hasta la coronilla. Lo cual que ando a vueltas con <strong>Federico Utrera<\/strong>, qued\u00e9monos esta vez con tal invocaci\u00f3n, la que invoca la autor\u00eda del libro que me tuvo ocupado \u00faltimamente: \u201c<strong>Cordel de Extraviados (Literatura y Arte) 1989-2009\u201d.<span class=\"Apple-converted-space\">\u00a0<\/span><\/strong><!--more--><\/p>\n<figure id=\"attachment_310388\" aria-describedby=\"caption-attachment-310388\" style=\"width: 244px\" class=\"wp-caption alignleft\"><a href=\"https:\/\/majadahondamagazin.es\/wp-content\/uploads\/2024\/11\/araguas.jpg\"><img loading=\"lazy\" decoding=\"async\" class=\" wp-image-310388\" src=\"https:\/\/majadahondamagazin.es\/wp-content\/uploads\/2024\/11\/araguas-300x225.jpg\" alt=\"\" width=\"244\" height=\"183\" \/><\/a><figcaption id=\"caption-attachment-310388\" class=\"wp-caption-text\">Vicente Araguas<\/figcaption><\/figure>\n<p class=\"p1\"><span style=\"color: #008000;\"><b>SACI\u00c1NDOME DEL TALENTO Y MANERAS DE VIVIR A TRAV\u00c9S DE LAS PLUMAS Y LOS PINCELES DE UNOS Y OTROS,<\/b><\/span> acaparadores de la atenci\u00f3n de este almeriense de conocimientos m\u00faltiples. Y de una erudici\u00f3n y unos modos de ejercerla interminables. Como se dejan ver en este volumen, muy bien editado, por \u201c<strong>Ediciones del Cabildo de Gran Canaria<\/strong>\u201d prologado por <strong>Juan Goytisolo<\/strong> (\u00a1casi nada!) y <strong>Mat\u00edas D\u00edaz Padr\u00f3n<\/strong>, conservador del <strong>Museo del Prado.<\/strong> En \u00e9l, y el t\u00edtulo no enga\u00f1a, hay letras, grandes y aun m\u00e1s peque\u00f1as (ese poema soberbio de <strong>Alonso Quesada<\/strong>, poeta canario, habitante por m\u00e1s de la casa del olvido en la incuria nacional), donde van apareciendo, viejas man\u00edas de <strong>Federico<\/strong>, con \u00e9l s\u00ed me permito confianzas, como son <strong>G\u00f3mez de la Serna o \u201cColombine\u201d, Larra y Octavio Paz, Cansinos-Assens o Jos\u00e9 \u00c1ngel Valente.<\/strong><\/p>\n<figure id=\"attachment_355060\" aria-describedby=\"caption-attachment-355060\" style=\"width: 300px\" class=\"wp-caption alignleft\"><a href=\"https:\/\/majadahondamagazin.es\/wp-content\/uploads\/2025\/10\/federico-futbol.jpeg\"><img loading=\"lazy\" decoding=\"async\" class=\"wp-image-355060 size-medium\" src=\"https:\/\/majadahondamagazin.es\/wp-content\/uploads\/2025\/10\/federico-futbol-e1759648455453-300x169.jpeg?_t=1759648465\" alt=\"\" width=\"300\" height=\"169\" \/><\/a><figcaption id=\"caption-attachment-355060\" class=\"wp-caption-text\">\u00abY digo que quien lo vea por esos campos de la vida, campos majariegos, de f\u00fatbol o no, tambi\u00e9n por el Cerro del Espino, naturalmente, con una bufanda rayista tan \u201cvintage\u201d<\/figcaption><\/figure>\n<p class=\"p1\"><span style=\"color: #008000;\"><b>Y, POR SUPUESTO, MIGUEL DE CERVANTES SAAVEDRA, TAN DE TODOS, TAN M\u00c1S DE MODA AUN ESTOS D\u00cdAS<\/b><\/span> por ese \u201cmalentendu\u201d provocado por la, por lo dem\u00e1s, meritoria pel\u00edcula de <strong>Alejandro Amen\u00e1bar<\/strong>, \u201cEl cautivo\u201d, que aconsejo ver, para luego opinar con causa y raz\u00f3n. La cosa es que en su libro, \u00a1de 2010!, Utrera ya nos hablaba de la ambig\u00fcedad sexual&#8230; \u00a1del <strong>Quijote<\/strong>! Y es ir\u00f3nico, nunca sarc\u00e1stico, <strong>Federico Utrera<\/strong> cuando nos (re)cuenta el momento en que <strong>Alonso Quijano<\/strong> invita a un mozalbete, bello como no lo es la guerra a la que se dirige, a subir a las ancas de su caballo. Y el chico dice que no, por si esas ancas quieren decir otra cosa, s\u00ed, esa en la que est\u00e1n ustedes pensando a tenor de la pel\u00edcula de <strong>Amen\u00e1bar<\/strong> (que a m\u00ed, la verdad, me gust\u00f3, incluido el rifirrafe er\u00f3tico entre <strong>Miguel de Cervantes<\/strong> y el <strong>Baj\u00e1<\/strong> (renegado veneciano, por cierto).<\/p>\n<figure id=\"attachment_355061\" aria-describedby=\"caption-attachment-355061\" style=\"width: 300px\" class=\"wp-caption alignleft\"><a href=\"https:\/\/majadahondamagazin.es\/wp-content\/uploads\/2025\/10\/IMG_4219.jpeg\"><img loading=\"lazy\" decoding=\"async\" class=\"wp-image-355061 size-medium\" src=\"https:\/\/majadahondamagazin.es\/wp-content\/uploads\/2025\/10\/IMG_4219-300x290.jpeg\" alt=\"\" width=\"300\" height=\"290\" \/><\/a><figcaption id=\"caption-attachment-355061\" class=\"wp-caption-text\">\u00abCordel de Extraviados\u00bb de Federico Utrera est\u00e1 prologado por Juan Goytisolo (\u00a1casi nada!) y Mat\u00edas D\u00edaz Padr\u00f3n, conservador del Museo del Prado\u00bb. En esta imagen reciente, en la puerta de Cristina Iglesias frente al museo.<\/figcaption><\/figure>\n<p class=\"p1\"><span style=\"color: #008000;\"><strong>LUEGO EST\u00c1 EL ARTE, DONDE FEDERICO SE MUESTRA MAESTRO CONSUMADO<\/strong><\/span>, bien sea para \u201cdescubrirnos\u201d a <strong>Van der Hamen<\/strong>, darle unas cuantas vueltas a la noria velazque\u00f1a o al gran, inmenso, <strong>Tintoretto<\/strong>, que cada a\u00f1o me deja pasmado en <strong>Venecia<\/strong> (\u201cqu\u00e9 profunda emoci\u00f3n\u201d, cantaba <strong>Aznavour<\/strong>), en la <strong>Galer\u00eda de la Academia<\/strong>, o volver a y en <strong>Joaqu\u00edn Sorolla<\/strong>. Un libro tan completo que merece mucho m\u00e1s que un simple art\u00edculo. Y pide reedici\u00f3n con la melancol\u00eda de esos pa\u00f1uelos blancos de los adioses prematuros. Vuelva, pues, a los escaparates de las librer\u00edas y a los estantes de las bibliotecas, que vivimos tiempos malos para la l\u00edrica. Tambi\u00e9n por ello. S\u00ed.<\/p>\n","protected":false},"excerpt":{"rendered":"<p>VICENTE ARAGUAS (Majadahonda, 5 de octubre de 2025). Leyendo a Federico. No, no a Garc\u00eda Lorca, Federico le dicen los confianzudos, no es mi caso, que yo le llamo por ambos apellidos, de puro respeto que le tengo al granadino, o si acaso le digo Lorca a secas (ox\u00edmoron, que buen manantial era\/ es el autor de La casa de Bernarda Alba). Que yo leo estos d\u00edas de principios de oto\u00f1o a Federico, a veces Mart\u00ednez Utrera, otras, simplemente Utrera. Y digo que quien lo vea por esos campos de la vida, campos majariegos, de f\u00fatbol o no, tambi\u00e9n por el Cerro del Espino, naturalmente, con una bufanda rayista tan<\/p>\n","protected":false},"author":1,"featured_media":0,"comment_status":"open","ping_status":"open","sticky":false,"template":"","format":"standard","meta":{"footnotes":""},"categories":[19,270,261,251,17,26,258,267],"tags":[527,52,142,41,526,298],"class_list":["post-2619","post","type-post","status-publish","format-standard","hentry","category-artes-clasicas","category-arte-audiovisual","category-arte-clasico","category-arte-del-siglo-xx","category-biblioteca-hispanica-juan-goytisolo","category-material-memoria","category-clasicos-literarios","category-el-club-de-los-poetas-muertos","tag-arte","tag-cordel-de-extraviados","tag-federico-utrera","tag-juan-goytisolo","tag-literatura","tag-matias-diaz-padron"],"views":369,"_links":{"self":[{"href":"https:\/\/editorialhijosdemuleyrubio.com\/index.php?rest_route=\/wp\/v2\/posts\/2619","targetHints":{"allow":["GET"]}}],"collection":[{"href":"https:\/\/editorialhijosdemuleyrubio.com\/index.php?rest_route=\/wp\/v2\/posts"}],"about":[{"href":"https:\/\/editorialhijosdemuleyrubio.com\/index.php?rest_route=\/wp\/v2\/types\/post"}],"author":[{"embeddable":true,"href":"https:\/\/editorialhijosdemuleyrubio.com\/index.php?rest_route=\/wp\/v2\/users\/1"}],"replies":[{"embeddable":true,"href":"https:\/\/editorialhijosdemuleyrubio.com\/index.php?rest_route=%2Fwp%2Fv2%2Fcomments&post=2619"}],"version-history":[{"count":1,"href":"https:\/\/editorialhijosdemuleyrubio.com\/index.php?rest_route=\/wp\/v2\/posts\/2619\/revisions"}],"predecessor-version":[{"id":2620,"href":"https:\/\/editorialhijosdemuleyrubio.com\/index.php?rest_route=\/wp\/v2\/posts\/2619\/revisions\/2620"}],"wp:attachment":[{"href":"https:\/\/editorialhijosdemuleyrubio.com\/index.php?rest_route=%2Fwp%2Fv2%2Fmedia&parent=2619"}],"wp:term":[{"taxonomy":"category","embeddable":true,"href":"https:\/\/editorialhijosdemuleyrubio.com\/index.php?rest_route=%2Fwp%2Fv2%2Fcategories&post=2619"},{"taxonomy":"post_tag","embeddable":true,"href":"https:\/\/editorialhijosdemuleyrubio.com\/index.php?rest_route=%2Fwp%2Fv2%2Ftags&post=2619"}],"curies":[{"name":"wp","href":"https:\/\/api.w.org\/{rel}","templated":true}]}}