{"id":2622,"date":"2025-10-08T10:07:38","date_gmt":"2025-10-08T08:07:38","guid":{"rendered":"https:\/\/editorialhijosdemuleyrubio.com\/?p=2622"},"modified":"2025-10-08T10:31:06","modified_gmt":"2025-10-08T08:31:06","slug":"el-festival-internacional-de-cine-de-almeria-fical-2025-dedica-su-seccion-de-videoarte-al-50o-aniversario-de-marina-abramovic","status":"publish","type":"post","link":"https:\/\/editorialhijosdemuleyrubio.com\/?p=2622","title":{"rendered":"El Festival Internacional de Cine de Almer\u00eda (FICAL 2025) dedica su secci\u00f3n de videoarte al 50\u00ba Aniversario de Marina Abramovic"},"content":{"rendered":"<figure id=\"attachment_2623\" aria-describedby=\"caption-attachment-2623\" style=\"width: 300px\" class=\"wp-caption alignleft\"><a href=\"https:\/\/editorialhijosdemuleyrubio.com\/wp-content\/uploads\/2025\/10\/portada-taller-abramovich.png\"><img loading=\"lazy\" decoding=\"async\" class=\"wp-image-2623 size-medium\" src=\"https:\/\/editorialhijosdemuleyrubio.com\/wp-content\/uploads\/2025\/10\/portada-taller-abramovich-300x168.png\" alt=\"\" width=\"300\" height=\"168\" srcset=\"https:\/\/editorialhijosdemuleyrubio.com\/wp-content\/uploads\/2025\/10\/portada-taller-abramovich-300x168.png 300w, https:\/\/editorialhijosdemuleyrubio.com\/wp-content\/uploads\/2025\/10\/portada-taller-abramovich-768x430.png 768w, https:\/\/editorialhijosdemuleyrubio.com\/wp-content\/uploads\/2025\/10\/portada-taller-abramovich.png 800w\" sizes=\"auto, (max-width: 300px) 100vw, 300px\" \/><\/a><figcaption id=\"caption-attachment-2623\" class=\"wp-caption-text\">Federico Utrera, profundizar\u00e1 en uno de los iconos del mundo del arte contempor\u00e1neo y pionera de la performance y el v\u00eddeo como es Marina Abramovi\u0107, quien ha cautivado al p\u00fablico superando los l\u00edmites de su cuerpo y su mente durante los \u00faltimos 50 a\u00f1os.<\/figcaption><\/figure>\n<p>DIPUTACI\u00d3N DE ALMER\u00cdA. A\u0301REA DE CULTURA, CINE E IDENTIDAD ALMERIENSE. DEPARTAMENTO DE ARTES AUDIOVISUALES\/ (Comunicado). El <strong>XXIV Festival Internacional de Cine de Almer\u00eda (FICAL 2025)<\/strong>, dedica la 14\u00aa edici\u00f3n de su secci\u00f3n de videoarte al estudio de la vida y obra videogr\u00e1fica de <strong>Marina Abramovi\u0107<\/strong> (Belgrado, 1946), tomando como base la exposici\u00f3n internacional que arranc\u00f3 en la <strong>Royal Academy de Londres<\/strong> y continu\u00f3 en <strong>Amsterdam, Zurich, Tel Aviv y Viena,<\/strong> concluyendo as\u00ed en <strong>Almer\u00eda<\/strong> con car\u00e1cter virtual esta gira global. La importante recopilaci\u00f3n de 25 v\u00eddeos y 50 obras audiovisuales de la artista presenta momentos clave de su carrera y las obras que se exhiben en este 50\u00ba aniversario o bien son originales o son reinterpretadas de forma impactante por ella misma a partir de material de archivo, mientras que otras son representadas por la nueva generaci\u00f3n de artistas de performance formados con su m\u00e9todo. En sesiones matutinas de 3 horas y durante 3 d\u00edas, previa inscripci\u00f3n y con car\u00e1cter gratuito, el profesor y doctor en Comunicaci\u00f3n Audiovisual, <strong>Federico Utrera<\/strong>, profundizar\u00e1 en uno de los iconos del mundo del arte contempor\u00e1neo y pionera de la performance y el v\u00eddeo.<strong> Marina Abramovi\u0107<\/strong> ha cautivado al p\u00fablico superando los l\u00edmites de su cuerpo y su mente durante los \u00faltimos 50 a\u00f1os y muestra en esta secci\u00f3n como el videoarte tambi\u00e9n tiene el poder de ser transformador cuando recoge el arte esc\u00e9nico en vivo y a la vez lo difunde de forma impactante e \u00edntima.<!--more--><\/p>\n<p><span style=\"color: #ff0000;\"><strong>Las sesiones tendr\u00e1n lugar del lunes 17 al mi\u00e9rcoles 19 de noviembre (2025) de 11.00 a 14.00 horas en el Sal\u00f3n de Actos del Museo del Realismo Espa\u00f1ol Contempor\u00e1neo (antigua capilla)<\/strong><\/span> y los inscritos en la <a href=\"https:\/\/www.dipalme.org\/Servicios\/cmsdipro\/index.nsf\/fiestas.xsp?p=cultura&amp;documentId=DE791BA1B581439BC1258D17002DF15A\"><strong>p\u00e1gina web de la Diputaci\u00f3n de Almer\u00eda<\/strong><\/a> tendr\u00e1n derecho a un diploma que acredita su asistencia a las 9 horas lectivas correspondientes a la totalidad del curso, control presencial que se realizar\u00e1 a tal efecto por t\u00e9cnicos del \u00c1rea de Cultura, Cine e Identidad almeriense. El taller va dirigido a toda clase de estudiantes y titulados de Imagen y Sonido, Fotograf\u00eda, Bellas Artes, Filosof\u00eda, Ciencias de la Informaci\u00f3n, Inform\u00e1tica, Historia del Arte, Filolog\u00eda, Humanidades, Antropolog\u00eda, Sociolog\u00eda y Psicolog\u00eda, artistas, profesionales de la ense\u00f1anza, realizadores audiovisuales, periodistas y aficionados a la cultura audiovisual en general. La matr\u00edcula tiene car\u00e1cter gratuito y el n\u00famero m\u00e1ximo de participantes es de 30 personas, admitidas por riguroso orden de inscripci\u00f3n. Solamente podr\u00e1n recibir el diploma aquellas que hayan obtenido la confirmaci\u00f3n de su inscripci\u00f3n. En caso de no asistencia tras haber recibido la confirmaci\u00f3n, se tendr\u00e1 que justificar para poder ser admitido en otros cursos o talleres organizados por el Departamento de Artes Audiovisuales de la Diputaci\u00f3n de Almer\u00eda durante los a\u00f1os 2025 y 2026. El plazo de <a href=\"https:\/\/www.dipalme.org\/Servicios\/cmsdipro\/index.nsf\/fiestas.xsp?p=cultura&amp;documentId=DE791BA1B581439BC1258D17002DF15A\"><strong>matr\u00edcula<\/strong><\/a> finaliza el 11 de noviembre de 2025 o hasta que se cubran las plazas. Hay opci\u00f3n de registrarse en una lista de espera.<\/p>\n<p><span style=\"color: #ff0000;\"><strong>Marina Abramovi\u0107 ha alcanzado como artista un reconocimiento global y ha sido Premio Pr\u00edncipe de Asturias de las Artes en Espa\u00f1a<\/strong><\/span>. Con su trabajo ha puesto a prueba constantemente los l\u00edmites de su resistencia f\u00edsica y mental, someti\u00e9ndose al agotamiento, al dolor e incluso al riesgo de muerte. En su obra temprana, Abramovi\u0107 invitaba al p\u00fablico a interactuar libremente con ella y en su obra posterior, realizada tras los atentados terroristas del 11-S en Nueva York, sugiere presenciar y compartir el simple acto de vivir. Con la finalidad de generar \u00e1mbitos para las manifestaciones audiovisuales alternativas y propiciar espacios de encuentro para la reflexi\u00f3n hist\u00f3rica y est\u00e9tica videogr\u00e1fica, el Dr. Federico Utrera (Almer\u00eda, 1963) imparte este taller desde su experiencia como profesor de posgrado en Comunicaci\u00f3n Audiovisual en Next Educaci\u00f3n y en diferentes universidades p\u00fablicas y privadas. Utrera fue premio extraordinario por su tesis doctoral sobre el Mass Media Art y es autor de la primera biograf\u00eda y cat\u00e1logo razonado sobre el videoartista norteamericano Bill Viola.<\/p>\n<p><span style=\"color: #ff0000;\"><strong>Federico Utrera ha participado impartiendo talleres o como jurado en diversos festivales internacionales de cine y videoarte:<\/strong><\/span> Las Palmas de Gran Canaria, Medina del Campo (Valladolid), T\u00e1nger (Marruecos), Astorga (Le\u00f3n), etc&#8230;y ha sido invitado y acreditado en diferentes exposiciones de videoarte en museos y centros de arte de todo el mundo: Instituto Cervantes (Nueva York), Fundaci\u00f3n Strozzi (Florencia), Grand Palais (Par\u00eds), Museo Guggenheim (Nueva York y Bilbao), Museo de Arte Abstracto espa\u00f1ol \/ Fundaci\u00f3n Juan March (Cuenca), etc&#8230; Tambi\u00e9n ha dedicado monograf\u00edas de videoarte en otros talleres sobre Bill Viola, Yoko Ono, Nam June Paik, Wolf Vostell, Joseph Beuys, Charlotte Moorman, Fernando Arrabal, Julian Rosefeldt, Michel Houellebecq y el \u00faltimo sobre Lorca, Dal\u00ed y Bu\u00f1uel. Ha reunido su obra critica en \u201cCordel de Extraviados. Literatura y Arte\u201d, prologado por el Conservador del Museo del Prado, Mat\u00edas D\u00edaz Padr\u00f3n y por el Premio Cervantes, Juan Goytisolo.<\/p>\n<p><span style=\"color: #ff0000;\"><strong>PROGRAMACI\u00d3N<\/strong><\/span><br \/>\n<span style=\"color: #008000;\"><strong>Lunes, 17 de noviembre.<\/strong><\/span> 11.00 h. Inauguraci\u00f3n. 1. Participaci\u00f3n P\u00fablica. La Artista est\u00e1 Presente, 2010. 1 \u201cEl Reencuentro\u201d, 2. Ritmo 0, 1974. 3. Cuerpo comunista. Ritmo 5, 1974. Labios de Thomas (Estrella en el Est\u00f3mago). Barroco Balk\u00e1nico. El h\u00e9roe. 4. Limites del Cuerpo. Ritmo 10, 1973. Ritmo 4. El arte debe ser bello \/ El artista debe ser bello, 1975. \u00abLuz Oscura\u00bb. \u00abInhalando\/Exhalando\u00bb. &#8216;AAA-AAA&#8217; (1978). Ritmo 2, 1974,<\/p>\n<p><span style=\"color: #008000;\"><strong>Martes, 18 de noviembre<\/strong><\/span>. 11.00 h. Relaci\u00f3n en el tiempo, 1977. Cambio de Roles. Relaci\u00f3n en el espacio. Liberando la voz, el cuerpo y la memoria. Energ\u00eda de Descanso. Ausencia del Cuerpo. Dibujos de Frottage. \u201cLos Amantes. Paseo por la Gran Muralla\u201d. Ulay Vital. Energ\u00eda de la Naturaleza. Zapatos para la Partida. Durmiendo bajo un \u00e1rbol baniano. Cabezas de Drag\u00f3n. Idas y Venidas. Retrato de artista con vela.<\/p>\n<p><span style=\"color: #008000;\"><strong>Mi\u00e9rcoles, 19 de noviembre<\/strong><\/span>. 11.00 h. Cinco Etapas de la Danza Maya. Cuatro Cruces (2019). Arqueolog\u00eda Privada. Barco vaci\u00e1ndose, arroyo entrando. Cascada. Homenajes a Nikola Tesla. Portal\/Luminosidad. La Casa con Vista al Mar, 2002. Stromboli. Conciencia dormida. Reprogram\u00e1ndose en un M\u00f3dulo de Levitaci\u00f3n. La corriente. M\u00e1scara Dorada. Cuerpo Espiritual. Pulpo 2 (2019) y Pulpo 3 (2025). \u00abLa Cocina\u00bb (2009).<\/p>\n<p>&nbsp;<\/p>\n","protected":false},"excerpt":{"rendered":"<p>DIPUTACI\u00d3N DE ALMER\u00cdA. A\u0301REA DE CULTURA, CINE E IDENTIDAD ALMERIENSE. DEPARTAMENTO DE ARTES AUDIOVISUALES\/ (Comunicado). El XXIV Festival Internacional de Cine de Almer\u00eda (FICAL 2025), dedica la 14\u00aa edici\u00f3n de su secci\u00f3n de videoarte al estudio de la vida y obra videogr\u00e1fica de Marina Abramovi\u0107 (Belgrado, 1946), tomando como base la exposici\u00f3n internacional que arranc\u00f3 en la Royal Academy de Londres y continu\u00f3 en Amsterdam, Zurich, Tel Aviv y Viena, concluyendo as\u00ed en Almer\u00eda con car\u00e1cter virtual esta gira global. La importante recopilaci\u00f3n de 25 v\u00eddeos y 50 obras audiovisuales de la artista presenta momentos clave de su carrera y las obras que se exhiben en este 50\u00ba aniversario o<\/p>\n","protected":false},"author":1,"featured_media":0,"comment_status":"open","ping_status":"open","sticky":false,"template":"","format":"standard","meta":{"footnotes":""},"categories":[270,14,32],"tags":[142,477,528,499,45],"class_list":["post-2622","post","type-post","status-publish","format-standard","hentry","category-arte-audiovisual","category-blog-de-videoarte","category-videoarte","tag-federico-utrera","tag-festival-internacional-de-cine-de-almeria","tag-fical-2025","tag-marina-abramovic","tag-videoarte-2"],"views":384,"_links":{"self":[{"href":"https:\/\/editorialhijosdemuleyrubio.com\/index.php?rest_route=\/wp\/v2\/posts\/2622","targetHints":{"allow":["GET"]}}],"collection":[{"href":"https:\/\/editorialhijosdemuleyrubio.com\/index.php?rest_route=\/wp\/v2\/posts"}],"about":[{"href":"https:\/\/editorialhijosdemuleyrubio.com\/index.php?rest_route=\/wp\/v2\/types\/post"}],"author":[{"embeddable":true,"href":"https:\/\/editorialhijosdemuleyrubio.com\/index.php?rest_route=\/wp\/v2\/users\/1"}],"replies":[{"embeddable":true,"href":"https:\/\/editorialhijosdemuleyrubio.com\/index.php?rest_route=%2Fwp%2Fv2%2Fcomments&post=2622"}],"version-history":[{"count":6,"href":"https:\/\/editorialhijosdemuleyrubio.com\/index.php?rest_route=\/wp\/v2\/posts\/2622\/revisions"}],"predecessor-version":[{"id":2629,"href":"https:\/\/editorialhijosdemuleyrubio.com\/index.php?rest_route=\/wp\/v2\/posts\/2622\/revisions\/2629"}],"wp:attachment":[{"href":"https:\/\/editorialhijosdemuleyrubio.com\/index.php?rest_route=%2Fwp%2Fv2%2Fmedia&parent=2622"}],"wp:term":[{"taxonomy":"category","embeddable":true,"href":"https:\/\/editorialhijosdemuleyrubio.com\/index.php?rest_route=%2Fwp%2Fv2%2Fcategories&post=2622"},{"taxonomy":"post_tag","embeddable":true,"href":"https:\/\/editorialhijosdemuleyrubio.com\/index.php?rest_route=%2Fwp%2Fv2%2Ftags&post=2622"}],"curies":[{"name":"wp","href":"https:\/\/api.w.org\/{rel}","templated":true}]}}