{"id":2630,"date":"2025-10-15T10:06:42","date_gmt":"2025-10-15T08:06:42","guid":{"rendered":"https:\/\/editorialhijosdemuleyrubio.com\/?p=2630"},"modified":"2025-10-15T10:09:28","modified_gmt":"2025-10-15T08:09:28","slug":"amenabar-revela-que-su-pelicula-el-cautivo-se-inspiro-tambien-en-el-libro-un-esclavo-llamado-cervantes-de-fernando-arrabal","status":"publish","type":"post","link":"https:\/\/editorialhijosdemuleyrubio.com\/?p=2630","title":{"rendered":"Amen\u00e1bar revela que su pel\u00edcula \u00abEl Cautivo\u00bb se inspir\u00f3 tambi\u00e9n en el libro \u00abUn esclavo llamado Cervantes\u00bb de Fernando Arrabal"},"content":{"rendered":"<figure id=\"attachment_355648\" aria-describedby=\"caption-attachment-355648\" style=\"width: 300px\" class=\"wp-caption alignleft\"><a href=\"https:\/\/majadahondamagazin.es\/wp-content\/uploads\/2025\/10\/d4730650-c38f-4022-b7c9-ec3897418954.jpg\"><img loading=\"lazy\" decoding=\"async\" class=\"wp-image-355648 size-medium\" src=\"https:\/\/majadahondamagazin.es\/wp-content\/uploads\/2025\/10\/d4730650-c38f-4022-b7c9-ec3897418954-300x225.jpg?_t=1760244842\" alt=\"\" width=\"300\" height=\"225\" \/><\/a><figcaption id=\"caption-attachment-355648\" class=\"wp-caption-text\">El escritor y profesor almeriense afincado en Majadahonda (Madrid), Federico Utrera, se confiesa de nacionalidad \u00abcervantina\u00bb y le pregunt\u00f3 a Amen\u00e1bar por sus fuentes literarias y cinematogr\u00e1ficas, que el director de cine no tuvo inconveniente en desvelar<\/figcaption><\/figure>\n<p>FEDERICO UTRERA. (Majadahonda, 12 de octubre de 2025). <em>*Escritor y profesor de Comunicaci\u00f3n Audiovisual y Videoarte<\/em>. Me confieso de nacionalidad cervantina, como dec\u00eda <strong>Juan Goytisolo,<\/strong> uno de mis maestros, y quiz\u00e1 el novelista que mejor y m\u00e1s de cerca ha seguido la estirpe literaria que dej\u00f3 <strong>Cervantes<\/strong>. Por eso acud\u00ed con mucho inter\u00e9s a ver la pel\u00edcula <strong>\u00abEl Cautivo\u00bb de Alejandro Amen\u00e1ba<\/strong>r en los <strong>Cines Zoco de Majadahonda<\/strong> y gracias a la deferencia y generosidad de los organizadores del coloquio posterior con el afamado cineasta pude formularle algunas preguntas. Mi curiosidad radicaba en conocer qu\u00e9 fuentes cinematogr\u00e1ficas hab\u00eda tenido para elaborar el personaje de <strong>Miguel de Cervantes<\/strong> porque yo no conoc\u00eda ninguna pel\u00edcula biogr\u00e1fica, aunque hay much\u00edsimas sobre el <strong>Quijote<\/strong>. De estas \u00faltimas, muchos espa\u00f1oles recordar\u00e1n aquella simp\u00e1tica serie que protagonizaban <strong>Fernando Rey con Alfredo Landa como Sancho Panza<\/strong> pero la que los cervantistas m\u00e1s cr\u00edticos y heterodoxos recomiendan es la rusa <strong>\u00abDon Kikhot\u00bb de Grigori Kozintsev (1957),<\/strong> que a\u00fan no he conseguido visualizar completa por no estar disponible en ninguna de las decenas de plataformas que inundan el mercado audiovisual global, aunque los fragmentos que andan desperdigados por <strong>Youtube<\/strong> hacen re\u00edr tanto como el <strong>Quijote<\/strong>.<!--more--><\/p>\n<figure id=\"attachment_355650\" aria-describedby=\"caption-attachment-355650\" style=\"width: 300px\" class=\"wp-caption alignleft\"><a href=\"https:\/\/majadahondamagazin.es\/wp-content\/uploads\/2025\/10\/IMG_4991.jpeg\"><img loading=\"lazy\" decoding=\"async\" class=\"wp-image-355650 size-medium\" src=\"https:\/\/majadahondamagazin.es\/wp-content\/uploads\/2025\/10\/IMG_4991-300x225.jpeg?_t=1760244770\" alt=\"\" width=\"300\" height=\"225\" \/><\/a><figcaption id=\"caption-attachment-355650\" class=\"wp-caption-text\">Federico Utrera en los Zoco de Majadahonda<\/figcaption><\/figure>\n<p><span style=\"color: #008000;\"><b>ADEM\u00c1S DEL NOVELISTA JUAN GOYTISOLO Y SUS L\u00daCIDOS ENSAYOS SOBRE CERVANTES<\/b><\/span> en los que ensalza a aquel viejo profesor de Harvard y reconocido cervantista <strong>Francisco M\u00e1rquez Villanueva<\/strong>, a quien tanto debo, le pregunt\u00e9 a <strong>Amen\u00e1bar<\/strong> por mi querido <strong>Fernando Arrabal<\/strong>, otro de mis maestros, al que tambi\u00e9n he tenido el placer de editar y me precio de su amistad. Por eso quise saber si ten\u00eda tambi\u00e9n alguna referencia literaria m\u00e1s all\u00e1 de las investigaciones biogr\u00e1ficas, que tambi\u00e9n tiene un libro titulado <strong>\u00abUn esclavo llamado Cervantes\u00bb<\/strong>. La \u00faltima de mis preguntas, pero no por ello la menos importante, mencionaba otras alusiones, pero esta vez sentimentales. <strong>Amen\u00e1bar<\/strong> hab\u00eda llenado dos salas en Majadahonda, algo que pod\u00eda parecer incre\u00edble y que solo se debe sobre todo al p\u00fablico que tenemos. \u00bfQu\u00e9 noticias ten\u00eda <strong>Amen\u00e1bar<\/strong> de los <strong>cines Zoco<\/strong> y de la gente cin\u00e9fila de <strong>Majadahonda<\/strong>?<\/p>\n<figure id=\"attachment_355659\" aria-describedby=\"caption-attachment-355659\" style=\"width: 300px\" class=\"wp-caption alignleft\"><a href=\"https:\/\/majadahondamagazin.es\/wp-content\/uploads\/2025\/10\/Captura-de-pantalla-2025-10-10-a-las-14.12.06.png\"><img loading=\"lazy\" decoding=\"async\" class=\"wp-image-355659 size-medium\" src=\"https:\/\/majadahondamagazin.es\/wp-content\/uploads\/2025\/10\/Captura-de-pantalla-2025-10-10-a-las-14.12.06-300x170.png?_t=1760244731\" alt=\"\" width=\"300\" height=\"170\" \/><\/a><figcaption id=\"caption-attachment-355659\" class=\"wp-caption-text\">Muchas pel\u00edculas sobre el Quijote pero ninguna sobre Cervantes<\/figcaption><\/figure>\n<p><span style=\"color: #008000;\"><strong>LAS RESPUESTAS DE AMEN\u00c1BAR<\/strong><\/span>\u00a0fueron precisas y muy generosas, algunas de las cuales ya las ha extractado <strong>Miguel Sanchiz<\/strong> en su <a href=\"https:\/\/majadahondamagazin.es\/amenabar-triunfa-en-majadahonda-se-os-conoce-y-se-habla-de-vosotros-por-el-esfuerzo-y-gran-labor-de-cines-zoco-en-la-proteccion-del-cine\/\"><strong>excelente cr\u00f3nica del evento<\/strong><\/a>. <strong>Amen\u00e1bar<\/strong> dijo de los espectadores majariegos que \u00abse os conoce, se habla de vosotros y del esfuerzo y de la labor que est\u00e1is haciendo con la protecci\u00f3n del patrimonio cultural que suponen las salas de cine\u00bb. Y en cuanto a las referencias cinematogr\u00e1ficas, confes\u00f3 que a veces le cuesta encontrarlas, porque pel\u00edculas biogr\u00e1ficas solo hay una de <strong>Vincent Sherman<\/strong> titulada precisamente as\u00ed: \u00ab<strong>Cervantes<\/strong>\u00ab, del a\u00f1o 1967, coproducci\u00f3n de <strong>Espa\u00f1a-Francia-Italia<\/strong> con <strong>Gina Lollobrigida, Francisco Rabal y Fernando Rey<\/strong>. Y luego est\u00e1 la miniserie de televisi\u00f3n de <strong>Alfonso Ungr\u00eda<\/strong>, producida por <strong>Radio Televisi\u00f3n Espa\u00f1ola (disponible en RTVE play)<\/strong>. Es otra cosa que le llamaba much\u00edsimo la atenci\u00f3n a <strong>Amen\u00e1bar<\/strong>: que el icono cultural por excelencia de <strong>Espa\u00f1a<\/strong> no haya tenido nunca una pel\u00edcula biogr\u00e1fica espa\u00f1ola:<\/p>\n<figure id=\"attachment_355649\" aria-describedby=\"caption-attachment-355649\" style=\"width: 300px\" class=\"wp-caption alignleft\"><a href=\"https:\/\/majadahondamagazin.es\/wp-content\/uploads\/2025\/10\/f0c1a35f-5724-4952-825f-14bbd5330b23.jpg\"><img loading=\"lazy\" decoding=\"async\" class=\"wp-image-355649 size-medium\" src=\"https:\/\/majadahondamagazin.es\/wp-content\/uploads\/2025\/10\/f0c1a35f-5724-4952-825f-14bbd5330b23-300x225.jpg?_t=1760244643\" alt=\"\" width=\"300\" height=\"225\" \/><\/a><figcaption id=\"caption-attachment-355649\" class=\"wp-caption-text\">Federico Utrera con Amenabar en Majadahonda<\/figcaption><\/figure>\n<p><span style=\"color: #008000;\"><b>\u00abY YO ME INCLUYO. HE TENIDO QUE ESPERAR A MIS 53 A\u00d1OS<\/b><\/span> para dedicarle una pel\u00edcula e intentar preguntarme qui\u00e9n era este tipo. Porque en el fondo, algo que al final me estaba alimentando a seguir con el proyecto era que yo quer\u00eda conocer a <strong>Cervantes<\/strong>. Y me preguntaba: \u00abpero este t\u00edo que va a escribir la primera novela moderna, \u00bfqui\u00e9n es?\u00bb. Por eso no existen apenas referencias cinematogr\u00e1ficas sobre <strong>Cervantes<\/strong>, aunque <strong>Amen\u00e1bar<\/strong> luego cont\u00f3 que al ser la pel\u00edcula un drama carcelario, s\u00ed tuvo que inspirarse en los a su juicio mejores films del g\u00e9nero, desde <strong>\u00abLa lista de Schindler\u00bb<\/strong>, hasta<strong> \u00abCadena Perpetua\u00bb o \u00abEl Expreso de Medianoche\u00bb,<\/strong> donde recordaba que fue una de sus primeras pel\u00edculas donde vio besarse dos hombres en la c\u00e1rcel. \u00abYo era entonces un ni\u00f1o y la vi con mi madre. Recuerdo que ese beso se me qued\u00f3 grabado, as\u00ed como el comentario de mi madre, que que dijo algo as\u00ed como: \u00abbueno, claro, es que est\u00e1n ah\u00ed en la c\u00e1rcel, \u00bfqu\u00e9 van a hacer?\u00bb.<\/p>\n<figure id=\"attachment_355654\" aria-describedby=\"caption-attachment-355654\" style=\"width: 300px\" class=\"wp-caption alignleft\"><a href=\"https:\/\/majadahondamagazin.es\/wp-content\/uploads\/2025\/10\/Arrabal-Cervantes.jpg\"><img loading=\"lazy\" decoding=\"async\" class=\"size-medium wp-image-355654\" src=\"https:\/\/majadahondamagazin.es\/wp-content\/uploads\/2025\/10\/Arrabal-Cervantes-300x200.jpg\" alt=\"\" width=\"300\" height=\"200\" \/><\/a><figcaption id=\"caption-attachment-355654\" class=\"wp-caption-text\">Fernando Arrabal: <strong>\u00abUn esclavo llamado Cervantes\u00bb<\/strong> lo hab\u00eda le\u00eddo <strong>Amen\u00e1bar<\/strong> y \u00aben la elaboraci\u00f3n de la trama he incluido su contenido\u00bb<\/figcaption><\/figure>\n<p><span style=\"color: #008000;\"><strong>SOBRE FERNANDO ARRABAL,<\/strong><\/span> mi sorpresa de la noche fue que el muy desconocido libro de <strong>\u00abUn esclavo llamado Cervantes\u00bb<\/strong> lo hab\u00eda le\u00eddo <strong>Amen\u00e1bar<\/strong> y \u00abno s\u00e9 en qu\u00e9 punto de la elaboraci\u00f3n de la trama\u00bb hab\u00eda incluido algo de su contenido, \u00abporque he intentado pillar pr\u00e1cticamente todo lo que ten\u00eda que ver\u00bb con ese <strong>Cervantes<\/strong> que \u00e9l buscaba, desde los estudios de <strong>Jean Canavaggio<\/strong> al trabajo \u00ab<strong>Cervantes \u00cdntimo<\/strong>\u00bb de <strong>Jos\u00e9 Manuel Luc\u00eda<\/strong>, \u00abque escribi\u00f3 una trilog\u00eda fant\u00e1stica sobre <strong>Cervantes<\/strong>, uno de que cuyos vol\u00famenes va sobre su juventud\u00bb, que tambi\u00e9n devor\u00f3. La catedr\u00e1tica colombiana <strong>Mar\u00eda Antonia Garc\u00e9s<\/strong>, profesora en la Universidad de Cornell (EEUU), tambi\u00e9n hab\u00eda publicado un libro titulado \u00ab<strong>Cervantes en Argel: Historia de un Cautivo\u00bb<\/strong> en el que igualmente \u00abintenta explicar tambi\u00e9n la explosi\u00f3n creativa a partir de un trauma tan grave como puede ser el cautiverio. A <strong>Arrabal<\/strong> en alg\u00fan momento lo le\u00ed, y en alg\u00fan momento incorpor\u00e9 su idea, porque eso s\u00ed que forma parte de la ficci\u00f3n, se sabe que <strong>Cervantes<\/strong> tuvo un duelo que fue el que le provoc\u00f3 ese giro de gui\u00f3n a su vida, por el que tuvo que abandonar su carrera como estudiante de Letras y reconvertirse primero en mayordomo del italiano cardenal <strong>Aquaviva<\/strong>, y luego ejercer como soldado\u00bb, me respondi\u00f3 <strong>Amen\u00e1bar<\/strong>. Y a\u00f1adi\u00f3 que se sabe que el resultado de ese duelo fue el motivo de su huida, pero no se conoce el motivo del duelo, \u00aby eso es algo que yo discut\u00ed mucho con <strong>Julio Pe\u00f1a<\/strong>, el actor que interpreta a <strong>Cervantes<\/strong>, un poco tambi\u00e9n inspirado por todo lo que hab\u00eda le\u00eddo de <strong>Arrabal<\/strong>. Y yo en alg\u00fan momento le dec\u00eda a <strong>Julio<\/strong>: \u00absolo t\u00fa sabes lo que ha pasado entre t\u00fa y tu profesor <strong>Lopez de Hoyos<\/strong>, pero eso es lo que se est\u00e1 corriendo en los mentideros, y eso es lo que te va a hacer a ti lanzarte al duelo e ir a contra el maestro de obras al que se enfrent\u00f3, que es por lo que tuvo que huir <strong>Cervantes<\/strong>\u00ab.<\/p>\n<figure id=\"attachment_355656\" aria-describedby=\"caption-attachment-355656\" style=\"width: 300px\" class=\"wp-caption alignleft\"><a href=\"https:\/\/majadahondamagazin.es\/wp-content\/uploads\/2025\/10\/https___ep01.epimg_.net_cultura_imagenes_2015_04_23_actualidad_1429774067_582513_1429793515_noticia_fotograma-scaled.jpg\"><img loading=\"lazy\" decoding=\"async\" class=\"wp-image-355656 size-medium\" src=\"https:\/\/majadahondamagazin.es\/wp-content\/uploads\/2025\/10\/https___ep01.epimg_.net_cultura_imagenes_2015_04_23_actualidad_1429774067_582513_1429793515_noticia_fotograma-300x225.jpg?_t=1760244569\" alt=\"\" width=\"300\" height=\"225\" \/><\/a><figcaption id=\"caption-attachment-355656\" class=\"wp-caption-text\">Juan Goytisolo, Premio Cervantes<\/figcaption><\/figure>\n<p><span style=\"color: #008000;\"><b>\u00abREFERENCIAS CINEMATOGR\u00c1FICAS SOBRE CERVANTES<\/b><\/span> muy pocas, bibliogr\u00e1ficas todas las que he podido, y literarias casi ninguna. No es una pel\u00edcula literaria, hay muy poca literatura, yo he de reconocer que lo que m\u00e1s consumo es cine, aunque empec\u00e9 acerc\u00e1ndome al cine a trav\u00e9s de la literatura justamente y luego acab\u00e9 en la pantalla grande porque el cine entr\u00f3 en mi vida como un tsunami, y entiendo que los que proteg\u00e9is el cine lo entender\u00e9is la fuerza que tuvo para m\u00ed este sorporte, por eso casi siempre mis referencias son m\u00e1s cinematogr\u00e1ficas que literarias. Y adem\u00e1s esta es una pel\u00edcula que quer\u00eda alejar del peso literario, aunque \u00bfpor qu\u00e9 no interesarse despu\u00e9s de ver la pel\u00edcula a acercarse y leer el <strong>Quijote<\/strong>, como tuve yo que leerlo para hacer esta pel\u00edcula?. Lo primero que hice fue terminarme el <strong>Quijote<\/strong>, que no me hab\u00eda le\u00eddo entero, pero nunca quise llenar la pel\u00edcula de peso literario\u00bb, concluy\u00f3.<\/p>\n<figure id=\"attachment_355653\" aria-describedby=\"caption-attachment-355653\" style=\"width: 300px\" class=\"wp-caption alignleft\"><a href=\"https:\/\/majadahondamagazin.es\/wp-content\/uploads\/2025\/10\/brandariz.jpg\"><img loading=\"lazy\" decoding=\"async\" class=\"wp-image-355653 size-medium\" src=\"https:\/\/majadahondamagazin.es\/wp-content\/uploads\/2025\/10\/brandariz-300x212.jpg?_t=1760244508\" alt=\"\" width=\"300\" height=\"212\" \/><\/a><figcaption id=\"caption-attachment-355653\" class=\"wp-caption-text\">\u00abLos libros de los investigadores heterodoxos Leandro Rodr\u00edguez y C\u00e9sar Brandariz, a los que tanto admiramos tan pocos, desvelan algunos misterios de Cervantes\u00bb<\/figcaption><\/figure>\n<p><span style=\"color: #008000;\"><strong>LEANDRO RODR\u00cdGUEZ Y CESAR BRAND\u00c1RIZ, LOS INVESTIGADORES HETERODOXOS QUE M\u00c1S Y MEJOR HAN DESCUBIERTO LOS SECRETOS DE CERVANTES.<\/strong><\/span> Como ya tuve oportunidad de hacer una d\u00e9cada antes con el propio <strong>Juan Goytisolo<\/strong>, ahora en una conversaci\u00f3n m\u00e1s informal tras el coloquio tuve la ocasi\u00f3n de informar a <strong>Amen\u00e1bar<\/strong> sobre uno de mis hallazgos cervantinos. Y tom\u00f3 buena nota de ello. He escrito ya algunas veces sobre el mismo y tuve incluso el privilegio de conocer a su autor, lo cual me llev\u00f3 a la villa de <strong>Cervantes<\/strong>, al otro lado de los <strong>montes de Le\u00f3n<\/strong>, actual provincia de <strong>Zamora<\/strong>, cerca de los lagos de <strong>Sanabria<\/strong>: los libros del investigador heterodoxo<strong> C\u00e9sar Brandariz<\/strong>, que beben de la fuente original que fue <a href=\"https:\/\/asociacionguiaszamora.com\/leandro-rodriguez\/\"><strong>Leandro Rodr\u00edguez<\/strong><\/a>, al que tanto admiramos tan pocos, en su tenaz pugna por desvelar los misterios de <strong>Cervantes<\/strong>. No es sino uno m\u00e1s de todos aquellos que nos confesamos de <strong>nacionalidad cervantina<\/strong>, un h\u00edbrido que no entiende de fronteras, lenguas, pol\u00edticas ni religiones, donde ni siquiera somos intolerantes contra el fanatismo o la ignorancia que ahora nos invade. Pero esa es otra historia&#8230;<\/p>\n","protected":false},"excerpt":{"rendered":"<p>FEDERICO UTRERA. (Majadahonda, 12 de octubre de 2025). *Escritor y profesor de Comunicaci\u00f3n Audiovisual y Videoarte. Me confieso de nacionalidad cervantina, como dec\u00eda Juan Goytisolo, uno de mis maestros, y quiz\u00e1 el novelista que mejor y m\u00e1s de cerca ha seguido la estirpe literaria que dej\u00f3 Cervantes. Por eso acud\u00ed con mucho inter\u00e9s a ver la pel\u00edcula \u00abEl Cautivo\u00bb de Alejandro Amen\u00e1bar en los Cines Zoco de Majadahonda y gracias a la deferencia y generosidad de los organizadores del coloquio posterior con el afamado cineasta pude formularle algunas preguntas. Mi curiosidad radicaba en conocer qu\u00e9 fuentes cinematogr\u00e1ficas hab\u00eda tenido para elaborar el personaje de Miguel de Cervantes porque yo no<\/p>\n","protected":false},"author":1,"featured_media":0,"comment_status":"open","ping_status":"open","sticky":false,"template":"","format":"standard","meta":{"footnotes":""},"categories":[20,258],"tags":[529,530,142,57,531],"class_list":["post-2630","post","type-post","status-publish","format-standard","hentry","category-arrabal-y-houellebecq","category-clasicos-literarios","tag-amenabar","tag-el-cautivo","tag-federico-utrera","tag-fernando-arrabal","tag-un-esclavo-llamado-cervantes"],"views":670,"_links":{"self":[{"href":"https:\/\/editorialhijosdemuleyrubio.com\/index.php?rest_route=\/wp\/v2\/posts\/2630","targetHints":{"allow":["GET"]}}],"collection":[{"href":"https:\/\/editorialhijosdemuleyrubio.com\/index.php?rest_route=\/wp\/v2\/posts"}],"about":[{"href":"https:\/\/editorialhijosdemuleyrubio.com\/index.php?rest_route=\/wp\/v2\/types\/post"}],"author":[{"embeddable":true,"href":"https:\/\/editorialhijosdemuleyrubio.com\/index.php?rest_route=\/wp\/v2\/users\/1"}],"replies":[{"embeddable":true,"href":"https:\/\/editorialhijosdemuleyrubio.com\/index.php?rest_route=%2Fwp%2Fv2%2Fcomments&post=2630"}],"version-history":[{"count":1,"href":"https:\/\/editorialhijosdemuleyrubio.com\/index.php?rest_route=\/wp\/v2\/posts\/2630\/revisions"}],"predecessor-version":[{"id":2631,"href":"https:\/\/editorialhijosdemuleyrubio.com\/index.php?rest_route=\/wp\/v2\/posts\/2630\/revisions\/2631"}],"wp:attachment":[{"href":"https:\/\/editorialhijosdemuleyrubio.com\/index.php?rest_route=%2Fwp%2Fv2%2Fmedia&parent=2630"}],"wp:term":[{"taxonomy":"category","embeddable":true,"href":"https:\/\/editorialhijosdemuleyrubio.com\/index.php?rest_route=%2Fwp%2Fv2%2Fcategories&post=2630"},{"taxonomy":"post_tag","embeddable":true,"href":"https:\/\/editorialhijosdemuleyrubio.com\/index.php?rest_route=%2Fwp%2Fv2%2Ftags&post=2630"}],"curies":[{"name":"wp","href":"https:\/\/api.w.org\/{rel}","templated":true}]}}