{"id":264,"date":"2013-06-17T11:04:35","date_gmt":"2013-06-17T09:04:35","guid":{"rendered":"http:\/\/editorialhijosdemuleyrubio.com\/?p=264"},"modified":"2013-06-17T11:05:48","modified_gmt":"2013-06-17T09:05:48","slug":"jrj-dos-versiones-en-prosa-sobre-madrid","status":"publish","type":"post","link":"https:\/\/editorialhijosdemuleyrubio.com\/?p=264","title":{"rendered":"JRJ: dos versiones en prosa sobre Madrid"},"content":{"rendered":"<p>&nbsp;<\/p>\n<figure id=\"attachment_266\" aria-describedby=\"caption-attachment-266\" style=\"width: 200px\" class=\"wp-caption alignleft\"><a href=\"http:\/\/editorialhijosdemuleyrubio.com\/wp-content\/uploads\/2013\/06\/jrjvazquez.jpeg\"><img loading=\"lazy\" decoding=\"async\" class=\"size-full wp-image-266\" alt=\"Juan Ram\u00f3n, por V\u00e1zquez D\u00edaz\" src=\"http:\/\/editorialhijosdemuleyrubio.com\/wp-content\/uploads\/2013\/06\/jrjvazquez.jpeg\" width=\"200\" height=\"178\" \/><\/a><figcaption id=\"caption-attachment-266\" class=\"wp-caption-text\">Juan Ram\u00f3n, por V\u00e1zquez D\u00edaz<\/figcaption><\/figure>\n<p><b><span style=\"font-size: small;\">Miguel de Luna<\/span><\/b><\/p>\n<p><i>Me despert\u00e9, las 4, ya d\u00eda esmeril, vertical, azul y agua. Un nudo en el alma. Por el arrabal del sue\u00f1o hondo, se quedaba, como en el foso \u00faltimo de un teatro de vida y muerte, la revuelta pesadilla: mi desnuda morita enamorada, la revoluci\u00f3n brillante y colorida de alhajas, sedas, luces, el peque\u00f1o sult\u00e1n graso con sus s\u00f3lidos bigotes de lagarto y su alfanje con rub\u00edes cojido, para mi garganta, de la panoplia del Para\u00edso verde de Mahoma. Yo cre\u00eda que yo estaba diciendo: \u00abPor aqu\u00ed, morita hur\u00ed, por aqu\u00ed\u00bb. Pero en realidad, ya de pie conciente tras un sorbo de agua, lo que yo me encontr\u00e9 repitiendo, y con gran prisa, era: \u00abAmar, amer, amir, amor, amur. Amur, amor, amir, amer, amar\u00bb. JRJ. Morita Hur\u00ed. Obra Po\u00e9tica (Ed. Espasa). Vol II, Tomo IV. Viajes y sue\u00f1os. L\u00e1piz Patrio. (Ed. Dom\u00ednguez S\u00edo). Pag 660.\u00a0<\/i><\/p>\n<p>Por fin acaban de ver la luz los dos vol\u00famenes de \u00abObra Po\u00e9tica\u00bb (verso y prosa) de Juan Ram\u00f3n Jim\u00e9nez, Premio Nobel de Literatura cuya concesi\u00f3n cumple precisamente 50 a\u00f1os en 2006 coincidiendo con el 125 aniversario de su nacimiento. La decisiva actuaci\u00f3n de la Biblioteca de Literatura Universal (BLU), que dirije Claudio Guill\u00e9n, en colaboraci\u00f3n con la editorial Espasa y un amplio grupo de estudiosos y especialistas, han propiciado este herc\u00faleo trabajo, una aproximaci\u00f3n decidida a sus Obras Completas cuya ausencia a\u00fan averguenza a la cultura en castellano cuando tantos y tantos otros contempor\u00e1neos, e incluso algunos poetas a\u00fan vivos, ya han gozado -seguramente con todo m\u00e9rito- del privilejio que supone ver la mayor parte de su producci\u00f3n reunida. El pobre Juan Ram\u00f3n, tan rico en jenialidad, luminoso, prol\u00edfico, orijinal y creativo, dej\u00f3 su poes\u00eda y su prosa tan abierta, tan sujestiva, tan atrayente, que los editores que asumen con paciencia y cabeza hacer frente a la dificultad de sus nuevas ediciones (el material in\u00e9dito sigue siendo abundant\u00edsimo y lamentablemente sufre serio riesgo de deterioro y p\u00e9rdida por la falta de dijitalizaci\u00f3n de su archivo en Puerto Rico), merecen un sincero aplauso por encima de cualquier otra consideraci\u00f3n, envidia, vendetta o rencilla, tristemente habituales en el mundo po\u00e9tico, pol\u00edtico o universitario.\u00a0<!--more--><\/p>\n<p>Un ejemplo: s\u00f3lo por la habilidad de haber descubierto y divulgado el bello texto juanrramoniano que figura como encabezamiento de este art\u00edculo, ya merecen la pena las miles de horas que los escasos editores habr\u00e1n sacrificado a este trabajo. Y deleit\u00e1ndose con la lectura y comentario de los dem\u00e1s, se dan por bien empleados los euros que cuesta la edici\u00f3n, pues desde ese punto de vista parece hasta una oportunidad. La t\u00edpica y t\u00f3pica cr\u00edtica literaria, que se mueve entre el sibilino pellizco de monja o el dojmatismo y la prepotencia pura y dura, encontrar\u00e1 en esta edici\u00f3n los motivos de siempre para devaluarla: que si las razonadas exclusiones de poemas, prosas, textos (y a\u00fan libros enteros) impiden acercarla a una \u00abobra completa\u00bb (no saben los cr\u00edticos cu\u00e1ntas facilidades se otorgan as\u00ed a futuros investigadores y editores \u00a1desagradecidos!), que si se atribuyen in\u00e9ditos que no lo son (hasta \u00abunos\u00bb 77, si atendi\u00e9ramos al c\u00f3mputo jen\u00e9rico que se hace de los primeros \u00abLibros de Madrid\u00bb publicados como tales por Bretones y prologados por Robayna); que si al final las habituales premuras en las entregas descuidan las \u00abnotas\u00bb (los lamentos por el hecho de que en 2001 apareciera en solitario \u00abLibros de Madrid\u00bb y desbaratara la edici\u00f3n estan bien argumentados, pues desde ese a\u00f1o hasta que la obra saliera de imprenta en 2005 es tiempo insuficiente para tener que datar 77 veces en quiz\u00e1s demasiadas p\u00e1jinas las iniciales LM, que ya aparecen referidas en otras partes del libro); que si desconciertan las habituales erratas (en un trabajo de esta envergadura -casi 6000 p\u00e1jinas- que la curiosa prosa sobre Antonio Vinent \u00abvuele\u00bb de una p\u00e1jina a otra seg\u00fan el \u00edndice consultado no es sino la mota de polvo de una ordenaci\u00f3n que debi\u00f3 estar lindante a la locura, a\u00fan careciendo de onom\u00e1stico); o que si desaprovechan, entre otros, el conocido y precioso texto \u00abAscensi\u00f3n\u00bb, que da t\u00edtulo a ese libro, cuando de su lectura se deduce que es improbable que su exclusi\u00f3n haya sido por pereza: \u00abQui\u00e9n eras tu, dime, \u00bfpor qu\u00e9 me pareciste m\u00eda? \u00bfC\u00f3mo comprend\u00ed la mirada de tus ojos y la sonrisa de tus labios, que tanto tiempo miraron y sonrieron sin que mi alma lo supiera? \u00bfQui\u00e9n eras tu, dime, que tornas a la nada del olvido, tras el mediod\u00eda de nuestro amor?&#8230;\u00bb (LM, p\u00e1g 291).<\/p>\n<p>Una vez sopesada la jeneralidad (y jenio) de toda la obra, habr\u00e1 pues que reconocerlo: ninguna de estas observaciones resulta interesante, ni a\u00fan menos relevante. Lo sustancial es que el patronato de la BLU, que preside Juan Antonio Ortega D\u00edaz-Ambrona, se prestijia con obras como \u00e9sta, que el director Claudio Guill\u00e9n (nobleza y jen\u00e9tica obligan) demuestra con ella una sensibilidad y tenacidad como pocas, que Trueba y Blasco han coordinado no s\u00f3lo las \u00faltimas, sino unas de las m\u00e1s lustrosas p\u00e1jinas del juanrramonismo y as\u00ed deber\u00eda consijnarse en los anales de su historia, y que Mor\u00e1n, Cardwell, Alarc\u00f3n, Carvajal, Mart\u00edn Aires, Del Olmo, D\u00edaz de Castro, Lanz, Le\u00f3n, Trigueros, Garc\u00eda Lara, Jensen, R\u00f3denas, Young, Valero, Reyes, V\u00e1zquez Medel, Sanz Manzano, Dom\u00ednguez S\u00edo, J.R. Gonz\u00e1lez, G. Gull\u00f3n, van Ree, Piedra, Wilcox, P\u00e9rez Benito y Mercedes Juli\u00e1, prologados por De la Concha, son acreedores del mismo reconocimiento y laurel que qui\u00e9n tuviera la feliz idea de abrir los dos vol\u00famenes con el retrato de Juan Ram\u00f3n por V\u00e1zquez D\u00edaz.<\/p>\n<p>Da gusto comprobar por una vez como en la Espa\u00f1a de hoy puede encararse una edici\u00f3n rigurosa del Premio Nobel menos le\u00eddo y m\u00e1s asaeteado y falazmente etiquetado de toda su literatura, con cierta dijnidad de medios materiales y holgura en los personales. No todas las editoriales pueden presumir de ellos, pero eso no empece para que entre todas (las m\u00e1s grandes y las m\u00e1s peque\u00f1as, las m\u00e1s pesadas y las m\u00e1s lijeras, las m\u00e1s lujosas y las m\u00e1s precarias, las m\u00e1s cl\u00e1sicas y las m\u00e1s innovadoras), absolutamente todas las que ingresan en este delicioso sanatorio de retra\u00eddos que supone editar a JRJ, contribuyan, por poco que sea, a su divulgaci\u00f3n y disfrute para el lector de lengua castellana. Enhorabuena a todos.<\/p>\n<p><i>(A continuaci\u00f3n se reproducen sendos art\u00edculos sobre las prosas de Juan Ram\u00f3n realizados por la web de Es espasa.com (de la editorial Espasa) y por la agencia Efe).<\/i><\/p>\n<p>&nbsp;<\/p>\n<table width=\"100%\">\n<tbody>\n<tr>\n<td valign=\"top\" height=\"28\"><span style=\"color: #993300; font-family: Arial, Helvetica, sans-serif; font-size: xx-large;\">NOTICIAS DEL ESPA\u00d1OL:<br \/>\nLA PROSA IN\u00c9DITA DE JUAN RAM\u00d3N<\/span><span style=\"color: #993300; font-family: Arial, Helvetica, sans-serif; font-size: small;\"><br \/>\n<b>www.esespasa.com<\/b><\/span><\/td>\n<\/tr>\n<tr>\n<td valign=\"top\" height=\"774\"><span style=\"font-family: Arial, Helvetica, sans-serif; font-size: small;\"><span style=\"font-family: Arial, Helvetica, sans-serif; font-size: small;\">La mayor\u00eda de amantes de la literatura recuerda a Juan Ram\u00f3n Jim\u00e9nez como un gran poeta. Lo fue. Pero adem\u00e1s de esta faceta, el escritor onubense tambi\u00e9n escribi\u00f3 en prosa. Como muestra de ello, se acaba de editar \u00abLibros de Madrid\u00bb, una obra que re\u00fane m\u00e1s de un centenar de textos in\u00e9ditos localizados en el archivo de Juan Ram\u00f3n Jim\u00e9nez en Puerto Rico. Se trata de una de las pocas obras en prosa de este genial poeta.<\/span><\/span>La calidad y el reconocimiento de la obra po\u00e9tica de Juan Ram\u00f3n Jim\u00e9nez dej\u00f3 en segundo plano la producci\u00f3n literaria en prosa de este autor, mucho m\u00e1s reducida que la po\u00e9tica. Sin embargo, la reciente obra Libros de Madrid re\u00fane m\u00e1s de 100 textos in\u00e9ditos del autor onubense, procedentes de su archivo en Puerto Rico.<\/p>\n<p>El volumen repasa de manera autobiogr\u00e1fica las vivencias de Jim\u00e9nez en la capital espa\u00f1ola, donde vivi\u00f3 mas de 30 a\u00f1os. El principal encanto de la obra se centra en la escasa producci\u00f3n en prosa de este Premio Nobel, que en sus 78 a\u00f1os de vida s\u00f3lo public\u00f3 dos t\u00edtulos en este g\u00e9nero: Platero y yo y Espa\u00f1oles de tres mundos.<\/p>\n<p><span style=\"font-family: Arial, Helvetica, sans-serif; font-size: small;\"><span style=\"font-family: Arial, Helvetica, sans-serif; font-size: small;\"><br \/>\nLibros de Madrid realiza un recorrido por el Madrid de la \u00e9poca de Carlos III, que tanto a\u00f1oraba el autor. As\u00ed, la prosa po\u00e9tica de Jim\u00e9nez aparece impregnada de colores, cielos y paisajes de la capital espa\u00f1ola, con la primavera, los \u00e1rboles, la Puerta de Alcal\u00e1 y el Retiro como principales temas y escenarios.<\/span><\/span>El autor andaluz inici\u00f3 los textos en Madrid, pero los acab\u00f3 en Puerto Rico, donde estuvo exiliado. \u00abTrabaj\u00f3 este libro como un arquitecto\u00bb, explica la sobrina-nieta del poeta, Carmen Hern\u00e1ndez Pinz\u00f3n. El poeta andaluz decidi\u00f3 el color rojo y oro de las cubiertas del libro, as\u00ed como las portadas, portadillas y cap\u00edtulos de la obra.<\/p>\n<p><b>Una b\u00fasqueda exitosa\u00a0<\/b><br \/>\nAunque Libros de Madrid se ha acabado de recopilar recientemente, la historia comenz\u00f3 hace m\u00e1s de 30 a\u00f1os. Fue entonces cuando el sobrino del escritor, Francisco Hern\u00e1ndez Piz\u00f3n, inici\u00f3 la b\u00fasqueda entre los documentos del archivo del poeta, tanto en la Universidad de Puerto Rico, como en el Archivo Hist\u00f3rico Nacional de Madrid.<\/p>\n<p>\u00abNo se puede decir que \u00e9ste sea el libro definitivo que dedic\u00f3 a Madrid\u00bb, cuenta Carmen Hern\u00e1ndez, que destaca las continuas correcciones del poeta en sus textos. Los familiares, que conoc\u00edan la letra de Jim\u00e9nez, han dado validez a los textos in\u00e9ditos de esta obra, una gran oportunidad para recordar la prosa de uno de los mejores poetas espa\u00f1oles de la historia.<\/p>\n<p>Juan Ram\u00f3n Jim\u00e9nez (1881-1959) naci\u00f3 en Moguer (Huelva) y estudi\u00f3 en la Universidad de Sevilla. Los poemas de Rub\u00e9n Dar\u00edo le conmovieron en su juventud, as\u00ed como la producci\u00f3n de los simbolistas franceses. En 1900 public\u00f3 sus dos primeros libros: Ninfeas y Almas de violeta. Poco despu\u00e9s, se instal\u00f3 en Madrid, aunque viaj\u00f3 mucho a Francia y a EEUU, donde se cas\u00f3 con la mujer que le acompa\u00f1\u00f3 toda su vida: Zenobia Camprub\u00ed.<\/p>\n<p>Al estallar la guerra civil espa\u00f1ola, se vio obligado a exiliarse. EEUU, Cuba y Puerto Rico, pa\u00eds donde muri\u00f3, fueron sus destinos. Pero antes, dej\u00f3 tras de s\u00ed una trayectoria literaria ejemplar, que se vio corroborada con el Premio Nobel de Literatura cuando su salud ya estaba muy delicada.<\/p>\n<p>A lo largo de su vida, Juan Ram\u00f3n Jim\u00e9nez fue depurando sus obras y haciendo una selecci\u00f3n de sus poemas favoritos. Entre ellos, destacan Poes\u00eda escogida, Segunda antolog\u00eda po\u00e9tica, Canci\u00f3n y Tercera antolog\u00eda. La influencia modernista se percibe en sus primeros libros, aunque su obra goza de una identidad propia, marcada siempre por el simbolismo.<\/p>\n<p>La belleza de su poes\u00eda se aprecia en obras como Baladas de Primavera, La soledad sonora, Diario de un poeta reci\u00e9n casado o Eternidades. Alcanz\u00f3 la plenitud con el verso, pero tambi\u00e9n cautiv\u00f3 con la prosa. Su Platero y yo es el libro espa\u00f1ol traducido a m\u00e1s lenguas del mundo, junto con El Quijote, de Miguel de Cervantes.<\/p>\n<p><i>* Libros de Madrid, Juan Ram\u00f3n Jim\u00e9nez (HMR). Edici\u00f3n de Jos\u00e9 Luis L\u00f3pez Bretones. Pr\u00f3logo de Andr\u00e9s S\u00e1nchez Robayna, 2001. (20,4 e)<\/i><\/td>\n<\/tr>\n<\/tbody>\n<\/table>\n<table width=\"100%\">\n<tbody>\n<tr>\n<td valign=\"top\" height=\"45\"><span style=\"color: #993300; font-family: Arial, Helvetica, sans-serif; font-size: xx-large;\">JRJ: NUEVA EDICI\u00d3N CR\u00cdTICA DE SU \u00abOBRA PO\u00c9TICA\u00bb<\/span><span style=\"color: #993300; font-family: Arial, Helvetica, sans-serif; font-size: small;\"><br \/>\n<b>Madrid, EFE \/ 18-8-05<\/b><\/span><\/td>\n<\/tr>\n<tr>\n<td valign=\"top\" height=\"474\"><span style=\"font-family: Arial, Helvetica, sans-serif; font-size: small;\"><span style=\"font-family: Arial, Helvetica, sans-serif; font-size: small;\">Los archivos de la Universidad de Puerto Rico sobre el poeta espa\u00f1ol Juan Ram\u00f3n Jim\u00e9nez (1881-1958) han nutrido la nueva edici\u00f3n cr\u00edtica de su \u00abObra Po\u00e9tica\u00bb que acaban de editar los espa\u00f1oles Javier Blasco y Teresa G\u00f3mez Trueba.<\/span><\/span>&nbsp;<\/p>\n<p><span style=\"font-family: Arial, Helvetica, sans-serif; font-size: small;\"><span style=\"font-family: Arial, Helvetica, sans-serif; font-size: small;\">El pr\u00f3ximo a\u00f1o se conmemoran los 50 a\u00f1os de la concesi\u00f3n del Premio Nobel (1956) a Juan Ram\u00f3n Jim\u00e9nez y el 125 aniversario de su nacimiento. Ahora, despu\u00e9s de diez a\u00f1os de trabajo, los dos expertos publican esta edici\u00f3n con m\u00e1s de 80 textos in\u00e9ditos.<\/span><\/span>&nbsp;<\/p>\n<p><span style=\"font-family: Arial, Helvetica, sans-serif; font-size: small;\"><span style=\"font-family: Arial, Helvetica, sans-serif; font-size: small;\">La editorial Espasa, que en su colecci\u00f3n BLU (*Biblioteca de Literatura Universal) re\u00fane cl\u00e1sicos de la literatura universal, ahora recoge en dos tomos y bajo el t\u00edtulo \u00abObra po\u00e9tica (en verso y prosa)\u00bb la inmensa obra del poeta, que, hasta ahora y despu\u00e9s de que su primer libro de versos haya cumplido cien a\u00f1os, no ten\u00eda una edici\u00f3n suficiente.<\/span><\/span>&nbsp;<\/p>\n<p><span style=\"font-family: Arial, Helvetica, sans-serif; font-size: small;\"><span style=\"font-family: Arial, Helvetica, sans-serif; font-size: small;\">El hecho de que no existieran ediciones cr\u00edticas de sus libros y de que muchos de los t\u00edtulos que escribi\u00f3 sigan in\u00e9ditos trata de ser paliado con esta edici\u00f3n que saldr\u00e1 a la venta en septiembre pr\u00f3ximo gracias a Blasco y G\u00f3mez Trueba, profesores de la Universidad de Valladolid que dirigieron un equipo de diez personas.<\/span><\/span>&nbsp;<\/p>\n<p><span style=\"font-family: Arial, Helvetica, sans-serif; font-size: small;\"><span style=\"font-family: Arial, Helvetica, sans-serif; font-size: small;\">\u00abSe trataba de hacer una edici\u00f3n con la poes\u00eda que Juan Ram\u00f3n hab\u00eda publicado en vida y cuyas ediciones est\u00e1n hoy agotadas, y con la prosa, que en su mayor\u00eda estaba sin publicar, porque en vida el poeta s\u00f3lo public\u00f3 &#8216;Platero y yo&#8217; y &#8216;Espa\u00f1oles de tres mundos&#8217;, explic\u00f3 a EFE Teresa G\u00f3mez Trueba.<\/span><\/span>La coautora asegur\u00f3 que los textos en prosa proceden del material conservado en los archivos de Puerto Rico y Madrid, y en los fondos de la familia\u00bb. Se trata de una edici\u00f3n con un gran aparato cr\u00edtico, ampliamente comentada, que incluye estudio de variantes, cotejo con los textos de otras versiones y cita de otras publicaciones,<\/p>\n<p><span style=\"font-family: Arial, Helvetica, sans-serif; font-size: small;\"><span style=\"font-family: Arial, Helvetica, sans-serif; font-size: small;\">Teresa G\u00f3mez subraya, sin embargo, que \u00aben el caso de Juan Ram\u00f3n nunca se puede decir que ha quedado fijada su obra porque hay mucho material, adem\u00e1s del que se muestra en estos libros. Queda mucho hasta que no se digitalicen los archivos, es casi imposible asegurar que se est\u00e1 dando la \u00faltima versi\u00f3n\u00bb.<\/span><\/span>&nbsp;<\/p>\n<p><span style=\"font-family: Arial, Helvetica, sans-serif; font-size: small;\"><span style=\"font-family: Arial, Helvetica, sans-serif; font-size: small;\">Y es que Juan Ram\u00f3n Jim\u00e9nez, el poeta que ten\u00eda un deseo permanente de superaci\u00f3n y perfecci\u00f3n hacia el camino de la poes\u00eda pura, no paraba de corregir sus textos. Incluso despu\u00e9s de haber sido publicados.<\/span><\/span>&nbsp;<\/p>\n<p><span style=\"font-family: Arial, Helvetica, sans-serif; font-size: small;\"><span style=\"font-family: Arial, Helvetica, sans-serif; font-size: small;\">Tambi\u00e9n pasaba as\u00ed con su prosa, que valoraba especialmente por considerarla un veh\u00edculo id\u00f3neo para la expresi\u00f3n po\u00e9tica, aunque, como reconoce G\u00f3mez, \u00abno se sabe por qu\u00e9 no lleg\u00f3 a publicar sus libros en prosa\u00bb.<\/span><\/span>&nbsp;<\/p>\n<p><span style=\"font-family: Arial, Helvetica, sans-serif; font-size: small;\"><span style=\"font-family: Arial, Helvetica, sans-serif; font-size: small;\">Entre los textos de gran valor en prosa que ofrece esta edici\u00f3n destaca uno de los m\u00e1s desconocidos, \u00abViajes y sue\u00f1os\u00bb, un volumen con muchos t\u00edtulos in\u00e9ditos hasta la fecha.<\/span><\/span>&nbsp;<\/p>\n<p><span style=\"font-family: Arial, Helvetica, sans-serif; font-size: small;\"><span style=\"font-family: Arial, Helvetica, sans-serif; font-size: small;\">Tambi\u00e9n los \u00abLibros de Madrid\u00bb, que, aunque han sido publicados, se presentan en esta ocasi\u00f3n con una estructura distinta, y muchos poemas en prosa, in\u00e9ditos, que -como dice G\u00f3mez Trueba- har\u00e1n las delicias de los amantes de la poes\u00eda de la verdad y la belleza de Juan Ram\u00f3n Jim\u00e9nez.<\/span><\/span>&nbsp;<\/p>\n<p><span style=\"font-family: Arial, Helvetica, sans-serif; font-size: small;\"><span style=\"font-family: Arial, Helvetica, sans-serif; font-size: small;\">De esta edici\u00f3n han quedado excluidos \u00abpor inabarcables\u00bb los textos autobiogr\u00e1ficos, cartas y ensayos, recuerda la experta, y a\u00f1ade que con esta edici\u00f3n se da un gran paso adelante para hablar de Obras Completas, ya que aqu\u00ed ven por primera vez la luz libros nunca antes editados como tales, o libros que se conoc\u00edan parcialmente\u00bb.<\/span><\/span>&nbsp;<\/p>\n<p><span style=\"font-family: Arial, Helvetica, sans-serif; font-size: small;\"><span style=\"font-family: Arial, Helvetica, sans-serif; font-size: small;\">Esta estudiosa tambi\u00e9n se queja, como la familia del poeta, de que, extra\u00f1amente, Juan Ram\u00f3n Jim\u00e9nez no ha recibido el apoyo institucional que han tenido otros grandes poetas, como (Federico Garc\u00eda) Lorca o (Antonio) Machado, que \u00abest\u00e1n menos olvidados y son m\u00e1s le\u00eddos\u00bb.<\/span><\/span>De cualquier manera esta publicaci\u00f3n es un buena ocasi\u00f3n para acercarse a la poes\u00eda ambiciosa de Juan Ram\u00f3n, que pas\u00f3 por muchas etapas, primero el Modernismo, luego las vanguardias y despu\u00e9s la poes\u00eda m\u00e1s pura, compleja y filos\u00f3fica, como \u00e9l muy bien lo explica en su poema \u00abPoes\u00eda\u00bb: \u00abVino, primero, pura\/vestida de inocencia\/y la am\u00e9 como un ni\u00f1o.\/ Luego se fue vistiendo\/de no s\u00e9 qu\u00e9 ropajes\/y la fui odiando, sin saberlo.\/Lleg\u00f3 a ser una reina\/fastuosa de tesoros\/&#8230;\/Y se quit\u00f3 la t\u00fanica,\/y apareci\u00f3 desnuda, toda\/&#8230;\/\u00a1Oh pasi\u00f3n de mi vida\/, poes\u00eda desnuda,\/m\u00eda para siempre\u00bb.<\/p>\n<p><i>* \u00abObra po\u00e9tica\u00bb, (2 vol\u00famenes: obra en verso \/ obra en prosa), Juan Ram\u00f3n Jim\u00e9nez. Ed. Espasa (BLU). Ed. de Javier Blasco y Teresa G\u00f3mez Trueba, 2005. (150 e).<\/i><\/td>\n<\/tr>\n<\/tbody>\n<\/table>\n","protected":false},"excerpt":{"rendered":"<p>&nbsp; Miguel de Luna Me despert\u00e9, las 4, ya d\u00eda esmeril, vertical, azul y agua. Un nudo en el alma. Por el arrabal del sue\u00f1o hondo, se quedaba, como en el foso \u00faltimo de un teatro de vida y muerte, la revuelta pesadilla: mi desnuda morita enamorada, la revoluci\u00f3n brillante y colorida de alhajas, sedas, luces, el peque\u00f1o sult\u00e1n graso con sus s\u00f3lidos bigotes de lagarto y su alfanje con rub\u00edes cojido, para mi garganta, de la panoplia del Para\u00edso verde de Mahoma. Yo cre\u00eda que yo estaba diciendo: \u00abPor aqu\u00ed, morita hur\u00ed, por aqu\u00ed\u00bb. Pero en realidad, ya de pie conciente tras un sorbo de agua, lo que yo<\/p>\n","protected":false},"author":1,"featured_media":0,"comment_status":"open","ping_status":"open","sticky":false,"template":"","format":"standard","meta":{"footnotes":""},"categories":[8],"tags":[63,64],"class_list":["post-264","post","type-post","status-publish","format-standard","hentry","category-cordel-de-extraviados-3-4","tag-juan-ramon-jimenez","tag-libros-de-madrid"],"views":1534,"_links":{"self":[{"href":"https:\/\/editorialhijosdemuleyrubio.com\/index.php?rest_route=\/wp\/v2\/posts\/264","targetHints":{"allow":["GET"]}}],"collection":[{"href":"https:\/\/editorialhijosdemuleyrubio.com\/index.php?rest_route=\/wp\/v2\/posts"}],"about":[{"href":"https:\/\/editorialhijosdemuleyrubio.com\/index.php?rest_route=\/wp\/v2\/types\/post"}],"author":[{"embeddable":true,"href":"https:\/\/editorialhijosdemuleyrubio.com\/index.php?rest_route=\/wp\/v2\/users\/1"}],"replies":[{"embeddable":true,"href":"https:\/\/editorialhijosdemuleyrubio.com\/index.php?rest_route=%2Fwp%2Fv2%2Fcomments&post=264"}],"version-history":[{"count":3,"href":"https:\/\/editorialhijosdemuleyrubio.com\/index.php?rest_route=\/wp\/v2\/posts\/264\/revisions"}],"predecessor-version":[{"id":267,"href":"https:\/\/editorialhijosdemuleyrubio.com\/index.php?rest_route=\/wp\/v2\/posts\/264\/revisions\/267"}],"wp:attachment":[{"href":"https:\/\/editorialhijosdemuleyrubio.com\/index.php?rest_route=%2Fwp%2Fv2%2Fmedia&parent=264"}],"wp:term":[{"taxonomy":"category","embeddable":true,"href":"https:\/\/editorialhijosdemuleyrubio.com\/index.php?rest_route=%2Fwp%2Fv2%2Fcategories&post=264"},{"taxonomy":"post_tag","embeddable":true,"href":"https:\/\/editorialhijosdemuleyrubio.com\/index.php?rest_route=%2Fwp%2Fv2%2Ftags&post=264"}],"curies":[{"name":"wp","href":"https:\/\/api.w.org\/{rel}","templated":true}]}}