{"id":2641,"date":"2025-11-19T17:35:24","date_gmt":"2025-11-19T16:35:24","guid":{"rendered":"https:\/\/editorialhijosdemuleyrubio.com\/?p=2641"},"modified":"2025-11-19T17:35:24","modified_gmt":"2025-11-19T16:35:24","slug":"federico-utrera-majadahonda-en-canal-sur-sobre-el-videoarte-de-marina-abramovic-en-fical-2025-tras-retirarse-yoko-ono-es-la-no-1-del-mundo","status":"publish","type":"post","link":"https:\/\/editorialhijosdemuleyrubio.com\/?p=2641","title":{"rendered":"Federico Utrera (Majadahonda) en Canal Sur sobre el videoarte de Marina Abramovic en FICAL 2025: \u00abTras retirarse Yoko Ono, es la n\u00ba 1 del mundo\u00bb"},"content":{"rendered":"<figure id=\"attachment_356130\" aria-describedby=\"caption-attachment-356130\" style=\"width: 300px\" class=\"wp-caption alignleft\"><a href=\"https:\/\/majadahondamagazin.es\/wp-content\/uploads\/2025\/10\/abramovic-3.jpg\"><img loading=\"lazy\" decoding=\"async\" class=\"wp-image-356130 size-medium\" src=\"https:\/\/majadahondamagazin.es\/wp-content\/uploads\/2025\/10\/abramovic-3-300x225.jpg\" alt=\"\" width=\"300\" height=\"225\" \/><\/a><figcaption id=\"caption-attachment-356130\" class=\"wp-caption-text\">Un total de 50 obras y 25 v\u00eddeos se van a dar a conocer en FICAL 2025 dentro de su programaci\u00f3n de videoarte en el <strong>Museo del Realismo Espa\u00f1ol de Almer\u00eda<\/strong>. Ser\u00e1n tres sesiones desde este lunes 17 de noviembre de 2025 al mi\u00e9rcoles 19, tienen <strong>car\u00e1cter gratuito<\/strong> y <a href=\"https:\/\/www.dipalme.org\/Servicios\/cmsdipro\/index.nsf\/fiestas.xsp?p=cultura&amp;documentId=DE791BA1B581439BC1258D17002DF15A\"><strong>es necesario inscribirse<\/strong><\/a>. En la imagen, el profesor <strong>Federico Utrera (Majadahonda<\/strong>), que fue <strong>acreditado por la Royal Academy de Londres<\/strong> para visitar su actual exposici\u00f3n itinerante, actualmente en Viena y que podr\u00e1 verse tambi\u00e9n en este taller de videoarte del Festival Internacional de Cine de Almer\u00eda<\/figcaption><\/figure>\n<p class=\"p1\">MARIA JESUS RECIO. El <strong>Festival Internacional de Cine de Almer\u00eda (FICAL 2025)<\/strong> ofrece siempre una secci\u00f3n de videoarte que cada a\u00f1o nos sorprende con el estudio de la vida y obra videogr\u00e1fica de un artista. Este a\u00f1o le toca el turno a <strong>Marina Abramovic<\/strong>. Ella fue <strong>Premio Pr\u00edncipe de Asturias de las Artes en Espa\u00f1a<\/strong>\u00a0y FICAL va a mostrarnos toda su trayectoria con bastantes materiales para contar como ha sido su vida y su obra durante los \u00faltimos 50 a\u00f1os. <strong>Marina Abramovic<\/strong> es pionera de la performance y en Almer\u00eda va a contar con lo \u00faltimo que se ha visionado sobre ella en <strong>Londres o Viena<\/strong>. Y como cada a\u00f1o, esta actividad es responsabilidad del <strong>profesor y doctor en Comunicaci\u00f3n Audiovisual, Federico Utrera (Almer\u00eda, 1963<\/strong>), <strong>docente en varias universidades de la Comunidad de Madrid<\/strong>, quien va a profundizar y mostrar a todas las personas que se inscriban en este taller, la actividad art\u00edstica y videogr\u00e1fica que ha realizado esta mujer por todo el mundo. <strong>Un total de 50 obras y 25 v\u00eddeos<\/strong> se van a dar a conocer para todos los que acudan a estas sesiones dentro de FICAL en su programaci\u00f3n de videoarte. El estudio y profundizaci\u00f3n de la vida y obra videogr\u00e1fica de <strong>Marina Abramovic<\/strong> se exhibe con esa exposici\u00f3n y proyecci\u00f3n de v\u00eddeos y con un cambio de escenario: el <strong>Museo del Realismo Espa\u00f1ol<\/strong>. As\u00ed que quedan algunas plazas para apuntarse, tiene <strong>car\u00e1cter gratuito<\/strong> y <a href=\"https:\/\/www.dipalme.org\/Servicios\/cmsdipro\/index.nsf\/fiestas.xsp?p=cultura&amp;documentId=DE791BA1B581439BC1258D17002DF15A\"><strong>es necesario inscribirse<\/strong><\/a>, ya que ser\u00e1n <strong>tres sesiones por la ma\u00f1ana desde este lunes 17 de noviembre de 2025 al mi\u00e9rcoles 19.<\/strong> Y si tienen la oportunidad, disfruten de esta profundizaci\u00f3n en el mundo art\u00edstico del videoarte, que es una secci\u00f3n fiel y fija en FICAL, tanto como con esta <strong>entrevista con el profesor Federico Utrera<\/strong>, residente en <strong>Majadahonda (Madrid),<\/strong> que nos va a contar el desarrollo de este taller.<!--more--><\/p>\n<figure id=\"attachment_358956\" aria-describedby=\"caption-attachment-358956\" style=\"width: 300px\" class=\"wp-caption alignleft\"><a href=\"https:\/\/majadahondamagazin.es\/wp-content\/uploads\/2025\/11\/4435_maria_jesus_recio_canal_sur.jpg\"><img loading=\"lazy\" decoding=\"async\" class=\"wp-image-358956 size-medium\" src=\"https:\/\/majadahondamagazin.es\/wp-content\/uploads\/2025\/11\/4435_maria_jesus_recio_canal_sur-300x154.jpg\" alt=\"\" width=\"300\" height=\"154\" \/><\/a><figcaption id=\"caption-attachment-358956\" class=\"wp-caption-text\">Mar\u00eda Jes\u00fas Recio,\u00bbla humildad en la radio\u00bb, entrevista a Federico Utrera. La <a href=\"https:\/\/almeria.fape.es\/maria-jesus-recio-la-humildad-en-la-radio\/\"><strong>semblanza<\/strong><\/a> de esta conocida comunicadora se public\u00f3 en la web de la Asociaci\u00f3n de la Prensa de Almer\u00eda<\/figcaption><\/figure>\n<p class=\"p1\"><span style=\"color: #ff0000;\"><strong>Marina Abramovic es un icono del mundo del arte contempor\u00e1neo. \u00bfQue supone hablar de ella en el marco de este Festival?<\/strong><\/span> \u2013Pues hoy actualmente es la n\u00famero uno mundial desde que <strong>Yoko Ono<\/strong> dio fin a su actividad m\u00e1s contempor\u00e1nea. Es verdad que ahora se est\u00e1 preparando una exposici\u00f3n retrospectiva muy importante de <strong>Yoko Ono<\/strong> en el <strong>MUSAC de Le\u00f3n,<\/strong> que ya mostramos en Almer\u00eda cuando le hicimos tambi\u00e9n un monogr\u00e1fico dedicado primero a ella en solitario y despu\u00e9s con todos sus obras videogr\u00e1ficas que hizo junto a <strong>John Lennon<\/strong>. Pero est\u00e1 claro que ahora <strong>Marina Abramovic<\/strong> es la n\u00famero uno global de la performance, no solamente porque le hayan dado el premio <strong>Pr\u00edncipe de Asturias<\/strong> por su labor en el arte contempor\u00e1neo, sino porque ahora mismo realiza la exposici\u00f3n itinerante m\u00e1s relevante del planeta, que se inici\u00f3 en <strong>Londres<\/strong> y termina en <strong>Viena<\/strong>, como tu dec\u00edas, pero que pas\u00f3 tambi\u00e9n por <strong>Amsterdam, Zurich, Tel Aviv,<\/strong> y ahora por fin creo que es un privilegio tenerla tambi\u00e9n en <strong>Almer\u00eda<\/strong>.<\/p>\n<figure id=\"attachment_358954\" aria-describedby=\"caption-attachment-358954\" style=\"width: 300px\" class=\"wp-caption alignleft\"><a href=\"https:\/\/majadahondamagazin.es\/wp-content\/uploads\/2025\/11\/f8d9d1b9-c3e9-4c3d-b86e-51c2111c9b39-scaled.jpg\"><img loading=\"lazy\" decoding=\"async\" class=\"wp-image-358954 size-medium\" src=\"https:\/\/majadahondamagazin.es\/wp-content\/uploads\/2025\/11\/f8d9d1b9-c3e9-4c3d-b86e-51c2111c9b39-300x225.jpg\" alt=\"\" width=\"300\" height=\"225\" \/><\/a><figcaption id=\"caption-attachment-358954\" class=\"wp-caption-text\">Federico Utrera con el director de cine, Fernando Colomo en la presentaci\u00f3n de FICAL 2025 en Madrid. El cineasta es otro apasionado de Marina Abramovic y felicit\u00f3 al profesor por su iniciativa<\/figcaption><\/figure>\n<p class=\"p1\"><span style=\"color: #ff0000;\"><strong>Desde este lunes 17 hasta el mi\u00e9rcoles 19 van a realizarse tres sesiones dedicadas al videoarte de Marina Abramovic y todav\u00eda queda alguna plaza porque hay que inscribirse para participar. \u00bfNo es as\u00ed?<\/strong> <\/span>\u2013S\u00ed, creo que quedan en total seis o siete plazas disponibles de las 30 que se ofertaron, o sea que esta entrevista ser\u00e1 muy oportuna aunque hay despu\u00e9s una lista de espera para cubrir a aquellos que no puedan asistir y dejen el hueco en el Museo del Realismo, pues se va a hacer por primera vez en ese precioso museo de Almer\u00eda en el que vamos a poder atender a pr\u00e1cticamente a todos los que est\u00e1n interesados en el videoarte, la performance, las artes alternativas y en conocer un poco m\u00e1s de cerca a Marina Abramovic. <span style=\"color: #ff0000;\"><strong>Esta mujer adem\u00e1s ha sido pionera de la performance y del video<span class=\"Apple-converted-space\">\u00a0 <\/span>en los \u00faltimos 50 a\u00f1os de su trayectoria que se van a analizar en estas sesiones. Y el videoarte es un gran transformador de la cultura y tiene mucho tir\u00f3n tambi\u00e9n entre la gente joven, porque a\u00f1o a a\u00f1o as\u00ed lo muestran, \u00bfno?.<\/strong><\/span> \u2013 S\u00ed, la verdad que la gente joven se siente m\u00e1s identificada con las nuevas artes esc\u00e9nicas, los museos de arte contempor\u00e1neo y el arte audiovisual, que est\u00e1 consolidado en todos los grandes museos del mundo, donde ya existe una secci\u00f3n audiovisual. Y la performance cuando se lleva al videoarte porque se graban sus actuaciones produce obras sorprendentes, en Londres la exposici\u00f3n fue fant\u00e1stica y grandiosa y es la que vamos a traer a Almer\u00eda, en total 50 obras y 25 videos con los que creo que se producir\u00e1 una aproximaci\u00f3n algo m\u00e1s que generosa. Y en cuanto al inter\u00e9s por su conocimiento, yo lo percibo en todas las edades porque ella transmite el poder de la experiencia, el conocimiento por el cuerpo&#8230;<\/p>\n<figure id=\"attachment_358957\" aria-describedby=\"caption-attachment-358957\" style=\"width: 300px\" class=\"wp-caption alignleft\"><a href=\"https:\/\/majadahondamagazin.es\/wp-content\/uploads\/2025\/11\/bd644d03-060e-4f2e-9dc5-67cc27bb7ba7-scaled.jpg\"><img loading=\"lazy\" decoding=\"async\" class=\"wp-image-358957 size-medium\" src=\"https:\/\/majadahondamagazin.es\/wp-content\/uploads\/2025\/11\/bd644d03-060e-4f2e-9dc5-67cc27bb7ba7-300x225.jpg\" alt=\"\" width=\"300\" height=\"225\" \/><\/a><figcaption id=\"caption-attachment-358957\" class=\"wp-caption-text\">El director de FICAL 2025, Enrique Iznaola con Federico Utrera: 14 ediciones de la secci\u00f3n de videoarte en este prestigioso certamen<\/figcaption><\/figure>\n<p class=\"p1\"><span style=\"color: #ff0000;\"><strong>Poni\u00e9ndolo muchos veces al l\u00edmite&#8230;<\/strong><\/span> \u2013Absolutamente. Por ejemplo, en una de las obras, que se llama Ritmo 2, inger\u00eda las pastillas que estaban tomando los enfermos mentales con esquizofrenias o con perturbaciones mentales graves. Ella tom\u00f3 las dos pastillas y estuvo dos d\u00edas convulsionando porque son fort\u00edsimas y ella quer\u00eda saber qu\u00e9 se experimentaba cuando una persona ingresa en un hospital psiqui\u00e1trico, que no se lo contara nadie sino experimentarlo por s\u00ed misma. En otra obra muy llamativa titulada \u00ab<strong>Los labios de Santo Tom\u00e1s<\/strong>\u00ab, por esa leyenda de que Santo Tom\u00e1s ten\u00eda que tocar para creer, se hizo con una cuchilla unas heridas grab\u00e1ndose a sangre y fuego la cruz jud\u00eda como recordatorio de aquella persecuci\u00f3n de los nazis. Quer\u00eda experimentar en su propio cuerpo ese sufrimiento para poder identificarse luego y valorarlo cuando le sucede a otras personas. Se podr\u00edan contar much\u00edsimas de sus performances, las tenemos grabadas en v\u00eddeo y las vamos a exhibir para que todo el p\u00fablico de Almer\u00eda y de fuera de Almer\u00eda, porque viene gente de fuera tambi\u00e9n, la pueda disfrutar en el Festival de cine.<\/p>\n<figure id=\"attachment_358951\" aria-describedby=\"caption-attachment-358951\" style=\"width: 300px\" class=\"wp-caption alignleft\"><a href=\"https:\/\/majadahondamagazin.es\/wp-content\/uploads\/2025\/11\/Captura-de-pantalla-2025-11-13-a-las-5.35.33.png\"><img loading=\"lazy\" decoding=\"async\" class=\"wp-image-358951 size-medium\" src=\"https:\/\/majadahondamagazin.es\/wp-content\/uploads\/2025\/11\/Captura-de-pantalla-2025-11-13-a-las-5.35.33-300x191.png\" alt=\"\" width=\"300\" height=\"191\" \/><\/a><figcaption id=\"caption-attachment-358951\" class=\"wp-caption-text\">Mois\u00e9s Rodr\u00edguez con Federico Utrera: el presentador de TVE es otro admirador de Marina Abramovic y un firme apoyo del videoarte desde el Telediario 24 horas<\/figcaption><\/figure>\n<p class=\"p1\"><span style=\"color: #ff0000;\"><strong>Incluyes tambi\u00e9n en esas proyecciones una que se titula \u00abEl arte debe ser bello, el artista debe ser bello\u00bb. Tambi\u00e9n ella cultivaba esa belleza aparte de experimentar arriesgando su cuerpo y llev\u00e1ndolo al l\u00edmite con la belleza, mostrando tambi\u00e9n que el videoarte puede ser un reclamo social importante, una reivindicaci\u00f3n, pero tambi\u00e9n arte en el sentido estricto de belleza, \u00bfno?<\/strong><\/span> \u2013Concretamente esa obra que tambi\u00e9n la vamos a ver en Almer\u00eda va en esa l\u00ednea, pero haciendo tambi\u00e9n la cr\u00edtica de la tiran\u00eda de la belleza. En esa obra mete su cabeza en un enorme secador de pelo. Ese ventilador que los hombres y mujeres utilizan se lo pone muy cerca y a una velocidad fuerte, llegando incluso a ahogarla, asfixiarla&#8230; Esa experiencia fue anterior a otra que tambi\u00e9n mostramos en Almer\u00eda y que hizo cuando cumpl\u00eda 10 a\u00f1os de trayectoria art\u00edstica. Estaba en Amsterdam, hab\u00eda sido invitada por una galer\u00eda para hacer una presentaci\u00f3n y ella se fue al Barrio Rojo de Amsterdam y a una \u00abenfermera del amor\u00bb, llam\u00e9mosla as\u00ed, de las que se exhiben en los escaparates del Barrio Rojo, le propuso cambiar de oficio: que la prostituta se fuera a ejercer de artista y ella que se fuera a hacer de meretriz. La experiencia fue un poco fuerte, pero se llev\u00f3 a cabo y produjo varias experiencias que contaremos en el Festival, que es muy did\u00e1ctico, se va explicando todo para que todo el mundo lo entienda. No vamos a hacer spoiler, pero esa performance tuvo un final muy interesante&#8230;. Inesperado emocionalmente&#8230;<\/p>\n<figure id=\"attachment_358955\" aria-describedby=\"caption-attachment-358955\" style=\"width: 300px\" class=\"wp-caption alignleft\"><a href=\"https:\/\/majadahondamagazin.es\/wp-content\/uploads\/2025\/11\/8a11ec51-6ecf-4fdd-95d5-9b8ab10e9564-scaled.jpg\"><img loading=\"lazy\" decoding=\"async\" class=\"wp-image-358955 size-medium\" src=\"https:\/\/majadahondamagazin.es\/wp-content\/uploads\/2025\/11\/8a11ec51-6ecf-4fdd-95d5-9b8ab10e9564-300x225.jpg\" alt=\"\" width=\"300\" height=\"225\" \/><\/a><figcaption id=\"caption-attachment-358955\" class=\"wp-caption-text\">Elena S\u00e1nchez, directora y presentadora de \u00abHistoria de Nuestro Cine\u00bb en TVE 2, con Federico Utrera durante al presentaci\u00f3n de FICAL 2025. La periodista apoya al videoarte y es entusiasta admiradora de Marina Abramovic<\/figcaption><\/figure>\n<p class=\"p1\"><strong><span style=\"color: #ff0000;\">\u00bfQue puedes decir de la personalidad de Marina Abramovic?.<\/span><\/strong> \u2013 Que es una mujer cuya vida ha sido una pugna constante por llevar su arte a la escena para ser comprendido, comenzando por su propia casa. Hay una parte de su obra que vamos a exhibir y que revela la relaci\u00f3n con sus padres, que no entend\u00edan muy bien a que se dedicaba y qu\u00e9 es lo que pretend\u00eda. Ni siquiera comprend\u00edan que la performance fuera un arte. Y en aquel Belgrado de la antigua Yugoslavia, con una dictadura comunista, con una guerra civil, con unos problemas sociales terribles&#8230; ella logr\u00f3 salir adelante, convencer a sus padres, no sin esfuerzo y no sin sacrificio. Y esa misma acci\u00f3n dom\u00e9stica dentro de su casa despu\u00e9s tambi\u00e9n la llev\u00f3 fuera durante muchos a\u00f1os junto a su compa\u00f1ero Ulai, pues tuvo que hacer ver al resto del mundo que la performance era un arte como otro cualquiera, como el videoarte, como las dem\u00e1s artes esc\u00e9nicas, como el body art, como tantas artes innovadoras&#8230; y defendi\u00f3 con su experiencia que pod\u00eda desarrollarse con la misma legitimidad que las dem\u00e1s. <span style=\"color: #ff0000;\"><strong>Profesor Federico Utrera, much\u00edsimas gracias por darnos estas pinceladas de lo que va a ser esta nueva cita art\u00edstica y que vaya fenomenal.<\/strong><\/span> \u2013Much\u00edsimas gracias por tu apoyo, Mar\u00eda Jes\u00fas y un saludo para todos los oyentes de Canal Sur. <span style=\"color: #008000;\"><a style=\"color: #008000;\" href=\"https:\/\/go.ivoox.com\/rf\/162577141\"><strong>ESCUCHE LA ENTREVISTA COMPLETA PINCHANDO AQUI.<\/strong><\/a><\/span><\/p>\n","protected":false},"excerpt":{"rendered":"<p>MARIA JESUS RECIO. El Festival Internacional de Cine de Almer\u00eda (FICAL 2025) ofrece siempre una secci\u00f3n de videoarte que cada a\u00f1o nos sorprende con el estudio de la vida y obra videogr\u00e1fica de un artista. Este a\u00f1o le toca el turno a Marina Abramovic. Ella fue Premio Pr\u00edncipe de Asturias de las Artes en Espa\u00f1a\u00a0y FICAL va a mostrarnos toda su trayectoria con bastantes materiales para contar como ha sido su vida y su obra durante los \u00faltimos 50 a\u00f1os. Marina Abramovic es pionera de la performance y en Almer\u00eda va a contar con lo \u00faltimo que se ha visionado sobre ella en Londres o Viena. Y como cada a\u00f1o,<\/p>\n","protected":false},"author":1,"featured_media":0,"comment_status":"open","ping_status":"open","sticky":false,"template":"","format":"standard","meta":{"footnotes":""},"categories":[270,14,32],"tags":[142,477,499],"class_list":["post-2641","post","type-post","status-publish","format-standard","hentry","category-arte-audiovisual","category-blog-de-videoarte","category-videoarte","tag-federico-utrera","tag-festival-internacional-de-cine-de-almeria","tag-marina-abramovic"],"views":282,"_links":{"self":[{"href":"https:\/\/editorialhijosdemuleyrubio.com\/index.php?rest_route=\/wp\/v2\/posts\/2641","targetHints":{"allow":["GET"]}}],"collection":[{"href":"https:\/\/editorialhijosdemuleyrubio.com\/index.php?rest_route=\/wp\/v2\/posts"}],"about":[{"href":"https:\/\/editorialhijosdemuleyrubio.com\/index.php?rest_route=\/wp\/v2\/types\/post"}],"author":[{"embeddable":true,"href":"https:\/\/editorialhijosdemuleyrubio.com\/index.php?rest_route=\/wp\/v2\/users\/1"}],"replies":[{"embeddable":true,"href":"https:\/\/editorialhijosdemuleyrubio.com\/index.php?rest_route=%2Fwp%2Fv2%2Fcomments&post=2641"}],"version-history":[{"count":1,"href":"https:\/\/editorialhijosdemuleyrubio.com\/index.php?rest_route=\/wp\/v2\/posts\/2641\/revisions"}],"predecessor-version":[{"id":2642,"href":"https:\/\/editorialhijosdemuleyrubio.com\/index.php?rest_route=\/wp\/v2\/posts\/2641\/revisions\/2642"}],"wp:attachment":[{"href":"https:\/\/editorialhijosdemuleyrubio.com\/index.php?rest_route=%2Fwp%2Fv2%2Fmedia&parent=2641"}],"wp:term":[{"taxonomy":"category","embeddable":true,"href":"https:\/\/editorialhijosdemuleyrubio.com\/index.php?rest_route=%2Fwp%2Fv2%2Fcategories&post=2641"},{"taxonomy":"post_tag","embeddable":true,"href":"https:\/\/editorialhijosdemuleyrubio.com\/index.php?rest_route=%2Fwp%2Fv2%2Ftags&post=2641"}],"curies":[{"name":"wp","href":"https:\/\/api.w.org\/{rel}","templated":true}]}}