{"id":304,"date":"2013-06-17T11:45:47","date_gmt":"2013-06-17T09:45:47","guid":{"rendered":"http:\/\/editorialhijosdemuleyrubio.com\/?p=304"},"modified":"2013-06-17T11:46:07","modified_gmt":"2013-06-17T09:46:07","slug":"michi-panero-ultima-entrevista","status":"publish","type":"post","link":"https:\/\/editorialhijosdemuleyrubio.com\/?p=304","title":{"rendered":"Michi Panero: \u00faltima entrevista"},"content":{"rendered":"<p><a href=\"http:\/\/editorialhijosdemuleyrubio.com\/wp-content\/uploads\/2013\/06\/logocordel3.jpeg\"><img loading=\"lazy\" decoding=\"async\" class=\"alignleft size-medium wp-image-243\" alt=\"logocordel3\" src=\"http:\/\/editorialhijosdemuleyrubio.com\/wp-content\/uploads\/2013\/06\/logocordel3-300x60.jpeg\" width=\"300\" height=\"60\" srcset=\"https:\/\/editorialhijosdemuleyrubio.com\/wp-content\/uploads\/2013\/06\/logocordel3-300x60.jpeg 300w, https:\/\/editorialhijosdemuleyrubio.com\/wp-content\/uploads\/2013\/06\/logocordel3.jpeg 400w\" sizes=\"auto, (max-width: 300px) 100vw, 300px\" \/><\/a><\/p>\n<p><strong>Lidia Garc\u00eda Rubio<\/strong><\/p>\n<p><span style=\"color: #993300; font-family: Arial, Helvetica, sans-serif; font-size: small;\"><i>El menor de los Panero, el escritor sin libros, el buf\u00f3n de la familia al que le toc\u00f3 el papel m\u00e1s dif\u00edcil -decir la verdad dulcificada con humor, entre risas y sornas-, falleci\u00f3 en Astorga (Le\u00f3n) unos d\u00edas despu\u00e9s de recibir en su casa a CORDEL DE EXTRAVIADOS. Quiso que su \u00faltimo testimonio, que se ha ido publicando fragmentariamente en revistas como INTERVIU o peri\u00f3dicos como CANARIAS 7, quedara reflejado de esta manera y por ello recibi\u00f3 a dos periodistas y a una cineasta que no conoc\u00eda de nada y que le acompa\u00f1aron en sus \u00faltimos momentos. A Elba Mart\u00ednez le permiti\u00f3 tomarle unos \u00faltimos planos, a Lidia Garc\u00eda unas fotograf\u00edas y a mi me acepot\u00f3 la grabadora, su generosidad durante esos d\u00edas -y noches- fue conmovedora: ten\u00eda ganas de hablar y as\u00ed lo hizo, se priv\u00f3 de pocas cosas a lo largo de su existencia. Su vida concluy\u00f3 con un trazo sutil y sin alharacas sobre sus dos grandes pasiones: la literatura y el cine, materia \u00e9sta \u00faltima sobre la que se ha realizado una interesante tesis doctoral en la Universidad Complutense a cargo de Jorge Garc\u00eda L\u00f3pez. Repasando las cintas grabadas afloran partes de la conversaci\u00f3n nunca publicadas. Este es un extracto de ellas.\u00a0<!--more--><\/i><\/span><\/p>\n<p><span style=\"font-family: Arial, Helvetica, sans-serif; font-size: small;\"><b>\u00bfTienes esperanzas de mejorar tu estado?<\/b><br \/>\n&#8211; No hay, no. Quiz\u00e1s todo se deba a que estoy un poco espeso y ahora busco culpables, pero tambien es verdad que lo estoy llevando con un m\u00ednimo de pudor porque podr\u00eda exhibir la negrura de como se ha portado la gente conmigo en Madrid y en todas partes. Salvo para Enrique Vila-Matas y cuatro m\u00e1s, yo estoy muerto.<\/span><\/p>\n<p><span style=\"font-family: Arial, Helvetica, sans-serif; font-size: small;\"><b>\u00bfY la salud de Espa\u00f1a? Suele decir que era verdad eso de lo que presum\u00eda Franco: \u00abtodo queda atado y bien atado\u00bb.<\/b><br \/>\n&#8211; S\u00ed, sab\u00eda lo que hablaba porque conoc\u00eda al pueblo espa\u00f1ol. Para estar cuarenta a\u00f1os gobernando hace falta, aparte de polic\u00eda y ej\u00e9rcito, saber como funciona ese pueblo. Este pueblo es una mierda, no nos enga\u00f1emos. Y no lo digo yo, lo dice su literatura que deber\u00eda ser su espejo, o las memorias de Aza\u00f1a o el exilio\u2026 Yo que conoc\u00ed tanto a la gente del exilio, trabaj\u00e9 tanto con ellos en radio\u2026 Eran una desesperaci\u00f3n. Los que volvieron cuando se muri\u00f3 Franco, \u00a1con que ilusi\u00f3n lo hac\u00edan!, \u00a1y lo que se encontraron!\u2026: este pa\u00eds es despiadado. Y para nada, porque se puede ser despiadado como Robespierre. Pero no, es despiadado por incultura y por falta de sensibilidad y lo dem\u00e1s son m\u00e1scaras y caretas, como Almod\u00f3var y tantos otros. Almod\u00f3var es muy paradigm\u00e1tico porque lo ves ahora y no es nada, son chistes de revista del Paralelo, la misma \u00abmovida\u00bb no es nada. Lo cual te demuestra que en este pa\u00eds si tiras una piedra a un escaparate ya eres Bakunin. Yo no deber\u00eda estar as\u00ed.<\/span><\/p>\n<p><span style=\"font-family: Arial, Helvetica, sans-serif; font-size: small;\">Recuerdo que cuando fui al rodaje de una pel\u00edcula de mi amigo Gonzalo Herralde, con Marta Moriarty, al pasar por el Ampurd\u00e1n nos paramos porque vimos \u00a1a Tejero! Estaba en una huerta, con un sombrerito de paja y con una regadera. Era un jubilado del golpismo y se le ve\u00eda feliz como una perdiz. El general Franco se lo hubiera cargado a los dos minutos. Es un pa\u00eds disparatado\u2026 disparatado.<\/span><\/p>\n<p><span style=\"font-family: Arial, Helvetica, sans-serif; font-size: small;\"><b>Quiz\u00e1s peor que la persecuci\u00f3n sea el olvido\u2026<\/b><br \/>\n&#8211; S\u00ed, el olvido con que muere en esos sanatorios la gente con sida, gente de 20 a\u00f1os, habi\u00e9ndoles ense\u00f1ado a leer\u2026 El olvido en el que se sum\u00edan ellos mismos y sus familias era doloros\u00edsimo. Y eso ahora y hace diez a\u00f1os. Es incre\u00edble. Es un pa\u00eds despiadado. Miedo al olvido: yo puedo llamar a gente, llamarlos ahora por tel\u00e9fono, a dos o tres amigos\u2026 pero es que me jode. Me jode oir \u00ab!el pobre Michi, que se est\u00e1 muriendo!\u00bb. Me jode.<\/span><\/p>\n<p><span style=\"font-family: Arial, Helvetica, sans-serif; font-size: small;\"><b>\u00bfSiguen siendo los Panero unos malditos?<\/b><br \/>\n&#8211; Yo creo que hemos vivido, por regla general y al menos en mi caso, como cre\u00eda, aunque con una vida llena de errores, como todo el mundo, y de irregularidad, para mi desgracia. Se ve\u00eda venir ya desde que rod\u00e9 El Desencanto. A mi El Desencanto me cuesta Astorga, que era mi vida. Esa casa era mi vida, pero la dej\u00e9 conscientemente, y creo que en la vida hay cosas que hay que hacer, por que si no \u00bfpara qu\u00e9 pu\u00f1etas\u2026? \u00bfpara seguir vivo? Mi padre ten\u00eda poemas muy bonitos y poemas mal\u00edsimos, como todo el mundo.<\/span><\/p>\n<p><span style=\"font-family: Arial, Helvetica, sans-serif; font-size: small;\"><b>\u00bfAdmite ser un escritor sin libros?<\/b><br \/>\n&#8211; Me dan muchisima pereza los libros. As\u00ed son las memorias de mi familia, inclu\u00eddas las de mi madre. Para eso hice las pel\u00edculas: me las invent\u00e9. Y yo dir\u00eda mucha m\u00e1s verdad en las pel\u00edculas, si se busca, que en cualquier libro. En una familia como la m\u00eda, de la que te guste o no, se ha le\u00eddo tanto\u2026 se conoce a mucha gente\u2026, en fin, tantas biograf\u00edas, se acaba por ser mim\u00e9tico, es inevitable. Hombre, Paquirr\u00edn no se parece a su padre, pero yo creo que no, que se le echa m\u00e1s literatura a lo que tu dices que a lo que en realidad dices, la gente busca dobles y triples sentidos y no existe ning\u00fan manuscrito dentro de la botella, s\u00f3lo hay l\u00edquido.<\/span><\/p>\n<p><span style=\"font-family: Arial, Helvetica, sans-serif; font-size: small;\"><b>Tambien dice que Juan Luis y Leopoldo \u00abreniegan de la familia porque ninguno la tiene\u00bb.\u00a0<\/b><br \/>\n&#8211; Eso es una cosa que descubr\u00ed porque yo soy muy ingenuo. Por eso me gustar\u00eda escribir algo que no fuera televisi\u00f3n, sino retratos de gente. He conocido a la generaci\u00f3n de mi padre, de mi madre, de mis hermanos y a la m\u00eda: son cinco. M\u00e1s la generaci\u00f3n del 27, a la que he tratado mucho m\u00e1s, inexplicablemente. Podr\u00eda explicar un poco c\u00f3mo es la gente, que no son sus memorias. He le\u00eddo recientemente las memorias de Jaime Salinas y por eso no escribo, a no ser que tuviera mucha necesidad de dinero\u2026 y no s\u00e9 para qu\u00e9.<\/span><\/p>\n<p><span style=\"font-family: Arial, Helvetica, sans-serif; font-size: small;\">He le\u00eddo mucho sobre el suicidio, mucho. Y mas a\u00fan: quise editar una colecci\u00f3n de libros que era bonita: escritores, actores y pintores suicidas, que su biograf\u00eda fuera la mitad del libro y la otra mitad su obra. La colecci\u00f3n se titulaba \u00abEl Dios Salvaje\u00bb, que es como llamaban los aztecas al Dios del suicidio, que no lo eleg\u00edan. Me miraron todo rar\u00edsimo: \u00ab!Como vas a hacer una colecci\u00f3n de muertos y de suicidas!\u00bb. \u00a1Y eso me lo dec\u00edan en un pa\u00eds tan escatol\u00f3gico como \u00e9ste, donde les encanta! Yo miro el suicidio de una forma muy diferente a la de mis hermanos.<\/span><\/p>\n<p><span style=\"font-family: Arial, Helvetica, sans-serif; font-size: small;\"><b>Afirma que todo ser humano ha tenido m\u00e1s cerca o m\u00e1s lejos un suicidio por lo que nadie deber\u00eda hablar de ello como algo tan ajeno\u2026<\/b><br \/>\n&#8211; Que yo sepa s\u00ed. Y es un asunto que hay que afrontar adem\u00e1s con absoluta sinceridad y frialdad. Si yo tuviera que estar as\u00ed dos a\u00f1os m\u00e1s yo no vivo. O si me hubiera quedado en una silla de ruedas. No me compensa. Si cada vez me falla una cosa, un \u00f3rgano\u2026 No me compensa. La vida no es ni de lejos tan hermosa como para vivir solamente de su ret\u00f3rica y de buenos sentimientos: En navidades, que es cuando m\u00e1s explotan este tipo de reflexiones y a m\u00ed me ocurri\u00f3 en las \u00faltimas, siempre lo pienso. Lo he pasado muy mal en mi vida y los \u00faltimos quince a\u00f1os han sido un infierno, viviendo en montones de casas\u2026 Y recuerdo pasar un fin de a\u00f1o completamente s\u00f3lo en un piso repugnante en Madrid, sin luz porque me la hab\u00edan cortado. Y aquel d\u00eda de fin de a\u00f1o sent\u00ed que lo que me faltaba es valor. Y oportunidad, porque me ten\u00eda que tirar de un segundo piso y cab\u00eda la posibilidad de que no me rompiera nada, y tampoco ten\u00eda pastillas. \u00a1Era tan t\u00e9trico&#8230;! La vida invivible que yo estoy viviendo no es ni justa para m\u00ed ni para los dem\u00e1s, sobre todo para m\u00ed. Y no digamos mis 25 sanatorios, que se dice pronto.<\/span><\/p>\n<p><span style=\"font-family: Arial, Helvetica, sans-serif; font-size: small;\"><b>\u00bfC\u00f3mo es su evoluci\u00f3n f\u00edsica?<\/b><br \/>\nLo que s\u00ed he notado desde el \u00faltimo verano que pas\u00e9 tan malo, es que he perdido much\u00edsima movilidad. Me iba paseando hasta la quinta co\u00f1a, iba a comer a los restaurantes que me gustan\u2026<\/span><\/p>\n<p><span style=\"font-family: Arial, Helvetica, sans-serif; font-size: small;\"><b>\u00bfQu\u00e9 influencia ha tenido la pol\u00edtica en su vida y en la de su familia?<\/b><br \/>\n&#8211; Yo sigo votando a la izquierda, entre comillas, que hay en Espa\u00f1a, y he sido militante del partido socialista, si eso es izquierda, que ahora lo dudo. Pero claro, hablar en este pa\u00eds de pol\u00edtica suena dantesco. Como ahora casi todo. No he tenido militancias m\u00e1s activas como Leopoldo o en menor medida Juan Luis, pues yo militaba s\u00f3lo porque los conoc\u00eda y me ca\u00edan bien. De Aznar mis referencias son inexistentes, lo mejor que puede hacer es irse y desaparecer para siempre. Es un se\u00f1or de estos que da la burocracia espa\u00f1ola de provincias cada tanto, y da much\u00edsimos, inspectores de hacienda, registradores, funcionarios\u2026 y cuyo resultado siempre es lamentable. Y no es que Zapatero me parezca un rey en Polonia sino que Aznar me parece lamentable, todo esto que ha hecho ahora con los americanos es de juicio de Nuremberg. S\u00f3lo por lo de Irak, Aznar tendr\u00eda que estar en el tribunal de La Haya, o por lo menos dimitido y olvidado. La pol\u00edtica en Espa\u00f1a es siempre sota, caballo y rey. Ahora soy muy amigo de Juanjo, el alcalde de Astorga, que es socialista.<\/span><\/p>\n<p><span style=\"font-family: Arial, Helvetica, sans-serif; font-size: small;\"><b>\u00bfDe veras no cree ya en nada?<\/b><br \/>\n&#8211; Siempre se cree en algo, y yo siempre que me quedo s\u00f3lo creo que me voy a curar. Era Scott Fitzgerald quien dec\u00eda que hay que saber que la cosa no tiene soluci\u00f3n y sin embargo seguir luchando por ella. La felicidad se disfruta en los momentos en que tienes salud. Yo empec\u00e9 con un brazo roto, no le d\u00ed importancia, me metieron un clavo\u2026. Y no he parado. Y cuando me vine a Astorga lo hice para olvidarme de todo. Pero nunca he cre\u00eddo en la religi\u00f3n. En ese sentido, una de las grandes liberaciones que le debo a mi madre o a mi padre es que Leopoldo y yo estudi\u00e1ramos en el Liceo italiano, el \u00fanico sitio donde no te mareaban con esa historia. Y yo la recuerdo como la \u00e9poca m\u00e1s feliz de mi vida, no s\u00e9 Leopoldo. \u00c9l dice que lo mejor que recuerda es la c\u00e1rcel, pero es mentira: en la c\u00e1rcel estaba siempre llorando. Si la vida tuviera un m\u00ednimo de sentido lo justo ser\u00eda que al llegar a una cierta edad o cuando viniera una enfermedad desagradable, tuvieras por lo menos la opci\u00f3n de decir: bueno, adi\u00f3s. Una muerte dulce, dormirte con cinco pastillas y adi\u00f3s. Esta crucifixi\u00f3n de hospitales, m\u00e9dicos\u2026 es una aut\u00e9ntica obra de brujer\u00eda.<\/span><\/p>\n<p><span style=\"font-family: Arial, Helvetica, sans-serif; font-size: small;\"><b>Ha hablado de sexo \u00bfqu\u00e9 valor le ha concedido en su vida? \u00bfse considera heterosexual o bisexual?<\/b><br \/>\n&#8211; Me considero heterosexual, eso de entrada, me he casado dos veces, para mi desgracia, y he tenido m\u00e1s amantes de las que pude disfrutar. Mi sexo est\u00e1 bien cuando funciona, como todo. Y cuando crece te lo crees -cuando te lo crees- como te crees el amor, la comida, el alcohol o la literatura. Yo cre\u00ed m\u00e1s en el amor, pero a lo mejor me he equivocado.<\/span><\/p>\n<p><span style=\"font-family: Arial, Helvetica, sans-serif; font-size: small;\"><b>Su entonces amigo de juventud que a veces menciona en las pel\u00edculas, Vicente Molina Foix, se declara homosexual, eso indica que al menos no tiene prejuicios\u2026<\/b><br \/>\n&#8211; Vicente Molina Foix es un homosexual declarado porque es muy mal escritor. Si Vicente hubiera sido un escritor cojonudo no ser\u00eda un homosexual declarado. Como escritor es nefasto. Vicente era una especie de brazo articulado que hab\u00eda en mi casa. A m\u00ed me present\u00f3 a mucha gente y estuvo aqu\u00ed, en Astorga. El \u00e9xito literario cambia hasta el concepto de \u00abglorias sexuales\u00bb. Un ejemplo: Javier Mar\u00edas, mi mejor amigo durante a\u00f1os. Para \u00e9l, la literatura es todo, tan es as\u00ed que ha creado una editorial para sus amigos. De todas formas en mi generaci\u00f3n existe poca gente que me guste o admire. Por unos u otros motivos me gustaba mucho Soledad Pu\u00e9rtolas, que es muy amiga m\u00eda. Yo le hice su primera cr\u00edtica en El Independiente. Pero es todo muy cutre, es un poco como la tertulia de Jos\u00e9 Luis Garci, ese nivel de oficinista. Espa\u00f1a es s\u00f3lo un nombre, Espa\u00f1a ha muerto\u2026 Quiz\u00e1s yo lo vea ya desde el punto de vista del moribundo, ojal\u00e1, porque te juro que no tengo muchas ganas de vivir. Y de los tiempos en que yo entraba en mi apartamento con Luc\u00eda Bos\u00e9, que era mi amante, y el portero me dec\u00eda: \u00aba esa hay que cogerle las peras\u00bb hasta llegar a este pisito de habitaciones vac\u00edas, llega un momento en que la vida pierde su gracia. Y eso que he tenido suerte, pues hay otra gente que se muri\u00f3 m\u00e1s o menos joven como Jaime Gil o Claudio Rodr\u00edguez que son, cada uno en su estilo, los dos mejores poetas de su generaci\u00f3n. Y llevaron unas vidas perras tambien, osea que tampoco\u2026 Aqu\u00ed hay que ser feliz con cualquier cosa y el que pretende subvertir lo cutre lo paga caro. Aqu\u00ed o te estrellas o te estrellan. Si bebes, porque bebes y si te drogas, porque te drogas. He conocido a gente san\u00edsima morirse en veinte minutos, pero si eres un vicioso no te perdonan.<\/span><\/p>\n<p><span style=\"font-family: Arial, Helvetica, sans-serif; font-size: small;\"><b>\u00bfPor qu\u00e9 mantiene que los intentos de suicidio de su hermano Juan Luis han sido algo postizos?<\/b><br \/>\n&#8211; Porque lo son, uno no se suicida quemando sus poemas y luego resulta que lo que hab\u00eda quemado era una copia y hab\u00eda dejado bien guardado el original. O tom\u00e1ndose dos tubos de optalid\u00f3n. Si uno quiere suicidarse lo tiene facil\u00edsimo, abres esa ventana y te tiras, no te salva ni la caridad. Claro que si caes encima de un bar de putas o de una vieja\u2026<\/span><\/p>\n<p><span style=\"font-family: Arial, Helvetica, sans-serif; font-size: small;\"><b>Era a los quince a\u00f1os precisamente cuando dec\u00eda que su padre le ten\u00eda miedo y pavor a su hermano Leopoldo Mar\u00eda \u00bfpor qu\u00e9?<\/b><br \/>\n&#8211; Porque ya de ni\u00f1o ten\u00eda un car\u00e1cter endiablado. Mi padre muri\u00f3 en 1962 cuando Leopoldo ten\u00eda 13 a\u00f1os. Entonces dec\u00eda \u00abno quiero hacer esto\u00bb y era capaz de encerrarse en una habitaci\u00f3n tres d\u00edas sin comer, sin llorar y sin pedir nada. Y eso, una persona como mi padre, no lo entend\u00eda. Claro que al pobre Juan Luis, con el que yo podr\u00e9 tener mis m\u00e1s o mis menos, tampoco lo entend\u00eda mucho, a la menor ocasi\u00f3n lo mand\u00f3 a un colegio interno y luego a casa de la abuela. Tiene gracia que \u00abel poeta de la familia\u00bb, como le llaman, a la hora de la verdad la quer\u00eda de lejos. Quiz\u00e1s en la \u00faltima etapa de su vida la quiso m\u00e1s, pero claro, esa etapa dur\u00f3 s\u00f3lo tres a\u00f1os. Supongo que eso tambien da cierta idea del mundo cerrado que eran los Panero en Astorga: nuevos ricos, masones, un poco fuera del pueblo. A pap\u00e1 le intimidaba mucho la familia, pero no soy qui\u00e9n para juzgar.<\/span><\/p>\n<p><span style=\"font-family: Arial, Helvetica, sans-serif; font-size: small;\"><b>Dice que hay d\u00edas en que envidia la locura porque para poco le sirva la lucidez: s\u00f3lo para constatar la soledad.<\/b><br \/>\n&#8211; B\u00e1sicamente s\u00ed, lo mantengo. Tambien hay gente idiota y feliz pero ser l\u00facido no es un buen negocio, sobre todo en este pa\u00eds, aunque en ninguno tampoco. No creo que sea muy feliz Stephen Hawking con su enfermedad, a pesar de sus agujeros negros. Me he estado muriendo dos veces, pero muriendo, muriendo, y no por suicidio: sales con mucho apego a la vida. O miedo, porque te han explicado lo de la lucecita y el t\u00fanel. Pero la vida en determinadas circunstancias no tiene sentido. Tiene poco sentido generalmente, y en mi caso ninguno. Me hab\u00eda hecho un mont\u00f3n de ilusiones, que la casa de los Panero en Astorga funcionaba, poder ocuparme de algo que no fuera escribir cuatro art\u00edculos idiotas. Y eso como \u00faltima soluci\u00f3n que me dejara satisfecho ante una serie de historias. \u00bfLa lectura? La lectura le queda a Leopoldo, y jugar a lo literario, con esa inconsciencia que te da la locura, entre comillas. Pero yo a Leopoldo le he visto llorar mucho y sufrir en Las Palmas. Y eso no es nada justo, generalmente. Incluso esto en la vida literaria es muy mezquino. Leopoldo no tiene el sitio que deber\u00eda tener por el simple hecho de estar en un manicomio, como si castigaran a Holderlin o a Lautremont. Se le mira raro y se dice que est\u00e1 muy bien en un manicomio. Y es posible que sea mucho m\u00e1s c\u00f3modo, pero se le sugiere que no hable de literatura, que hable de lo que quiera, de la comodidad y del confort de los psiqui\u00e1tricos, pero no de literatura.<\/span><\/p>\n<p><span style=\"font-family: Arial, Helvetica, sans-serif; font-size: small;\"><b>Juan Luis asegura que empez\u00f3 a dialogar con su madre, Felicidad Blanch, pr\u00e1cticamente con 21 a\u00f1os \u00bfEra usted o Leopoldo Mar\u00eda el preferido de ella o el cari\u00f1o se repart\u00eda por igual?<\/b><br \/>\n&#8211; Yo era el menos querido porque era el m\u00e1s peque\u00f1o. Leopoldo era la mala conciencia porque ella pensaba que como hab\u00eda tenido una hermana loca, pod\u00eda haber transmitido una herencia gen\u00e9tica en Leopoldo. Y Juan Luis es un mundo aparte del que no podr\u00eda decirte nada, me lleva nueve a\u00f1os por lo menos. Cuando se muri\u00f3 mi padre, Juan Luis fue para mi madre la liberaci\u00f3n, aunque muy relativa: salir por la noche no es ninguna liberaci\u00f3n, sobre todo cuando has tenido un marido que te ha hecho perder la personalidad. Pero no quiero juzgar m\u00e1s a mi familia porque yo ya he hecho mis dos pel\u00edculas y ah\u00ed est\u00e1n. Creo que El Desencanto en su momento fue un acierto, no s\u00f3lo para m\u00ed, sino para bastante gente a la que ayud\u00f3 mucho. La otra, Despu\u00e9s de tantos a\u00f1os, fue una idea equivocada de Ricardo, con toda la buena voluntad del mundo, pero El Desencanto quedar\u00e1 por los siglos. Y esa sensaci\u00f3n me ha ocurrido vi\u00e9ndola pasados los a\u00f1os, con gente muy distinta, mexicanos que conoc\u00edan un poco la historia\u2026(tose, un largo silencio) Perdona, pero cuando hablo tanto tiempo\u2026 Y menos mal que dicto los art\u00edculos, porque si hubiera trabajado en la radio o la televisi\u00f3n iba de culo\u2026 De todas formas mientras este pa\u00eds no vea la luz y no libere sus fantasmas de hipocres\u00eda, no lea m\u00e1s y sea m\u00e1s culto de verdad, en el sentido helen\u00edstico o human\u00edstico de la palabra, nada cambiar\u00e1. No va a seguir Aznar pero ah\u00ed deja a Rajoy.<\/span><\/p>\n<p><span style=\"font-family: Arial, Helvetica, sans-serif; font-size: small;\"><b>Algunos han querido ver en las iron\u00edas y quejas de su madre en El Desencanto y en su libro Espejo de sombras acerca de la perenne compa\u00f1\u00eda de Luis Rosales una relaci\u00f3n m\u00e1s all\u00e1 de la amistad\u2026<\/b><br \/>\n&#8211; No, era una relaci\u00f3n de amigote y de puteros, una heterosexualidad llevada al machismo \u00a1Hombre, por dios! \u00a1Y en Luis no digamos! Nada. Simplemente era que mi padre, igual que no pod\u00eda prescindir de sus hermanas astorganas tampoco pod\u00eda prescindir de sus amigotes. Y cuando se va de luna de miel viene a Astorga con todos ellos. No hay ning\u00fan misterio, en la literatura espa\u00f1ola hay muy poco misterio, eso te lo digo yo. Y en la historia sexual de esa literatura, ninguno. Si oyeras las cintas con aquellas entrevistas que les hice en Radio Nacional a los miembros de la Generaci\u00f3n del 27 comprobar\u00edas que est\u00e1n plagadas de mentiras. Y mienten con un pie en el estribo. El sexo ha sido muy cutre, y lo sigue siendo, en la literatura espa\u00f1ola. De todas formas lo peor es que a mi generaci\u00f3n le toca vivir ahora la Espa\u00f1a m\u00e1s cutre, todos esos esc\u00e1ndalos que cuando los leo son de risa, como el de Dimas Mart\u00edn. En eso mi amigo Claudio Rizzo y yo est\u00e1bamos de acuerdo, aparte de que nos re\u00edamos mucho. En Espa\u00f1a para suicidarse hay que hacerlo de otro modo, pero llega un momento que cuando no te funciona nada, lo mejor es decirle simplemente adi\u00f3s a la vida. Y m\u00e1s si no crees en nada, y yo para colmo no es que no crea en nada, es que no creo en la medicina. Y eso es jodido porque vas a un quir\u00f3fano\u2026inmolado<\/span><\/p>\n","protected":false},"excerpt":{"rendered":"<p>Lidia Garc\u00eda Rubio El menor de los Panero, el escritor sin libros, el buf\u00f3n de la familia al que le toc\u00f3 el papel m\u00e1s dif\u00edcil -decir la verdad dulcificada con humor, entre risas y sornas-, falleci\u00f3 en Astorga (Le\u00f3n) unos d\u00edas despu\u00e9s de recibir en su casa a CORDEL DE EXTRAVIADOS. Quiso que su \u00faltimo testimonio, que se ha ido publicando fragmentariamente en revistas como INTERVIU o peri\u00f3dicos como CANARIAS 7, quedara reflejado de esta manera y por ello recibi\u00f3 a dos periodistas y a una cineasta que no conoc\u00eda de nada y que le acompa\u00f1aron en sus \u00faltimos momentos. A Elba Mart\u00ednez le permiti\u00f3 tomarle unos \u00faltimos planos, a<\/p>\n","protected":false},"author":1,"featured_media":0,"comment_status":"open","ping_status":"open","sticky":false,"template":"","format":"standard","meta":{"footnotes":""},"categories":[8],"tags":[75],"class_list":["post-304","post","type-post","status-publish","format-standard","hentry","category-cordel-de-extraviados-3-4","tag-michi-panero"],"views":2506,"_links":{"self":[{"href":"https:\/\/editorialhijosdemuleyrubio.com\/index.php?rest_route=\/wp\/v2\/posts\/304","targetHints":{"allow":["GET"]}}],"collection":[{"href":"https:\/\/editorialhijosdemuleyrubio.com\/index.php?rest_route=\/wp\/v2\/posts"}],"about":[{"href":"https:\/\/editorialhijosdemuleyrubio.com\/index.php?rest_route=\/wp\/v2\/types\/post"}],"author":[{"embeddable":true,"href":"https:\/\/editorialhijosdemuleyrubio.com\/index.php?rest_route=\/wp\/v2\/users\/1"}],"replies":[{"embeddable":true,"href":"https:\/\/editorialhijosdemuleyrubio.com\/index.php?rest_route=%2Fwp%2Fv2%2Fcomments&post=304"}],"version-history":[{"count":2,"href":"https:\/\/editorialhijosdemuleyrubio.com\/index.php?rest_route=\/wp\/v2\/posts\/304\/revisions"}],"predecessor-version":[{"id":306,"href":"https:\/\/editorialhijosdemuleyrubio.com\/index.php?rest_route=\/wp\/v2\/posts\/304\/revisions\/306"}],"wp:attachment":[{"href":"https:\/\/editorialhijosdemuleyrubio.com\/index.php?rest_route=%2Fwp%2Fv2%2Fmedia&parent=304"}],"wp:term":[{"taxonomy":"category","embeddable":true,"href":"https:\/\/editorialhijosdemuleyrubio.com\/index.php?rest_route=%2Fwp%2Fv2%2Fcategories&post=304"},{"taxonomy":"post_tag","embeddable":true,"href":"https:\/\/editorialhijosdemuleyrubio.com\/index.php?rest_route=%2Fwp%2Fv2%2Ftags&post=304"}],"curies":[{"name":"wp","href":"https:\/\/api.w.org\/{rel}","templated":true}]}}