{"id":307,"date":"2013-06-17T11:48:19","date_gmt":"2013-06-17T09:48:19","guid":{"rendered":"http:\/\/editorialhijosdemuleyrubio.com\/?p=307"},"modified":"2013-06-17T11:48:19","modified_gmt":"2013-06-17T09:48:19","slug":"abraham-la-calle-maldito-iceberg","status":"publish","type":"post","link":"https:\/\/editorialhijosdemuleyrubio.com\/?p=307","title":{"rendered":"Abraham La Calle: Maldito iceberg"},"content":{"rendered":"<figure id=\"attachment_308\" aria-describedby=\"caption-attachment-308\" style=\"width: 200px\" class=\"wp-caption alignleft\"><a href=\"http:\/\/editorialhijosdemuleyrubio.com\/wp-content\/uploads\/2013\/06\/abraham.jpeg\"><img loading=\"lazy\" decoding=\"async\" class=\"size-full wp-image-308\" alt=\"Grabados de Abraham La Calle en Estampa 04\" src=\"http:\/\/editorialhijosdemuleyrubio.com\/wp-content\/uploads\/2013\/06\/abraham.jpeg\" width=\"200\" height=\"147\" \/><\/a><figcaption id=\"caption-attachment-308\" class=\"wp-caption-text\">Grabados de Abraham La Calle en Estampa 04<\/figcaption><\/figure>\n<p>El pintor y artista Abraham La Calle (Almer\u00eda, 1963), ha expuesto su \u00faltima obra en Stampa 04, la Feria Internacional del Grabado que se celebr\u00f3 en la madrile\u00f1a Casa de Campo, momento que recoge la fotograf\u00eda de Bel\u00e9n Garc\u00eda Rubio cuando era visitada por el escultor Mart\u00edn Chirino. El pintor La Calle, que ahora muestra sus \u00faltimos trabajos en la sede madrile\u00f1a de la Galer\u00eda Marlborought (calle Orfila) tiene previsto tambi\u00e9n llevar sus lienzos al Museo de Almer\u00eda en noviembre.<\/p>\n","protected":false},"excerpt":{"rendered":"<p>El pintor y artista Abraham La Calle (Almer\u00eda, 1963), ha expuesto su \u00faltima obra en Stampa 04, la Feria Internacional del Grabado que se celebr\u00f3 en la madrile\u00f1a Casa de Campo, momento que recoge la fotograf\u00eda de Bel\u00e9n Garc\u00eda Rubio cuando era visitada por el escultor Mart\u00edn Chirino. El pintor La Calle, que ahora muestra sus \u00faltimos trabajos en la sede madrile\u00f1a de la Galer\u00eda Marlborought (calle Orfila) tiene previsto tambi\u00e9n llevar sus lienzos al Museo de Almer\u00eda en noviembre.<\/p>\n","protected":false},"author":1,"featured_media":0,"comment_status":"open","ping_status":"open","sticky":false,"template":"","format":"standard","meta":{"footnotes":""},"categories":[8],"tags":[76],"class_list":["post-307","post","type-post","status-publish","format-standard","hentry","category-cordel-de-extraviados-3-4","tag-abraham-la-calle"],"views":1085,"_links":{"self":[{"href":"https:\/\/editorialhijosdemuleyrubio.com\/index.php?rest_route=\/wp\/v2\/posts\/307","targetHints":{"allow":["GET"]}}],"collection":[{"href":"https:\/\/editorialhijosdemuleyrubio.com\/index.php?rest_route=\/wp\/v2\/posts"}],"about":[{"href":"https:\/\/editorialhijosdemuleyrubio.com\/index.php?rest_route=\/wp\/v2\/types\/post"}],"author":[{"embeddable":true,"href":"https:\/\/editorialhijosdemuleyrubio.com\/index.php?rest_route=\/wp\/v2\/users\/1"}],"replies":[{"embeddable":true,"href":"https:\/\/editorialhijosdemuleyrubio.com\/index.php?rest_route=%2Fwp%2Fv2%2Fcomments&post=307"}],"version-history":[{"count":1,"href":"https:\/\/editorialhijosdemuleyrubio.com\/index.php?rest_route=\/wp\/v2\/posts\/307\/revisions"}],"predecessor-version":[{"id":309,"href":"https:\/\/editorialhijosdemuleyrubio.com\/index.php?rest_route=\/wp\/v2\/posts\/307\/revisions\/309"}],"wp:attachment":[{"href":"https:\/\/editorialhijosdemuleyrubio.com\/index.php?rest_route=%2Fwp%2Fv2%2Fmedia&parent=307"}],"wp:term":[{"taxonomy":"category","embeddable":true,"href":"https:\/\/editorialhijosdemuleyrubio.com\/index.php?rest_route=%2Fwp%2Fv2%2Fcategories&post=307"},{"taxonomy":"post_tag","embeddable":true,"href":"https:\/\/editorialhijosdemuleyrubio.com\/index.php?rest_route=%2Fwp%2Fv2%2Ftags&post=307"}],"curies":[{"name":"wp","href":"https:\/\/api.w.org\/{rel}","templated":true}]}}