{"id":331,"date":"2013-06-17T12:05:07","date_gmt":"2013-06-17T10:05:07","guid":{"rendered":"http:\/\/editorialhijosdemuleyrubio.com\/?p=331"},"modified":"2013-06-17T13:13:24","modified_gmt":"2013-06-17T11:13:24","slug":"novedades-de-colombine","status":"publish","type":"post","link":"https:\/\/editorialhijosdemuleyrubio.com\/?p=331","title":{"rendered":"Novedades de Colombine"},"content":{"rendered":"<p>&nbsp;<\/p>\n<figure id=\"attachment_332\" aria-describedby=\"caption-attachment-332\" style=\"width: 91px\" class=\"wp-caption alignleft\"><a href=\"http:\/\/editorialhijosdemuleyrubio.com\/wp-content\/uploads\/2013\/06\/colombine.jpeg\"><img loading=\"lazy\" decoding=\"async\" class=\"size-full wp-image-332\" alt=\"Documentos in\u00e9ditos sobre Colombine encontrados en el archivo de Juan Ram\u00f3n Jim\u00e9nez gracias a Carmen Hern\u00e1ndez Pinz\u00f3n\" src=\"http:\/\/editorialhijosdemuleyrubio.com\/wp-content\/uploads\/2013\/06\/colombine.jpeg\" width=\"91\" height=\"123\" \/><\/a><figcaption id=\"caption-attachment-332\" class=\"wp-caption-text\">Documentos in\u00e9ditos sobre Colombine encontrados en el archivo de Juan Ram\u00f3n Jim\u00e9nez<br \/>gracias a Carmen Hern\u00e1ndez Pinz\u00f3n<\/figcaption><\/figure>\n<p><span style=\"font-family: Arial, Helvetica, sans-serif; font-size: small;\"><b><a href=\"http:\/\/editorialhijosdemuleyrubio.com\/wp-content\/uploads\/2013\/06\/manuscrito1.jpeg\"><img loading=\"lazy\" decoding=\"async\" class=\"alignleft size-medium wp-image-333\" alt=\"manuscrito1\" src=\"http:\/\/editorialhijosdemuleyrubio.com\/wp-content\/uploads\/2013\/06\/manuscrito1.jpeg\" width=\"194\" height=\"123\" \/><\/a>Novedades de Colombine: Los libros biogr\u00e1ficos de Susan Kirpatrick y de Blanca Cela<\/b>\u00a0han sido las mejores novedades que han podido traer las recientes investigaciones sobre Carmen de Burgos desde diferentes puntos de vista pero con una gran calidad en ambas obras. Adem\u00e1s, la \u00abEnciclopedia de Madrid\u00bb, dentro del apartado de mujeres con ep\u00edgrafe y editada por el Ayuntamiento y la Editorial El Viso recoge textos y fotograf\u00edas del libro \u00abMemorias de Colombine\u00bb y contiene un gran trabajo documental de Teresa Avellanosa. Este es el texto de esta nueva enciclopedia realizado por Amparo Hurtado:\u00a0<!--more--><\/span><\/p>\n<p>&nbsp;<\/p>\n<figure id=\"attachment_336\" aria-describedby=\"caption-attachment-336\" style=\"width: 79px\" class=\"wp-caption alignleft\"><a href=\"http:\/\/editorialhijosdemuleyrubio.com\/wp-content\/uploads\/2013\/06\/votomujer72.jpeg\"><img loading=\"lazy\" decoding=\"async\" class=\"size-full wp-image-336\" alt=\"Cartel propagand\u00edstico en la Inglaterra de principios del siglo XX\" src=\"http:\/\/editorialhijosdemuleyrubio.com\/wp-content\/uploads\/2013\/06\/votomujer72.jpeg\" width=\"79\" height=\"123\" \/><\/a><figcaption id=\"caption-attachment-336\" class=\"wp-caption-text\">Cartel propagand\u00edstico<br \/>en la Inglaterra de principios del<br \/>siglo XX<\/figcaption><\/figure>\n<p><span style=\"font-family: Arial, Helvetica, sans-serif; font-size: small;\"><b>CARMEN DE BURGOS SEGU\u00cd:<\/b>\u00a0Carmen de Burgos Segu\u00ed, Colombine, (Rodalquilar [Almer\u00eda] 1867- Madrid 1932), escritora, periodista y maestra. En 1901, tras obtener por oposici\u00f3n una plaza en la Escuela Normal de Guadalajara y separarse de su marido, abandon\u00f3 su tierra natal con su hija y se instal\u00f3 en Madrid. Hab\u00eda publicado su primer libro, Ensayos literarios (1900), y so\u00f1aba con llegar a ser escritora. En 1903, se convirti\u00f3 en la primera mujer redactora de un peri\u00f3dico, el Diario Universal, cuyo director la inst\u00f3 a firmar sus colaboraciones con el seud\u00f3nimo Colombine, que ella utiliz\u00f3 tambi\u00e9n en su obra literaria. Su primera columna de entrevistas, que planteaba el tema del divorcio en Espa\u00f1a, fue pronto suspendida, pero para sorpresa suya la hizo famosa. Particip\u00f3 en la fundaci\u00f3n de la Revista Cr\u00edtica y de Prometeo y, en 1909, viaj\u00f3 a Marruecos como corresponsal de guerra. Para esas fechas, Colombine y Ram\u00f3n G\u00f3mez de la Serna formaban ya una \u00abpareja de hecho\u00bb. Empujada por su precaria situaci\u00f3n econ\u00f3mica escribi\u00f3 numerosas traducciones, libros de viajes, reportajes, biograf\u00edas y diversos textos de encargo, pero fue en la novela corta donde alcanz\u00f3 sus mayores logros literarios, convirti\u00e9ndose en una destacada firma de este g\u00e9nero narrativo. El conjunto de su producci\u00f3n literaria reflej\u00f3 su confianza en el arte y en la libertad. Hizo de la condici\u00f3n femenina el eje central de su narrativa, escribiendo algunas novelas autobiogr\u00e1ficas, como La flor de la playa, y algunas novelas de tesis, como El art\u00edculo 438. Entre sus novelas cortas destacan La mujer fr\u00eda, El hombre negro, El perseguidor y Pu\u00f1al de claveles. En 1929, despu\u00e9s de veinte a\u00f1os de relaci\u00f3n, Ram\u00f3n G\u00f3mez de la Serna se fug\u00f3 con la hija de Carmen de Burgos. Colombine se hundi\u00f3 y escribi\u00f3 poco m\u00e1s. Al proclamarse la Segunda Rep\u00fablica, sin embargo, ingres\u00f3 en el partido socialista y dio m\u00edtines y conferencias defendiendo una vez m\u00e1s la igualdad ante la ley de mujeres y hombres, el derecho femenino al voto, la ley de divorcio y la abolici\u00f3n de la pena de muerte. Tras una conferencia, falleci\u00f3 repentinamente. Muri\u00f3 luchando: \u00abNo comprendo la existencia de las personas que se levantan todos los d\u00edas a la misma hora y comen el cocido en el mismo sitio -hab\u00eda escrito en su autobiograf\u00eda-. Si yo fuera rica, no tendr\u00eda casa. Una maleta grande, y viajar siempre&#8230;\u00bb. Amparo Hurtado<\/span><\/p>\n<p><span style=\"font-family: Arial, Helvetica, sans-serif; font-size: small;\"><a href=\"http:\/\/editorialhijosdemuleyrubio.com\/wp-content\/uploads\/2013\/06\/manuscrito2.jpeg\"><img loading=\"lazy\" decoding=\"async\" class=\"alignleft size-full wp-image-335\" alt=\"manuscrito2\" src=\"http:\/\/editorialhijosdemuleyrubio.com\/wp-content\/uploads\/2013\/06\/manuscrito2.jpeg\" width=\"200\" height=\"123\" \/><\/a>El programa de la 2 de TVE \u00abMujeres en la Historia\u00bb, que se emit\u00eda todos los domingos, tuvo como protagonista la pasada semana a Carmen de Burgos \u00abColombine\u00bb. En el rodaje del documental, junto al catedratico Enrique Rojas, director del Instituto Espa\u00f1ol de Psiquiatr\u00eda, y el jesuita y director del \u00abCentro de Estudios Hist\u00f3ricos de la Masoner\u00eda\u00bb, Jose Antonio Benimelli, particip\u00f3 Federico Utrera, autor de \u00abMemorias de Colombine\u00bb, biograf\u00eda de la autora que va ya por la segunda edici\u00f3n y que arroja luz sobre la muy olvidada trayectoria de esta escritora y periodista, pionera en la reivindicaci\u00f3n del derecho al voto de la mujer en Espa\u00f1a, el divorcio, adem\u00e1s de ser la primera corresponsal de guerra y cronista parlamentaria en la Carrera de San Jer\u00f3nimo. Algunas inexactitudes del documental (su hija no particip\u00f3 en la obra de teatro de Ram\u00f3n G\u00f3mez de la Serna Los Medios Seres y fue Florentino Caste\u00f1eda y no Paloma Casta\u00f1eda, que tambien intervino, quien hall\u00f3 su partida de nacimiento) no desvirtuan este trabajo televisivo, que es sobre todo voluntarista y divulgativo.<\/span><\/p>\n<p><span style=\"font-family: Arial, Helvetica, sans-serif; font-size: small;\"><a href=\"http:\/\/editorialhijosdemuleyrubio.com\/wp-content\/uploads\/2013\/06\/manuscrito3.jpeg\"><img loading=\"lazy\" decoding=\"async\" class=\"alignleft size-full wp-image-334\" alt=\"manuscrito3\" src=\"http:\/\/editorialhijosdemuleyrubio.com\/wp-content\/uploads\/2013\/06\/manuscrito3.jpeg\" width=\"85\" height=\"123\" \/><\/a>Por otra parte, la juanrramoniana Mar\u00eda Jes\u00fas Dom\u00ednguez S\u00edo ha dado a conocer unos textos in\u00e9ditos del Premio Nobel en la reciente edici\u00f3n de su \u00abObra Po\u00e9tica\u00bb (Espasa), que revelan su intenci\u00f3n de incluir a Colombine en un libro que recogiera su universo on\u00edrico y perfiles de artistas. La prosa, titulada \u00abEn sue\u00f1os\u00bb, est\u00e1 dentro del libro \u00abViajes y Sue\u00f1os\u00bb aunque su contenido estaba destinado al proyecto titulado \u00abJano\u00bb (pensamientos, viajes y sue\u00f1os), pues las siglas A. y F. significan \u00abActualidad y Futuro\u00bb, t\u00edtulo de otro libro, y la idea de Juan Ram\u00f3n era reunir en un volumen diferente sus \u00abretratos de artistas\u00bb que se mezclaban en sus sue\u00f1os y pesadillas (\u00e9stas formar\u00edan la parte central de otra obra m\u00e1s amplia, \u00abLa casa en ruidos\u00bb, seg\u00fan S\u00edo). \u00c9ste era su proyecto:<\/span><\/p>\n<p><span style=\"font-family: Arial, Helvetica, sans-serif; font-size: small;\">\u00abAparece todo lo que veo cada d\u00eda; la jente de ahora, escritores (que por falta de m\u00e9rito no ir\u00e1n en A. y F., bailarinas, sucesos bien definidos). La idea es \u00e9sta: Dar aquello que no va con anuencia en la intelijencia despierta y que se aparece en el escenario del sue\u00f1o, ocupando todo el sitio que desea, y que no ocupar\u00eda en la vijilia: que, por lo tanto, llena una parte de mi vida.<\/span><\/p>\n<p>Luisa de Lerma, La Arjentinita, Miss (?). Baeza, P. Imperio y V. Rojas. La arjentina, Mz. Sierra, los Checa, Helena Cortesina, Acebal, Ayala, los Calleja, Colombine, Rusi\u00f1ol, la Bilbainita, F. Lorenzo, D\u00f1a Emilia, Palacio Vald\u00e9s, Barojas, Zubiaurres, Negr\u00edn, Canedo, Vegu\u00e9, Ardav\u00edn, Rivas Cheriff, (ni\u00f1os), (?) de Lara, Raquel Meller, El Cine (personajes del cine: Max Linder, Charles Chaplin, Mary Pikford), Robustiano: Bailes rusos.<\/p>\n<p align=\"center\"><span style=\"font-family: Arial, Helvetica, sans-serif; font-size: small;\">* * *<\/span><\/p>\n<p align=\"left\"><span style=\"font-family: Arial, Helvetica, sans-serif; font-size: small;\">(&#8230;) Lo que nos pasa en los sue\u00f1os de los otros -vencimientos, triunfos, posesiones de amor, muertes- sin saberlo nosotros. \u00a1Esa vida fue fuera de la nuestra! pero a veces sabemos de ella.<br \/>\n\u00a1Como se burla el sue\u00f1o de nosotros!<br \/>\n\u00a1A cu\u00e1ntas mujeres habremos pose\u00eddo en sue\u00f1os sin nosotros quererlo ni saberlo y sin quererlo ellas!<br \/>\nEl sue\u00f1o \u00a1Como se burla de nosotros! Aquella vieja hombre ha sido nuestra querida. El que odiamos nos posey\u00f3.<br \/>\nLa ni\u00f1a pura ha sido pose\u00edda por el viejo carpintero borracho.<\/span><\/p>\n","protected":false},"excerpt":{"rendered":"<p>&nbsp; Novedades de Colombine: Los libros biogr\u00e1ficos de Susan Kirpatrick y de Blanca Cela\u00a0han sido las mejores novedades que han podido traer las recientes investigaciones sobre Carmen de Burgos desde diferentes puntos de vista pero con una gran calidad en ambas obras. Adem\u00e1s, la \u00abEnciclopedia de Madrid\u00bb, dentro del apartado de mujeres con ep\u00edgrafe y editada por el Ayuntamiento y la Editorial El Viso recoge textos y fotograf\u00edas del libro \u00abMemorias de Colombine\u00bb y contiene un gran trabajo documental de Teresa Avellanosa. Este es el texto de esta nueva enciclopedia realizado por Amparo Hurtado:\u00a0<\/p>\n","protected":false},"author":1,"featured_media":0,"comment_status":"open","ping_status":"open","sticky":false,"template":"","format":"standard","meta":{"footnotes":""},"categories":[8],"tags":[82,83],"class_list":["post-331","post","type-post","status-publish","format-standard","hentry","category-cordel-de-extraviados-3-4","tag-carmen-de-burgos","tag-colombine"],"views":1448,"_links":{"self":[{"href":"https:\/\/editorialhijosdemuleyrubio.com\/index.php?rest_route=\/wp\/v2\/posts\/331","targetHints":{"allow":["GET"]}}],"collection":[{"href":"https:\/\/editorialhijosdemuleyrubio.com\/index.php?rest_route=\/wp\/v2\/posts"}],"about":[{"href":"https:\/\/editorialhijosdemuleyrubio.com\/index.php?rest_route=\/wp\/v2\/types\/post"}],"author":[{"embeddable":true,"href":"https:\/\/editorialhijosdemuleyrubio.com\/index.php?rest_route=\/wp\/v2\/users\/1"}],"replies":[{"embeddable":true,"href":"https:\/\/editorialhijosdemuleyrubio.com\/index.php?rest_route=%2Fwp%2Fv2%2Fcomments&post=331"}],"version-history":[{"count":2,"href":"https:\/\/editorialhijosdemuleyrubio.com\/index.php?rest_route=\/wp\/v2\/posts\/331\/revisions"}],"predecessor-version":[{"id":382,"href":"https:\/\/editorialhijosdemuleyrubio.com\/index.php?rest_route=\/wp\/v2\/posts\/331\/revisions\/382"}],"wp:attachment":[{"href":"https:\/\/editorialhijosdemuleyrubio.com\/index.php?rest_route=%2Fwp%2Fv2%2Fmedia&parent=331"}],"wp:term":[{"taxonomy":"category","embeddable":true,"href":"https:\/\/editorialhijosdemuleyrubio.com\/index.php?rest_route=%2Fwp%2Fv2%2Fcategories&post=331"},{"taxonomy":"post_tag","embeddable":true,"href":"https:\/\/editorialhijosdemuleyrubio.com\/index.php?rest_route=%2Fwp%2Fv2%2Ftags&post=331"}],"curies":[{"name":"wp","href":"https:\/\/api.w.org\/{rel}","templated":true}]}}