{"id":341,"date":"2013-06-17T12:10:56","date_gmt":"2013-06-17T10:10:56","guid":{"rendered":"http:\/\/editorialhijosdemuleyrubio.com\/?p=341"},"modified":"2013-06-17T12:11:59","modified_gmt":"2013-06-17T10:11:59","slug":"blasco-ibanez-y-cervantes","status":"publish","type":"post","link":"https:\/\/editorialhijosdemuleyrubio.com\/?p=341","title":{"rendered":"Blasco Ib\u00e1\u00f1ez y Cervantes"},"content":{"rendered":"<figure id=\"attachment_343\" aria-describedby=\"caption-attachment-343\" style=\"width: 142px\" class=\"wp-caption alignleft\"><a href=\"http:\/\/editorialhijosdemuleyrubio.com\/wp-content\/uploads\/2013\/06\/blascomoro.jpeg\"><img loading=\"lazy\" decoding=\"async\" class=\"size-full wp-image-343\" alt=\"Fotograf\u00edas de Vicente Blasco Ib\u00e1\u00f1ez (Cortes\u00eda de Angel Garc\u00eda, Centro de Estudios Blasco Ib\u00e1\u00f1ez, Burjassot (Valencia).\" src=\"http:\/\/editorialhijosdemuleyrubio.com\/wp-content\/uploads\/2013\/06\/blascomoro.jpeg\" width=\"142\" height=\"200\" \/><\/a><figcaption id=\"caption-attachment-343\" class=\"wp-caption-text\">Fotograf\u00eda de Vicente Blasco Ib\u00e1\u00f1ez (Cortes\u00eda de Angel Garc\u00eda, Centro de Estudios Blasco Ib\u00e1\u00f1ez, Burjassot (Valencia).<\/figcaption><\/figure>\n<p><b>Federico Utrera<\/b><\/p>\n<p><span style=\"font-family: Arial, Helvetica, sans-serif; font-size: small;\">Me piden desde Alcal\u00e1 de Henares unas l\u00edneas sobre Vicente Blasco Ib\u00e1\u00f1ez y Miguel de Cervantes pero creo que la materia exige demasiadas palabras. Voy a utilizar de aperitivo solo siete: hombres de letras y hombres de acci\u00f3n. Ah\u00ed se resume todo. Dicen incluso los que los conocieron que sus mejores novelas fueron sus propias vidas, por muy alto que volaran sus quijotes, afiladas sus ca\u00f1as y encharcaran sus barros.<\/span><\/p>\n<p><span style=\"font-family: Arial, Helvetica, sans-serif; font-size: small;\">Para refrescarnos la memoria, sirvamos un combinado americano. Fueron los dos bi\u00f3grafos neoyorkinos Grove Day y Knowlton, quienes enumeraron las facetas de Blasco Iba\u00f1ez en este teatro de la vida: \u00abestudiante de leyes, agitador antimon\u00e1rquico y anticlerical, reformador social, editor de peri\u00f3dicos, preso y exiliado pol\u00edtico, seis veces diputado a Cortes, duelista, publicista, fundador de ciudades en la Argentina y la Patagonia, historiador de la primera Guerra Mundial, conferenciante en los Estados Unidos, magnate del cine, due\u00f1o de una suntuosa residencia en la Riviera Francesa, Blasco Ib\u00e1\u00f1ez desempe\u00f1\u00f3 en su vida con fervor todos estos papeles\u00bb.\u00a0<!--more--><\/span><\/p>\n<p><span style=\"font-family: Arial, Helvetica, sans-serif; font-size: small;\">Falta uno, a mi juicio quiz\u00e1s el m\u00e1s relevante, y \u00e9ste es el de novelista universal y alcala\u00edno de adopci\u00f3n por parte de Cervantes. Vamos ahora a averiguar porqu\u00e9. Si Alcal\u00e1 es una de las ciudades espa\u00f1olas que conocieron al Manco de Lepanto, es que aqu\u00ed se puede hablar con respeto, digno de la mejor memoria, aun viva y coleando, que han dado nuestras Letras, que las leen y hablan cada vez mas gentes en el mundo.<\/span><\/p>\n<p><span style=\"font-family: Arial, Helvetica, sans-serif; font-size: small;\">Pensar en Cervantes y pensar en Blasco Ib\u00e1\u00f1ez es hacerlo desde luego a escala planetaria, pensar global. Alcal\u00e1 es un poco eso gracias a la conservaci\u00f3n de la memoria cervantina, la modernidad y el cosmopolitismo se asientan siempre sobre las bases s\u00f3lidas del respeto a la herencia que recibimos si queremos que nos respeten la herencia que legaremos. Yo tambien creo que el secreto de la pol\u00edtica est\u00e1 en la contemporaneidad por la cual todos los contempor\u00e1neos son due\u00f1os de los tesoros de que consta la hacienda de la vida y por lo tanto los quieren gozar. Alcal\u00e1 ha sabido conservar muy bien ese mismo tesoro que viene rodando por los siglos y que las nuevas generaciones de vivos lo reciben, se lo reparten, tiran de \u00e9l y se lo prestan, pues estamos en un paraje prestado y hasta es posible que el alma sea tambien una cosa prestada. Todo es usufructo de ese tesoro, pero hay que saber que como es el tesoro del mundo, tiene instintos pegados a su entra\u00f1a, voracidades propias, vejaciones antiguas, toda una enguirlachada pegajosidad at\u00e1vica que a veces puede con el alma de qui\u00e9n tiene m\u00e1s parte en ese tesoro. Eso escribi\u00f3 G\u00f3mez de la Serna, otro amigo, pero Blasco y Cervantes lo entendieron como nadie.<\/span><\/p>\n<p><span style=\"font-family: Arial, Helvetica, sans-serif; font-size: small;\">Aunque ahora cervantear sea un verbo que se ha puesto de actualidad, como solemos decir en periodismo, por las clarificadoras y emocionantes disputas entre literatos que provocan la concesi\u00f3n en Alcal\u00e1 de los galardones que llevan su nombre, s\u00ed estoy convencido de que la cultura espa\u00f1ola, precisamente por universal, exige ser ungido por Cervantes como paso previo para alcanzar un m\u00ednimo reconocimiento o lauro por parte de sus valedores. \u00bfY como se logra eso? se dir\u00e1n algunos. \u00bfComo bautiza o contamina Cervantes? Los acad\u00e9micos y rectores tienen su premio bautismal, pero yo no me refiero solo a ese. En literatura, como en todo en la vida civilizada, hay tambien un cierto sufragio en sus azares, y si Cervantes es el escritor espa\u00f1ol mas le\u00eddo de todos los tiempos, el segundo lugar de este ranking que algunos desprecian pero a todos reconforta cuando lo disfrutan, es el de Blasco Ib\u00e1\u00f1ez, a decir de otro bi\u00f3grafo, esta vez espa\u00f1ol, Juan Luis Alborg, profesor en EE.UU. Luego tambien enjuicia el publico, y sus veredictos, me temo, son m\u00e1s inapelables en el tiempo que las concesiones de los premios oficiales al socaire de noches de vino y rosas, duermevelas donde los amiguismos y las felon\u00edas se cometen al amparo de la nocturnidad y de la luna.<\/span><\/p>\n<p><span style=\"font-family: Arial, Helvetica, sans-serif; font-size: small;\">El profesor Alborg asegura que como escritor, novelista sobre todo, Blasco Ib\u00e1\u00f1ez es el espa\u00f1ol mas traducido despu\u00e9s de Cervantes. Ambos llevaron el nombre de Espa\u00f1a a masas de lectores que no ten\u00edan otra noticia de nuestra literatura, y quiz\u00e1s ni siquiera de nuestra existencia. Probablemente no sea una exageraci\u00f3n decir que para muchos lectores del mundo entero no existen en espa\u00f1ol mas que dos novelistas: Cervantes y Blasco. Y esto, al menos hasta el siglo XX, que mal que pese a algunos es el siglo pasado, ha sido acreditado as\u00ed.<\/span><\/p>\n<p><span style=\"font-family: Arial, Helvetica, sans-serif; font-size: small;\">Blasco Ib\u00e1\u00f1ez tuvo palabras y tuvo gestos hacia Cervantes. Cuando antes lo he mencionado como fundador de ciudades en la Argentina y la Patagonia, han le\u00eddo bien. All\u00ed en R\u00edo Negro fund\u00f3 la Colonia Cervantes, que todav\u00eda subsiste, levantando en su centro un modesto busto a su persona, siendo \u00e9ste, en la creencia de muchos, el primer homenaje que se rend\u00eda en Am\u00e9rica al autor inmortal del Quijote, padre espiritual de la literatura espa\u00f1ola y de nuestros hermanos latinoamericanos. Testigos que lo oyeron han transcrito sus palabras:<\/span><\/p>\n<p><span style=\"font-family: Arial, Helvetica, sans-serif; font-size: small;\">&#8211; Esta fundaci\u00f3n se llamar\u00e1 Cervantes. En estos pa\u00edses de nuestro idioma aun no se le ha hecho justicia al autor del Quijote&#8230; Hace falta, pues, perpetuar su nombre en el pa\u00eds por una eternidad, para que viva siempre, siquiera en labios de estas gentes.<\/span><\/p>\n<p><span style=\"font-family: Arial, Helvetica, sans-serif; font-size: small;\">Pero hay m\u00e1s, no solo la conferencia que Blasco Ib\u00e1\u00f1ez pronunci\u00f3 en Argentina sobre Cervantes en 1909 desde el escenario del Teatro Ode\u00f3n de Buenos Aires durante aquella primera gira como orador por Am\u00e9rica. En esta ciudad de Alcal\u00e1, tan hospitalaria con el teatro y con el cine, no ser\u00e1 ocioso recordar que la ultima versi\u00f3n del gui\u00f3n de su pel\u00edcula \u00abDon Quijote\u00bb narraba tambien las andanzas de una triste figura que cabalgaba por Estados Unidos en pleno siglo XX.<\/span><\/p>\n<p><span style=\"font-family: Arial, Helvetica, sans-serif; font-size: small;\">&#8211; \u00abNadie hace pel\u00edculas porque no hay dinero, de manera que aqu\u00ed, como en el resto del mundo, se est\u00e1n acostumbrando a la producci\u00f3n yanqui, y la piden, y la aplauden, y la hacen subir incesantemente\u00bb.<\/span><\/p>\n<p><span style=\"font-family: Arial, Helvetica, sans-serif; font-size: small;\">Eso, dicho por Blasco ya en 1921, tiene cuando menos su gracia. Vislumbr\u00f3 que el cine era \u00abuno de los medios de cultura mas formidables que existen\u00bb y fue entonces cuando reconoci\u00f3 que llevaba ocho a\u00f1os preparando en su mente una pel\u00edcula que deseaba llevar al lienzo con el mismo afecto que una novela: Don Quijote. \u00abNo ser\u00e1 -dec\u00eda Blasco- una adaptaci\u00f3n del escrito de don Miguel de Cervantes: quiero hacer una pel\u00edcula de lo que so\u00f1\u00f3 el Quijote\u00bb. Y eso dicho despu\u00e9s de que Hollywood realizase 17 largometrajes con sus guiones y sus novelas solo hasta 1930 (hubo algunas decenas m\u00e1s despu\u00e9s de muerto) tambien hace sonreir.<\/span><\/p>\n<p><span style=\"font-family: Arial, Helvetica, sans-serif; font-size: small;\"><a href=\"http:\/\/editorialhijosdemuleyrubio.com\/wp-content\/uploads\/2013\/06\/blascopais.jpeg\"><img loading=\"lazy\" decoding=\"async\" class=\"alignleft size-medium wp-image-342\" alt=\"blascopais\" src=\"http:\/\/editorialhijosdemuleyrubio.com\/wp-content\/uploads\/2013\/06\/blascopais-300x194.jpeg\" width=\"300\" height=\"194\" srcset=\"https:\/\/editorialhijosdemuleyrubio.com\/wp-content\/uploads\/2013\/06\/blascopais-300x194.jpeg 300w, https:\/\/editorialhijosdemuleyrubio.com\/wp-content\/uploads\/2013\/06\/blascopais.jpeg 309w\" sizes=\"auto, (max-width: 300px) 100vw, 300px\" \/><\/a>El proyecto lleg\u00f3 a estar muy avanzado, se trataba de un gui\u00f3n de 185 paginas, el m\u00e1s largo y complejo de los que hab\u00eda acometido. Ya lo hab\u00edan intentado con \u00e9xito Ortega y Gasset y Unamuno con sus ingeniosos hidalgos que cabalgaban por Inglaterra, pero el de Blasco era una obra literario-cinematogr\u00e1fica colosal: implicaba gastar un presupuesto de 1 mill\u00f3n de pesetas, y la peseta entonces era una moneda fuerte gracias a la neutralidad que mantuvo en la primera guerra mundial y que desangr\u00f3 a media Europa. En la pel\u00edcula se requer\u00eda la intervenci\u00f3n de 8000 extras en la escena en la que los Duques reciben a Don Quijote en Barcelona. No ha habido nadie que se lo haya planteado nunca as\u00ed, ni siquiera ese otro loco genial que era Orson Wells&#8230;<\/span><\/p>\n<p><span style=\"font-family: Arial, Helvetica, sans-serif; font-size: small;\">Dar\u00e9 un apunte m\u00e1s sobre la pasi\u00f3n cervantina del novelista. El jard\u00edn m\u00e1s precioso es un armario lleno de libros, dec\u00eda el cuento de Las Mil y una noches, y Blasco por algo lo tradujo -s\u00f3lo o en compa\u00f1\u00eda de otros- al castellano. Pero cuando pudo, se demostr\u00f3 un adorador de los otros jardines, como espacio de sosiego y tolerancia. En Fontana Rosa, su villa de la Costa Azul francesa donde muri\u00f3, cre\u00f3 el Jard\u00edn de los Novelistas:<\/span><\/p>\n<p><span style=\"font-family: Arial, Helvetica, sans-serif; font-size: small;\">As\u00ed lo describ\u00eda el alcalde de la ciudad francesa de Ment\u00f3n: \u00abEn la entrada se encuentra la bella ordenaci\u00f3n de un cuadro romano que nos da la bienvenida, una graciosa construcci\u00f3n de m\u00e1rmol, y en mosaico sobre una paleta de tintas dulces, pensamientos amarillos p\u00e1lidos, violetas olorosas: (All\u00ed) est\u00e1 el monumento a Cervantes, el busto del genial autor sobre una columna. (Y) en bajo relieve, la vida caballeresca de Don Quijote y de su fiel Sancho\u00bb. Y Blasco precis\u00f3 en una carta que su prop\u00f3sito era que el Jard\u00edn de los Novelistas pasase a ser propiedad p\u00fablica, pudiendo venir a vivir a la casa que lo albergaba, los j\u00f3venes novelistas con talento que quisieran encontrar un remanso de paz para su creaci\u00f3n literaria.<\/span><\/p>\n<p><span style=\"font-family: Arial, Helvetica, sans-serif; font-size: small;\">As\u00ed que Blasco Ib\u00e1\u00f1ez reivindic\u00f3 por el mundo entero a Cervantes, con palabras y con hechos, list\u00f3n que pone muy alto su inter\u00e9s por este caballero andante, que ya no s\u00e9 si es Cervantes, el Quijote o ambos. La que hace Blasco es una reivindicaci\u00f3n libre de la hojarasca de los eruditos, que suelen omitir para dar gusto a la corriente dominante, el documento descubierto hace un siglo en el Archivo de Simancas sobre la acusaci\u00f3n y condena \u00aben ausencia\u00bb del futuro autor del Quijote a amputaci\u00f3n publica de la mano derecha y destierro del reino por espacio de 10 a\u00f1os. \u00bfQue hizo Cervantes para que la Justicia de la \u00e9poca le quisiera cortar la mano que luego el destino guerrero le estrope\u00f3? \u00bfPor qu\u00e9 se falsific\u00f3 su ascendencia para hacerlo cristiano viejo? \u00bfPor qu\u00e9 tanta intriga con su esposa, Catalina de Palacios, emparentada con los Rojas de Esquivias, en Toledo? \u00bfAcaso conoci\u00f3 la obra de Fernando de Rojas, el culto espa\u00f1ol autor de La Celestina cuya familia fue expropiada por sus creencias jud\u00edas y por ello v\u00edctima del racismo m\u00e1s abyecto, aquel que dispara contra el pianista? \u00bfPor qu\u00e9 adopt\u00f3 Cervantes a Isabel, hija de Ana Franca y de padre desconocido? \u00bfPor qu\u00e9 la Casa Real no le autoriz\u00f3 a viajar a la reci\u00e9n descubierta Am\u00e9rica y retribuy\u00f3 su coraje y valor en Lepanto con una mezquina licencia de recaudador de impuestos para la Armada, el m\u00e1s impopular de los oficios, aun hoy en d\u00eda? \u00bfA qu\u00e9 esa fascinada repulsi\u00f3n del cautivo frente al feroz sult\u00e1n de Argel que se desayunaba con la cabeza de un preso cada d\u00eda y a \u00e9l le perdonaba una y otra vez la vida pese a sus m\u00faltiples intentos de fuga? \u00bfPor qu\u00e9 el todopoderosos monarca magreb\u00ed permit\u00eda una y otra vez sus insolencias y finalmente lo liber\u00f3 por unas pocas y simb\u00f3licas monedas? \u00bfNo estamos ante un culto y seductor heterodoxo jud\u00edo, marrano, morisco, converso o escritor mud\u00e9jar y ambiguo hasta en lo sexual que hizo de las armas, el comercio, la funci\u00f3n p\u00fablica y las letras su modo de vida, para sorpresa, malestar y recelo de la misma Corte a la que serv\u00eda?<\/span><\/p>\n<p><span style=\"font-family: Arial, Helvetica, sans-serif; font-size: small;\">Dejo aqu\u00ed planteada esta cara oculta de Cervantes, sobre el que se ha escrito mucho pero que en este inesperado principio de siglo ofrece todav\u00eda facetas desconocidas sobre las que convendr\u00eda abundar para ser fidedignos con esa b\u00fasqueda de la verdad que \u00e9l tanto ansiaba y en la que puso tanto empe\u00f1o.<\/span><\/p>\n<p align=\"center\"><span style=\"font-family: Arial, Helvetica, sans-serif; font-size: small;\">* * *<\/span><\/p>\n<p><span style=\"font-family: Arial, Helvetica, sans-serif; font-size: small;\">Este texto del novelista que figura a continuaci\u00f3n consta de 27 p\u00e1ginas y fue editado en 1925 en Buenos Aires (Argentina) por la Imprenta A. Grau. Posteriormente, Libertad Blasco-Iba\u00f1ez, que reconstruy\u00f3 la Editorial Prometeo en el exilio desde Mexico para publicar las obras completas de su padre, edit\u00f3 el 15 de abril de 1966 en Valencia, bajo este sello editorial, una reducida y modesta edici\u00f3n de sus discursos literarios con motivo del primer centenario del nacimiento de Blasco Ib\u00e1\u00f1ez y ah\u00ed figura tambien esta conferencia, aunque con diferente t\u00edtulo a la que pronunci\u00f3 en 1909 en el Teatro Ode\u00f3n de Buenos Aires durante aquella primera gira como orador por Am\u00e9rica.<\/span><\/p>\n<p><span style=\"font-family: Arial, Helvetica, sans-serif; font-size: small;\">La primera parte del texto pertenece a otra conferencia ofrecida en el mismo lugar, pero con diferente titulo, donde menciona al Cardenal Cisneros y su fundaci\u00f3n de la Universidad de Alcal\u00e1 y extiende la antigua creencia de que Cervantes naci\u00f3 all\u00ed. El papel de Cisneros en la cultura espa\u00f1ola, lleno entonces de luces, presenta tambien sus sombras: el dio la orden para la quema de millares de manuscritos arabes en la puerta de Bibarrambla (Birrambla la siguen llamando los granadinos) a la ca\u00edda del Reino Nazar\u00ed, aspecto que Blasco Iba\u00f1ez soslaya en sus conferencias.<\/span><\/p>\n<p><span style=\"font-family: Arial, Helvetica, sans-serif; font-size: small;\">Y conclu\u00edmos el mismo con la narraci\u00f3n de Blasco Ib\u00e1\u00f1ez sobre Cervantes, enrolado en el tercio de don Miguel de Moncada, que estaba acantonado en N\u00e1poles. Fue Cervantes soldado en la galera llamada La Marquesa, perteneciente a la gran flota que mandaba Juan de Austria y que un\u00eda los intereses de Venecia, el Papa y Espa\u00f1a para contrarrestar los avances mar\u00edtimos y terrestres del turco. Contra ellos luch\u00f3 en Lepanto y la historia de ese falso manco que escribi\u00f3 la novela mas gloriosa de las Letras Espa\u00f1olas desde el inicio de la escritura hasta aun hoy, ya es mejor conocida.<\/span><\/p>\n<p align=\"center\"><span style=\"font-family: Arial, Helvetica, sans-serif; font-size: small;\">* * *<\/span><\/p>\n<p><span style=\"font-family: Arial, Helvetica, sans-serif; font-size: small;\">Durante todo el siglo XV, XVI y parte del XVII hemos sido uno de los pueblos m\u00e1s cultos de Europa y uno de los que m\u00e1s hemos trabajado por la civilizaci\u00f3n. Tal vez este que a primera vista parece merito inmenso no sea tal, si se tiene en cuenta lo que en aquellas epocas era Espa\u00f1a: un hervidero de razas en cuya mentalidad tanto influyeron los \u00e1rabes y los jud\u00edos que proyectaron rayos cient\u00edficos en la oscuridad.<\/span><\/p>\n<p><span style=\"font-family: Arial, Helvetica, sans-serif; font-size: small;\">Ya en aquellos tiempos, Espa\u00f1a tuvo grandes instituciones cient\u00edficas que no han tenido imitaci\u00f3n hasta el presente. Lo que hoy realizan los grandes millonarios norteamericanos cuando dejan sus fortunas a los institutos de ense\u00f1anza, ya exist\u00eda en Espa\u00f1a en los siglos a que me refiero. All\u00ed estaba la Universidad de Salamanca y la gran Universidad de Humanidades de Alcal\u00e1. No fueron ellas fundadas por los monarcas ni viv\u00edan de los renglones del presupuesto oficial. Las fundaron los ricos, los simples particulares, los nobles, los comerciantes acaudalados, y viv\u00edan una vida independiente, con organizaci\u00f3n y jurisdicci\u00f3n especial, con tribunales propios, al extremo de que ni para el nombramiento de los profesores interven\u00eda la autoridad real. Los eleg\u00edan los alumnos, sin tener presente otra consideraci\u00f3n que la del saber de las personas.<\/span><\/p>\n<p><span style=\"font-family: Arial, Helvetica, sans-serif; font-size: small;\">Como recuerdo hist\u00f3rico, puede traerse el del Cardenal Cisneros, uno de los que con m\u00e1s ah\u00ednco se dedic\u00f3 al progreso de aquellos colegios triling\u00fces, as\u00ed llamados porque en ellos se estudiaba el griego, el lat\u00edn y el hebreo. Y cuando Cisneros ve\u00eda que primaba demasiado el estudio de la teolog\u00eda, iniciaba los estudios sobre la literatura. Todo lo que \u00e9l ten\u00eda en materia de riquezas fue para su querida Universidad de Alcal\u00e1, pues en medio de su grandeza sigui\u00f3 siempre ocupando su modesta celda de fraile. Y es del caso, se\u00f1ores, recordar, como un ejemplo t\u00edpico, que cuando regres\u00f3 de la conquista de Or\u00e1n, trayendo sobre sus camellos, adornados con ricas gualdrapas, los tesoros enormes que constitu\u00edan el bot\u00edn de guerra, antes que acudir a una llamada que los reyes le hicieron desde Valladolid, dirigi\u00f3 sus pasos a la Universidad, y en ella deposit\u00f3 todas sus riquezas en favor de la cultura de Espa\u00f1a y de la humanidad entera, hermoso hecho que ha sido cantado hace poco, en estrofas llenas de admiraci\u00f3n, por un escritor franc\u00e9s.<\/span><\/p>\n<p align=\"center\"><span style=\"font-family: Arial, Helvetica, sans-serif; font-size: small;\">* * *<\/span><\/p>\n<p><span style=\"font-family: Arial, Helvetica, sans-serif; font-size: small;\">Semejantes a esas siete ciudades de Grecia que se disputaban cual hab\u00eda sido la cuna de Homero, siete poblaciones de Espa\u00f1a se disputaron cual hab\u00eda sido la cuna de Cervantes. Se sabe ya positivamente que naci\u00f3 en la ciudad universitaria de Alcal\u00e1 de Henares, (&#8230;) en la cual siete mil estudiantes, que viv\u00edan entre serenatas y cuchilladas, se preparaban en los estudios cl\u00e1sicos o se dispon\u00edan a buscar plaza entre los tercios de Flandes o se ven\u00edan a Am\u00e9rica, atra\u00eddos por la esperanza de labrarse con su espada un virreinato. Con Cervantes, acaece lo que se lee en la historia de muchas grandes personalidades: su ascendencia es humilde. Este escritor de genio fue hijo de un cirujano insignificante, Rodrigo de Cervantes, que, aunque con el titulo de cirujano, era un vulgar sangrador, y adem\u00e1s sordo como una tapia, defecto por el cual viv\u00eda recluido, siendo uno de esos jefes de familia que para nada sirven en su hogar, donde todo lo hace la madre, trabajadora, sol\u00edcita y hacendosa, que cuida de sus hijos y a la vez provee a la subsistencia de toda la familia.<\/span><\/p>\n<p><span style=\"font-family: Arial, Helvetica, sans-serif; font-size: small;\">La madre de Cervantes, do\u00f1a Leonor de Cortinas, tiene as\u00ed m\u00e1s importancia que su padre, y es quien cuida de sus hijos, Miguel y Rodrigo.<\/span><\/p>\n<p><span style=\"font-family: Arial, Helvetica, sans-serif; font-size: small;\">Una extra\u00f1a curiosidad, un problema en la vida de Cervantes, es que siendo natural de Alcal\u00e1 de Henares, no cursara estudios universitarios ni de ninguna clase. En las listas de alumnos de la Universidad, durante todo un siglo, no aparece el nombre de Cervantes ni el de nadie de su familia. El mismo Principe de los Ingenios nos da a entender que por pobreza de los suyos y por su car\u00e1cter en\u00e9rgico, independiente, indisciplinado, no recibi\u00f3 instrucci\u00f3n universitaria. Nos cuenta que su avidez por la lectura era tal, que le\u00eda cuanto le ca\u00eda en la mano, y recog\u00eda hasta pedazos de papel escritos que encontraba en las calles; (Y) que su educaci\u00f3n fue popular, adquirida en el trato de la multitud. As\u00ed resultaba semejante a otro escritor bohemio, de gran talento, que un d\u00eda en el Ateneo de Madrid, dec\u00eda a un grupo de acad\u00e9micos: \u00abY bien, no os asombreis de que yo sepa tanto como vosotros. Vosotros ven\u00eds de las universidades y yo vengo de algo mejor que las universidades: \u00a1yo vengo de la calle!\u00bb.<\/span><\/p>\n<p><span style=\"font-family: Arial, Helvetica, sans-serif; font-size: small;\">Cervantes fue tambien un disc\u00edpulo de la calle. como lo fuera despu\u00e9s de las ventas, de los caminos y de la c\u00e1rcel. Conoci\u00f3 as\u00ed las miserias de la vida, la vida real, y pudo reir y llorar con risas y l\u00e1grimas verdaderas, no con las falsas de los que no han visto la existencia sino a trav\u00e9s de los libros. A los veinte a\u00f1os, mientras compon\u00eda sus primeros sonetos o daba cuchilladas, aprendi\u00f3 a conocer el mundo, adquiri\u00f3 la experiencia que despu\u00e9s le echaban en cara no poseer.<\/span><\/p>\n<p><span style=\"font-family: Arial, Helvetica, sans-serif; font-size: small;\">En el transcurso de su vida aventurera encontr\u00f3 a una especie de monse\u00f1or, a Julio Acquaviva, que estaba en misi\u00f3n diplom\u00e1tica entonces ante la Corte de Espa\u00f1a. Acquaviva, que poco despu\u00e9s lleg\u00f3 a ser cardenal, le propuso llevarselo a Roma en calidad de camarero, lo cual no significaba envilecimiento, dadas las costumbres de aquella \u00e9poca, muy diversas a las actuales. Entonces, los escritores pon\u00edan dedicatorias a los reyes y a los nobles en esta forma: \u00abCriado de V. M.\u00bb, \u00abCriado de V. E.\u00bb . Y era ello honor que se disputaban los hidalgos, y medio que les serv\u00eda para hacer carrera.<\/span><\/p>\n<p><span style=\"font-family: Arial, Helvetica, sans-serif; font-size: small;\">Con el cardenal Acquaviva emprendi\u00f3 Cervantes el camino con el entusiasmo que a\u00f1os despu\u00e9s mostrara Don Quijote en su primera salida. Y \u00e9l mismo cuenta la impresi\u00f3n de su llegada a Roma, la gran metr\u00f3poli del catolicismo, que era entonces la capital del Renacimiento. Los M\u00e9dicis, al transportar su trono desde Florencia a Roma, hab\u00edan llevado tambien all\u00ed el cetro de las artes. Y Cervantes se encontr\u00f3 en Roma con los ultimos destellos del Renacimiento. Como soldado que era, se encontr\u00f3 mal en aquel ambiente de c\u00e1maras pontificias. Advirti\u00f3 que el cardenal Acquaviva no viajar\u00eda ya por el mundo; pens\u00f3 en que los tercios de Flandes se cubr\u00edan de gloria en cien batallas y, obedeciendo a su vocaci\u00f3n, dej\u00f3 de ser camarero del cardenal para convertirse en soldado.<\/span><\/p>\n<p align=\"center\"><span style=\"font-family: Arial, Helvetica, sans-serif; font-size: small;\"><i>* * *<\/i><\/span><\/p>\n<p><span style=\"font-family: Arial, Helvetica, sans-serif; font-size: small;\"><b>NOVETATS BIBLIOGR\u00c0FIQUES<\/b><\/span><\/p>\n<p><strong><span style=\"font-family: Arial, Helvetica, sans-serif; font-size: small;\">Marisa Pastor i Villalonga<\/span><\/strong><\/p>\n<p><span style=\"font-family: Arial, Helvetica, sans-serif; font-size: small;\">* BLASCO IBA\u00d1EZ Vicente \u00abEpistolario de Vicente Blasco Iba\u00f1ez-Francisco Sempere (1901-1917)\u00bb. Val\u00e8ncia: Conselleria de Cultura, 1999. Una recopilaci\u00f3 de cartes i transcripcions que s&#8217;han intercanviat l&#8217;autor Blasco Iba\u00f1ez amb l&#8217;editor Francisco Sempere en aquest periode de temps. Els temes tractats s\u00f3n molt variats, tant de sol\u00b7licituds de diners, com de prospectes publicit\u00e0ris, problemes editorials o comentaris sobre alguna novel\u00b7la.<\/span><\/p>\n<p><span style=\"font-family: Arial, Helvetica, sans-serif; font-size: small;\">* \u00a1Diputado Blasco Ib\u00e1\u00f1ez!: memorias parlamentarias\u00bb Aquest llibre ens parla d&#8217;un Blasco Ib\u00e1\u00f1ez pol\u00edtic, activista en contra de la guerra de Cuba i a favor dels aliats en la primera Guerra Mundial. Un Blasco Ib\u00e1\u00f1ez diputat, que des del parlamet cantava les veritats a les majories i a les minories des del seu escon. El llibre ens ofereix el privilegi de poder assistir als debats tal i com es van produir en la seua \u00e8poca, a m\u00e9s acompanyen breus explicacions sobre el contex hist\u00f2ric, pol\u00edtic, biogr\u00e0fic o social en que es van produir les intervencions del novel.lista.<\/span><\/p>\n","protected":false},"excerpt":{"rendered":"<p>Federico Utrera Me piden desde Alcal\u00e1 de Henares unas l\u00edneas sobre Vicente Blasco Ib\u00e1\u00f1ez y Miguel de Cervantes pero creo que la materia exige demasiadas palabras. Voy a utilizar de aperitivo solo siete: hombres de letras y hombres de acci\u00f3n. Ah\u00ed se resume todo. Dicen incluso los que los conocieron que sus mejores novelas fueron sus propias vidas, por muy alto que volaran sus quijotes, afiladas sus ca\u00f1as y encharcaran sus barros. Para refrescarnos la memoria, sirvamos un combinado americano. Fueron los dos bi\u00f3grafos neoyorkinos Grove Day y Knowlton, quienes enumeraron las facetas de Blasco Iba\u00f1ez en este teatro de la vida: \u00abestudiante de leyes, agitador antimon\u00e1rquico y anticlerical, reformador<\/p>\n","protected":false},"author":1,"featured_media":0,"comment_status":"open","ping_status":"open","sticky":false,"template":"","format":"standard","meta":{"footnotes":""},"categories":[8],"tags":[87,88],"class_list":["post-341","post","type-post","status-publish","format-standard","hentry","category-cordel-de-extraviados-3-4","tag-blasco-ibanez","tag-cervantes"],"views":1710,"_links":{"self":[{"href":"https:\/\/editorialhijosdemuleyrubio.com\/index.php?rest_route=\/wp\/v2\/posts\/341","targetHints":{"allow":["GET"]}}],"collection":[{"href":"https:\/\/editorialhijosdemuleyrubio.com\/index.php?rest_route=\/wp\/v2\/posts"}],"about":[{"href":"https:\/\/editorialhijosdemuleyrubio.com\/index.php?rest_route=\/wp\/v2\/types\/post"}],"author":[{"embeddable":true,"href":"https:\/\/editorialhijosdemuleyrubio.com\/index.php?rest_route=\/wp\/v2\/users\/1"}],"replies":[{"embeddable":true,"href":"https:\/\/editorialhijosdemuleyrubio.com\/index.php?rest_route=%2Fwp%2Fv2%2Fcomments&post=341"}],"version-history":[{"count":2,"href":"https:\/\/editorialhijosdemuleyrubio.com\/index.php?rest_route=\/wp\/v2\/posts\/341\/revisions"}],"predecessor-version":[{"id":346,"href":"https:\/\/editorialhijosdemuleyrubio.com\/index.php?rest_route=\/wp\/v2\/posts\/341\/revisions\/346"}],"wp:attachment":[{"href":"https:\/\/editorialhijosdemuleyrubio.com\/index.php?rest_route=%2Fwp%2Fv2%2Fmedia&parent=341"}],"wp:term":[{"taxonomy":"category","embeddable":true,"href":"https:\/\/editorialhijosdemuleyrubio.com\/index.php?rest_route=%2Fwp%2Fv2%2Fcategories&post=341"},{"taxonomy":"post_tag","embeddable":true,"href":"https:\/\/editorialhijosdemuleyrubio.com\/index.php?rest_route=%2Fwp%2Fv2%2Ftags&post=341"}],"curies":[{"name":"wp","href":"https:\/\/api.w.org\/{rel}","templated":true}]}}