{"id":347,"date":"2013-06-17T12:15:27","date_gmt":"2013-06-17T10:15:27","guid":{"rendered":"http:\/\/editorialhijosdemuleyrubio.com\/?p=347"},"modified":"2013-06-17T12:15:59","modified_gmt":"2013-06-17T10:15:59","slug":"bandres-y-las-causas-perdidas","status":"publish","type":"post","link":"https:\/\/editorialhijosdemuleyrubio.com\/?p=347","title":{"rendered":"Bandr\u00e9s y las causas perdidas"},"content":{"rendered":"<figure id=\"attachment_348\" aria-describedby=\"caption-attachment-348\" style=\"width: 200px\" class=\"wp-caption alignleft\"><a href=\"http:\/\/editorialhijosdemuleyrubio.com\/wp-content\/uploads\/2013\/06\/suarez.jpeg\"><img loading=\"lazy\" decoding=\"async\" class=\"size-full wp-image-348\" alt=\"Presentaci\u00f3n de &quot;Memorias para la Paz&quot; en el Congreso\" src=\"http:\/\/editorialhijosdemuleyrubio.com\/wp-content\/uploads\/2013\/06\/suarez.jpeg\" width=\"200\" height=\"150\" \/><\/a><figcaption id=\"caption-attachment-348\" class=\"wp-caption-text\">Presentaci\u00f3n de \u00abMemorias para la Paz\u00bb en el Congreso<\/figcaption><\/figure>\n<p><b>Adolfo Suarez*<\/b><br \/>\n<span style=\"font-size: xx-small;\">*Presidente del Gobierno 1977-1981<\/span><\/p>\n<p><span style=\"font-family: Arial, Helvetica, sans-serif; font-size: small;\">La presentaci\u00f3n del libro <em>Memorias para la Paz<\/em> de Juan Mar\u00eda Bandr\u00e9s, constru\u00eddo con delicadeza y brillantez por Raimundo Castro, constituye para m\u00ed, y ustedes lo pueden suponer -y pienso que tambien para todos aquellos que conocemos a Juan Mari-, un acto entra\u00f1able por las relaciones de afecto que \u00e9l ha sabido imprimir en todos nosotros, y la admiraci\u00f3n sincera que profesamos a sus cualidades humanas. \u00a0<!--more--><\/span><\/p>\n<p><span style=\"font-family: Arial, Helvetica, sans-serif; font-size: small;\">Son muchos los libros que hoy se escriben sobre los acontecimientos y avatares de la transici\u00f3n pol\u00edtica espa\u00f1ola a la democracia, y las etapas que la precedieron y la sucedieron. A mi juicio, \u00e9ste no es un libro de historia ni es un libro pol\u00edtico, es la narraci\u00f3n de la vida de un hombre, luchador permanente por las libertades, la democracia y los derechos humanos, que ya ha hecho historia pero por s\u00ed mismo. Junto a las actuaciones personales que relata y los hechos que describe, en los que tuvo una participaci\u00f3n decisiva, en este libro, -tal y como ocurre en la misma pol\u00edtica-, se desprenden tambien las convicciones y creencias que los fundamentan y los sentimientos que los impulsan. Y eso, en mi opini\u00f3n, con ser muy importantes las actuaciones y los hechos, es lo m\u00e1s v\u00e1lido. Es la personalidad entera del autor la que se despliega a trav\u00e9s de estas p\u00e1ginas y con ella toda la solidaridad y entrega a los dem\u00e1s que constituyen los ejes esenciales de su vida. En este libro descubrimos la existencia por entero de Juan Mar\u00eda Bandr\u00e9s, desde cual fue su entorno familiar, el impacto que le caus\u00f3 su estancia en el Colegio de los Sagrados Corazones, los estudios de Derecho, sus convicciones religiosas y su actitud moral ante la vida.<\/span><\/p>\n<p><span style=\"font-family: Arial, Helvetica, sans-serif; font-size: small;\">Pronto se hicieron notorias sus actuaciones como abogado en defensa de las causas perdidas, como \u00e9l mismo las califica, ante el Tribunal de Orden P\u00fablico, cuya supresi\u00f2n fue una de las primeras tareas que yo emprend\u00ed como presidente del Gobierno espa\u00f1ol. Tambien destaca en este libro el papel que jug\u00f3 en el Juicio de Burgos. Sus idas y venidas al Madrid de entonces, su visita al cementerio civil ante la tumba del presidente Nicol\u00e1s Salmer\u00f3n, que dimiti\u00f3 por no querer firmar una pena de muerte, constituyen a mi juicio las p\u00e1ginas m\u00e1s brillantes y conmovedoras de este volumen. Como tambien lo son las que relatan sus actuaciones en pro de las amnist\u00edas en los primeros tiempos de la democracia, su intervenci\u00f3n en la elaboraci\u00f3n del Estatuto de Guernika como diputado de Euskadiko Ezkerra y su defensa en el Congreso y m\u00e1s tarde su participaci\u00f3n, verdadera autor\u00eda en todo caso, junto a Juan Jos\u00e9 Ros\u00f3n, que era el ministro del Interior, en la reinserci\u00f3n de los componentes de ETA pol\u00edtico militar, una de las obras m\u00e1s culminantes que para la pacificaci\u00f3n de los esp\u00edritus se ha llevado a cabo en nuestro pa\u00eds desde la sensatez y la generosidad pol\u00edtica.<\/span><\/p>\n<p><span style=\"font-family: Arial, Helvetica, sans-serif; font-size: small;\">Debo confirmar, siquiera sea de pasada, todo cuanto Juan Mar\u00eda dice sobre las entrevistas que mantuvo conmigo cuando entonces yo era presidente del Gobierno, y tambien significar la comunicaci\u00f3n casi permanente que entre los dos creamos. Tengo que expresar mi m\u00e1s sincero agradecimiento a esas p\u00e1ginas. \u00c9l supo ver, en los puntos que se trataron, no solo lo que yo sent\u00eda y pensaba verdaderamente, sino tambien las dificultades que deb\u00eda superar para transformar aquellas convicciones en decisiones pol\u00edticas. Es muy dif\u00edcil encontrar un pol\u00edtico con perspectivas y pareceres inicialmente distintos a los m\u00edos, la comprensi\u00f3n e incluso el afecto que demuestran sus palabras. Esa comprensi\u00f3n, transformada en amistad entra\u00f1able y profunda, constituy\u00f3 el fundamento de nuestra colaboraci\u00f3n en la Comisi\u00f3n Espa\u00f1ola de Ayuda al Refugiado, que tantas tareas humanitarias y de solidaridad nos han deparado y que Bandr\u00e9s atend\u00eda y llevaba a cabo directamente hasta que la enfermedad, de la que ya ha salido, impuso un par\u00e9ntesis a su actividad.<\/span><\/p>\n<p><span style=\"font-family: Arial, Helvetica, sans-serif; font-size: small;\">Y quiero terminar diciendo que nos encontramos ante un libro abierto al futuro, gracias a dios sin terminar. A Juan Mari Bandres le queda, y yo lo deseo, mucha vida por delante, que puede ser tambien materia de otras tantas p\u00e1ginas. Desde esta convicci\u00f3n profunda, hago m\u00edo el deseo que expresa Eduardo Chillida en el pr\u00f3logo de este libro: que Juan Mar\u00eda luche ahora mismo por \u00e9l lo que ha luchado hasta hace poco por los dem\u00e1s. En esa lucha, -estoy completamente convencido de ello- todos le acompa\u00f1amos y le apoyamos.<\/span><\/p>\n<p style=\"text-align: center;\">\u00a0* \u00a0 \u00a0 \u00a0 \u00a0 \u00a0 * \u00a0 \u00a0 \u00a0 \u00a0 \u00a0*<\/p>\n<p><b><i>Homenaje a Bandres en San Sebastian<\/i><\/b><i>: Participando como oradores Mohamed Sidati, responsable en Europa de la Rep\u00fablica Saharaui y persona con la que Bandr\u00e9s tuvo gran relaci\u00f3n; Delia Blanco, presidenta de la Comisi\u00f3n Espa\u00f1ola de Ayuda al Refugiado (CEAR), organizaci\u00f3n de la que Bandr\u00e9s es presidente honor\u00edfico y fue presidente e impulsor; y Alfredo Tamayo, jesuita donostiarra elegido por la familia para hablar sobre los aspectos m\u00e1s humanos de Juan Mari, tuvo lugar un homenaje a Bandr\u00e9s en su ciudad natal organizado por la corporaci\u00f3n municipal. Igualmente valioso fue el discurso pronunciado por Adolfo Su\u00e1rez durante la presentaci\u00f3n del libro \u00abMemorias para la Paz\u00bb de HMR, celebrada en el Congreso de los Diputados, cuyo contenido reproducimos. (En la imagen, Raimundo Castro, Adolfo Su\u00e1rez, Nardy Barrios, Olivia Bandr\u00e9s y Cristina Prieto, en la c\u00e1mara baja).<\/i><\/p>\n","protected":false},"excerpt":{"rendered":"<p>Adolfo Suarez* *Presidente del Gobierno 1977-1981 La presentaci\u00f3n del libro Memorias para la Paz de Juan Mar\u00eda Bandr\u00e9s, constru\u00eddo con delicadeza y brillantez por Raimundo Castro, constituye para m\u00ed, y ustedes lo pueden suponer -y pienso que tambien para todos aquellos que conocemos a Juan Mari-, un acto entra\u00f1able por las relaciones de afecto que \u00e9l ha sabido imprimir en todos nosotros, y la admiraci\u00f3n sincera que profesamos a sus cualidades humanas. \u00a0<\/p>\n","protected":false},"author":1,"featured_media":0,"comment_status":"open","ping_status":"open","sticky":false,"template":"","format":"standard","meta":{"footnotes":""},"categories":[8],"tags":[90,89,91],"class_list":["post-347","post","type-post","status-publish","format-standard","hentry","category-cordel-de-extraviados-3-4","tag-adolfo-suarez","tag-bandres","tag-chillida"],"views":1605,"_links":{"self":[{"href":"https:\/\/editorialhijosdemuleyrubio.com\/index.php?rest_route=\/wp\/v2\/posts\/347","targetHints":{"allow":["GET"]}}],"collection":[{"href":"https:\/\/editorialhijosdemuleyrubio.com\/index.php?rest_route=\/wp\/v2\/posts"}],"about":[{"href":"https:\/\/editorialhijosdemuleyrubio.com\/index.php?rest_route=\/wp\/v2\/types\/post"}],"author":[{"embeddable":true,"href":"https:\/\/editorialhijosdemuleyrubio.com\/index.php?rest_route=\/wp\/v2\/users\/1"}],"replies":[{"embeddable":true,"href":"https:\/\/editorialhijosdemuleyrubio.com\/index.php?rest_route=%2Fwp%2Fv2%2Fcomments&post=347"}],"version-history":[{"count":2,"href":"https:\/\/editorialhijosdemuleyrubio.com\/index.php?rest_route=\/wp\/v2\/posts\/347\/revisions"}],"predecessor-version":[{"id":350,"href":"https:\/\/editorialhijosdemuleyrubio.com\/index.php?rest_route=\/wp\/v2\/posts\/347\/revisions\/350"}],"wp:attachment":[{"href":"https:\/\/editorialhijosdemuleyrubio.com\/index.php?rest_route=%2Fwp%2Fv2%2Fmedia&parent=347"}],"wp:term":[{"taxonomy":"category","embeddable":true,"href":"https:\/\/editorialhijosdemuleyrubio.com\/index.php?rest_route=%2Fwp%2Fv2%2Fcategories&post=347"},{"taxonomy":"post_tag","embeddable":true,"href":"https:\/\/editorialhijosdemuleyrubio.com\/index.php?rest_route=%2Fwp%2Fv2%2Ftags&post=347"}],"curies":[{"name":"wp","href":"https:\/\/api.w.org\/{rel}","templated":true}]}}