{"id":351,"date":"2013-06-17T12:19:17","date_gmt":"2013-06-17T10:19:17","guid":{"rendered":"http:\/\/editorialhijosdemuleyrubio.com\/?p=351"},"modified":"2013-06-17T12:20:01","modified_gmt":"2013-06-17T10:20:01","slug":"premio-juan-maria-bandres","status":"publish","type":"post","link":"https:\/\/editorialhijosdemuleyrubio.com\/?p=351","title":{"rendered":"Premio Juan Mar\u00eda Bandr\u00e9s"},"content":{"rendered":"<p><a href=\"http:\/\/editorialhijosdemuleyrubio.com\/wp-content\/uploads\/2013\/06\/premio.jpeg\"><img loading=\"lazy\" decoding=\"async\" class=\"alignleft size-full wp-image-127\" alt=\"premio\" src=\"http:\/\/editorialhijosdemuleyrubio.com\/wp-content\/uploads\/2013\/06\/premio.jpeg\" width=\"200\" height=\"190\" \/><\/a>A propuesta de la editorial HMR, el Premio Bandr\u00e9s concedi\u00f3 una Menci\u00f3n Especial a Mercedes Garc\u00eda, responsable de la Federaci\u00f3n de Mujeres Progresistas en El Ejido, y a Antonio Puerta, responsable de Almer\u00eda Acoge, por su trabajo tenaz, callado y muchas veces incomprendido en favor de los derechos humanos.<br \/>\n<!--more--><\/p>\n<p>&nbsp;<\/p>\n<p><span style=\"font-family: Arial, Helvetica, sans-serif; font-size: small;\">El \u00abPremio Juan Mar\u00eda Bandr\u00e9s a la defensa del derecho de asilo y a la ayuda a los refugiados y a los desplazados\u00bb tiene un car\u00e1cter exclusivamente honor\u00edfico y con \u00e9l CEAR y la Fundaci\u00f3n CEAR quieren reconocer la labor de personas u organizaciones destacadas por su trayectoria en la defensa del derecho de asilo y la ayuda a refugiados y desplazados.<\/span><\/p>\n<p><span style=\"font-family: Arial, Helvetica, sans-serif; font-size: small;\">Hasta la fecha se ha otorgado este galard\u00f3n en tres ocasiones: la primera edici\u00f3n recay\u00f3 sobre el espa\u00f1ol Enrique Figaredo, jesuita cuya labor en defensa de los derechos humanos en Camboya ha sido mundialmente reconocida.<\/span><\/p>\n<p><span style=\"font-family: Arial, Helvetica, sans-serif; font-size: small;\">El a\u00f1o pasado el Premio Bandr\u00e9s reconoc\u00eda el trabajo realizado por Maggy Barankitse, m\u00e1s conocida como \u00abel \u00c1ngel de Burundi\u00bb, quien ha salvado a miles de ni\u00f1os y ni\u00f1as hutus y tutsis, supervivientes del genocidio.<\/span><\/p>\n<p><span style=\"font-family: Arial, Helvetica, sans-serif; font-size: small;\">En 2004, el galard\u00f3n ha distinguido al jesuita Javier Giraldo, por su labor incansable a favor de los derechos humanos en Colombia, y muy especialmente con la poblaci\u00f3n desplazada por la violencia pol\u00edtica que atenaza desde hace m\u00e1s de medio siglo al pa\u00eds andino.<\/span><\/p>\n<p>&nbsp;<\/p>\n<p><span style=\"font-family: Arial, Helvetica, sans-serif; font-size: small;\">Fallo del jurado Enrique Figaredo-Ganador 2001<\/span><\/p>\n<p><b>BASES DEL CONCURSO:<br \/>\n<\/b><span style=\"font-family: Arial, Helvetica, sans-serif; font-size: small;\">1. La Comisi\u00f3n Espa\u00f1ola de Ayuda al Refugiado (CEAR) y la Fundaci\u00f3n CEAR-Consejo de Apoyo a los Refugiados desean reconocer la defensa del derecho de asilo y la solidaridad con los refugiados, tan necesarias hoy, con la concesi\u00f3n de este II Premio, que lleva el nombre de Juan Mar\u00eda Bandr\u00e9s\u00bb, presidente de honor de CEAR.<\/span><\/p>\n<p><span style=\"font-family: Arial, Helvetica, sans-serif; font-size: small;\">2. Podr\u00e1n presentarse a este Premio las personas f\u00edsicas o jur\u00eddicas, instituciones p\u00fablicas o privadas, fundaciones y organizaciones no gubernamentales que hayan destacado por su trayectoria en la defensa del derecho de asilo y la ayuda a los refugiados y a los desplazados internos.<\/span><\/p>\n<p><span style=\"font-family: Arial, Helvetica, sans-serif; font-size: small;\">3. Las candidaturas podr\u00e1n ser presentadas por personas, instituciones y organizaciones que act\u00faen en el \u00e1mbito de la defensa y la protecci\u00f3n de los derechos humanos o de la cooperaci\u00f3n al desarrollo.<\/span><\/p>\n<p><span style=\"font-family: Arial, Helvetica, sans-serif; font-size: small;\">4. El Premio tiene un car\u00e1cter exclusivamente honor\u00edfico, y consta de una serigraf\u00eda cedida desinteresadamente por Eduardo Chillida.<\/span><\/p>\n<p><span style=\"font-family: Arial, Helvetica, sans-serif; font-size: small;\">5. Las proposiciones motivadas deber\u00e1n remitirse antes del 1 de diciembre, a la secretar\u00eda general de CEAR (Plaza de la Constituci\u00f3n, 2, Bajo, Local 16. 28760 Tres Cantos &#8211; Madrid) o a la siguiente direcci\u00f3n de correo electr\u00f3nico a: sensibcent@cear.es<\/span><\/p>\n<p><span style=\"font-family: Arial, Helvetica, sans-serif; font-size: small;\">6. El Premio se otorgar\u00e1 por resoluci\u00f3n de un jurado integrado por un representante de la familia Bandr\u00e9s, otro de la Administraci\u00f3n, otro de CEAR, un patrono de la Fundaci\u00f3n CEAR, un refugiado o refugiada, varias personalidades relevantes del mundo de la cultura y el ganador de la anterior edici\u00f3n del premio.<\/span><\/p>\n<p><span style=\"font-family: Arial, Helvetica, sans-serif; font-size: small;\">El fallo deber\u00e1 producirse dentro de los dos meses siguientes al cierre del plazo de presentaci\u00f3n de proposiciones y ser\u00e1 publicar\u00e1 en la p\u00e1ginas web de CEAR y de la Fundaci\u00f3n CEAR.<br \/>\n<\/span><\/p>\n<p><span style=\"font-family: Arial, Helvetica, sans-serif; font-size: small;\"><b>JUAN MARI BANDR\u00c9S Y LOS REFUGIADOS.<br \/>\n<\/b><\/span><span style=\"font-family: Arial, Helvetica, sans-serif; font-size: small;\">En 1992, una vez terminado su mandato como eurodiputado, Juan Mar\u00eda Bandr\u00e9s nos manifest\u00f3 su deseo de colaborar con CEAR. Era su manera de seguir estando en pol\u00edtica pero de otro forma; de seguir defendiendo a aqu\u00e9llos que m\u00e1s dificultades tienen para hacerse o\u00edr en esta sociedad competitiva e injusta en que vivimos y a los que siempre prest\u00f3 atenci\u00f3n como jurista y pol\u00edtico.<\/span><\/p>\n<p><span style=\"font-family: Arial, Helvetica, sans-serif; font-size: small;\">Su preocupaci\u00f3n por los problemas de los refugiados en Espa\u00f1a no era nueva. Durante la tramitaci\u00f3n de la Ley de Asilo en 1984 hab\u00eda participado ya en una propuesta alternativa a la del Gobierno y defendi\u00f3 las enmiendas sugeridas por CEAR durante el debate de la ley. No dudamos en presentar su candidatura como Presidente de CEAR, carg\u00f3 que acept\u00f3 sin dudar. La raz\u00f3n que nos dio era convincente aunque no evidente entonces: \u00abNo hay nadie m\u00e1s pobre que un negro sin papeles en la Gran V\u00eda, o quiz\u00e1s s\u00ed: una mujer negra sin papeles\u00bb.<\/span><\/p>\n<p><span style=\"font-family: Arial, Helvetica, sans-serif; font-size: small;\">Como todos los que le conocen saben, el estilo de \u00abhacer pol\u00edtica\u00bb de Juan Mar\u00eda Bandr\u00e9s nunca fue el de las grandes palabras, ni el de los objetivos sometidos a estrechos idearios partidistas. Desde CEAR consigui\u00f3 con un lenguaje claro y directo y un talante dialogante que<\/span><\/p>\n<p><span style=\"font-family: Arial, Helvetica, sans-serif; font-size: small;\">los problemas complejos de los refugiados e inmigrantes llegaran hasta la Administraci\u00f3n y los ciudadanos; se interes\u00f3 por los casos concretos y puso su intuici\u00f3n jur\u00eddica al servicio de las causas de los refugiados.<\/span><\/p>\n<p><span style=\"font-family: Arial, Helvetica, sans-serif; font-size: small;\">Durante su mandato se cre\u00f3 la Fundaci\u00f3n CEAR, dedicada a la cooperaci\u00f3n internacional, y gracias a sus gestiones, el ex presidente Adolfo Su\u00e1rez asumi\u00f3 su presidencia. Desde CEAR Juan Mar\u00eda Bandr\u00e9s hizo \u00abpol\u00edtica\u00bb en el mejor sentido de la palabra, \u00e9sa que el escritor catal\u00e1n Josep Pla defini\u00f3 como \u00abla astucia al servicio de la realidad\u00bb.<\/span><\/p>\n<p><span style=\"font-family: Arial, Helvetica, sans-serif; font-size: small;\">Gracias Juan Mari.<br \/>\n<\/span><\/p>\n<p><span style=\"font-family: Arial, Helvetica, sans-serif; font-size: small;\"><b>Fallo del Jurado del I Premio Juan M\u00aa Bandr\u00e9s<br \/>\n<\/b><\/span><span style=\"font-family: Arial, Helvetica, sans-serif; font-size: small;\">Presentado por el jurado en el acto \u00abEspa\u00f1a por los Refugiados\u00bb<br \/>\n<\/span><\/p>\n<p><span style=\"font-family: Arial, Helvetica, sans-serif; font-size: small;\">En el d\u00eda del 53 aniversario de la Declaraci\u00f3n Universal de los Derechos Humanos, el jurado del I Premio Juan Mar\u00eda Bandr\u00e9s a la Defensa del Derecho de Asilo y la Solidaridad con los Refugiados de CEAR y la Fundaci\u00f3n CEAR ha acordado conceder este galard\u00f3n al Sr. D. Enrique Figaredo, por su valioso trabajo en el Servicio Jesuita para los Refugiados en Camboya.<\/span><\/p>\n<p><span style=\"font-family: Arial, Helvetica, sans-serif; font-size: small;\">El jurado tambi\u00e9n desea hacer una menci\u00f3n especial al ejemplo del Sr. D. Arne Rinnan, capit\u00e1n del buque noruego Tampa, que el 26 de agosto rescat\u00f3 a 438 refugiados de un barco pesquero que se hund\u00eda en aguas de Indonesia. A propuesta de la editorial HMR, tambien concurrieron al galard\u00f3n Mercedes Garc\u00eda Fornieles, presidenta de Mujeres Progresistas en El Ejido, y Antonio Puerta, responsable de Almer\u00eda Acoge.<br \/>\n<\/span><span style=\"font-family: Arial, Helvetica, sans-serif; font-size: small;\"><br \/>\nMadrid, 11 de diciembre de 2001<\/span><\/p>\n<p><span style=\"font-family: Arial, Helvetica, sans-serif; font-size: small;\"><b>Perfil autobiogr\u00e1fico de Enrique Figaredo<br \/>\nganador del premio Juan M\u00aa Bandr\u00e9s<br \/>\n<\/b><\/span><\/p>\n<p><span style=\"font-family: Arial, Helvetica, sans-serif; font-size: small;\">Nac\u00ed un 21 de septiembre de 1959 en Gij\u00f3n, Asturias. Soy el 7 hijo de ocho. Hice el bachillerato en el colegio de los Jesuitas de mi misma ciudad. El COU lo hice en Madrid y los tres primeros a\u00f1os de econ\u00f3micas en la Universidad Complutense. En 1975 con el deseo de servir a Dios decid\u00ed entrar en el noviciado de los Jesuitas. Esto fue en Valladolid. Posteriormente estudi\u00e9 3 a\u00f1os de filosof\u00eda en la Universidad Pontificia de Salamanca que simultane\u00e9 con hacer los dos \u00faltimos cursos de econ\u00f3micas en Madrid.<\/span><\/p>\n<p><span style=\"font-family: Arial, Helvetica, sans-serif; font-size: small;\">En 1985, cuando termin\u00e9 esta parte de mis estudios impulsado por el deseo de servir a Dios en la gente m\u00e1s necesitada me present\u00e9 voluntario para el Servicio Jesuita para los Refugiados. Fui aceptado y enviado a los campamentos de refugiados de los camboyanos en Tailandia donde trabajaba un equipo del SJR. All\u00ed me asignaron el servicio a los mutilados de guerra que eran muchos, la mayor\u00eda a causa de las minas y no hab\u00eda nada para ellos. Estuve 3 a\u00f1os. Fueron a\u00f1os muy llenos de experiencias duras y a causa de la situaci\u00f3n de guerra, pero tambi\u00e9n muy ricas.<\/span><\/p>\n<p><span style=\"font-family: Arial, Helvetica, sans-serif; font-size: small;\">Trabaj\u00e9 principalmente en los campamentos de \u00abSite 2\u00bb con 180.000 refugiados y unos 1.500 mutilados, \u00abSite 8\u00bb con unos 60.000 refugiados y m\u00e1s de 2.000 mutilados y \u00abSite B\u00bb con 70.000 refugiados y unos 1.000 mutilados. La labor principal fueron los servicios sociales y la educaci\u00f3n t\u00e9cnica para los mutilados. Para ello ten\u00edamos unos talleres de oficios y actividades sociales. Al final de mi estancia intuyendo la gran necesidad de los mutilados en el interior del pa\u00eds logr\u00e9 ir a Camboya y visitar muchas provincias de Camboya durante 3 meses y entender m\u00e1s claramente el conflicto, la situaci\u00f3n de los mutilados y del pa\u00eds bajo la dominaci\u00f3n vietnamita y las circunstancias tan dif\u00edciles que generaba tantos refugiados.<\/span><\/p>\n<p><span style=\"font-family: Arial, Helvetica, sans-serif; font-size: small;\">En Octubre de 1988 volv\u00eda a Espa\u00f1a para comenzar mis estudios de teolog\u00eda en la Universidad Comillas de Madrid. Segu\u00ed en contacto cercano con Camboya y volv\u00ed los 3 per\u00edodos largos del verano de vacaciones. Colabor\u00e9 as\u00ed en el inicio al establecimiento de nuestros servicios a los mutilados, deficientes f\u00edsicos, de desarrollo rural y finalmente a la labor de acogida de los refugiados repatriados en 1992.<\/span><\/p>\n<p><span style=\"font-family: Arial, Helvetica, sans-serif; font-size: small;\">En Octubre de 1993 volv\u00ed a Camboya definitivamente hasta hoy para hacerme cargo de nuestros proyectos del \u00about reach\u00bb a los mutilados y lanzar nuestra silla de rueda Mekong para servir a los deficientes f\u00edsicos de Camboya y tambi\u00e9n participar activamente en la campa\u00f1a camboyana e Internacional para la eliminaci\u00f3n de las minas. Estos fueron a\u00f1os apasionantes.<\/span><\/p>\n<p><span style=\"font-family: Arial, Helvetica, sans-serif; font-size: small;\">Con respecto al proyecto de las sillas de ruedas. Producimos m\u00e1s de 4.000 en 5 a\u00f1os. El equipo de 15 mutilados graduados de nuestra escuela de oficios en los talleres de \u00abBanteay Prieb\u00bb (la casa de la Paloma) ha trabajado incasable y creativamente produciendo esta silla con tres ruedas. Hecha principalmente de madera, en un dise\u00f1o local la hemos hecho llegar a los rincones m\u00e1s remotos de Camboya con nuestros equipos de \u00about reach\u00bb compuestos principalmente por mutilados. Son muchas las historias y los rostros que le vienen a uno cuando habla de la silla. La silla nos ha hecho llegar a gente muy necesitada, responder a un problema muy b\u00e1sico: la movilidad. La silla ha transformado sus vidas, les ha hecho independientes o al menos menos dependientes. Y tambi\u00e9n muy importante para nosotros ha sido conocerles, ser sus amigos y establecer una relaci\u00f3n para poder acompa\u00f1arles en sus comunidades y contribuir a rehacer sus vidas y respondiendo tambi\u00e9n a otras necesidades urgentes por medio de diferentes ayudas que incluyen la educaci\u00f3n informal, alfabetizaci\u00f3n, peque\u00f1os cr\u00e9ditos\u2026 el seguimiento del beneficiario de la silla de ruedas ha sido clave en el desarrollo de nuestros servicios en Camboya.<\/span><\/p>\n<p><span style=\"font-family: Arial, Helvetica, sans-serif; font-size: small;\">La Campa\u00f1a para la eliminaci\u00f3n de las minas antipersona, tanto camboyana como internacional ha sido tambi\u00e9n un trabajo en el que hemos puesto mucha ilusi\u00f3n, horas, inteligencia y energ\u00edas. Durante esos a\u00f1os fuimos teniendo resultados por encima de lo que nos esper\u00e1bamos. En Camboya donde batimos los records mundiales teniendo: m\u00e1s de una mina por persona (a 10 millones de personas unos 10 millones de minas), una persona de cada 236 heridas por las minas. En el a\u00f1o 1997 tuvimos m\u00e1s de 2.000 v\u00edctimas, m\u00e1s de 5 por d\u00eda. El uso socialmente est\u00e1 desaprobado, es decir hay una conciencia social de la maldad de este artefacto, que no hab\u00eda antes, y legalmente, el gobierno y el parlamento ha prohibido tanto para el ejercito y como para los civiles su uso e importaci\u00f3n. Las labores de deminaje son muy extensivas y el proceso de destrucci\u00f3n cada vez es mayor.<\/span><\/p>\n<p><span style=\"font-family: Arial, Helvetica, sans-serif; font-size: small;\">Internacionalmente la captaci\u00f3n de fondos para todo ello por la solidaridad internacional es muy significativa. El tratado internacional de Ottawa en diciembre de 1997, la concesi\u00f3n del Nobel de la Paz a la Campa\u00f1a son logros que nos animan y nos hacen ver el futuro con m\u00e1s esperanza, pero no con falta de trabajo.<\/span><\/p>\n<p><span style=\"font-family: Arial, Helvetica, sans-serif; font-size: small;\">El 2 de Julio de 2000 fui instalado como Prefecto Apost\u00f3lico de Battambang, una prefectura (\u00e1rea pastoral) que engloba ocho provincias de Camboya.<\/span><\/p>\n<p><span style=\"font-family: Arial, Helvetica, sans-serif; font-size: small;\">Las prioridades generales de mi trabajo como representante de la Iglesia Cat\u00f3lica en esta zona de Camboya son las siguientes:<\/span><\/p>\n<p><span style=\"font-family: Arial, Helvetica, sans-serif; font-size: small;\">* Ofrecer a la gente la oportunidad de experimentar la Fe que movi\u00f3 a Jes\u00fas de Nazaret a dar su vida por los dem\u00e1s (la Fe de Jes\u00fas).<br \/>\n* Profundizar y fortalecer la Fe de las Comunidades Cat\u00f3licas de Camboya.<br \/>\n* Trabajar por la reconciliaci\u00f3n y la justicia a todos los niveles.<br \/>\n* Servir al necesitado al pobre y al excluido.<br \/>\n* Promocionar el arte y la cultura camboyanos.<br \/>\n* Favorecer el di\u00e1logo interreligioso.<br \/>\n<\/span><span style=\"font-family: Arial, Helvetica, sans-serif; font-size: small;\"><br \/>\nEn mi nuevo cargo trato de que la Comunidad Cat\u00f3lica en Camboya tome parte activa en los servicios sociales a los pobres y los oprimidos llevando a cabo diferentes actividades encaminadas a mejorar su nivel de vida de muy diferentes formas. Mediante el trabajo comunitario, la asistencia y rehabilitaci\u00f3n de enfermos, indigentes y de personas con discapacidades. Respecto a este grupo y dentro de la rehabilitaci\u00f3n no s\u00f3lo f\u00edsica, sino tambi\u00e9n social, llevamos a cabo un centro para la acogida de ni\u00f1os discapacitados, la distribuci\u00f3n de sillas de ruedas \u00abMekong\u00bb y el seguimiento de sus beneficiarios as\u00ed como la construcci\u00f3n de viviendas, becas de estudios (formal y no formal) para discapacitados, y ayuda diversa a nivel comunitario.<\/span><\/p>\n<p><span style=\"font-family: Arial, Helvetica, sans-serif; font-size: small;\">Tambi\u00e9n estamos ofreciendo ayuda a la escolarizaci\u00f3n de ni\u00f1os, aprendizaje de oficios por los adultos, y programas de concienciaci\u00f3n social por los problemas que amenazan la estabilidad y prosperidad de la sociedad camboyana ( HIV, falta de higiene, integraci\u00f3n de minor\u00edas \u00e9tnicas&#8230;).<\/span><\/p>\n<p><span style=\"font-family: Arial, Helvetica, sans-serif; font-size: small;\">La mayor parte de estas actividades son llevadas a cabo por los comit\u00e9s sociales de las parroquias. Organismos sociales que trato de fortalecer y en los que delegar numerosas competencias.<\/span><\/p>\n<p><span style=\"font-family: Arial, Helvetica, sans-serif; font-size: small;\">En el \u00e1mbito pastoral y el cultural, tratamos de incluir en las celebraciones lit\u00fargicas una referencia camboyana, ( sea por medio de las danzas folcl\u00f3ricas u otras tradiciones culturales) de forma que la celebraci\u00f3n de la Fe de Jes\u00fas se convierta en una verdadera fiesta acorde al folclore y las ra\u00edces de \u00e9ste pa\u00eds.<\/span><\/p>\n<p><span style=\"font-family: Arial, Helvetica, sans-serif; font-size: small;\">Camboya es un pa\u00eds joven reci\u00e9n salido de una guerra, con un presente muy dif\u00edcil y futuro esperanzador. De igual forma las Comunidades Cat\u00f3licas son de reci\u00e9n \u00abrecreaci\u00f3n\u00bb tras la dictadura de Pol Pot, as\u00ed tratamos de que \u00e9stas crezcan en la misma direcci\u00f3n y rumbo que el pa\u00eds, de forma de que las gentes de Camboya no encuentren a las Comunidades Cat\u00f3licas como un grupo ajeno a las realidades presentes y esperanzas futuras en las que se encuentran.<\/span><\/p>\n<p><span style=\"font-family: Arial, Helvetica, sans-serif; font-size: small;\">Llevo ya un a\u00f1o en este nuevo cargo, y mi nueva situaci\u00f3n me posibilita llegar a personas necesitadas a las que anteriormente no ten\u00eda acceso, pero muchas veces con el uso de unos recursos escasos, que tratamos de incrementar y mejorar continuamente.<\/span><\/p>\n<p><span style=\"font-family: Arial, Helvetica, sans-serif; font-size: small;\">En este momento, un a\u00f1o despu\u00e9s de mi transici\u00f3n del \u00abJesuit Service\u00bb una organizaci\u00f3n de los Jesuitas, una ONG cat\u00f3lica al trabajo desde la Instituci\u00f3n Jer\u00e1rquica de la Iglesia me encuentro esperanzado y sin falta de trabajo por ofrecer a las gentes de Camboya la posibilidad de celebrar la Fe de Cristo desde una perspectiva integral en donde los aspectos espirituales est\u00e9n lo m\u00e1s integrados posibles con la vida social y los servicios humanitarios.<\/span><\/p>\n<p><span style=\"font-family: Arial, Helvetica, sans-serif; font-size: small;\">Enrique Figaredo Alvargonz\u00e1lez<br \/>\n<\/span><\/p>\n<p><span style=\"font-family: Arial, Helvetica, sans-serif; font-size: small;\">Battambang, 8 de agosto de 2001<\/span><\/p>\n<p>&nbsp;<\/p>\n<p><span style=\"font-family: Arial, Helvetica, sans-serif; font-size: small;\"><b>II PREMIO BANDRES<br \/>\n<\/b><\/span><span style=\"font-family: Arial, Helvetica, sans-serif; font-size: small;\">Margueritte Barankitse, el \u00ab\u00e1ngel de Burundi\u00bb, obtiene el II Premio \u00abJuan Mar\u00eda Bandr\u00e9s\u00bb de CEAR y la Fundaci\u00f3n CEAR<\/span><\/p>\n<p><span style=\"font-family: Arial, Helvetica, sans-serif; font-size: small;\">El jurado del II Premio \u00abJuan Mar\u00eda Bandr\u00e9s\u00bb a la Defensa del Derecho de Asilo y la Solidaridad con los Refugiados, reunido ayer 9 de diciembre en Madrid, acord\u00f3 por unanimidad premiar a Margueritte Barankitse por su extraordinaria labor en defensa de los derechos humanos y la paz en su pa\u00eds, Burundi, en un contexto de extrema violencia y terror.<\/span><\/p>\n<p><span style=\"font-family: Arial, Helvetica, sans-serif; font-size: small;\">Barankitse, soltera y perteneciente a una familia de ricos terratenientes tutsis, adopt\u00f3 hace a\u00f1os a tres ni\u00f1os de su propia etnia y a cuatro ni\u00f1os hutus. En 1993 se vio envuelta en una matanza tribal e intent\u00f3 proteger a los miles de hutus que hu\u00edan de las milicias tutsis y que se hab\u00edan refugiado en el obispado de Ruigi, una zona rural pr\u00f3xima a la frontera con Tanzania. Cuando Margueritte Barankitse sali\u00f3 a parlamentar con los milicianos tutsis, entre los que hab\u00eda algunos miembros de su propia familia, fue apaleada, mientras el edificio del obispado era incendiado con los fugitivos hutus en su interior. Murieron 72 personas y s\u00f3lo sobrevivi\u00f3 un grupo de ni\u00f1os, de los que ella se hizo cargo. Dos d\u00edas despu\u00e9s, tuvo lugar la venganza hutu y Margueritte asumi\u00f3 tambi\u00e9n el cuidado de los ni\u00f1os tutsis, a los que les hab\u00edan arrancado los ojos.<\/span><\/p>\n<p><span style=\"font-family: Arial, Helvetica, sans-serif; font-size: small;\">Fue entonces cuando Barankitse decidi\u00f3 dedicar su vida a la protecci\u00f3n de los ni\u00f1os, las v\u00edctimas m\u00e1s d\u00e9biles de los odios tribales, y a trabajar por que la paz se imponga alg\u00fan d\u00eda en este pa\u00eds del coraz\u00f3n de Africa. En la \u00faltima d\u00e9cada m\u00e1s de 200.000 personas han perdido la vida en Burundi como consecuencia de la violencia inter\u00e9tnica y centenares de miles han tenido que huir de sus aldeas para convertirse en refugiados. En este tiempo Margueritte Barankitse, conocida cari\u00f1osamente como \u00abMaggie\u00bb y apodada \u00abel \u00e1ngel de Burundi\u00bb por los periodistas, ha salvado y protegido a m\u00e1s de cinco mil ni\u00f1os, entre ellos no s\u00f3lo los que son v\u00edctimas de la violencia tribal, sino tambi\u00e9n a ni\u00f1os hu\u00e9rfanos, enfermos de sida y disminuidos ps\u00edquicos, a trav\u00e9s de varios centros de acogida y de una modesta organizaci\u00f3n que ella dirige.<\/span><\/p>\n<p><span style=\"font-family: Arial, Helvetica, sans-serif; font-size: small;\">Con la ayuda de C\u00e1ritas de Alemania y el apoyo de los Padres Blancos en Burundi, Barankitse est\u00e1 construyendo viviendas dotadas de huerta en tierras de su propiedad divididas en lotes que entrega a los ni\u00f1os que est\u00e1n bajo su protecci\u00f3n cuando alcanzan la mayor\u00eda de edad. Entonces, \u00e9stos j\u00f3venes son invitados a adoptar a ni\u00f1os que han conocido en los centros de acogida para formar familias inter\u00e9tnicas.<\/span><\/p>\n<p><span style=\"font-family: Arial, Helvetica, sans-serif; font-size: small;\">Sin embargo, Margueritte Barankitse tambi\u00e9n ha recibido numerosas amenazas de muerte, ha sufrido varios atentados y sus propiedades han sido agredidas. El jurado del Premio ha querido distinguir su trabajo por su ejemplar compromiso con la paz y la convivencia entre las distintas etnias de su pa\u00eds en medio de un ambiente muy hostil y por su ayuda a las v\u00edctimas m\u00e1s desprotegidas de la violencia, los ni\u00f1os. Pero nuestro Premio tambi\u00e9n pretende dar a conocer su extraordinaria labor y as\u00ed contribuir a proteger su vida.<\/span><\/p>\n<p><span style=\"font-family: Arial, Helvetica, sans-serif; font-size: small;\">Por otra parte, el Jurado, presidido por el pintor Juan Genov\u00e9s, tambi\u00e9n ha querido hacer una menci\u00f3n especial de otras candidaturas presentadas a la segunda edici\u00f3n del Premio \u00abJuan Mar\u00eda Bandr\u00e9s\u00bb. A Amnist\u00eda Internacional y a su presidenta, Irene Khan, por su ejemplar compromiso con la defensa universal de los derechos humanos y su defensa irrestricta de los derechos de los refugiados.<\/span><\/p>\n<p><span style=\"font-family: Arial, Helvetica, sans-serif; font-size: small;\">A Javier Giraldo, miembro de la Fundaci\u00f3n Intereclesial de Justicia y Paz, por su trabajo de m\u00e1s de dos d\u00e9cadas en favor de los refugiados y desplazados de su pa\u00eds, Colombia.<\/span><\/p>\n<p><span style=\"font-family: Arial, Helvetica, sans-serif; font-size: small;\">Al te\u00f3logo Jon Sobrino, por su testimonio de entrega a los m\u00e1s pobres de El Salvador.<\/span><\/p>\n<p><span style=\"font-family: Arial, Helvetica, sans-serif; font-size: small;\">A la profesora estadounidense Karen Musalo, por su trabajo jur\u00eddico en defensa del derecho de asilo y de los nuevos supuestos de persecuci\u00f3n, en particular de la concesi\u00f3n del estatuto de refugiado por raz\u00f3n de violencia de g\u00e9nero.<\/span><\/p>\n<p><span style=\"font-family: Arial, Helvetica, sans-serif; font-size: small;\">A Francesc Vendrell, por su trabajo como representante especial de las Naciones Unidas en Afganist\u00e1n, el pa\u00eds que m\u00e1s refugiados ha generado desde 1980.<\/span><\/p>\n<p><span style=\"font-family: Arial, Helvetica, sans-serif; font-size: small;\"><b>A Mercedes Garc\u00eda, responsable de la Federaci\u00f3n de Mujeres Progresistas en El Ejido, y a Antonio Puerta, responsable de Almer\u00eda Acoge, por su trabajo tenaz, callado y muchas veces incomprendido en favor de los derechos humanos.<\/b><\/span><\/p>\n<p><span style=\"font-family: Arial, Helvetica, sans-serif; font-size: small;\">A la exposici\u00f3n \u00abExilio\u00bb, organizada por la Fundaci\u00f3n Pablo Iglesias, por su labor de sensibilizaci\u00f3n social sobre la tragedia de los centenares de miles de espa\u00f1oles que tuvieron que abandonar nuestro pa\u00eds tras la derrota de la causa republicana en 1939 y hacer ver que hoy debemos acoger a quienes, como nuestros compatriotas entonces, necesitan de la protecci\u00f3n internacional porque huyen de la represi\u00f3n y la persecuci\u00f3n.<\/span><\/p>\n<p><span style=\"font-family: Arial, Helvetica, sans-serif; font-size: small;\">Y al jesuita Esteban Vel\u00e1squez, por su trabajo de tantos a\u00f1os junto a los refugiados salvadore\u00f1os.<\/span><\/p>\n<p><span style=\"font-family: Arial, Helvetica, sans-serif; font-size: small;\">Por su parte, la presidenta de CEAR, Delia Blanco, valor\u00f3 de manera muy positiva la calidad de las candidaturas presentadas al II Premio \u00abJuan Mar\u00eda Bandr\u00e9s\u00bb y en particular la trayectoria de la premiada. \u00abEl compromiso de Margueritte Barankitse con los refugiados, con la defensa de los derechos humanos, la paz y la convivencia constituye un ejemplo para quienes trabajamos por los refugiados\u00bb.<\/span><\/p>\n<p>&nbsp;<\/p>\n<p><span style=\"font-family: Arial, Helvetica, sans-serif; font-size: small;\">Comisi\u00f3n Espa\u00f1ola de Ayuda al Refugiado (CEAR)<br \/>\nMadrid, 10 de diciembre de 2002<br \/>\nTf.: 91.804.54.04 \/ 65.43.<br \/>\nFax: 91.804.68.86.<br \/>\nwww.cear.es<\/span><\/p>\n","protected":false},"excerpt":{"rendered":"<p>A propuesta de la editorial HMR, el Premio Bandr\u00e9s concedi\u00f3 una Menci\u00f3n Especial a Mercedes Garc\u00eda, responsable de la Federaci\u00f3n de Mujeres Progresistas en El Ejido, y a Antonio Puerta, responsable de Almer\u00eda Acoge, por su trabajo tenaz, callado y muchas veces incomprendido en favor de los derechos humanos.<\/p>\n","protected":false},"author":1,"featured_media":0,"comment_status":"open","ping_status":"open","sticky":false,"template":"","format":"standard","meta":{"footnotes":""},"categories":[8],"tags":[92,89],"class_list":["post-351","post","type-post","status-publish","format-standard","hentry","category-cordel-de-extraviados-3-4","tag-almeria-acoge","tag-bandres"],"views":1464,"_links":{"self":[{"href":"https:\/\/editorialhijosdemuleyrubio.com\/index.php?rest_route=\/wp\/v2\/posts\/351","targetHints":{"allow":["GET"]}}],"collection":[{"href":"https:\/\/editorialhijosdemuleyrubio.com\/index.php?rest_route=\/wp\/v2\/posts"}],"about":[{"href":"https:\/\/editorialhijosdemuleyrubio.com\/index.php?rest_route=\/wp\/v2\/types\/post"}],"author":[{"embeddable":true,"href":"https:\/\/editorialhijosdemuleyrubio.com\/index.php?rest_route=\/wp\/v2\/users\/1"}],"replies":[{"embeddable":true,"href":"https:\/\/editorialhijosdemuleyrubio.com\/index.php?rest_route=%2Fwp%2Fv2%2Fcomments&post=351"}],"version-history":[{"count":2,"href":"https:\/\/editorialhijosdemuleyrubio.com\/index.php?rest_route=\/wp\/v2\/posts\/351\/revisions"}],"predecessor-version":[{"id":353,"href":"https:\/\/editorialhijosdemuleyrubio.com\/index.php?rest_route=\/wp\/v2\/posts\/351\/revisions\/353"}],"wp:attachment":[{"href":"https:\/\/editorialhijosdemuleyrubio.com\/index.php?rest_route=%2Fwp%2Fv2%2Fmedia&parent=351"}],"wp:term":[{"taxonomy":"category","embeddable":true,"href":"https:\/\/editorialhijosdemuleyrubio.com\/index.php?rest_route=%2Fwp%2Fv2%2Fcategories&post=351"},{"taxonomy":"post_tag","embeddable":true,"href":"https:\/\/editorialhijosdemuleyrubio.com\/index.php?rest_route=%2Fwp%2Fv2%2Ftags&post=351"}],"curies":[{"name":"wp","href":"https:\/\/api.w.org\/{rel}","templated":true}]}}