{"id":383,"date":"2013-06-17T13:18:23","date_gmt":"2013-06-17T11:18:23","guid":{"rendered":"http:\/\/editorialhijosdemuleyrubio.com\/?p=383"},"modified":"2013-06-17T13:18:23","modified_gmt":"2013-06-17T11:18:23","slug":"staff","status":"publish","type":"post","link":"https:\/\/editorialhijosdemuleyrubio.com\/?p=383","title":{"rendered":"Staff"},"content":{"rendered":"<p align=\"center\"><span style=\"color: #000000; font-family: Arial, Helvetica, sans-serif; font-size: medium;\"><a href=\"http:\/\/editorialhijosdemuleyrubio.com\/wp-content\/uploads\/2013\/06\/portada1.jpeg\"><img loading=\"lazy\" decoding=\"async\" class=\"alignleft size-medium wp-image-384\" alt=\"portada1\" src=\"http:\/\/editorialhijosdemuleyrubio.com\/wp-content\/uploads\/2013\/06\/portada1-300x60.jpeg\" width=\"300\" height=\"60\" srcset=\"https:\/\/editorialhijosdemuleyrubio.com\/wp-content\/uploads\/2013\/06\/portada1-300x60.jpeg 300w, https:\/\/editorialhijosdemuleyrubio.com\/wp-content\/uploads\/2013\/06\/portada1.jpeg 400w\" sizes=\"auto, (max-width: 300px) 100vw, 300px\" \/><\/a>Edita: HMR. S.L.<\/span><span style=\"color: #000000; font-family: Arial, Helvetica, sans-serif; font-size: small;\"><br \/>\nN\u00ba 2. Almer\u00eda\/Madrid. A\u00f1o 2002<\/span><\/p>\n<p align=\"center\">\n<p align=\"center\"><span style=\"color: #000000; font-family: Arial, Helvetica, sans-serif; font-size: medium;\">Redacci\u00f3n<\/span><span style=\"color: #000000; font-family: Arial, Helvetica, sans-serif; font-size: small;\"><br \/>\n<b>Federico Utrera<\/b><br \/>\nEditor<br \/>\n<b>Jos\u00e9 Luis L\u00f3pez Bretones<\/b><br \/>\nAddenda<br \/>\n<b>Pablo Sicilia<\/b><br \/>\nDeporte y Naturaleza<br \/>\n<b>Alfonso L\u00e1zaro<\/b><br \/>\nDise\u00f1o y Maquetaci\u00f3n<br \/>\n<b>Carlos Horacio Valera<\/b><br \/>\nIlustrador<\/span><\/p>\n<p align=\"center\"><span style=\"color: #000000; font-family: Arial, Helvetica, sans-serif; font-size: medium;\">Corresponsales<\/span><span style=\"color: #000000; font-family: Arial, Helvetica, sans-serif; font-size: small;\"><br \/>\n<b>Gabriel Luna\u00a0<\/b><br \/>\nMadrid<br \/>\n<b>Cristina Prieto<\/b><br \/>\nGranada<br \/>\n<b>Erik Mart\u00ednez Westly<\/b><br \/>\nWashington<\/span><span style=\"color: #000000;\"><br \/>\n<\/span><\/p>\n<p align=\"center\"><span style=\"color: #000000; font-family: Arial, Helvetica, sans-serif; font-size: medium;\">Administraci\u00f3n y Secretar\u00eda<\/span><span style=\"color: #000000; font-family: Arial, Helvetica, sans-serif; font-size: small;\"><br \/>\n<b>Lidia Garc\u00eda Rubio<\/b><br \/>\n<\/span><\/p>\n<p align=\"center\"><span style=\"color: #000000; font-family: Arial, Helvetica, sans-serif; font-size: medium;\">Correspondencia y Publicidad<\/span><span style=\"color: #000000; font-family: Arial, Helvetica, sans-serif; font-size: small;\"><br \/>\n<b>HMR Ediciones<\/b><br \/>\nHuerta de la Sacedilla 1-12<br \/>\nMajadahonda<br \/>\n28220 Madrid<\/p>\n<p><\/span><\/p>\n<p align=\"center\"><span style=\"color: #000000; font-family: Arial, Helvetica, sans-serif; font-size: medium;\">Foto de portada<\/span><span style=\"color: #000000; font-family: Arial, Helvetica, sans-serif; font-size: small;\"><br \/>\n<b>Juan Goytisolo y sus Ejidos, por Said Messari (portada del libro Espa\u00f1a y sus Ejidos)<\/b><\/span><\/p>\n","protected":false},"excerpt":{"rendered":"<p>Edita: HMR. S.L. N\u00ba 2. Almer\u00eda\/Madrid. A\u00f1o 2002 Redacci\u00f3n Federico Utrera Editor Jos\u00e9 Luis L\u00f3pez Bretones Addenda Pablo Sicilia Deporte y Naturaleza Alfonso L\u00e1zaro Dise\u00f1o y Maquetaci\u00f3n Carlos Horacio Valera Ilustrador Corresponsales Gabriel Luna\u00a0 Madrid Cristina Prieto Granada Erik Mart\u00ednez Westly Washington Administraci\u00f3n y Secretar\u00eda Lidia Garc\u00eda Rubio Correspondencia y Publicidad HMR Ediciones Huerta de la Sacedilla 1-12 Majadahonda 28220 Madrid Foto de portada Juan Goytisolo y sus Ejidos, por Said Messari (portada del libro Espa\u00f1a y sus Ejidos)<\/p>\n","protected":false},"author":1,"featured_media":0,"comment_status":"open","ping_status":"open","sticky":false,"template":"","format":"standard","meta":{"footnotes":""},"categories":[9],"tags":[48],"class_list":["post-383","post","type-post","status-publish","format-standard","hentry","category-cordel-de-extraviados-2","tag-cordel-de-extraviados-revista"],"views":1231,"_links":{"self":[{"href":"https:\/\/editorialhijosdemuleyrubio.com\/index.php?rest_route=\/wp\/v2\/posts\/383","targetHints":{"allow":["GET"]}}],"collection":[{"href":"https:\/\/editorialhijosdemuleyrubio.com\/index.php?rest_route=\/wp\/v2\/posts"}],"about":[{"href":"https:\/\/editorialhijosdemuleyrubio.com\/index.php?rest_route=\/wp\/v2\/types\/post"}],"author":[{"embeddable":true,"href":"https:\/\/editorialhijosdemuleyrubio.com\/index.php?rest_route=\/wp\/v2\/users\/1"}],"replies":[{"embeddable":true,"href":"https:\/\/editorialhijosdemuleyrubio.com\/index.php?rest_route=%2Fwp%2Fv2%2Fcomments&post=383"}],"version-history":[{"count":1,"href":"https:\/\/editorialhijosdemuleyrubio.com\/index.php?rest_route=\/wp\/v2\/posts\/383\/revisions"}],"predecessor-version":[{"id":385,"href":"https:\/\/editorialhijosdemuleyrubio.com\/index.php?rest_route=\/wp\/v2\/posts\/383\/revisions\/385"}],"wp:attachment":[{"href":"https:\/\/editorialhijosdemuleyrubio.com\/index.php?rest_route=%2Fwp%2Fv2%2Fmedia&parent=383"}],"wp:term":[{"taxonomy":"category","embeddable":true,"href":"https:\/\/editorialhijosdemuleyrubio.com\/index.php?rest_route=%2Fwp%2Fv2%2Fcategories&post=383"},{"taxonomy":"post_tag","embeddable":true,"href":"https:\/\/editorialhijosdemuleyrubio.com\/index.php?rest_route=%2Fwp%2Fv2%2Ftags&post=383"}],"curies":[{"name":"wp","href":"https:\/\/api.w.org\/{rel}","templated":true}]}}