{"id":389,"date":"2013-06-17T13:22:55","date_gmt":"2013-06-17T11:22:55","guid":{"rendered":"http:\/\/editorialhijosdemuleyrubio.com\/?p=389"},"modified":"2013-06-17T13:22:55","modified_gmt":"2013-06-17T11:22:55","slug":"jrj-libros-de-madrid","status":"publish","type":"post","link":"https:\/\/editorialhijosdemuleyrubio.com\/?p=389","title":{"rendered":"JRJ: Libros de Madrid"},"content":{"rendered":"<p>&nbsp;<\/p>\n<figure id=\"attachment_126\" aria-describedby=\"caption-attachment-126\" style=\"width: 200px\" class=\"wp-caption alignleft\"><a href=\"http:\/\/editorialhijosdemuleyrubio.com\/wp-content\/uploads\/2013\/06\/jrj.jpeg\"><img loading=\"lazy\" decoding=\"async\" class=\"size-full wp-image-126\" alt=\"Presentaci\u00f3n en Barcelona de &quot;LIbros de Madrid&quot;\" src=\"http:\/\/editorialhijosdemuleyrubio.com\/wp-content\/uploads\/2013\/06\/jrj.jpeg\" width=\"200\" height=\"126\" \/><\/a><figcaption id=\"caption-attachment-126\" class=\"wp-caption-text\">Presentaci\u00f3n en Barcelona de \u00abLIbros de Madrid\u00bb<\/figcaption><\/figure>\n<p><b><span style=\"font-size: small;\">Jos\u00e9 Mar\u00eda Mic\u00f3*<\/span><\/b><\/p>\n<p><span style=\"font-family: Arial, Helvetica, sans-serif; font-size: small;\">En una semana tan loca como la de Sant Jordi en Barcelona, donde la vor\u00e1gine alrededor del libro es tan intensa, pueden pasar tal vez desapercibidas las obras m\u00e1s importantes, y aunque los Libros de Madrid llevan ya unos meses por el mundo, lo cierto es que en la temporada primaveral en la que estamos no han aparecido muchos t\u00edtulos tan relevantes como este que ahora presentamos. La edici\u00f3n de un libro de Juan Ram\u00f3n Jim\u00e9nez siempre es importante por s\u00ed misma, pero si adem\u00e1s cuenta con una proporci\u00f3n de textos in\u00e9ditos tan numerosa, esa aparici\u00f3n cobra ya car\u00e1cter de acontecimiento. De modo que aunque los libros m\u00e1s importantes sean acaso los que menos importan, estamos ahora ante uno que s\u00ed debe importarnos en relaci\u00f3n con su trascendencia.\u00a0<!--more--><\/span><\/p>\n<p><span style=\"font-family: Arial, Helvetica, sans-serif; font-size: small;\"><br \/>\nEl caso de Juan Ram\u00f3n es tan peculiar que siempre se le plantean al editor filol\u00f3gico multitud de interrogantes y de problemas. En este caso le ha correspondido a Jos\u00e9 Luis L\u00f3pez Bretones (cuya labor ha sido m\u00e1s dif\u00edcil de lo que parece) la tarea de encarar y solventar todas esas dificultades. Dec\u00eda que el de Juan Ram\u00f3n es un caso \u00fanico -aunque parezca que eso no es decir nada, pues todos los poetas lo son aunque los clasifiquemos por generaciones, estilos, \u00e9pocas, est\u00e9ticas, grupos o promociones- porque \u00e9l lo es incluso en su unicidad, si se me permite la paradoja. De manera que un autor tan marcado por sus influencias, tan lleno de referencias a otros muchos poetas -algunas de las cuales aparecen expl\u00edcitamente expresadas en estos Libros-, se nos muestra sin embargo como un caso extraordinario de solipsismo, como un autor cuya obra empieza en s\u00ed misma y de s\u00ed misma se nutre, y que en s\u00ed misma termina&#8230; o no termina. Y tal vez por eso estemos hoy aqu\u00ed, precisamente porque la obra de Juan Ram\u00f3n no termina nunca. De los muchos t\u00edtulos que a lo largo de su vida fue dando a algunas partes de su obra -Sucesi\u00f3n, Canci\u00f3n, Leyenda y uno que es mi preferido y que creo muy adecuado, aunque sea el menos llamativo: Obra en marcha-, el de Vida y Obra Po\u00e9ticas (la vida y la obra de JRJ, ambas po\u00e9ticas) desprende el sentido de una obra que, en efecto, no termina nunca, ni siquiera despu\u00e9s de su muerte.<\/span><\/p>\n<p><span style=\"font-family: Arial, Helvetica, sans-serif; font-size: small;\"><br \/>\nLibros de Madrid es un caso emblem\u00e1tico de esa obra permanentemente en marcha: parafraseando uno de sus t\u00edtulos se nos ofrece un Juan Ram\u00f3n posible e imposible. Porque editar a Juan Ram\u00f3n es posible e imposible, a la vez y siempre, pues se ha hecho de manera muy distinta por los editores, en todos los sentidos, de sus libros. Como muchos otros proyectos de JRJ, Libros de Madrid es un caj\u00f3n de sastre, en el sentido m\u00e1s noble de la expresi\u00f3n. Casi todo en Juan Ram\u00f3n es miscel\u00e1neo, se mezcla la poes\u00eda con la prosa y con la filosof\u00eda, el retrato con la caricatura&#8230; Y este libro es casi perfecto para ver este modo de proceder de Juan Ram\u00f3n. Es una literatura sin g\u00e9nero en la que todo tiene que ver con todo lo que est\u00e1 dentro de estos Libros de Madrid, y esto a su vez tiene que ver con todo lo que est\u00e1 disperso en otros libros suyos.<br \/>\nEn este libro hay homenajes, retratos -\u00abcaricaturas sentimentales\u00bb las llama JRJ-, autobiograf\u00eda, aforismo, cr\u00f3nica social y cr\u00edtica social; hay cr\u00edtica literaria, ensayo, estampas, apuntes, poemas en prosa e incluso muchos elementos de diario. Hay un autor como Jules Renard, que se menciona tan s\u00f3lo una vez, pero que como dice Andr\u00e9s Sanchez Robayna en el pr\u00f3logo, elabor\u00f3 un tipo especial de diario que tiene mucho que ver con lo que lleva a cabo JRJ en los Libros de Madrid. Y a veces leyendo estos Libros tiene uno la tentaci\u00f3n de hablar del costumbrismo, pero voy a matizarlo enseguida: el de Juan Ram\u00f3n es en cierto modo un costumbrismo anticostumbrista. No es costumbrismo propiamente hablando porque no se busca la an\u00e9cdota sino la esencia de las cosas, y el observador no es el t\u00edpico del retrato costumbrista, sino que est\u00e1 dentro de lo que retrata. No es observador del mundo sino part\u00edcipe de la creaci\u00f3n. De manera que ese \u00abyo\u00bb juanramoniano que aparece por ah\u00ed es un \u00abyo\u00bb en el mundo que est\u00e1 presente en muchas partes:<\/span><\/p>\n<p><span style=\"font-family: Arial, Helvetica, sans-serif; font-size: small;\">Una mariposa blanca, el universo todo, es ahora esta mariposa blanca que est\u00e1 sobre la blanca rosa. Sobre esa permanencia tendr\u00e9 hoy que construir una nueva \u00e9tica, una nueva est\u00e9tica y una nueva metaf\u00edsica, en lo m\u00ednimo, lo m\u00e1ximo.<\/span><\/p>\n<p><span style=\"font-family: Arial, Helvetica, sans-serif; font-size: small;\">Incluso la mitolog\u00eda, la definici\u00f3n de las calles y plazas de Madrid, es una mitolog\u00eda vivificada. Neptuno y Cibeles cobran vida en esas menciones o descripciones no meramente costumbristas de JRJ. Hay un homenaje intelectual a varias \u00e9pocas de la cultura de Madrid, la recurrencia a Carlos III, la Residencia de Estudiantes, la Colina de los Chopos&#8230; Y esto se produce en un conjunto que da idea de dispersi\u00f3n, fundamental para entender a JRJ: todo son fragmentos desgajados de un todo que va cobrando unidad -concepto \u00e9ste tan juanramoniano- durante toda la vida y la obra en marcha del autor.<\/span><\/p>\n<p><span style=\"font-family: Arial, Helvetica, sans-serif; font-size: small;\"><br \/>\nPondr\u00e9 tan s\u00f3lo un ejemplo que me ha llamado mucho la atenci\u00f3n sobre esa relaci\u00f3n tan reveladora de los Libros de Madrid con lo que JRJ estaba haciendo desde un punto de vista m\u00e1s convencional en la poes\u00eda. Libros como Laberinto, Sonetos Espirituales, Diario de poeta reci\u00e9n casado (de poeta y mar, despu\u00e9s), Eternidades, Piedra y Cielo&#8230; que son fundamentalmente coet\u00e1neos de la mayor parte de los textos que aqu\u00ed aparecen.<\/span><\/p>\n<p><span style=\"font-family: Arial, Helvetica, sans-serif; font-size: small;\"><br \/>\nHay un texto que se titula Oto\u00f1o madrile\u00f1o que es como una \u00abrevivencia\u00bb o \u00abrevivificaci\u00f3n\u00bb de uno de los mejores Sonetos Espirituales, el titulado Octubre, y que me arrogo la fortuna de reproducirlo:<\/span><\/p>\n<p style=\"text-align: center;\"><span style=\"font-family: Arial, Helvetica, sans-serif; font-size: small;\">Estaba echado yo en la tierra enfrente<br \/>\ndel infinito campo de Castilla<br \/>\nque el oto\u00f1o envolv\u00eda en la amarilla<br \/>\ndulzura de su claro sol poniente.<br \/>\nLento, el arado, paralelamente<br \/>\nabr\u00eda el haza oscura y la sencilla<br \/>\nmano abierta dejaba la semilla<br \/>\nen su entra\u00f1a partida honradamente.<br \/>\nPens\u00e9 arrancarme el coraz\u00f3n y echarlo,<br \/>\npleno de su sentir, alto y profundo,<br \/>\nal ancho surco del terru\u00f1o abierto<br \/>\na ver si con partirlo y con sembrarlo<br \/>\nla primavera le mostraba al mundo<br \/>\nel \u00e1rbol puro del amor eterno.<\/span><\/p>\n<p style=\"text-align: left;\"><span style=\"font-family: Arial, Helvetica, sans-serif; font-size: small;\">Este texto magn\u00edfico de los Sonetos Espirituales est\u00e1 revivido en esta estampa Oto\u00f1o madrile\u00f1o. Vi\u00f1etas, que es casi como un comentario del propio autor a su poema, y luego a\u00f1ade cosas que no est\u00e1n en el soneto, pero que ayudan a entenderlo:<\/span><\/p>\n<p><span style=\"font-family: Arial, Helvetica, sans-serif; font-size: small;\">Las grandes hazas negras, abiertas paralelamente por el esmero del arado, ense\u00f1aban sus \u00e1speras entra\u00f1as mojadas y feraces. A la negra tierra del est\u00edo ce\u00f1\u00eda el amarillor de unos chopos que mor\u00edan, seguros de renacer, y al fondo, como el alma de las monta\u00f1as, un enorme c\u00famulo blanco elevaba al cielo su est\u00e1tico monumento de diamante.<br \/>\nComo el paraje era de tanta paz pensaba en la guerra. Y el pensamiento concentrado, acercaba tanto su naci\u00f3n que llegu\u00e9 a estar entre vosotros.<br \/>\n\u00a1Ay! S\u00f3lo me quedaba mi coraz\u00f3n latiendo pleno de sentimiento. Si mi coraz\u00f3n sirviera de semilla me lo arrancar\u00eda del pecho y lo echar\u00eda al surco abierto de este oto\u00f1o, a ver si sal\u00eda de \u00e9l un \u00e1rbol puro de amor que os diese para siempre la flor de la paz (&#8230;).<\/span><\/p>\n<p><span style=\"font-family: Arial, Helvetica, sans-serif; font-size: small;\">Luego sigue el texto, pero el \u00ab\u00e1rbol puro del amor eterno\u00bb del soneto vuelve a latir aqu\u00ed en el \u00abcoraz\u00f3n final\u00bb de este fragmento del Oto\u00f1o madrile\u00f1o. Se podr\u00edan poner muchos m\u00e1s casos de esta curiosa relaci\u00f3n entre la poes\u00eda y la prosa -lo explica muy bien Andr\u00e9s Sanchez Robayna en su pr\u00f3logo-, y hay asimismo fragmentos que nos ayudan a entender y anticipar los grandes poemas en prosa como Espacio, sobre todo, y otros textos que vendr\u00edan mucho despu\u00e9s.<\/span><\/p>\n<p><span style=\"font-family: Arial, Helvetica, sans-serif; font-size: small;\"><br \/>\nPero hablando en particular de estos Libros de Madrid les aconsejo que lean con atenci\u00f3n el inteligent\u00edsimo estudio de Robayna y luego, en un contexto de reivindicaci\u00f3n de las obras de JRJ, en que se ha hecho un poco de todo, a veces no siempre con rigor, y se han editado incluso con una cierta despreocupaci\u00f3n, debe destacarse la labor de Jos\u00e9 Luis L\u00f3pez Bretones, porque es muy dif\u00edcil conseguir el ideal como editor filol\u00f3gico: trabajar mucho, y con mucho rigor, pero pasar desapercibido en la medida de lo posible. Y es fundamental editar a Juan Ram\u00f3n con rigor, lo que no siempre se ha conseguido. Por ello hay que agradecer tambi\u00e9n a Federico Utrera la iniciativa del libro y la posibilidad de que yo, como simple lector, que no como especialista, haya venido al Ateneu Barcelon\u00e9s a decir unas cuantas palabras sobre estos Libros de Madrid.<\/span><\/p>\n<p><b>*Poeta y cr\u00edtico literario.<br \/>\nPresentaci\u00f3n de Libros de Madrid,<br \/>\nde Juan Ram\u00f3n Jim\u00e9nez.<br \/>\nSemana de Sant Jordi (D\u00eda del Libro).<br \/>\nAteneu Barcelon\u00e9s.<\/b><\/p>\n","protected":false},"excerpt":{"rendered":"<p>&nbsp; Jos\u00e9 Mar\u00eda Mic\u00f3* En una semana tan loca como la de Sant Jordi en Barcelona, donde la vor\u00e1gine alrededor del libro es tan intensa, pueden pasar tal vez desapercibidas las obras m\u00e1s importantes, y aunque los Libros de Madrid llevan ya unos meses por el mundo, lo cierto es que en la temporada primaveral en la que estamos no han aparecido muchos t\u00edtulos tan relevantes como este que ahora presentamos. La edici\u00f3n de un libro de Juan Ram\u00f3n Jim\u00e9nez siempre es importante por s\u00ed misma, pero si adem\u00e1s cuenta con una proporci\u00f3n de textos in\u00e9ditos tan numerosa, esa aparici\u00f3n cobra ya car\u00e1cter de acontecimiento. De modo que aunque los<\/p>\n","protected":false},"author":1,"featured_media":0,"comment_status":"open","ping_status":"open","sticky":false,"template":"","format":"standard","meta":{"footnotes":""},"categories":[9],"tags":[63,64],"class_list":["post-389","post","type-post","status-publish","format-standard","hentry","category-cordel-de-extraviados-2","tag-juan-ramon-jimenez","tag-libros-de-madrid"],"views":1440,"_links":{"self":[{"href":"https:\/\/editorialhijosdemuleyrubio.com\/index.php?rest_route=\/wp\/v2\/posts\/389","targetHints":{"allow":["GET"]}}],"collection":[{"href":"https:\/\/editorialhijosdemuleyrubio.com\/index.php?rest_route=\/wp\/v2\/posts"}],"about":[{"href":"https:\/\/editorialhijosdemuleyrubio.com\/index.php?rest_route=\/wp\/v2\/types\/post"}],"author":[{"embeddable":true,"href":"https:\/\/editorialhijosdemuleyrubio.com\/index.php?rest_route=\/wp\/v2\/users\/1"}],"replies":[{"embeddable":true,"href":"https:\/\/editorialhijosdemuleyrubio.com\/index.php?rest_route=%2Fwp%2Fv2%2Fcomments&post=389"}],"version-history":[{"count":1,"href":"https:\/\/editorialhijosdemuleyrubio.com\/index.php?rest_route=\/wp\/v2\/posts\/389\/revisions"}],"predecessor-version":[{"id":390,"href":"https:\/\/editorialhijosdemuleyrubio.com\/index.php?rest_route=\/wp\/v2\/posts\/389\/revisions\/390"}],"wp:attachment":[{"href":"https:\/\/editorialhijosdemuleyrubio.com\/index.php?rest_route=%2Fwp%2Fv2%2Fmedia&parent=389"}],"wp:term":[{"taxonomy":"category","embeddable":true,"href":"https:\/\/editorialhijosdemuleyrubio.com\/index.php?rest_route=%2Fwp%2Fv2%2Fcategories&post=389"},{"taxonomy":"post_tag","embeddable":true,"href":"https:\/\/editorialhijosdemuleyrubio.com\/index.php?rest_route=%2Fwp%2Fv2%2Ftags&post=389"}],"curies":[{"name":"wp","href":"https:\/\/api.w.org\/{rel}","templated":true}]}}