{"id":394,"date":"2013-06-17T13:27:42","date_gmt":"2013-06-17T11:27:42","guid":{"rendered":"http:\/\/editorialhijosdemuleyrubio.com\/?p=394"},"modified":"2013-06-17T13:28:16","modified_gmt":"2013-06-17T11:28:16","slug":"novedades-de-colombine-2","status":"publish","type":"post","link":"https:\/\/editorialhijosdemuleyrubio.com\/?p=394","title":{"rendered":"Novedades de Colombine"},"content":{"rendered":"<p><b><a href=\"http:\/\/editorialhijosdemuleyrubio.com\/wp-content\/uploads\/2013\/06\/portada1.jpeg\"><img loading=\"lazy\" decoding=\"async\" class=\"alignleft size-medium wp-image-384\" alt=\"portada1\" src=\"http:\/\/editorialhijosdemuleyrubio.com\/wp-content\/uploads\/2013\/06\/portada1-300x60.jpeg\" width=\"300\" height=\"60\" srcset=\"https:\/\/editorialhijosdemuleyrubio.com\/wp-content\/uploads\/2013\/06\/portada1-300x60.jpeg 300w, https:\/\/editorialhijosdemuleyrubio.com\/wp-content\/uploads\/2013\/06\/portada1.jpeg 400w\" sizes=\"auto, (max-width: 300px) 100vw, 300px\" \/><\/a>Gabriel Luna<\/b><\/p>\n<p>Carmen de Burgos, Colombine, la primera mujer que se dedic\u00f3 al periodismo en Espa\u00f1a y pionera en tantas otras cosas, sigue estando de actualidad. Desde Portugal conocimos las palabras de C\u00e9sar Antonio Molina, que en su libro Sobre el iberismo (Ediciones Akal), con pr\u00f3logo de Jos\u00e9 Saramago, desgrana parte de las complejas relaciones entre estos dos vecinos: \u00abUna de las mayores divulgadoras de la literatura portuguesa fue Carmen de Burgos (Colombine) por muchos a\u00f1os compa\u00f1era sentimental de Ram\u00f3n y de su aventura portuguesa. En Cosm\u00f3polis escribi\u00f3 sobre todos los grandes poetas y narradores portugueses y se aventur\u00f3 a apostar por poetas pr\u00e1cticamente desconocidos, incluso en su propio \u00e1mbito, como Camilo Pessanha o M\u00e1rio de S\u00e1-Carneiro\u00bb.\u00a0<!--more--><br \/>\nA este recordatorio le han seguido otros como el de Susan Larson, profesora de Lengua y Literatura Moderna de la Universidad de Nueva York, quien ha concluido la edici\u00f3n cr\u00edtica de la novela La rampa, que aun permanece in\u00e9dita. Este trabajo incluye un pr\u00f3logo de Michael Ugarte, catedr\u00e1tico norteamericano cuya labor sobre esta autora es bien reconocida, al igual que la de las profesoras Roberta Johnson, Maryellen Bieder y Judith Kirpatrick, quienes desde varias academias de Estados Unidos, intentan difundir su figura. La investigaci\u00f3n de Susan Larson se centra en la importancia de La rampa en la trayectoria del feminismo espa\u00f1ol.<br \/>\nSiguiendo con las novedades, el Centro de Estudios Blasco Ib\u00e1\u00f1ez de Burjassot (Valencia), ha encontrado una carta del novelista en la que confirma que esta autora era su editora literaria y correg\u00eda sus habituales faltas de ortograf\u00eda o sintaxis, fruto de la torrentera vital y literaria en la que estaba inmerso el genial escritor. En el Archivo Hist\u00f3rico Nacional tambien se ha sacado a la web la referencia de dos misivas desconocidas. La primera es del articulista y escritor Cesar Gonz\u00e1lez Ruano, fechada en Sitges y dirigida a Carmen de Burgos, en cuyo sobre se acompa\u00f1aba un recorte de prensa del remitente publicado en el Diario Espa\u00f1a de Sevilla el 28 marzo 1939, siete a\u00f1os despu\u00e9s de la muerte de Colombine. La carta se hall\u00f3 en el archivo de Adriano del Valle y en este legado tambi\u00e9n ha aflorado otro correo de Isaac del Vando Villar (1890-1963) al propio Adriano del Valle donde se alude a la escritora en relaci\u00f3n con Ram\u00f3n G\u00f3mez de la Serna, Juan Ram\u00f3n Jim\u00e9nez, Fernando Pessoa y Jos\u00e9 Ortega y Gasset.<br \/>\nEntre estas buenas nuevas, la editorial Renacimiento de Sevilla ha alumbrado felizmente la novela er\u00f3tica La que quiso ser maja, obra breve editada en peque\u00f1o formato que destac\u00f3 por su atrevimiento en una \u00e9poca extraordinariamente pacata. En esa l\u00ednea, Ricardo Krauel en su Voces desde el silencio (Ediciones Libertarias), ha dedicado un interesante cap\u00edtulo al \u00abhomoerotismo, decadentismo y estecismo\u00bb de las c\u00e9lebres obras de Carmen de Burgos El veneno del arte y Ellas y ellos o ellos y ellas.<br \/>\nDesde Almer\u00eda tambien ha salido a la luz el trabajo de Helena Establier P\u00e9rez bajo el t\u00edtulo Mujer y feminismo en la Obra de Carmen de Burgos \u00abColombine\u00bb, que se adentra por diversas facetas de la escritora, aunque sin duda sus aportaciones m\u00e1s singulares se producen en el cap\u00edtulo sobre Las degeneradas con unas tesis que seguramente sean juzgadas por algunos timoratos como pol\u00e9micas.<br \/>\nEl \u00fanico pero, desgraciadamente siempre el mismo, es la mediocre edici\u00f3n realizada por el Instituto de Estudios Almerienses (IEA) de la Diputaci\u00f3n de Almer\u00eda, que sorprende a los lectores con una hoja volandera insertada en las tripas del libro, que complementa la bibliograf\u00eda pero que desluce un sesudo trabajo sobre aspectos opacos de la literata. No se entiende c\u00f3mo la contagiosa decadencia de algunos responsables del IEA da lugar a desafueros de este calibre, que empa\u00f1an a menudo la delicada tarea de recuperaci\u00f3n de Colombine<\/p>\n","protected":false},"excerpt":{"rendered":"<p>Gabriel Luna Carmen de Burgos, Colombine, la primera mujer que se dedic\u00f3 al periodismo en Espa\u00f1a y pionera en tantas otras cosas, sigue estando de actualidad. Desde Portugal conocimos las palabras de C\u00e9sar Antonio Molina, que en su libro Sobre el iberismo (Ediciones Akal), con pr\u00f3logo de Jos\u00e9 Saramago, desgrana parte de las complejas relaciones entre estos dos vecinos: \u00abUna de las mayores divulgadoras de la literatura portuguesa fue Carmen de Burgos (Colombine) por muchos a\u00f1os compa\u00f1era sentimental de Ram\u00f3n y de su aventura portuguesa. En Cosm\u00f3polis escribi\u00f3 sobre todos los grandes poetas y narradores portugueses y se aventur\u00f3 a apostar por poetas pr\u00e1cticamente desconocidos, incluso en su propio \u00e1mbito,<\/p>\n","protected":false},"author":1,"featured_media":0,"comment_status":"open","ping_status":"open","sticky":false,"template":"","format":"standard","meta":{"footnotes":""},"categories":[9],"tags":[82,83],"class_list":["post-394","post","type-post","status-publish","format-standard","hentry","category-cordel-de-extraviados-2","tag-carmen-de-burgos","tag-colombine"],"views":1350,"_links":{"self":[{"href":"https:\/\/editorialhijosdemuleyrubio.com\/index.php?rest_route=\/wp\/v2\/posts\/394","targetHints":{"allow":["GET"]}}],"collection":[{"href":"https:\/\/editorialhijosdemuleyrubio.com\/index.php?rest_route=\/wp\/v2\/posts"}],"about":[{"href":"https:\/\/editorialhijosdemuleyrubio.com\/index.php?rest_route=\/wp\/v2\/types\/post"}],"author":[{"embeddable":true,"href":"https:\/\/editorialhijosdemuleyrubio.com\/index.php?rest_route=\/wp\/v2\/users\/1"}],"replies":[{"embeddable":true,"href":"https:\/\/editorialhijosdemuleyrubio.com\/index.php?rest_route=%2Fwp%2Fv2%2Fcomments&post=394"}],"version-history":[{"count":2,"href":"https:\/\/editorialhijosdemuleyrubio.com\/index.php?rest_route=\/wp\/v2\/posts\/394\/revisions"}],"predecessor-version":[{"id":396,"href":"https:\/\/editorialhijosdemuleyrubio.com\/index.php?rest_route=\/wp\/v2\/posts\/394\/revisions\/396"}],"wp:attachment":[{"href":"https:\/\/editorialhijosdemuleyrubio.com\/index.php?rest_route=%2Fwp%2Fv2%2Fmedia&parent=394"}],"wp:term":[{"taxonomy":"category","embeddable":true,"href":"https:\/\/editorialhijosdemuleyrubio.com\/index.php?rest_route=%2Fwp%2Fv2%2Fcategories&post=394"},{"taxonomy":"post_tag","embeddable":true,"href":"https:\/\/editorialhijosdemuleyrubio.com\/index.php?rest_route=%2Fwp%2Fv2%2Ftags&post=394"}],"curies":[{"name":"wp","href":"https:\/\/api.w.org\/{rel}","templated":true}]}}