{"id":416,"date":"2013-06-17T13:47:13","date_gmt":"2013-06-17T11:47:13","guid":{"rendered":"http:\/\/editorialhijosdemuleyrubio.com\/?p=416"},"modified":"2013-06-17T13:58:58","modified_gmt":"2013-06-17T11:58:58","slug":"critica-de-libros","status":"publish","type":"post","link":"https:\/\/editorialhijosdemuleyrubio.com\/?p=416","title":{"rendered":"Cr\u00edtica de Libros"},"content":{"rendered":"<p><b><a href=\"http:\/\/editorialhijosdemuleyrubio.com\/wp-content\/uploads\/2013\/06\/portada1.jpeg\"><img loading=\"lazy\" decoding=\"async\" class=\"alignleft size-medium wp-image-384\" alt=\"portada1\" src=\"http:\/\/editorialhijosdemuleyrubio.com\/wp-content\/uploads\/2013\/06\/portada1-300x60.jpeg\" width=\"300\" height=\"60\" srcset=\"https:\/\/editorialhijosdemuleyrubio.com\/wp-content\/uploads\/2013\/06\/portada1-300x60.jpeg 300w, https:\/\/editorialhijosdemuleyrubio.com\/wp-content\/uploads\/2013\/06\/portada1.jpeg 400w\" sizes=\"auto, (max-width: 300px) 100vw, 300px\" \/><\/a>Gabriel Luna<\/b><\/p>\n<p><span style=\"font-family: Arial, Helvetica, sans-serif; font-size: small;\">Los sucesos de El Ejido (Almer\u00eda), sus or\u00edgenes, consecuencias y posibles terapias siguen provocando el inter\u00e9s de numerosos escritores, intelectuales, antrop\u00f3logos y soci\u00f3logos que desde variados puntos de vista ofrecen diagn\u00f3sticos muy certeros y posibles medidas a adoptar. Aunque las aportaciones literarias sean de muy diferente calado y muy distinta \u00f3ptica, todas ellas son muy de agradecer por lo que representan de estudio del fenomeno de la inmigraci\u00f3n, sus enormes ventajas, sus complejidades y sus contradicciones, que afectan tanto a la poblaci\u00f3n de llegada como a la de acogida. Sirvan estos cinco libros que CORDEL ha seleccionado como una primera muestra que acerca esta materia a los lectores que tengan curiosidad por abordarla con un m\u00ednimo de rigor.\u00a0<!--more--><\/span><\/p>\n<p><span style=\"font-family: Arial, Helvetica, sans-serif; font-size: small;\"><b><span style=\"color: #993300;\">ESTAMPAS DE EL EJIDO<br \/>\nMIKEL AZURMENDI<br \/>\nTAURUS<\/span><\/b><br \/>\nEl \u00faltimo libro y quiz\u00e1s uno de los m\u00e1s pol\u00e9micos que el actual presidente del Foro de la Inmigraci\u00f3n escribi\u00f3 antes de acceder al cargo. Lo mejor sin duda es su nota final para una \u00abpol\u00edtica de integraci\u00f3n cultural\u00bb, donde reclama la puesta en marcha \u00abde inmediato\u00bb de un cuerpo de interventores culturales sobre el terreno con objeto de \u00abconvertir al trabajador inmigrante en un ciudadano, a base de integrarlo en la red c\u00edvica de la convivencia mediante vigilancia permanente de la dignidad de sus condiciones de vida y de trabajo e incentivando su relaci\u00f3n con la urbe\u00bb. Pol\u00edticamente incorrecto para el pensamiento cr\u00edtico, lo menos afortunado de este volumen sean quiz\u00e1s sus alusiones e interpretaciones sobre Mercedes, la responsable de Mujeres Progresistas, cuya labor sigue siendo tan heroica y dif\u00edcil como incomprendida.<\/span><\/p>\n<p><span style=\"font-family: Arial, Helvetica, sans-serif; font-size: small;\"><b><span style=\"color: #993300;\">EL EJIDO, TIERRA SIN LEY<br \/>\nFORO CIVICO EUROPEO<\/span><\/b><br \/>\nTan controvertido como el volumen de Azurmendi, la lectura de este libro sigue siendo tan necesaria como la del anterior, pues recoge la visita que hizo a Almer\u00eda una representaci\u00f3n de esta instituci\u00f3n europea de la mano de Jean-Yves Carlier, abogado y profesor de la Universidad Cat\u00f3lica de Lovaina (B\u00e9lgica), junto con el te\u00f3logo alem\u00e1n Tob\u00edas Muller-Monning, el periodista y artista austriaco Arthur Burz, el agricultor franc\u00e9s de la Conf\u00e9d\u00e9ration Paysanne, Jean Pierre Bolognini, el ex-director de la C\u00e1mara Agraria de Ginebra, Willy Streckeisen, o el ingeniero agr\u00f3nomo holand\u00e9s Jan Bloom, entre otras prestigiosas firmas que lo avalan. Lo menos acertado del libro, cuyo boicot en Almer\u00eda es irracional e incomprensible, son sus insinuaciones finales sobre la relaci\u00f3n entre los tomates de Almer\u00eda y el \u00abs\u00edndrome de la colza\u00bb, pues la calidad de estas hortalizas del Poniente se ha encargado de desmontarlo.<\/span><\/p>\n<p><span style=\"color: #993300; font-family: Arial, Helvetica, sans-serif; font-size: small;\"><b>EL EJIDO. DISCRIMINACION, EXCLUSION SOCIAL Y RACISMO<br \/>\nUBALDO MARTINEZ VEIGA<br \/>\nEDITORIAL CATARATA<\/b><\/span><span style=\"font-family: Arial, Helvetica, sans-serif; font-size: small;\"><br \/>\nEl prestigioso antrop\u00f3logo Ubaldo Mart\u00ednez Veiga disecciona a pie de obra el fen\u00f3meno social, econ\u00f3mico y migratorio de El Ejido con la frialdad y el sosiego necesarios para extraer ideas m\u00e1s que interesantes sobre esta situaci\u00f3n. El final del libro, cuya presentaci\u00f3n alcanz\u00f3 una gran convocatoria en la FNAC de la madrile\u00f1a plaza de Callao, advierte que \u00ablos inmigrantes en El Ejido no s\u00f3lo est\u00e1n exclu\u00eddos sino que adem\u00e1s son pobres, muy pobres, y hacer un diagn\u00f3stico acerca de qu\u00e9 es peor es demasiado complicado, quiz\u00e1 imposible\u00bb. Lo menos juicioso sea quiz\u00e1s esa alusi\u00f3n al \u00abcar\u00e1cter no neutral del trabajo, escrito desde el punto de vista de los trabajadores inmigrantes y tomando partido por ellos, lo que no quiere decir que sea un estudio no objetivo\u00bb, pues la exhaustividad y precisi\u00f3n del mismo lo hacen m\u00e1s independiente de lo que el autor cree.<\/span><\/p>\n<p><span style=\"font-family: Arial, Helvetica, sans-serif; font-size: small;\"><br \/>\n<span style=\"color: #993300;\"><b>EL EJIDO: LA CIUDAD CORTIJO<br \/>\nFRANCISCO CHECA<br \/>\nPROLOGO DE IAN GIBSON<br \/>\nICARIA EDITORIAL\u00a0<\/b><\/span><br \/>\nEl profesor Francisco Checa, del laboratorio de Antropolog\u00eda social y cultural de la Universidad de Almer\u00eda, ha reunido en este volumen muy interesantes y diversas aportaciones que como \u00e9l mismo dice, pretenden abrir \u00abespacios de cr\u00edtica y reflexi\u00f3n\u00bb e informar al lector sobre las claves end\u00f3genas y ex\u00f3genas \u00abque alimentaron y derivaron en el conflicto \u00e9tnico m\u00e1s importante que ha sucedido en nuestro pa\u00eds, para que los ciudadanos tomen razones y elementos de juicio para sus conversaciones y sus actuaciones\u00bb. Hay que destacar todos los trabajos de este libro colectivo, entre los cuales se encuentran el de Concha Fern\u00e1ndez Soto, profesora agregada de Lengua y Literatura Castellana del Instituto \u00abFuente Nueva\u00bb de El Ejido, y los de cualificados profesores de la universidad almeriense. Valiosas tambi\u00e9n las aportaciones gr\u00e1ficas de los fotoperiodistas Francisco Bonilla y Jos\u00e9 Manuel Vidal, as\u00ed como del prologuista, el historiador Ian Gibson.<\/span><\/p>\n<p><span style=\"font-family: Arial, Helvetica, sans-serif; font-size: small;\"><b><span style=\"color: #993300;\">MIRANDO DESDE FUERA. HISTORIAS DE MIGRACION<br \/>\nCOLECTIVO ALGARABIA<br \/>\nCARITAS ESPA\u00d1OLAS EDITORES<\/span><\/b><br \/>\nEl colectivo Algarab\u00eda para la Investigaci\u00f3n Social entre Culturas, formado por profesores comprometidos de la Universidad de Almer\u00eda y miembros de la organizaci\u00f3n humanitaria Almer\u00eda Acoge, dio a luz este interesante libro en el que a trav\u00e9s del testimonio de diversos trabajadores inmigrados se analizan los fen\u00f3menos de integraci\u00f3n y xenofobia del Poniente almeriense, con sus evidentes complejidades y diferenciaciones. De estructura muy original, este volumen prologado por el poeta Juan Jos\u00e9 Ceba se convierte en una lectura necesaria para entender algunas claves de la actual situaci\u00f3n.<\/span><\/p>\n<p><span style=\"font-family: Arial, Helvetica, sans-serif; font-size: small;\"><b><span style=\"color: #993300;\">D\u00edAS Y MITOS<br \/>\n(DIARIOS, 1996-2000)<br \/>\nA. S\u00c1NCHEZ ROBAYNA. EDITORIAL FCE.<\/span><\/b><br \/>\nLa trayectoria del poeta Andr\u00e9s S\u00e1nchez Robayna es suficientemente conocida en los c\u00edrculos literarios contempor\u00e1neos. En este su segundo volumen de memorias recoge y define sus posiciones est\u00e9ticas y vitales, desde sus consideraciones en torno a la pintura, pasando por las cuestiones de mayor actualidad pol\u00edtica, hasta la literatura o la escultura moderna.<br \/>\nSi en el primer volumen recog\u00eda en alguno de sus pasajes su estancia por la periferia, desde Almer\u00eda o Barcelona hasta M\u00e9xico D. F., as\u00ed como la evocaci\u00f3n de su amistad con Jos\u00e9 \u00c1ngel Valente o Joan Brossa, en esta segunda entrega recorre algunos otros itinerarios con una m\u00e1s que destacable sensibilidad descriptiva que recuerda a muchos de sus poemas. No s\u00f3lo en prosa nos hace disfrutar Robayna del placer de la lectura: a\u00fan est\u00e1 reciente la aparici\u00f3n de su \u00faltima obra po\u00e9tica, El libro, tras la duna, pero antes ya hab\u00eda publicado textos tan significativos dentro de la poes\u00eda espa\u00f1ola del \u00faltimo tercio del siglo XX como Clima o Sobre una piedra extrema, adscritos a la comunmente denominada po\u00e9tica del silencio.<br \/>\nEn el campo del ensayo y de la cr\u00edtica de arte, el escritor canario nos hab\u00eda ilustrado con sendos volumenes sobre Cairasco de Figueroa y las vanguardias art\u00edsticas desde su archipi\u00e9lago. Tampoco evita en D\u00edas y mitos la controversia con el escritor Jos\u00e9 Saramago, al que obsequia con una serie de reproches por sus pesimistas tesis ideol\u00f3gicas inclu\u00eddas en La Caverna.<\/span><\/p>\n","protected":false},"excerpt":{"rendered":"<p>Gabriel Luna Los sucesos de El Ejido (Almer\u00eda), sus or\u00edgenes, consecuencias y posibles terapias siguen provocando el inter\u00e9s de numerosos escritores, intelectuales, antrop\u00f3logos y soci\u00f3logos que desde variados puntos de vista ofrecen diagn\u00f3sticos muy certeros y posibles medidas a adoptar. Aunque las aportaciones literarias sean de muy diferente calado y muy distinta \u00f3ptica, todas ellas son muy de agradecer por lo que representan de estudio del fenomeno de la inmigraci\u00f3n, sus enormes ventajas, sus complejidades y sus contradicciones, que afectan tanto a la poblaci\u00f3n de llegada como a la de acogida. Sirvan estos cinco libros que CORDEL ha seleccionado como una primera muestra que acerca esta materia a los lectores<\/p>\n","protected":false},"author":1,"featured_media":0,"comment_status":"open","ping_status":"open","sticky":false,"template":"","format":"standard","meta":{"footnotes":""},"categories":[9],"tags":[114,113],"class_list":["post-416","post","type-post","status-publish","format-standard","hentry","category-cordel-de-extraviados-2","tag-el-ejido","tag-libros"],"views":1437,"_links":{"self":[{"href":"https:\/\/editorialhijosdemuleyrubio.com\/index.php?rest_route=\/wp\/v2\/posts\/416","targetHints":{"allow":["GET"]}}],"collection":[{"href":"https:\/\/editorialhijosdemuleyrubio.com\/index.php?rest_route=\/wp\/v2\/posts"}],"about":[{"href":"https:\/\/editorialhijosdemuleyrubio.com\/index.php?rest_route=\/wp\/v2\/types\/post"}],"author":[{"embeddable":true,"href":"https:\/\/editorialhijosdemuleyrubio.com\/index.php?rest_route=\/wp\/v2\/users\/1"}],"replies":[{"embeddable":true,"href":"https:\/\/editorialhijosdemuleyrubio.com\/index.php?rest_route=%2Fwp%2Fv2%2Fcomments&post=416"}],"version-history":[{"count":2,"href":"https:\/\/editorialhijosdemuleyrubio.com\/index.php?rest_route=\/wp\/v2\/posts\/416\/revisions"}],"predecessor-version":[{"id":435,"href":"https:\/\/editorialhijosdemuleyrubio.com\/index.php?rest_route=\/wp\/v2\/posts\/416\/revisions\/435"}],"wp:attachment":[{"href":"https:\/\/editorialhijosdemuleyrubio.com\/index.php?rest_route=%2Fwp%2Fv2%2Fmedia&parent=416"}],"wp:term":[{"taxonomy":"category","embeddable":true,"href":"https:\/\/editorialhijosdemuleyrubio.com\/index.php?rest_route=%2Fwp%2Fv2%2Fcategories&post=416"},{"taxonomy":"post_tag","embeddable":true,"href":"https:\/\/editorialhijosdemuleyrubio.com\/index.php?rest_route=%2Fwp%2Fv2%2Ftags&post=416"}],"curies":[{"name":"wp","href":"https:\/\/api.w.org\/{rel}","templated":true}]}}