{"id":42,"date":"2014-01-01T23:16:10","date_gmt":"2014-01-01T22:16:10","guid":{"rendered":"http:\/\/editorialhijosdemuleyrubio.com\/?p=42"},"modified":"2014-01-13T18:13:56","modified_gmt":"2014-01-13T17:13:56","slug":"conversacion-con-francisco-marquez-villanueva-laureado-en-ee-uu-y-olvidado-en-espana","status":"publish","type":"post","link":"https:\/\/editorialhijosdemuleyrubio.com\/?p=42","title":{"rendered":"\u00daltima conversaci\u00f3n con Francisco M\u00e1rquez Villanueva: laureado en EE.UU y olvidado en Espa\u00f1a"},"content":{"rendered":"<p>&nbsp;<\/p>\n<p><a href=\"http:\/\/editorialhijosdemuleyrubio.com\/wp-content\/uploads\/2013\/06\/DownloadedFile-1.jpeg\"><img loading=\"lazy\" decoding=\"async\" class=\"alignleft size-full wp-image-44\" alt=\"DownloadedFile-1\" src=\"http:\/\/editorialhijosdemuleyrubio.com\/wp-content\/uploads\/2013\/06\/DownloadedFile-1.jpeg\" width=\"269\" height=\"187\" \/><\/a><\/p>\n<figure id=\"attachment_43\" aria-describedby=\"caption-attachment-43\" style=\"width: 263px\" class=\"wp-caption alignnone\"><a href=\"http:\/\/editorialhijosdemuleyrubio.com\/wp-content\/uploads\/2013\/06\/DownloadedFile.jpeg\"><img loading=\"lazy\" decoding=\"async\" class=\"size-full wp-image-43\" alt=\"Francisco M\u00e1rquez Villanueva, en blanco y negro\" src=\"http:\/\/editorialhijosdemuleyrubio.com\/wp-content\/uploads\/2013\/06\/DownloadedFile.jpeg\" width=\"263\" height=\"192\" \/><\/a><figcaption id=\"caption-attachment-43\" class=\"wp-caption-text\">Francisco M\u00e1rquez Villanueva, en blanco y negro<\/figcaption><\/figure>\n<p>\u201cUn poco tard\u00edo\u201d, me dijo el profesor <strong>Francisco M\u00e1rquez Villanueva<\/strong>, en conversaci\u00f3n telef\u00f3nica desde Harvard una semana antes de morir. All\u00ed era catedr\u00e1tico em\u00e9rito de una de las universidades m\u00e1s importantes del mundo. Se refer\u00eda al doctorado Honoris Causa que acababa de otorgarle la Universidad de Alcal\u00e1 (Madrid). Porque <strong>M\u00e1rquez Villanueva<\/strong>, que se reconoc\u00eda seguidor independiente de <strong>Am\u00e9rico Castro<\/strong>, era \u201cel \u00faltimo exiliado\u201d, seg\u00fan le hac\u00edan llegar sus disc\u00edpulos. El icono de la cultura espa\u00f1ola en Estados Unidos era en Espa\u00f1a un gran desconocido, porque desde 1959 \u201ccuando me expulsaron de la Universidad de Sevilla\u201d precisamente por seguir las ense\u00f1anzas de don Am\u00e9rico, su vida hab\u00eda sido un exilio permanente y un vac\u00edo peninsular constante.<\/p>\n<p>Como recuerdo y gratitud al viejo profesor y maestro, reproduzco una parte de la \u00abSilva moral al Siglo de Oro\u00bb de <strong>Lope de Vega<\/strong> y su cr\u00edptico y postrero homenaje a <strong>Miguel de Cervantes, <\/strong>tan querido por<strong> M\u00e1rquez Villanueva, <\/strong>memoria de unos tiempos que no cambian nunca:<\/p>\n<p style=\"text-align: center;\"><span style=\"color: #58595b;\">\u00a1Ay del se\u00f1or que sus vasallos deja<br \/>\nal cielo remitir la justa queja!<br \/>\nViendo pues la divina verdad santa<br \/>\nla tierra en tal estado,<br \/>\nel rico idolatrado,<br \/>\nel pobre miserable<br \/>\na quien ni aun el morir es favorable,<br \/>\nmientras m\u00e1s voces da, menos o\u00eddo,<br \/>\nel sabio aborrecido,<br \/>\nescuchado y premiado el lisonjero,<br \/>\nvencedor el dinero,<br \/>\nJos\u00e9 vendido por el propio hermano,<br \/>\nl\u00e1stima y burla del estado humano,<br \/>\ny entre la confusi\u00f3n de tanto estruendo<br \/>\nDem\u00f3crito riendo,<br \/>\nHer\u00e1clito llorando,<br \/>\nla muerte no temida,<br \/>\ny para el sue\u00f1o de tan breve vida<br \/>\nel hombre edificando<br \/>\nignorando la ley de la partida,<br \/>\ncon presuroso vuelo<br \/>\nsubi\u00f3se en hombros de s\u00ed misma al Cielo.<\/span><\/p>\n<p><center><b>Soneto<\/b><\/center>&nbsp;<\/p>\n<p style=\"text-align: center;\">Lisboa por el griego edificada<br \/>\nya de ser f\u00e9nix inmortal presuma,<br \/>\npues debe m\u00e1s a tu divina pluma,<br \/>\ndocto Gabriel, que a su famosa espada.<\/p>\n<p style=\"text-align: center;\">Voraz el tiempo con la diestra airada<br \/>\nno hay imperio mortal que no consuma:<br \/>\npero la vida de tu heroica suma<br \/>\nes alma ilustremente reservada.<\/p>\n<p style=\"text-align: center;\">\u00a1Mas ay! que cuando m\u00e1s enriqueciste<br \/>\nla Patria, que su art\u00edfice te llama,<br \/>\npor la segunda vida que le diste,<\/p>\n<p style=\"text-align: center;\">Cipr\u00e9s funesto tu laurel enrama,<br \/>\nsi bien ganaste en lo que m\u00e1s perdiste,<br \/>\npues cuando mueres t\u00fa, nace tu fama.<\/p>\n<p><a href=\"http:\/\/federicoutrera.wordpress.com\/2013\/05\/31\/francisco-marquez-villanueva-el-sucesor-de-americo-castro-laureado-en-ee-uu-y-olvidado-en-espana\/\">\u00a0Conversaci\u00f3n completa con Federico Utrera en el blog sobre videoarte y cultura pinchando aqu\u00ed.<\/a><\/p>\n<p>&nbsp;<\/p>\n","protected":false},"excerpt":{"rendered":"<p>&nbsp; \u201cUn poco tard\u00edo\u201d, me dijo el profesor Francisco M\u00e1rquez Villanueva, en conversaci\u00f3n telef\u00f3nica desde Harvard una semana antes de morir. All\u00ed era catedr\u00e1tico em\u00e9rito de una de las universidades m\u00e1s importantes del mundo. Se refer\u00eda al doctorado Honoris Causa que acababa de otorgarle la Universidad de Alcal\u00e1 (Madrid). Porque M\u00e1rquez Villanueva, que se reconoc\u00eda seguidor independiente de Am\u00e9rico Castro, era \u201cel \u00faltimo exiliado\u201d, seg\u00fan le hac\u00edan llegar sus disc\u00edpulos. El icono de la cultura espa\u00f1ola en Estados Unidos era en Espa\u00f1a un gran desconocido, porque desde 1959 \u201ccuando me expulsaron de la Universidad de Sevilla\u201d precisamente por seguir las ense\u00f1anzas de don Am\u00e9rico, su vida hab\u00eda sido un exilio<\/p>\n","protected":false},"author":1,"featured_media":0,"comment_status":"open","ping_status":"open","sticky":false,"template":"","format":"standard","meta":{"footnotes":""},"categories":[17,22,23],"tags":[37],"class_list":["post-42","post","type-post","status-publish","format-standard","hentry","category-biblioteca-hispanica-juan-goytisolo","category-inicio","category-noticias","tag-marquez-villanueva"],"views":2385,"_links":{"self":[{"href":"https:\/\/editorialhijosdemuleyrubio.com\/index.php?rest_route=\/wp\/v2\/posts\/42","targetHints":{"allow":["GET"]}}],"collection":[{"href":"https:\/\/editorialhijosdemuleyrubio.com\/index.php?rest_route=\/wp\/v2\/posts"}],"about":[{"href":"https:\/\/editorialhijosdemuleyrubio.com\/index.php?rest_route=\/wp\/v2\/types\/post"}],"author":[{"embeddable":true,"href":"https:\/\/editorialhijosdemuleyrubio.com\/index.php?rest_route=\/wp\/v2\/users\/1"}],"replies":[{"embeddable":true,"href":"https:\/\/editorialhijosdemuleyrubio.com\/index.php?rest_route=%2Fwp%2Fv2%2Fcomments&post=42"}],"version-history":[{"count":5,"href":"https:\/\/editorialhijosdemuleyrubio.com\/index.php?rest_route=\/wp\/v2\/posts\/42\/revisions"}],"predecessor-version":[{"id":1488,"href":"https:\/\/editorialhijosdemuleyrubio.com\/index.php?rest_route=\/wp\/v2\/posts\/42\/revisions\/1488"}],"wp:attachment":[{"href":"https:\/\/editorialhijosdemuleyrubio.com\/index.php?rest_route=%2Fwp%2Fv2%2Fmedia&parent=42"}],"wp:term":[{"taxonomy":"category","embeddable":true,"href":"https:\/\/editorialhijosdemuleyrubio.com\/index.php?rest_route=%2Fwp%2Fv2%2Fcategories&post=42"},{"taxonomy":"post_tag","embeddable":true,"href":"https:\/\/editorialhijosdemuleyrubio.com\/index.php?rest_route=%2Fwp%2Fv2%2Ftags&post=42"}],"curies":[{"name":"wp","href":"https:\/\/api.w.org\/{rel}","templated":true}]}}