{"id":513,"date":"2013-06-17T17:21:07","date_gmt":"2013-06-17T15:21:07","guid":{"rendered":"http:\/\/editorialhijosdemuleyrubio.com\/?p=513"},"modified":"2013-06-17T17:21:07","modified_gmt":"2013-06-17T15:21:07","slug":"la-provincia-esquizofrenica","status":"publish","type":"post","link":"https:\/\/editorialhijosdemuleyrubio.com\/?p=513","title":{"rendered":"La provincia esquizofr\u00e9nica"},"content":{"rendered":"<p><b><a href=\"http:\/\/editorialhijosdemuleyrubio.com\/wp-content\/uploads\/2013\/06\/logocordel1.jpg\"><img loading=\"lazy\" decoding=\"async\" class=\"alignleft size-full wp-image-206\" alt=\"logocordel1\" src=\"http:\/\/editorialhijosdemuleyrubio.com\/wp-content\/uploads\/2013\/06\/logocordel1.jpg\" width=\"300\" height=\"62\" \/><\/a>Antonio Orejudo.<\/b><\/p>\n<p>Provincia es ant\u00f3nimo de centro; pero la provincia siempre pugna por convertirse en centro y reproduce dentro de s\u00ed los mecanismos de los que es v\u00edctima. La provincia es provincia a su pesar. La provincia andaluza se convirti\u00f3 en centro, como otras tantas provincias, con la coartada \u00bfintelectual? del nacionalismo y el plan pol\u00edtico de las autonom\u00edas. Desde ese momento pest\u00edfero, Andaluc\u00eda, y el resto de provincias, renunci\u00f3 a sus posibilidades de ejercer realmente como provincia, ofreciendo puntos de vista, actitudes y posturas extravagantes, extempor\u00e1neas, extranjeras y, en una palabra, marginales. Muy al contrario, cuando Andaluc\u00eda y las dem\u00e1s provincias obtuvieron sus estatutos de autonom\u00eda, se constituyeron en centro y reconstruyeron dentro de s\u00ed el mismo esquema del que hab\u00edan renegado. En Andaluc\u00eda, Sevilla se conviti\u00f3 en centro y ejerci\u00f3 sobre las provincias una tiran\u00eda cultural y pol\u00edtica semejante a la que Madrid hab\u00eda ejercido contra Andaluc\u00eda durante d\u00e9cadas. Almer\u00eda es una muestra salvaje de ese olvido al que el centro somete siempre a la periferia.\u00a0<!--more--><br \/>\nPero Almer\u00eda no est\u00e1 libre de culpa. Almer\u00eda espera su turno para convertirse en centro de Andaluc\u00eda hacia el 2005, a\u00f1o en el que desaparecer\u00e1n los \u00faltimos restos marginales de la provincia, los que la han hecho encantadora durante mucho tiempo. Los sucesos de El Ejido demuestran que Almer\u00eda ingresa inexorablemente en el centro. Mientras tanto reproduce dentro de s\u00ed las tensas relaciones entre centro y extrarradio. Las obras municipales son una piedra de toque excelente para comprobar esta situaci\u00f3n. Mientras que el centro de la ciudad es sometido a una remodelaci\u00f3n de miles de millones, los barrios (como se conoce en ocasiones a la provincia, a la periferia, al margen) permanecen abandonados. Un tal Megino, ur\u00f3logo, lleg\u00f3 a comparar la estructura de la ciudad con la de una casa de clase media, con su sal\u00f3n como centro y sus salas perif\u00e9ricas, que pueden esperar la hora de reforma. Provincias de Almer\u00eda, como Retamar, sufren el olvido del centro en una provincia, Almer\u00eda, que a su vez es v\u00edctima del centralismo sevillano. Lo curioso es que este fen\u00f3meno se produce en Andaluc\u00eda, una provincia tradicionalmente ignorada por el centro de la Administraci\u00f3n. Y lo m\u00e1s estramb\u00f3tico es que todo ello tenga lugar en un pa\u00eds, Espa\u00f1a, que ha sido provincia, margen cultural, extravagancia, periferia de Europa, provincia de Estados Unidos.<br \/>\nPrefiero una provincia cr\u00edtica con el centro, que no reproduzca los vicios que critica; prefiero una provincia al margen del pensamiento \u00fanico<\/p>\n","protected":false},"excerpt":{"rendered":"<p>Antonio Orejudo. Provincia es ant\u00f3nimo de centro; pero la provincia siempre pugna por convertirse en centro y reproduce dentro de s\u00ed los mecanismos de los que es v\u00edctima. La provincia es provincia a su pesar. La provincia andaluza se convirti\u00f3 en centro, como otras tantas provincias, con la coartada \u00bfintelectual? del nacionalismo y el plan pol\u00edtico de las autonom\u00edas. Desde ese momento pest\u00edfero, Andaluc\u00eda, y el resto de provincias, renunci\u00f3 a sus posibilidades de ejercer realmente como provincia, ofreciendo puntos de vista, actitudes y posturas extravagantes, extempor\u00e1neas, extranjeras y, en una palabra, marginales. Muy al contrario, cuando Andaluc\u00eda y las dem\u00e1s provincias obtuvieron sus estatutos de autonom\u00eda, se constituyeron en<\/p>\n","protected":false},"author":1,"featured_media":0,"comment_status":"open","ping_status":"open","sticky":false,"template":"","format":"standard","meta":{"footnotes":""},"categories":[10],"tags":[120],"class_list":["post-513","post","type-post","status-publish","format-standard","hentry","category-cordel-de-extraviados-1","tag-antonio-orejudo"],"views":1162,"_links":{"self":[{"href":"https:\/\/editorialhijosdemuleyrubio.com\/index.php?rest_route=\/wp\/v2\/posts\/513","targetHints":{"allow":["GET"]}}],"collection":[{"href":"https:\/\/editorialhijosdemuleyrubio.com\/index.php?rest_route=\/wp\/v2\/posts"}],"about":[{"href":"https:\/\/editorialhijosdemuleyrubio.com\/index.php?rest_route=\/wp\/v2\/types\/post"}],"author":[{"embeddable":true,"href":"https:\/\/editorialhijosdemuleyrubio.com\/index.php?rest_route=\/wp\/v2\/users\/1"}],"replies":[{"embeddable":true,"href":"https:\/\/editorialhijosdemuleyrubio.com\/index.php?rest_route=%2Fwp%2Fv2%2Fcomments&post=513"}],"version-history":[{"count":1,"href":"https:\/\/editorialhijosdemuleyrubio.com\/index.php?rest_route=\/wp\/v2\/posts\/513\/revisions"}],"predecessor-version":[{"id":514,"href":"https:\/\/editorialhijosdemuleyrubio.com\/index.php?rest_route=\/wp\/v2\/posts\/513\/revisions\/514"}],"wp:attachment":[{"href":"https:\/\/editorialhijosdemuleyrubio.com\/index.php?rest_route=%2Fwp%2Fv2%2Fmedia&parent=513"}],"wp:term":[{"taxonomy":"category","embeddable":true,"href":"https:\/\/editorialhijosdemuleyrubio.com\/index.php?rest_route=%2Fwp%2Fv2%2Fcategories&post=513"},{"taxonomy":"post_tag","embeddable":true,"href":"https:\/\/editorialhijosdemuleyrubio.com\/index.php?rest_route=%2Fwp%2Fv2%2Ftags&post=513"}],"curies":[{"name":"wp","href":"https:\/\/api.w.org\/{rel}","templated":true}]}}