{"id":515,"date":"2013-06-17T17:22:28","date_gmt":"2013-06-17T15:22:28","guid":{"rendered":"http:\/\/editorialhijosdemuleyrubio.com\/?p=515"},"modified":"2013-06-17T17:22:56","modified_gmt":"2013-06-17T15:22:56","slug":"una-literatura-menor","status":"publish","type":"post","link":"https:\/\/editorialhijosdemuleyrubio.com\/?p=515","title":{"rendered":"Una literatura menor"},"content":{"rendered":"<p><b><a href=\"http:\/\/editorialhijosdemuleyrubio.com\/wp-content\/uploads\/2013\/06\/logocordel1.jpg\"><img loading=\"lazy\" decoding=\"async\" class=\"alignleft size-full wp-image-206\" alt=\"logocordel1\" src=\"http:\/\/editorialhijosdemuleyrubio.com\/wp-content\/uploads\/2013\/06\/logocordel1.jpg\" width=\"300\" height=\"62\" \/><\/a>Jos\u00e9 And\u00fajar Almansa.<\/b><\/p>\n<p>Leopardi escribi\u00f3 la mayor\u00eda de sus c\u00e9lebres Canti en Recanati, una peque\u00f1a ciudad italiana de Las Marcas. Fue ese el lugar donde transcurrieron los primeros a\u00f1os de su vida y su juventud, pero tambi\u00e9n el escenario derrotado de sus continuos regresos a la casa paterna, motivados por la enfermedad o los problemas econ\u00f3micos. All\u00ed, sin embargo, desde un solitario collado pr\u00f3ximo a la hacienda familiar, crey\u00f3 atisbar el infinito como alternativo rostro de la nada.\u00a0<!--more--><br \/>\nRimbaud, que quer\u00eda ser absolutamente moderno, imagin\u00f3 en <em>Le bateau ivre<\/em> el v\u00e9rtigo de todos los viajes sin haber visto nunca el mar, ese otro infinito que intuy\u00f3 tras sus lecturas en una modesta biblioteca p\u00fablica de Charleville, donde consum\u00eda las horas aguardando impaciente la definitiva huida hacia Par\u00eds. Supongo que cuesta imaginar a aquel aventajado alumno de instituto que fue Rimbaud obteniendo diploma y flor natural entre el aplauso de sus pac\u00edficos y complacidos conciudadanos, al tiempo que ataca inmprovisados compases una banda municipal y espesa. Pero ni Leopardi ni Rimbaud son poetas de provincia, tan s\u00f3lo escribieron en ella, y desde all\u00ed trascendieron todas las geograf\u00edas y previsiones temporales que los alejan precisamente de lo provinciano.<br \/>\n\u00bfEn qu\u00e9 consiste, entonces, una literatura de provincias? Sin duda en algo m\u00e1s que ese paisaje de <em>Calle Mayor<\/em> con Ateneos, C\u00edrculos de Casino y vates y poetisas cursis (sobre todo \u00abpoetisas\u00bb, que ya s\u00f3lo existen en provincias). El paso del tiempo ha ido deshojando aquella consabida flor natural para dejar paso a los cert\u00e1menes y subvenciones de las Diputaciones Provinciales y Cajas de Ahorros, pero lo cursi po\u00e9tico siempre tendr\u00e1 su rinc\u00f3n en lo provinciano, doblemente cursi cuando se toma muy en serio y en esa solemnidad moja su pluma tanto licenciado vidriera.<br \/>\nAunque existe otra poes\u00eda de provincias que prefiero y a la que necesariamente acabo por volver. Entre otras cosas porque en ella me intriga el latir de un tiempo destartalado y sombr\u00edo que apenas reconozco, un spleen provinciano de tediosas tardes de domingo, paseos con alamedas y quioscos de m\u00fasica. Quiero decir, una literatura de tono menor que hace de lo cursi una recreaci\u00f3n sentimental y nost\u00e1lgica que consigue afectarnos, que nos acompa\u00f1a en versos donde la campana de la Audiencia, por ejemplo, da la una y un sol de oro tiembla en los rincones de una plaza con acacias empolvadas. Pienso acaso en las tribulaciones de un humilde profesor rural exiliado en Soria, Baeza o Segovia, o de un taciturno m\u00e9dico en su ir y venir por las calles tambi\u00e9n taciturnas de Lugo discurriendo la fragilidad de lo que el tiempo se lleva. Y junto a estos, en otros muchos como Francis Jammes, Fernando Fort\u00fan, Azor\u00edn&#8230;, autores surgidos despu\u00e9s de la modernidad y del fracaso de todos sus escenarios y met\u00e1foras uniformadoras. No se trata de un menosprecio de corte y alabanza de aldea, sino de una opci\u00f3n est\u00e9tica por algo que a estas alturas se me revela tan cordial como ex\u00f3tico.<\/p>\n","protected":false},"excerpt":{"rendered":"<p>Jos\u00e9 And\u00fajar Almansa. Leopardi escribi\u00f3 la mayor\u00eda de sus c\u00e9lebres Canti en Recanati, una peque\u00f1a ciudad italiana de Las Marcas. Fue ese el lugar donde transcurrieron los primeros a\u00f1os de su vida y su juventud, pero tambi\u00e9n el escenario derrotado de sus continuos regresos a la casa paterna, motivados por la enfermedad o los problemas econ\u00f3micos. All\u00ed, sin embargo, desde un solitario collado pr\u00f3ximo a la hacienda familiar, crey\u00f3 atisbar el infinito como alternativo rostro de la nada.\u00a0<\/p>\n","protected":false},"author":1,"featured_media":0,"comment_status":"open","ping_status":"open","sticky":false,"template":"","format":"standard","meta":{"footnotes":""},"categories":[10],"tags":[121],"class_list":["post-515","post","type-post","status-publish","format-standard","hentry","category-cordel-de-extraviados-1","tag-jose-andujar-almansa"],"views":1735,"_links":{"self":[{"href":"https:\/\/editorialhijosdemuleyrubio.com\/index.php?rest_route=\/wp\/v2\/posts\/515","targetHints":{"allow":["GET"]}}],"collection":[{"href":"https:\/\/editorialhijosdemuleyrubio.com\/index.php?rest_route=\/wp\/v2\/posts"}],"about":[{"href":"https:\/\/editorialhijosdemuleyrubio.com\/index.php?rest_route=\/wp\/v2\/types\/post"}],"author":[{"embeddable":true,"href":"https:\/\/editorialhijosdemuleyrubio.com\/index.php?rest_route=\/wp\/v2\/users\/1"}],"replies":[{"embeddable":true,"href":"https:\/\/editorialhijosdemuleyrubio.com\/index.php?rest_route=%2Fwp%2Fv2%2Fcomments&post=515"}],"version-history":[{"count":3,"href":"https:\/\/editorialhijosdemuleyrubio.com\/index.php?rest_route=\/wp\/v2\/posts\/515\/revisions"}],"predecessor-version":[{"id":518,"href":"https:\/\/editorialhijosdemuleyrubio.com\/index.php?rest_route=\/wp\/v2\/posts\/515\/revisions\/518"}],"wp:attachment":[{"href":"https:\/\/editorialhijosdemuleyrubio.com\/index.php?rest_route=%2Fwp%2Fv2%2Fmedia&parent=515"}],"wp:term":[{"taxonomy":"category","embeddable":true,"href":"https:\/\/editorialhijosdemuleyrubio.com\/index.php?rest_route=%2Fwp%2Fv2%2Fcategories&post=515"},{"taxonomy":"post_tag","embeddable":true,"href":"https:\/\/editorialhijosdemuleyrubio.com\/index.php?rest_route=%2Fwp%2Fv2%2Ftags&post=515"}],"curies":[{"name":"wp","href":"https:\/\/api.w.org\/{rel}","templated":true}]}}