{"id":524,"date":"2013-06-17T17:28:00","date_gmt":"2013-06-17T15:28:00","guid":{"rendered":"http:\/\/editorialhijosdemuleyrubio.com\/?p=524"},"modified":"2013-06-17T17:28:00","modified_gmt":"2013-06-17T15:28:00","slug":"addenda-pensar-la-provincia","status":"publish","type":"post","link":"https:\/\/editorialhijosdemuleyrubio.com\/?p=524","title":{"rendered":"Addenda: Pensar la provincia"},"content":{"rendered":"<p><a href=\"http:\/\/editorialhijosdemuleyrubio.com\/wp-content\/uploads\/2013\/06\/provincia.jpeg\"><img loading=\"lazy\" decoding=\"async\" class=\"alignleft size-full wp-image-525\" alt=\"provincia\" src=\"http:\/\/editorialhijosdemuleyrubio.com\/wp-content\/uploads\/2013\/06\/provincia.jpeg\" width=\"200\" height=\"145\" \/><\/a>Aunque Espa\u00f1a qued\u00f3 dividida en 49 provincias desde 1833, la distinci\u00f3n entre capitalinos y provincianos parec\u00eda ser, desde bastante tiempo atr\u00e1s, una cuesti\u00f3n que radicaba m\u00e1s bien en la conciencia que en el Derecho Administrativo. Pero, \u00bfen qu\u00e9 consiste hoy ser provinciano? \u00bfCu\u00e1les son sus manifestaciones y sus elementos m\u00e1s reconocibles? En el mundo del flujo global de la informaci\u00f3n, \u00bfse puede seguir hablando de centro y de periferia? He aqu\u00ed algunas calas en torno a esta cuesti\u00f3n.<\/p>\n","protected":false},"excerpt":{"rendered":"<p>Aunque Espa\u00f1a qued\u00f3 dividida en 49 provincias desde 1833, la distinci\u00f3n entre capitalinos y provincianos parec\u00eda ser, desde bastante tiempo atr\u00e1s, una cuesti\u00f3n que radicaba m\u00e1s bien en la conciencia que en el Derecho Administrativo. Pero, \u00bfen qu\u00e9 consiste hoy ser provinciano? \u00bfCu\u00e1les son sus manifestaciones y sus elementos m\u00e1s reconocibles? En el mundo del flujo global de la informaci\u00f3n, \u00bfse puede seguir hablando de centro y de periferia? He aqu\u00ed algunas calas en torno a esta cuesti\u00f3n.<\/p>\n","protected":false},"author":1,"featured_media":0,"comment_status":"open","ping_status":"open","sticky":false,"template":"","format":"standard","meta":{"footnotes":""},"categories":[10],"tags":[48],"class_list":["post-524","post","type-post","status-publish","format-standard","hentry","category-cordel-de-extraviados-1","tag-cordel-de-extraviados-revista"],"views":1507,"_links":{"self":[{"href":"https:\/\/editorialhijosdemuleyrubio.com\/index.php?rest_route=\/wp\/v2\/posts\/524","targetHints":{"allow":["GET"]}}],"collection":[{"href":"https:\/\/editorialhijosdemuleyrubio.com\/index.php?rest_route=\/wp\/v2\/posts"}],"about":[{"href":"https:\/\/editorialhijosdemuleyrubio.com\/index.php?rest_route=\/wp\/v2\/types\/post"}],"author":[{"embeddable":true,"href":"https:\/\/editorialhijosdemuleyrubio.com\/index.php?rest_route=\/wp\/v2\/users\/1"}],"replies":[{"embeddable":true,"href":"https:\/\/editorialhijosdemuleyrubio.com\/index.php?rest_route=%2Fwp%2Fv2%2Fcomments&post=524"}],"version-history":[{"count":1,"href":"https:\/\/editorialhijosdemuleyrubio.com\/index.php?rest_route=\/wp\/v2\/posts\/524\/revisions"}],"predecessor-version":[{"id":526,"href":"https:\/\/editorialhijosdemuleyrubio.com\/index.php?rest_route=\/wp\/v2\/posts\/524\/revisions\/526"}],"wp:attachment":[{"href":"https:\/\/editorialhijosdemuleyrubio.com\/index.php?rest_route=%2Fwp%2Fv2%2Fmedia&parent=524"}],"wp:term":[{"taxonomy":"category","embeddable":true,"href":"https:\/\/editorialhijosdemuleyrubio.com\/index.php?rest_route=%2Fwp%2Fv2%2Fcategories&post=524"},{"taxonomy":"post_tag","embeddable":true,"href":"https:\/\/editorialhijosdemuleyrubio.com\/index.php?rest_route=%2Fwp%2Fv2%2Ftags&post=524"}],"curies":[{"name":"wp","href":"https:\/\/api.w.org\/{rel}","templated":true}]}}