{"id":527,"date":"2013-06-17T17:31:00","date_gmt":"2013-06-17T15:31:00","guid":{"rendered":"http:\/\/editorialhijosdemuleyrubio.com\/?p=527"},"modified":"2013-06-17T17:31:00","modified_gmt":"2013-06-17T15:31:00","slug":"jose-angel-valente-aproximacion-biografica","status":"publish","type":"post","link":"https:\/\/editorialhijosdemuleyrubio.com\/?p=527","title":{"rendered":"Jos\u00e9 Angel Valente: aproximaci\u00f3n biogr\u00e1fica"},"content":{"rendered":"<p><span style=\"font-family: Arial, Helvetica, sans-serif; font-size: small;\"><b><span style=\"font-size: small;\"><a href=\"http:\/\/editorialhijosdemuleyrubio.com\/wp-content\/uploads\/2013\/06\/joseangel.jpeg\"><img loading=\"lazy\" decoding=\"async\" class=\"alignleft size-full wp-image-528\" alt=\"joseangel\" src=\"http:\/\/editorialhijosdemuleyrubio.com\/wp-content\/uploads\/2013\/06\/joseangel.jpeg\" width=\"166\" height=\"200\" \/><\/a>Claudio Rodr\u00edguez Fer.<\/span><\/b><\/span><\/p>\n<p><span style=\"font-family: Arial, Helvetica, sans-serif; font-size: small;\">A pesar de su enorme prestigio intelectual y de la significaci\u00f3n \u00e9tica y literaria que ha alcanzado en Europa, Jos\u00e9 Angel Valente sufri\u00f3 antes de morir cierta contestaci\u00f3n en Almer\u00eda y fue una presencia inc\u00f3moda para algunos personajes que ocupan cargos institucionales en nuestra ciudad. Con el fin de que nuestros lectores -y los citados responsables culturales, universitarios y pol\u00edticos- se hagan cargo de la verdadera dimensi\u00f3n de su obra, que algunos cr\u00edticos consideran heredera de la po\u00e9tica de San Juan de la Cruz, reproducimos el art\u00edculo del profesor Claudio Rodr\u00edguez Fer, publicado por la Residencia de Estudiantes y Alianza Editorial con motivo del homenaje que recibi\u00f3 en Madrid.<\/span><\/p>\n<p><span style=\"font-family: Arial, Helvetica, sans-serif; font-size: small;\">Jos\u00e9 \u00c1ngel Valente, sin duda uno de los escritores m\u00e1s importantes y significativos de la literatura espa\u00f1ola de postguerra, es tambi\u00e9n una de las personalidades intelectuales m\u00e1s relevantes y particulares de la cultura europea del siglo XX, tal como creemos que evidencia la polif\u00f3nica compilaci\u00f3n de estudios que le dedicamos en el volumen de la serie El escritor y la Cr\u00edtica (Taurus, 1992) a \u00e9l consagrado.\u00a0<!--more--><\/span><\/p>\n<p><span style=\"font-family: Arial, Helvetica, sans-serif; font-size: small;\"><br \/>\nNacido en Ourense el 25 de abril de 1929, Valente vivi\u00f3 su infancia y su adolescencia en Galicia, en cuya Universidad -la de Santiago, la \u00fanica entonces existente- comenz\u00f3 a estudiar Derecho. En los a\u00f1os cuarenta public\u00f3 versos en gallego y se relacion\u00f3 con el galleguismo cultural, actitud ling\u00fc\u00edstica que rebrotar\u00e1 en los a\u00f1os ochenta con el poemario Sete c\u00e1ntigas de al\u00e9n (1981), luego ampliado en C\u00e1ntigas de al\u00e9n (1989), y con otros escritos en prosa de motivaci\u00f3n galaica, que hemos recogido, junto a nuevos poemas gallegos, en Material Valente (1994). Adem\u00e1s, Galicia -y particularmente su ciudad natal- tiene tambi\u00e9n una notoria presencia en su obra en castellano.<\/span><\/p>\n<p><span style=\"font-family: Arial, Helvetica, sans-serif; font-size: small;\"><br \/>\nInstalado en Madrid en 1947, se licenci\u00f3 all\u00ed en Filolog\u00eda Rom\u00e1nica y se vincul\u00f3 a las m\u00e1s activas plataformas culturales de la postguerra en Espa\u00f1a, adoptando un l\u00facido y responsable posicionamiento cr\u00edtico. Desde 1955 fue miembro del Departamento de Estudios Hisp\u00e1nicos de la Universidad de Oxford, donde recibi\u00f3 el grado de Master of Arts, y, desde 1958, ejerci\u00f3 como funcionario de la Organizaci\u00f3n de las Naciones Unidas en Ginebra.<\/span><\/p>\n<p><span style=\"font-family: Arial, Helvetica, sans-serif; font-size: small;\"><br \/>\nEl inevitable distanciamiento de los mundillos culturales espa\u00f1oles y su consiguiente inmersi\u00f3n en el conjunto de la vida intelectual europea acentuaron a\u00fan m\u00e1s, si cabe, su serena independencia y su conexi\u00f3n con interesantes manifestaciones art\u00edsticas y literarias del continente, aunque en todo momento se mantuvo preocupado por la situaci\u00f3n sociopol\u00edtica espa\u00f1ola en activa solidaridad antifranquista, como revela, por ejemplo, su colaboraci\u00f3n con las iniciativas de los emigrantes gallegos y no gallegos en Suiza.<br \/>\nA partir de 1975 residi\u00f3, sucesivamente, en Collongues-sous-Sal\u00e8ve, localidad ubicada en la Alta Saboya francesa, y Par\u00eds. En 1985 estableci\u00f3 residencia en Almer\u00eda, que actualmente compagina conlas de Ginebra y Par\u00eds. Reconocido mundialmente en los m\u00e1s exigentes medios culturales como un creador y como un intelectual fundamental en el panorama europeo de fin del milenio, su presencia en la vida art\u00edstica y literaria internacional es ya tan necesaria como imprescindible en lo \u00e9tico y en lo est\u00e9tico.<\/span><\/p>\n<p><span style=\"font-family: Arial, Helvetica, sans-serif; font-size: small;\"><b><span style=\"color: #663399;\">Trayectoria po\u00e9tica<\/span><\/b><br \/>\nSU trayectoria po\u00e9tica castellana es sobradamente conocida por el lugar central que ocupa en la literatura espa\u00f1ola de postguerra y por su progresiva apertura a la m\u00e1s avanzada modernidad europea. As\u00ed lo atestiguan sus libros y op\u00fasculos, que, tras A modo de esperanza (1955), fueron apareciendo en los a\u00f1os sesenta -Poemas a L\u00e1zaro (1960), La memoria y los signos (1966), Siete representaciones (1967), Breve son (1968),- setenta -Presentaci\u00f3n y memorial para un monumento (1970), El inocente (1970), Interior con figuras (1976), Material memoria (1978)- ochenta -Tres lecciones de tinieblas (1980), Estancias (1981), Tr\u00e1nsito (1982), Mandorla (1982), El fulgor (1984), Nueve poemas (1986), Al dios del lugar (1989)- y noventa -No amanece el cantor (1992), Nadie (1994), Catro poemas in\u00e9ditos (1995).<\/span><\/p>\n<p><span style=\"font-family: Arial, Helvetica, sans-serif; font-size: small;\"><br \/>\nCon el t\u00edtulo de Punto cero recogi\u00f3 su poes\u00eda en 1972 (incluyendo tambi\u00e9n Treinta y siete fragmentos, obra no publicada en edici\u00f3n independiente hasta 1989) y en 1980, tras lo que reuni\u00f3 su producci\u00f3n posterior a dicha fecha en 1989 con el t\u00edtulo de Material memoria. Fue antologado en Noventa y nueve poemas (1981) por Jos\u00e9 Miguel Ull\u00e1n, y en Entrada en materia (1985) por Jacques Ancet, as\u00ed como traducido al franc\u00e9s, portugu\u00e9s, italiano, ingl\u00e9s y alem\u00e1n en libros y revistas editados en Francia, Canad\u00e1, B\u00e9lgica, Portugal, Italia, Gran Breta\u00f1a, Estados Unidos y Alemania. Adem\u00e1s, alguno de sus poemas castellanos fue traducido al gallego, mientras que su obra en gallego fue traducida al castellano y al catal\u00e1n. Espor\u00e1dicamente, escribi\u00f3 tambi\u00e9n versos en franc\u00e9s, como los contenidos en el pliego A Madame Chi, en remerciement du r\u00e9veil (1982). (&#8230;)<\/span><\/p>\n<p><span style=\"font-family: Arial, Helvetica, sans-serif; font-size: small;\"><b><span style=\"color: #663399;\">Narrativa y ensayo<\/span><\/b><br \/>\nCultivador de la m\u00e1s rigurosa prosa po\u00e9tica y narrativa, su primera obra de este g\u00e9nero, N\u00famero trece (1971), fue secuestrada por la censura franquista y le ocasion\u00f3 un auto de procesamiento, pero pudo ser parcialmente reunida en El fin de la edad de plata (1973), ciclo complementado m\u00e1s adelante con Nueve enunciaciones (1982) y finalmente reunido en El fin de la edad de plata seguido de Nueve enunciaciones (1995).<\/span><\/p>\n<p><span style=\"font-family: Arial, Helvetica, sans-serif; font-size: small;\"><br \/>\nColabor\u00f3 muy asiduamente en la prensa cultural espa\u00f1ola de postguerra, a veces de modo pol\u00e9mico, pero siempre esclarecedor. Buena parte de sus ensayos esparcidos por medios diversos fueron reunidos en Las palabras de la tribu (1971) y en La piedra y el centro (1983). A este \u00faltimo volumen incorpor\u00f3 su \u00abEnsayo sobre Miguel de Molinos\u00bb, que hab\u00eda servido de introducci\u00f3n a la edici\u00f3n de Gu\u00eda espiritual, seguida de Fragmentos de la \u00abDefensa de la contemplaci\u00f3n\u00bb, de dicho m\u00edstico heterodoxo (1974), textos sobre los que volvi\u00f3 en pr\u00f3logo y edici\u00f3n posteriores (1989). Como Lectura en Tenerife (1989) fue publicada una presentaci\u00f3n y selecci\u00f3n de textos propios le\u00eddos en dicha isla. Posteriormente, public\u00f3 Variaciones sobre el p\u00e1jaro y la red en volumen compartido con La piedra y el centro (1991). En la misma l\u00ednea, prolog\u00f3 C\u00e1ntico espiritual y Poes\u00edas. Manuscrito de Ja\u00e9n (1991), de San Juan de la Cruz, y coedit\u00f3, con Jos\u00e9 Lara Garido, Hermen\u00e9utica y m\u00edstica: San Juan de la Cruz (1995).<\/span><\/p>\n<p><span style=\"font-family: Arial, Helvetica, sans-serif; font-size: small;\"><b><span style=\"color: #663399;\">Reconocimiento y heterodoxia<\/span><\/b><br \/>\nEL reconocimiento cr\u00edtico de la obra en verso y en prosa de Jos\u00e9 \u00c1ngel Valente fue inmediato y perdurable, aunque no siempre estuvo a la altura de su calidad literaria. Su primer libro, A modo de esperanza, obtuvo el Premio Adonais de 1954, mientras que el segundo, Poemas a L\u00e1zaro, recibi\u00f3 el Premio de la Cr\u00edtica en 1960. Despu\u00e9s de un cierto desapego de los medios culturales espa\u00f1oles en beneficio de su independencia moral y creativa, se reanud\u00f3 su reconocimiento en aqu\u00e9llos al conced\u00e9rsele de nuevo el Premio de la Cr\u00edtica (en 1980, por Tres lecciones de tinieblas), el Premio de la Fundaci\u00f3n Pablo Iglesias (en 1984), el Premio Pr\u00edncipe de Asturias de las Letras (en 1988), el Premio Nacional de Poes\u00eda (en 1993, por No amanece el cantor) y el Premio Reina Sof\u00eda de Poes\u00eda Iberoamericana, en 1999, por el conjunto de su obra. Por lo dem\u00e1s, desde el principio, su obra mereci\u00f3 la atenci\u00f3n de importantes estudiosos y escritores, a veces significativamente relacionados con espacios diversos de Europa, de \u00c1frica y de Am\u00e9rica, como puede comprobarse en la ya muy nutrida bibliograf\u00eda existente sobre aqu\u00e9lla. (&#8230;)<\/span><\/p>\n<p><span style=\"font-family: Arial, Helvetica, sans-serif; font-size: small;\"><br \/>\nManifestaci\u00f3n de la verdadera vanguardia y conciencia cr\u00edtica de la sociedad contempor\u00e1nea, la obra literaria y la reflexi\u00f3n intelectual de Jos\u00e9 \u00c1ngel Valente constituyen, en suma, una aportaci\u00f3n honesta, radical, completa y absolutamente ejemplar a la cultura de la b\u00fasqueda y del conocimiento.<\/span><\/p>\n","protected":false},"excerpt":{"rendered":"<p>Claudio Rodr\u00edguez Fer. A pesar de su enorme prestigio intelectual y de la significaci\u00f3n \u00e9tica y literaria que ha alcanzado en Europa, Jos\u00e9 Angel Valente sufri\u00f3 antes de morir cierta contestaci\u00f3n en Almer\u00eda y fue una presencia inc\u00f3moda para algunos personajes que ocupan cargos institucionales en nuestra ciudad. Con el fin de que nuestros lectores -y los citados responsables culturales, universitarios y pol\u00edticos- se hagan cargo de la verdadera dimensi\u00f3n de su obra, que algunos cr\u00edticos consideran heredera de la po\u00e9tica de San Juan de la Cruz, reproducimos el art\u00edculo del profesor Claudio Rodr\u00edguez Fer, publicado por la Residencia de Estudiantes y Alianza Editorial con motivo del homenaje que recibi\u00f3<\/p>\n","protected":false},"author":1,"featured_media":0,"comment_status":"open","ping_status":"open","sticky":false,"template":"","format":"standard","meta":{"footnotes":""},"categories":[10],"tags":[65],"class_list":["post-527","post","type-post","status-publish","format-standard","hentry","category-cordel-de-extraviados-1","tag-jose-angel-valente"],"views":1726,"_links":{"self":[{"href":"https:\/\/editorialhijosdemuleyrubio.com\/index.php?rest_route=\/wp\/v2\/posts\/527","targetHints":{"allow":["GET"]}}],"collection":[{"href":"https:\/\/editorialhijosdemuleyrubio.com\/index.php?rest_route=\/wp\/v2\/posts"}],"about":[{"href":"https:\/\/editorialhijosdemuleyrubio.com\/index.php?rest_route=\/wp\/v2\/types\/post"}],"author":[{"embeddable":true,"href":"https:\/\/editorialhijosdemuleyrubio.com\/index.php?rest_route=\/wp\/v2\/users\/1"}],"replies":[{"embeddable":true,"href":"https:\/\/editorialhijosdemuleyrubio.com\/index.php?rest_route=%2Fwp%2Fv2%2Fcomments&post=527"}],"version-history":[{"count":1,"href":"https:\/\/editorialhijosdemuleyrubio.com\/index.php?rest_route=\/wp\/v2\/posts\/527\/revisions"}],"predecessor-version":[{"id":529,"href":"https:\/\/editorialhijosdemuleyrubio.com\/index.php?rest_route=\/wp\/v2\/posts\/527\/revisions\/529"}],"wp:attachment":[{"href":"https:\/\/editorialhijosdemuleyrubio.com\/index.php?rest_route=%2Fwp%2Fv2%2Fmedia&parent=527"}],"wp:term":[{"taxonomy":"category","embeddable":true,"href":"https:\/\/editorialhijosdemuleyrubio.com\/index.php?rest_route=%2Fwp%2Fv2%2Fcategories&post=527"},{"taxonomy":"post_tag","embeddable":true,"href":"https:\/\/editorialhijosdemuleyrubio.com\/index.php?rest_route=%2Fwp%2Fv2%2Ftags&post=527"}],"curies":[{"name":"wp","href":"https:\/\/api.w.org\/{rel}","templated":true}]}}