{"id":534,"date":"2013-06-17T17:40:22","date_gmt":"2013-06-17T15:40:22","guid":{"rendered":"http:\/\/editorialhijosdemuleyrubio.com\/?p=534"},"modified":"2013-06-17T17:40:22","modified_gmt":"2013-06-17T15:40:22","slug":"el-idilio-entre-carmen-de-burgos-gomez-de-la-serna-y-rodalquilar","status":"publish","type":"post","link":"https:\/\/editorialhijosdemuleyrubio.com\/?p=534","title":{"rendered":"El idilio entre Carmen de Burgos, G\u00f3mez de la Serna y Rodalquilar"},"content":{"rendered":"<p><span style=\"font-family: Arial, Helvetica, sans-serif; font-size: small;\"><a href=\"http:\/\/editorialhijosdemuleyrubio.com\/wp-content\/uploads\/2013\/06\/logocordel1.jpg\"><img loading=\"lazy\" decoding=\"async\" class=\"alignleft size-full wp-image-206\" alt=\"logocordel1\" src=\"http:\/\/editorialhijosdemuleyrubio.com\/wp-content\/uploads\/2013\/06\/logocordel1.jpg\" width=\"300\" height=\"62\" \/><\/a>\u00abQuiz\u00e1s explica este modo de ser de Carmen el panorama, el ambiente, la fuerza de ese pueblo del que ella es oriunda: Rodalquilar. Muchas veces hemos o\u00eddo hablar a Carmen de ese pueblo fant\u00e1stico. Todo lo que despu\u00e9s ha ido viendo ella por el mundo lo hab\u00eda visto ya en Rodalquilar: esa costumbre escandinava, esa riqueza tropical de vegetaci\u00f3n, ese proverbio de un pueblo lejano, ese nombre con apariencias ex\u00f3ticas. Rodalquilar es un pueblo de la costa de Almer\u00eda, pero perdido, sin comunicaciones, con su caser\u00edo disperso en el monte. Rodalquilar es un pueblo virgen, al que el mar ha ido trayendo nociones de todo, reflejos lejanos, y en cuyo clima admirable se han refugiado elementos de vida tr\u00e1nsfuga, cosas, fuerzas vivas, que necesitaban la belleza de un sitio perdido, confortable, aislado por una fiera estribaci\u00f3n de monta\u00f1as. En el mar de Rodalquilar, entre las rocas de Rodalquilar, vive la foca y el lobo de mar, y entre sus \u00e1rboles hay aclimatados \u00e1rboles de floras raras. En la monta\u00f1a de Rodalquilar, Carmen ha visto y ha jugado con magn\u00edficos granates, y ha visto riscos enteros de amatistas que, desparramados en una cantidad fant\u00e1stica, brillaban bajo la luz del sol, y en Rodalquilar, ahora, al cabo del tiempo, van a ser explotadas varias minas de oro, alguna de las que tuvo registradas el padre de Carmen, pero que, por no poder ser explotadas, venci\u00f3 su derecho al cabo del tiempo, hasta que hoy, despu\u00e9s de muchos a\u00f1os de estarse recreando la tierra aquella con su secreto entra\u00f1able, la \u00abcompa\u00f1\u00eda poderosa\u00bb de siempre las va a explotar&#8230; En ese magn\u00edfico Rodalquilar, en uno de sus grandes cortijos del que era due\u00f1a, naci\u00f3 Carmen. \u00bfNo despeja un poco \u00e9sto ese misterio recio y extraordinario que hay en la constituci\u00f3n de Carmen, tan valerosa y tan heroica?\u00bb<br \/>\n(Ram\u00f3n G\u00f3mez de la Serna.\u00a0Automoribundia)<\/p>\n<p><!--more--><\/span><\/p>\n<p><span style=\"font-family: Arial, Helvetica, sans-serif; font-size: small;\">Quiz\u00e1s sea \u00e9ste el texto literario m\u00e1s relevante que se ha escrito en todo el siglo XX sobre el Parque Natural de Cabo de Gata-N\u00edjar. Se lo debemos a Ram\u00f3n G\u00f3mez de la Serna, compa\u00f1ero sentimental, literario y muchas cosas m\u00e1s de Carmen de Burgos \u00abColombine\u00bb, la primera mujer que se dedic\u00f3 al periodismo en Espa\u00f1a, la primera que reivindic\u00f3 el voto para la mujer, la primera corresponsal de guerra, la primera&#8230; en tantas cosas y siempre tan olvidada, cuando no oscurecida o vilipendiada desde la provincia que la vio nacer.<\/span><\/p>\n<p><span style=\"font-family: Arial, Helvetica, sans-serif; font-size: small;\"><br \/>\nNo hay constancia por ahora de que Ram\u00f3n G\u00f3mez de la Serna estuviese en Rodalquilar en 1916 pero lo cierto es que incluy\u00f3 este relato en su libro de memorias, su Automoribundia, espejo de su alma. No hay que ser adivinos para sorprender los susurros de Colombine en el o\u00eddo de Ram\u00f3n pero a mi juicio lo realmente novedoso es que por vez primera alguien nos da una pista sobre c\u00f3mo se comportaba Colombine en Madrid: como las mismas esencias de Rodalquilar.<\/span><\/p>\n<p><span style=\"font-family: Arial, Helvetica, sans-serif; font-size: small;\"><br \/>\nEsta chumbera con ganas de triunfar, de aprender pero sobre todo con ganas de comer (ella y su hija a cuestas) se abri\u00f3 paso en una ciudad competitiva, abierta y tremendamente machista, como lo era entonces el mundo. La mujer no votaba, si se separaba del marido era considerada una puta y si \u00e9ste la sorprend\u00eda en \u00abadulterio\u00bb pod\u00eda matarla con tranquilidad de conciencia: el C\u00f3digo Penal no lo consideraba delito y la Iglesia tambien disculpaba al pecador, que no a la pecadora.<\/span><\/p>\n<p><span style=\"font-family: Arial, Helvetica, sans-serif; font-size: small;\"><br \/>\nLa descripci\u00f3n de la fauna, flora y mineralog\u00eda de Rodalquilar que hace G\u00f3mez de la Serna es literariamente otra piedra preciosa m\u00e1s del Valle, en una \u00e9poca en la que se iniciaba la reexplotaci\u00f3n de las minas. Lo \u00fanico que hay que aclarar es un dato biogr\u00e1fico que en Colombine adquiri\u00f3 err\u00f3neamente tintes de leyenda: no naci\u00f3 en un cortijo de Rodalquilar sino en Almer\u00eda, seg\u00fan la exhaustiva aclaraci\u00f3n que hizo el tenaz investigador Florentino Casta\u00f1eda tras recorrer iglesias, archivos y ayuntamientos hasta dar con su partida de nacimiento: Colombine naci\u00f3 en Almer\u00eda, a\u00f1o de 1867, aunque pas\u00f3 su infancia en Rodalquilar, tal y como describe Ram\u00f3n.<\/span><\/p>\n<p><span style=\"font-family: Arial, Helvetica, sans-serif; font-size: small;\">Las autoridades culturales de Almer\u00eda (curiosamente han sido estos a\u00f1os representantes de PP, PSOE e IU los responsables pol\u00edticos culturales de las diversas instituciones) \u00abpasan\u00bb de Colombine, seguramente por ignorancia y desprecio. Pero tendr\u00e1n que ser los ciudadanos los que algun d\u00eda rescaten su cortijo, que se cae a trozos, para instalar all\u00ed el Museo Colombine -seud\u00f3nimo que la ha hecho conocida en todo el mundo-, otro atractivo cultural que el Parque se merece. \u00bfPor qu\u00e9 solo los invernaderos, los ladrillos y las piquetas tienen licencia para acampar? Queda poco tiempo. Porque si finalmente la casa de Colombine en Rodalquilar se cae, se destruye o se derriba, tendremos que denunciar p\u00fablicamente a los responsables del latrocinio cultural que se ha perpetrado contra la que fue seguramente la mujer de la provincia con mayor relevancia social de todo el siglo XX.<\/span><\/p>\n","protected":false},"excerpt":{"rendered":"<p>\u00abQuiz\u00e1s explica este modo de ser de Carmen el panorama, el ambiente, la fuerza de ese pueblo del que ella es oriunda: Rodalquilar. Muchas veces hemos o\u00eddo hablar a Carmen de ese pueblo fant\u00e1stico. Todo lo que despu\u00e9s ha ido viendo ella por el mundo lo hab\u00eda visto ya en Rodalquilar: esa costumbre escandinava, esa riqueza tropical de vegetaci\u00f3n, ese proverbio de un pueblo lejano, ese nombre con apariencias ex\u00f3ticas. Rodalquilar es un pueblo de la costa de Almer\u00eda, pero perdido, sin comunicaciones, con su caser\u00edo disperso en el monte. Rodalquilar es un pueblo virgen, al que el mar ha ido trayendo nociones de todo, reflejos lejanos, y en cuyo<\/p>\n","protected":false},"author":1,"featured_media":0,"comment_status":"open","ping_status":"open","sticky":false,"template":"","format":"standard","meta":{"footnotes":""},"categories":[10],"tags":[82,83,124,125],"class_list":["post-534","post","type-post","status-publish","format-standard","hentry","category-cordel-de-extraviados-1","tag-carmen-de-burgos","tag-colombine","tag-ramon-gomez-de-la-serna","tag-rodalquilar"],"views":3090,"_links":{"self":[{"href":"https:\/\/editorialhijosdemuleyrubio.com\/index.php?rest_route=\/wp\/v2\/posts\/534","targetHints":{"allow":["GET"]}}],"collection":[{"href":"https:\/\/editorialhijosdemuleyrubio.com\/index.php?rest_route=\/wp\/v2\/posts"}],"about":[{"href":"https:\/\/editorialhijosdemuleyrubio.com\/index.php?rest_route=\/wp\/v2\/types\/post"}],"author":[{"embeddable":true,"href":"https:\/\/editorialhijosdemuleyrubio.com\/index.php?rest_route=\/wp\/v2\/users\/1"}],"replies":[{"embeddable":true,"href":"https:\/\/editorialhijosdemuleyrubio.com\/index.php?rest_route=%2Fwp%2Fv2%2Fcomments&post=534"}],"version-history":[{"count":1,"href":"https:\/\/editorialhijosdemuleyrubio.com\/index.php?rest_route=\/wp\/v2\/posts\/534\/revisions"}],"predecessor-version":[{"id":535,"href":"https:\/\/editorialhijosdemuleyrubio.com\/index.php?rest_route=\/wp\/v2\/posts\/534\/revisions\/535"}],"wp:attachment":[{"href":"https:\/\/editorialhijosdemuleyrubio.com\/index.php?rest_route=%2Fwp%2Fv2%2Fmedia&parent=534"}],"wp:term":[{"taxonomy":"category","embeddable":true,"href":"https:\/\/editorialhijosdemuleyrubio.com\/index.php?rest_route=%2Fwp%2Fv2%2Fcategories&post=534"},{"taxonomy":"post_tag","embeddable":true,"href":"https:\/\/editorialhijosdemuleyrubio.com\/index.php?rest_route=%2Fwp%2Fv2%2Ftags&post=534"}],"curies":[{"name":"wp","href":"https:\/\/api.w.org\/{rel}","templated":true}]}}