{"id":543,"date":"2013-06-17T17:47:24","date_gmt":"2013-06-17T15:47:24","guid":{"rendered":"http:\/\/editorialhijosdemuleyrubio.com\/?p=543"},"modified":"2013-06-17T17:47:24","modified_gmt":"2013-06-17T15:47:24","slug":"indice-cordel-de-extraviados-1","status":"publish","type":"post","link":"https:\/\/editorialhijosdemuleyrubio.com\/?p=543","title":{"rendered":"\u00cdndice: Cordel de Extraviados 1"},"content":{"rendered":"<p>&nbsp;<\/p>\n<p><a href=\"http:\/\/editorialhijosdemuleyrubio.com\/wp-content\/uploads\/2013\/06\/revista1.jpeg\"><img loading=\"lazy\" decoding=\"async\" class=\"alignleft size-full wp-image-541\" alt=\"revista\" src=\"http:\/\/editorialhijosdemuleyrubio.com\/wp-content\/uploads\/2013\/06\/revista1.jpeg\" width=\"188\" height=\"250\" \/><\/a>Staff.<\/p>\n<p>&nbsp;<\/p>\n<p>Le\u00f3n el Africano vuelve a Granada. Francisco Gim\u00e9nez-Alem\u00e1n.<\/p>\n<p>&nbsp;<\/p>\n<p>El idilio entre G\u00f3mez de la Serna, Carmen de Burgos y Rodalquilar. Gabriel Luna.<\/p>\n<p>&nbsp;<\/p>\n<p>El rescate de Colombine. J.J. Armas Marcelo.<\/p>\n<p>&nbsp;<\/p>\n<p>Memoria almeriense en la obra de Goytisolo. Fernando Garc\u00eda Lara.<\/p>\n<p>&nbsp;<\/p>\n<p>Jos\u00e9 Angel Valente. Aproximaci\u00f3n biogr\u00e1fica. Claudio Rodr\u00edguez Fer.<\/p>\n<p>&nbsp;<\/p>\n<p>ADDENDA:\u00a0Jos\u00e9 Luis L\u00f3pez Bretones.\u00a0Pensar la provincia.<\/p>\n<p>&nbsp;<\/p>\n<p>Provincianos al Cuadrado. Miguel Gallego Roca.<!--more--><\/p>\n<p>&nbsp;<\/p>\n<p>Antonio Colinas, un poeta en provincias. J.L. L\u00f3pez Bretones<\/p>\n<p>&nbsp;<\/p>\n<p>Una literatura menor. Jos\u00e9 And\u00fajar Almansa<\/p>\n<p>&nbsp;<\/p>\n<p>La provincia esquizofr\u00e9nica. Antonio Orejudo<\/p>\n<p>&nbsp;<\/p>\n<p>Kayros o la visi\u00f3n cr\u00edtica. J. L. L\u00f3pez Bretones<\/p>\n<p>&nbsp;<\/p>\n<p>Amigos de El Ejido y Almer\u00eda \/ Debates en la Asociaci\u00f3n de Periodistas Europeos<\/p>\n<p>&nbsp;<\/p>\n<p>El Ejido: The New York Times: El miedo europeo a la inmigraci\u00f3n desgarra a un pueblo espa\u00f1ol. Roger Cohen (Traducc. Erik Mtnez Westly)<\/p>\n<p>&nbsp;<\/p>\n<p>La condici\u00f3n humana. Miguel Angel Blanco<\/p>\n<p>&nbsp;<\/p>\n<p>Comunidad desbordada,\u00a0administraci\u00f3n despistada. Andr\u00e9s S\u00e1nchez Pic\u00f3n<\/p>\n<p>&nbsp;<\/p>\n<p>Sobre piedras y esponjas. Elena Caballero<\/p>\n<p>&nbsp;<\/p>\n<p>Revista de prensa<br \/>\n<span style=\"font-size: medium;\"><span class=\"Apple-style-span\" style=\"line-height: normal; -webkit-border-horizontal-spacing: 2px; -webkit-border-vertical-spacing: 2px;\">\u00a0<\/span><\/span><\/p>\n","protected":false},"excerpt":{"rendered":"<p>&nbsp; Staff. &nbsp; Le\u00f3n el Africano vuelve a Granada. Francisco Gim\u00e9nez-Alem\u00e1n. &nbsp; El idilio entre G\u00f3mez de la Serna, Carmen de Burgos y Rodalquilar. Gabriel Luna. &nbsp; El rescate de Colombine. J.J. Armas Marcelo. &nbsp; Memoria almeriense en la obra de Goytisolo. Fernando Garc\u00eda Lara. &nbsp; Jos\u00e9 Angel Valente. Aproximaci\u00f3n biogr\u00e1fica. Claudio Rodr\u00edguez Fer. &nbsp; ADDENDA:\u00a0Jos\u00e9 Luis L\u00f3pez Bretones.\u00a0Pensar la provincia. &nbsp; Provincianos al Cuadrado. Miguel Gallego Roca.<\/p>\n","protected":false},"author":1,"featured_media":0,"comment_status":"open","ping_status":"open","sticky":false,"template":"","format":"standard","meta":{"footnotes":""},"categories":[10],"tags":[48],"class_list":["post-543","post","type-post","status-publish","format-standard","hentry","category-cordel-de-extraviados-1","tag-cordel-de-extraviados-revista"],"views":1983,"_links":{"self":[{"href":"https:\/\/editorialhijosdemuleyrubio.com\/index.php?rest_route=\/wp\/v2\/posts\/543","targetHints":{"allow":["GET"]}}],"collection":[{"href":"https:\/\/editorialhijosdemuleyrubio.com\/index.php?rest_route=\/wp\/v2\/posts"}],"about":[{"href":"https:\/\/editorialhijosdemuleyrubio.com\/index.php?rest_route=\/wp\/v2\/types\/post"}],"author":[{"embeddable":true,"href":"https:\/\/editorialhijosdemuleyrubio.com\/index.php?rest_route=\/wp\/v2\/users\/1"}],"replies":[{"embeddable":true,"href":"https:\/\/editorialhijosdemuleyrubio.com\/index.php?rest_route=%2Fwp%2Fv2%2Fcomments&post=543"}],"version-history":[{"count":1,"href":"https:\/\/editorialhijosdemuleyrubio.com\/index.php?rest_route=\/wp\/v2\/posts\/543\/revisions"}],"predecessor-version":[{"id":544,"href":"https:\/\/editorialhijosdemuleyrubio.com\/index.php?rest_route=\/wp\/v2\/posts\/543\/revisions\/544"}],"wp:attachment":[{"href":"https:\/\/editorialhijosdemuleyrubio.com\/index.php?rest_route=%2Fwp%2Fv2%2Fmedia&parent=543"}],"wp:term":[{"taxonomy":"category","embeddable":true,"href":"https:\/\/editorialhijosdemuleyrubio.com\/index.php?rest_route=%2Fwp%2Fv2%2Fcategories&post=543"},{"taxonomy":"post_tag","embeddable":true,"href":"https:\/\/editorialhijosdemuleyrubio.com\/index.php?rest_route=%2Fwp%2Fv2%2Ftags&post=543"}],"curies":[{"name":"wp","href":"https:\/\/api.w.org\/{rel}","templated":true}]}}