{"id":800,"date":"2013-06-23T18:16:29","date_gmt":"2013-06-23T16:16:29","guid":{"rendered":"http:\/\/editorialhijosdemuleyrubio.com\/?p=800"},"modified":"2013-06-23T18:18:00","modified_gmt":"2013-06-23T16:18:00","slug":"juan-ramon-jimenez-libros-de-madrid","status":"publish","type":"post","link":"https:\/\/editorialhijosdemuleyrubio.com\/?p=800","title":{"rendered":"Juan Ram\u00f3n Jim\u00e9nez: Libros de Madrid"},"content":{"rendered":"<p><a href=\"http:\/\/editorialhijosdemuleyrubio.com\/wp-content\/uploads\/2013\/06\/DownloadedFile-2.jpeg\"><img loading=\"lazy\" decoding=\"async\" class=\"alignleft size-full wp-image-171\" alt=\"DownloadedFile-2\" src=\"http:\/\/editorialhijosdemuleyrubio.com\/wp-content\/uploads\/2013\/06\/DownloadedFile-2.jpeg\" width=\"193\" height=\"261\" \/><\/a>M\u00e1s de un centenar de textos in\u00e9ditos componen esta sorprendente obra biogr\u00e1fica en prosa nunca publicada del Premio Nobel de Literatura que ha sido reconstruida con los materiales de su archivo en la Universidad de R\u00edo Piedras (Puerto Rico) tras las incompletas reconstrucciones de los a\u00f1os sesenta. Las fotograf\u00edas que incluye la edici\u00f3n fueron tomadas por el propio poeta o formaban parte de su album personal.\u00a0<!--more--><\/p>\n<p>&nbsp;<\/p>\n<p>&nbsp;<\/p>\n<p><span style=\"font-family: Arial, Helvetica, sans-serif;\"><b>INDICE<\/b><\/span><\/p>\n<p><span style=\"font-family: Arial, Helvetica, sans-serif; font-size: small;\">-Madrid posible e imposible<br \/>\n-Sanatorio del retraido<br \/>\n-La colina de los chopos<br \/>\n-Soledades madrile\u00f1as<br \/>\n-Figuraciones<br \/>\n-Disciplina y oasis<br \/>\n-Ascensi\u00f3n (Ap\u00e9ndice)<\/span><\/p>\n<p><a href=\"http:\/\/books.google.es\/books?id=m-EwgD1nOAMC&amp;printsec=frontcover&amp;dq=libros+de+madrid+juan+ramon&amp;hl=es&amp;sa=X&amp;ei=c7zFUcbmB6-v7Aboy4H4CQ&amp;ved=0CDQQ6AEwAA#v=onepage&amp;q=libros%20de%20madrid%20juan%20ramon&amp;f=false\">Puede leer un amplio extracto del libro en Google Books pinchando aqu\u00ed<\/a><\/p>\n<p><strong>FICHA T\u00c9CNICA<\/strong><\/p>\n<p><b>Edici\u00f3n:<\/b>\u00a0Jos\u00e9 Luis L\u00f3pez Bretones<br \/>\n<b>Pr\u00f3logo:<\/b>\u00a0Andr\u00e9s S\u00e1nchez Robayna<br \/>\n<b>Nota del editor:<\/b>\u00a0Federico Utrera<br \/>\n<b>Caract:<\/b>\u00a0320 p\u00e1ginas. 40 fotograf\u00edas<br \/>\n<b>ISBN:<\/b>\u00a084-923433-7-0<br \/>\n<b>Precio:<\/b>\u00a020,4 euros<\/p>\n<p><b>RESE\u00d1AS Y CRITICAS<\/b><\/p>\n<p><a href=\"http:\/\/editorialhijosdemuleyrubio.com\/wp-content\/uploads\/2013\/06\/elcultural.jpg\"><img loading=\"lazy\" decoding=\"async\" class=\"alignleft size-full wp-image-764\" alt=\"elcultural\" src=\"http:\/\/editorialhijosdemuleyrubio.com\/wp-content\/uploads\/2013\/06\/elcultural.jpg\" width=\"128\" height=\"30\" \/><\/a><\/p>\n<p>&nbsp;<\/p>\n<p><strong>Jaime Siles<\/strong><br \/>\n(&#8230;) Andr\u00e9s S\u00e1nchez Robayna -que nos lo aproxima- explica su experiencia de la Naturaleza, sus v\u00ednculos con la poes\u00eda europea, su relaci\u00f3n con el haik\u00fa japon\u00e9s y algunas otras claves que forman el sistema de esta obra. Jos\u00e9 Luis L\u00f3pez Bretones -que es qui\u00e9n lo edita- describe \u00abel enorme aparato de variantes, desplazamientos, ordenaciones diversas, versiones, correcciones y cambios que se esolapaban y se superpon\u00edan unos a otros con prodigiosa facilidad\u00bb; insiste en las calidades de esta prosa; hace la hisoria de este texto y enumera los distintos t\u00edtulos por el poeta manejados; propone una cronolog\u00eda relativa y define lo que constituye su aportaci\u00f3n: \u00abm\u00e1s de un centenar de textos in\u00e9ditos\u00bb. Por si fuera poco, Federico Utrera le a\u00f1ade unas p\u00e1ginas menos eruditas que beligerantes sibre el m\u00e1s maldeecido que maldito Juan Ram\u00f3n: unas p\u00e1ginas que salen al paso a algunas de los del 27 (Cernuda) y del 50 (Angel Gonz\u00e1lez y Jaime Gil) que hicieron su caricatura y su parodia. (&#8230;) Libros de Madrid re\u00fane varias series o secciones de libros: \u00abMadrid posible e imposible\u00bb, \u00abSanatorio del Retra\u00eddo\u00bb, \u00abLa colina de los chopos\u00bb, \u00abSoledades madrile\u00f1as\u00bb, \u00abFiguraciones\u00bb, \u00abDisciplina y oasis\u00bb, y un ap\u00e9ndice: \u00abAscensi\u00f3n\u00bb. En todos ellos asistimos a un milagro de prosa por cuyo fondo diluido desfilan Alfonso Reyes, P\u00edo Baroja, G\u00f3mez de la Serna, Moreno Villa, Villaespesa, Rub\u00e9n Dar\u00edo, los Machado, las monjas que tanto le tentaron y con las que tan a gusto flirte\u00f3 (Sor Pilar, Sor Amalia&#8230;). Vi\u00f1etas de un tiempo y un espacio, y tambi\u00e9n de un modo y manera de vivir; y toda la viva realidad que es esta concreta realizaci\u00f3n de lo que, desde Aloysius Bertrand y Baudelaire, se ha llamado poema en prosa. Un pantagru\u00e9lico fest\u00edn.<\/p>\n<p><a href=\"http:\/\/editorialhijosdemuleyrubio.com\/wp-content\/uploads\/2013\/06\/lavanguardia.gif\"><img loading=\"lazy\" decoding=\"async\" class=\"alignleft size-full wp-image-781\" alt=\"lavanguardia\" src=\"http:\/\/editorialhijosdemuleyrubio.com\/wp-content\/uploads\/2013\/06\/lavanguardia.gif\" width=\"216\" height=\"30\" \/><\/a><\/p>\n<p>&nbsp;<\/p>\n<p><strong>\u2028Adolfo Sotelo <\/strong><\/p>\n<p>Libros de Madrid, que contiene m\u00e1s de un centenar de textos in\u00e9ditos, es el espl\u00e9ndido fruto del tercer estadio de las prosas del poeta andaluz. El conjunto de estas prosas enfrenta el Madrid castellanista inventado por las peores secuelas del costumbrismo decimon\u00f3nico con la imagen de un Madrid ideal, que una mirada desnuda, deudora de la \u00e9tica de los krausistas y de la est\u00e9tica del Ortega de \u00abMeditaciones del Quijote\u00bb, descubre en la realidad de una ciudad aparentemente anodina. Estas prodigiosas prosas van atadas por un hilo biogr\u00e1fico que alumbra la dimensi\u00f3n intelectual de un poeta que sinti\u00f3 hacia la academia \u00abla extra\u00f1eza que sentir\u00eda un arroyo en un despacho del ministerio de Agricultura\u00bb. Y anudadas por un estilo que tiene, frente a tantos diarios y autobiograf\u00edas irrelevantes, intensidad y suficiencia est\u00e9ticas.<\/p>\n<p><a href=\"http:\/\/editorialhijosdemuleyrubio.com\/wp-content\/uploads\/2013\/06\/elcultural.jpg\"><img loading=\"lazy\" decoding=\"async\" class=\"alignleft size-full wp-image-764\" alt=\"elcultural\" src=\"http:\/\/editorialhijosdemuleyrubio.com\/wp-content\/uploads\/2013\/06\/elcultural.jpg\" width=\"128\" height=\"30\" \/><\/a><\/p>\n<p>&nbsp;<\/p>\n<p><strong>Francisco Umbral<\/strong><\/p>\n<p><strong><\/strong>\u2028Juan Ram\u00f3n escribi\u00f3 mucho sobre Madrid, casi todo ello en prosa, y ahora se edita Libros de Madrid, que han hecho L\u00f3pez Bretones y S\u00e1nchez Robayna, con m\u00e1s de un centenar de textos in\u00e9ditos. En la obra de JRJ se va produciendo el tr\u00e1nsito del lirismo acumulado de Moguer al sentimiento depurado y lac\u00f3nico de lo esencial. Aqu\u00ed se anticipa el Diario de poeta y mar, aqu\u00ed est\u00e1 naciendo una gran poes\u00eda europea y madrile\u00f1a entre las arpas de los chopos y los soles de la colina. En cada una de las casa donde vivi\u00f3 Juan Ram\u00f3n hab\u00eda un proyecto logrado de amor y poes\u00eda cada d\u00eda. Todav\u00eda sabe uno encontrar la colina de los chopos, el Madrid posible e imposible en algunas tardes en que el oto\u00f1o acu\u00f1a oro, en que la primavera es un palomar cubista donde alguien est\u00e1 encerrado recitando al poeta.<\/p>\n<p><strong><a href=\"http:\/\/editorialhijosdemuleyrubio.com\/wp-content\/uploads\/2013\/06\/mercurio.jpg\"><img loading=\"lazy\" decoding=\"async\" class=\"alignleft size-full wp-image-808\" alt=\"mercurio\" src=\"http:\/\/editorialhijosdemuleyrubio.com\/wp-content\/uploads\/2013\/06\/mercurio.jpg\" width=\"187\" height=\"46\" \/><\/a><\/strong><\/p>\n<p>&nbsp;<\/p>\n<p>&nbsp;<\/p>\n<p><strong>Ignacio F. Garmendia<\/strong>.<\/p>\n<p>En los Libros de Madrid, felizmente compilados por Jos\u00e9 Luis L\u00f3pez Bretones, nos encontramos con un viejo proyecto de J.R.J. del que hasta ahora se conoc\u00edan muestras publicadas parcialmente con el t\u00edtulo de una de sus secciones, \u00abLa colina de los chopos\u00bb. La presente edici\u00f3n, que incorpora m\u00e1s de cien prosas in\u00e9ditas, reconstruye otras cinco: \u00abMadrid posible e imposible\u00bb, \u00abSanatorio del retra\u00eddo\u00bb, \u00abSoledades madrile\u00f1as\u00bb, \u00abFiguraciones\u00bb y \u00abDisciplina y oasis\u00bb, adem\u00e1s de un ap\u00e9ndice, \u00abAscensi\u00f3n\u00bb. Estas prosas l\u00edmpidas dan cuenta de sus enso\u00f1aciones, de su soledad radical, de ese lenguaje prodigioso que ha convertido al poeta en uno de los m\u00e1s altos creadores de todo tiempo y literatura.<\/p>\n<p><a href=\"http:\/\/editorialhijosdemuleyrubio.com\/wp-content\/uploads\/2013\/06\/abccultural.jpg\"><img loading=\"lazy\" decoding=\"async\" class=\"alignleft size-full wp-image-807\" alt=\"abccultural\" src=\"http:\/\/editorialhijosdemuleyrubio.com\/wp-content\/uploads\/2013\/06\/abccultural.jpg\" width=\"82\" height=\"30\" \/><\/a><\/p>\n<p>&nbsp;<\/p>\n<p><strong>Miguel Garc\u00eda-Posada<\/strong><\/p>\n<p>La edici\u00f3n juanramoniana sigue deparando muy gratas sorpresa, como \u00e9sta de Libros de Madrid, que, adem\u00e1s de restituirnos un libro del gran poeta, a\u00f1ade la novedad de m\u00e1s de un centenar de in\u00e9ditos. El editor literario, Jos\u00e9 Luis L\u00f3pez Bretones, aduce razones convincentes para designarlo como lo hace y ofrece informaci\u00f3n suficiente sobre la g\u00e9nesis, evoluci\u00f3n y organizaci\u00f3n de la obra. El resultado es un conjunto prodigioso, una admirable sucesi\u00f3n de textos en prosa, aut\u00e9nticos poemas, que recrean una visi\u00f3n personal\u00edsima de Madrid, ciudad que estaba po\u00e9ticamente hipotecada sobre todo por la poderosa visi\u00f3n galdosiana. Es ese Madrid sede de la cultura ilustrada y \u00e1mbito de la naturaleza el que genera las m\u00faltiples y casi milagrosas percepciones del poeta. Su prosa comparece aqu\u00ed en todo su esplendor. Gozamos leyendo esta lengua tan culta y, a la vez, tan natural, tan elaborada y tan espont\u00e1nea.<\/p>\n<p><a href=\"http:\/\/editorialhijosdemuleyrubio.com\/wp-content\/uploads\/2013\/06\/elmundo.gif\"><img loading=\"lazy\" decoding=\"async\" class=\"alignleft size-full wp-image-809\" alt=\"elmundo\" src=\"http:\/\/editorialhijosdemuleyrubio.com\/wp-content\/uploads\/2013\/06\/elmundo.gif\" width=\"147\" height=\"20\" \/><\/a><\/p>\n<p>&nbsp;<\/p>\n<p><strong>Luis Antonio de Villena<\/strong><\/p>\n<p>J.R.J. no s\u00f3lo fue un alt\u00edsimo poeta, uno de los grandes del reci\u00e9n pasado siglo, sino adem\u00e1s un prosista excelente, en clave, dir\u00edamos, l\u00edrica. Juan Ram\u00f3n vivi\u00f3 mucho tiempo en Madrid y quiso a la ciudad y nunca dej\u00f3 de mirarla, a su modo, con mucho de met\u00e1fora vegetal y renovadora, pero tambi\u00e9n con el gusto por la piedra, es decir, amor a los monumentos s\u00f3lidos, que son la historia buena. No se fij\u00f3 en el Madrid galdosiano, prefiri\u00f3 el sonido de las estaciones en el parque de El Retiro, y las fuentes neocl\u00e1sicas de Recoletos. Jos\u00e9 Luis L\u00f3pez Bretones, poeta almeriense, ha hecho una cuidad edici\u00f3n de Libros de Madrid, los distintos conjuntos de prosa (a menudo poemas en prosa) que Juan Ram\u00f3n fue escribiendo a lo largo de los a\u00f1os sobre esta ciudad. Juan Ram\u00f3n sue\u00f1a con un Madrid moderno (que est\u00e1 en la l\u00ednea del que pens\u00f3 Carlos III) al que quiere a\u00f1adir el paisaje, la luz, los ocasos madrile\u00f1os, esos toques de Vel\u00e1squez bastante da\u00f1ados ahora. Libros de Madrid debe caer cuanto antes en manos de nuestro no muy querido alcalde. No s\u00f3lo porque siempre bien leer excelente prosa l\u00edrica, sino porque el ni\u00f1o raro de Moguer puede iluminarle a\u00fan un Madrid futuro, cosmopolita y bello, cuya senda no suele ser precisamente la que este regidor ilustra.<\/p>\n<p><a href=\"http:\/\/editorialhijosdemuleyrubio.com\/wp-content\/uploads\/2013\/06\/elpais1.gif\"><img loading=\"lazy\" decoding=\"async\" class=\"alignleft size-full wp-image-763\" alt=\"elpais\" src=\"http:\/\/editorialhijosdemuleyrubio.com\/wp-content\/uploads\/2013\/06\/elpais1.gif\" width=\"114\" height=\"23\" \/><\/a><\/p>\n<p>&nbsp;<\/p>\n<p><strong>Alfonso Alegre-Heitzmann\u2028<\/strong><\/p>\n<p>Libros de Madrid es un proyecto de la segunda \u00e9poca de Juan Ram\u00f3n -aproximadamente de 1916 a 1936 que ha permanecido in\u00e9dito como volumen independiente hasta hoy, y que reune la mayor\u00eda de las prosas l\u00edricas -algunas de ellas aut\u00e9nticos poemas en prosa- que su autor dedic\u00f3 a la ciudad en la que durante tantos a\u00f1os estableci\u00f3 su hogar y de la que la guerra civil expuls\u00f3 para siempre. (&#8230;) El m\u00e9rito principal de esta edici\u00f3n es, pues, ofrecer al lector reunidas por vez primera estas prosas de un per\u00edodo fundamental en la trayectoria po\u00e9tica de Juan Ram\u00f3n. Digna de elogio es tambi\u00e9n la voluntad impl\u00edcita de los editores de situar la figura de Jim\u00e9nez en las coordenadas de actualidad de su poes\u00eda al encargar la introducci\u00f3n primero a Jos\u00e9 Angel Valente y, tras su muerte, a Andr\u00e9s S\u00e1nchez Robayna.<\/p>\n<p><a href=\"http:\/\/editorialhijosdemuleyrubio.com\/wp-content\/uploads\/2013\/06\/que-leer.jpg\"><img loading=\"lazy\" decoding=\"async\" class=\"alignleft size-full wp-image-810\" alt=\"que-leer\" src=\"http:\/\/editorialhijosdemuleyrubio.com\/wp-content\/uploads\/2013\/06\/que-leer.jpg\" width=\"106\" height=\"30\" \/><\/a><\/p>\n<p>&nbsp;<\/p>\n<p><strong>Bego\u00f1a Pi\u00f1a<\/strong><\/p>\n<p>Hay en esta nueva edici\u00f3n de la obra de JRJ algunos textos publicados en otras ediciones o en revistas literarias, pero, junto a ellos, el libro cobra gran importancia por la aparici\u00f3n de m\u00e1s de un centenar de prosas po\u00e9ticas. Libros de Madrid re\u00fane materiales obtenidos de los documentos, notas y manuscritos que se conservan en el archivo familiar de los herederos del poeta en Madrid, adem\u00e1s de textos proporcionados por la sala Zenobia-Juan Ram\u00f3n de la Universidad de R\u00edo Piedras (Puerto Rico). La obra es una aut\u00e9ntica joya en la que van surgiendo los distintos juanramones: el solitario, el enfermo imaginario, el enamorado, el atrevido mir\u00f3n&#8230; y en todos ellos se encuentra el sublime poeta. Un poeta que se descubre desde la prosa, gran desconocida de su obra, a excepci\u00f3n del famos\u00edsimo Platero y yo. (&#8230;) Libros de Madrid comienza con el mencionado texto de Andr\u00e9s S\u00e1nchez Robayna, seguido de un peque\u00f1o an\u00e1lisis de la obra en prosa de Juan Ram\u00f3n escrito por Jos\u00e9 Luis L\u00f3pez Bretones y de una nota de Federico Utrera. Despues, una dedicatoria, un apunte del Madrid posible, el de los jardines, de las plazas, el de la sierra de Guadarrama&#8230;. Un dibujo imposible hasta ahora por la desidia de las administraciones, a las que el editor Federrico Utrera dedica sus \u00abdesagradecimientos\u00bb, \u00abpues pareciera que en Espa\u00f1a no existe ni una sola instituci\u00f3n cultural, tan generosamente dependientes del erario p\u00fablico, que se ocupe y preocupe de la promoci\u00f3n y difusi\u00f3n de este \u00e1rabe oxfordiano\u00bb.<\/p>\n<p><a href=\"http:\/\/editorialhijosdemuleyrubio.com\/wp-content\/uploads\/2013\/06\/elmundo.gif\"><img loading=\"lazy\" decoding=\"async\" class=\"alignleft size-full wp-image-809\" alt=\"elmundo\" src=\"http:\/\/editorialhijosdemuleyrubio.com\/wp-content\/uploads\/2013\/06\/elmundo.gif\" width=\"147\" height=\"20\" \/><\/a><\/p>\n<p>&nbsp;<\/p>\n<p><strong>Antonio Lucas<\/strong><\/p>\n<p>Para hacer posible este proyecto han sido necesarios varios a\u00f1os de rastreo en la oce\u00e1nica herencia del poeta que se conserva en el Archivo Hist\u00f3rico Nacional de Madrid y en la Universidad de Puerto Rico. Hurgando en parte de este material se han encontrado los in\u00e9ditos que conforman Libros de Madrid. Al frente de la edici\u00f3n ha estado el poeta y fil\u00f3logo Jos\u00e9 Luis L\u00f3pez Bretones, con el que ha colaborado Carmen Hern\u00e1ndez-Pinz\u00f3n, sobrina nieta del autor de Moguer. Juan Ram\u00f3n se propuso, m\u00e1s all\u00e1 de dibujar su Madrid ideal dentro de Madrid, marcar un punto y aparte, una distancia visible entre la ciudad rom\u00e1ntica e intelectual, ese rinc\u00f3n del solitario que le fascinaba, y aquel otro espacio castizo, popular, que acu\u00f1\u00f3 y reflej\u00f3 Gald\u00f3s y que \u00e9l despreciaba. Asmismo, estas prosas transparentan el pensamiento renovador, liberal y progresista que mantuvo JRJ, imbuido sin duda de la Instituci\u00f3n Libre de Ense\u00f1anza, de la que fue, junto a Alberto Jim\u00e9nez Fraud, unos de los m\u00e1ximos impulsores.<\/p>\n<p><a href=\"http:\/\/editorialhijosdemuleyrubio.com\/wp-content\/uploads\/2013\/06\/larazon1.gif\"><img loading=\"lazy\" decoding=\"async\" class=\"alignleft size-full wp-image-811\" alt=\"larazon\" src=\"http:\/\/editorialhijosdemuleyrubio.com\/wp-content\/uploads\/2013\/06\/larazon1.gif\" width=\"114\" height=\"20\" \/><\/a><\/p>\n<p>&nbsp;<\/p>\n<p><strong>Susana Jarandilla <\/strong><\/p>\n<p>M\u00e1s conocido por su poes\u00eda, la prosa de J.R.J. ha pasado de puntillas a lo largo de la extensa obra del autor. Parece que s\u00f3lo Platero y yo ha dejado constancia de su alt\u00edsima calidad como prosista, asegura el poeta y fil\u00f3logo Jos\u00e9 Luis L\u00f3pez Bretones, responsable de la edici\u00f3n de Libros de Madrid. Quiz\u00e1 eso sea lo m\u00e1s novedoso de esta edici\u00f3n, que el libro, adem\u00e1s de recuperar multitud de textos in\u00e9ditos, recupera la faceta menos conocida de Juan Ram\u00f3n.<\/p>\n<p><a href=\"http:\/\/editorialhijosdemuleyrubio.com\/wp-content\/uploads\/2013\/06\/diariode-sevilla.jpg\"><img loading=\"lazy\" decoding=\"async\" class=\"alignleft size-full wp-image-812\" alt=\"diariode-sevilla\" src=\"http:\/\/editorialhijosdemuleyrubio.com\/wp-content\/uploads\/2013\/06\/diariode-sevilla.jpg\" width=\"124\" height=\"30\" \/><\/a><\/p>\n<p>&nbsp;<\/p>\n<p><strong>Felipe Villegas \u2028<\/strong><\/p>\n<p>Los a\u00f1os que Juan Ram\u00f3n pas\u00f3 en la capital fueron cruciales en su evoluci\u00f3n, puesto que le permiti\u00f3 entrar en contacto con Valle-Incl\u00e1n, los Machado, Unamuno, Lorca, Bu\u00f1uel&#8230; Su aguda pluma se pos\u00f3 sobre la urbe para reivindicar, por oposici\u00f3n a la que hall\u00f3, el Madrid reformista e ilustrado de Carlos III, adorn\u00e1ndose en los paisajes frondosos de la Residencia de Estudiantes, de la que fue inquilino, y del parque de El Retiro y la sierra de Guadarrama, lugar este \u00faltimo de reuni\u00f3n de los amigos de la Instituci\u00f3n Libre de Ense\u00f1anza. Ahora se publican estos Libros de Madrid, t\u00edtulo bajo el que se engloban seis vol\u00famenes escritos en prosa po\u00e9tica a ra\u00edz de su periplo vital en la capital de Espa\u00f1a, que se prolong\u00f3 a lo largo de m\u00e1s de veinte a\u00f1os y fue abortada por el estallido de la Guerra Civil, que motivar\u00eda su apresurada salida del pa\u00eds.<\/p>\n<p><a href=\"http:\/\/editorialhijosdemuleyrubio.com\/wp-content\/uploads\/2013\/06\/abc1.gif\"><img loading=\"lazy\" decoding=\"async\" class=\"alignleft size-full wp-image-758\" alt=\"abc\" src=\"http:\/\/editorialhijosdemuleyrubio.com\/wp-content\/uploads\/2013\/06\/abc1.gif\" width=\"52\" height=\"23\" \/><\/a><\/p>\n<p>&nbsp;<\/p>\n<p><strong>Trinidad de Le\u00f3n-Sotelo\u2028<\/strong><\/p>\n<p>M\u00e1s de un centenar de in\u00e9ditos nada menos contiene \u00abLibros de Madrid\u00bb. La obra recopila textos en prosa de Juan Ram\u00f3n Jim\u00e9nez, acerca de la ciudad en la que vivi\u00f3 durante a\u00f1os. Un gran n\u00famero de in\u00e9ditos que puede sorprender al lector, pero no a la familia del artista, que posee un sinf\u00edn. La situaci\u00f3n se resume en una dolorosa frase: \u00abNadie se interesa por ellos\u00bb. El libro, que aparece en la Editorial HMR, (Hijos de Muley Rubio), tiene adem\u00e1s del inter\u00e9s primero de la prosa juanramoniana, de la que s\u00f3lo public\u00f3 en vida dos t\u00edtulos, \u00abPlatero y yo\u00bb y \u00abEspa\u00f1oles de tres mundos\u00bb, aunque ya muerto se conocieron otros t\u00edtulos, constituir un especial homenaje a los deseos de su autor, ya que dej\u00f3 escrito el modelo seg\u00fan el cual quer\u00eda que se editase.\u00a0As\u00ed, por ejemplo, en la portada se han empleado los tonos rojos y amarillos que \u00e9l imagin\u00f3.<\/p>\n<p>La historia del libro es larga. Juan Ram\u00f3n (Moguer, Huelva, 1881-Puerto Rico, 1958), premio Nobel de Literatura 1956, fecha una de las portadillas para esta obra, 1896-1926, y finalmente, bajo la palabra Madrid, escribe la \u00faltima cifra. (&#8230;) El caso es que los de este libro fueron reunidos por Francisco Hern\u00e1ndez-Pinz\u00f3n, sobrino carnal del escritor, entre los documentos que se conservan en el Archivo Hist\u00f3rico Nacional de Madrid y en la Universidad de Puerto Rico, donde se encuentra el grueso de la obra del poeta. En el primero habr\u00e1 unos cien mil documentos, mientras que en el segundo, alrededor de quinientos mil. Varios meses en uno y otro lugar le permitieron a don Francisco reunir lo que ahora est\u00e1 al alcance de todos. Corr\u00eda entonces el a\u00f1o 1970. Han tenido que pasar 31 a\u00f1os para que los espa\u00f1oles conozcan unas p\u00e1ginas que, como dice el editor Federico Utrera, \u00abreivindican el Madrid de Carlos III y retratan con palabras sutiles y bellas el alma de las cosas\u00bb.<\/p>\n<p>El mediod\u00eda, la primavera, los \u00e1rboles, la Puerta de Alcal\u00e1, el Retiro, las horas apagadas, un apunte del invierno en la Cibeles, la Fuente de Apolo, y otros lugares y emociones que la ciudad despierta en su esp\u00edritu han quedado recogidos para siempre. Pero Carmen Hern\u00e1ndez-Pinz\u00f3n, sobrina nieta del poeta, que junto con su padre ha interpretado la endiablada caligraf\u00eda de Juan Ram\u00f3n, algo en lo que don Francisco es un aut\u00e9ntico especialista, tiene una respuesta amarga cuando se le pregunta por los motivos que han dejado pasar tanto tiempo entre la recopilaci\u00f3n de \u00abLibros de Madrid\u00bb y su publicaci\u00f3n: \u00abJuan Ram\u00f3n no interesa oficialmente y tampoco al p\u00fablico\u00bb. Esta queja cuenta con datos como la inexistencia de las obras completas del escritor o el peregrinaje necesario para publicar lo mucho que hay por conocer. La fama de intratable de Juan Ram\u00f3n ha calado tan hondo que su familia tiene noticias de que en la Universidad y en diversos Institutos de ense\u00f1anza media, cuando algunos alumnos han querido preparar una tesis sobre el autor de \u00abDiario de poeta y mar\u00bb, les han recomendado que no la hagan, \u00abporque se trataba de alguien odioso\u00bb.<\/p>\n<p><strong>\u00abSOY UN HOMBRE LIBRE\u00bb \u2028<\/strong><\/p>\n<p>Si hay algo claro es que Juan Ram\u00f3n fue, como dice su sobrino, \u00abuna persona sincera, pero nadie tiene en cuenta que estaba enfermo de depresiones con mucha frecuencia\u00bb. La primera visita de esta enfermedad le lleg\u00f3 muy joven, tras la muerte de su padre. Un grito de horror de su hermana la noche en la que descubri\u00f3 que su padre estaba muerto, provoc\u00f3 en el artista una honda conmoci\u00f3n, a la que se achacan las posteriores y continuas crisis del poeta. Desde luego, lo que est\u00e1 fuera de toda duda es que el verso de Quevedo que pregunta \u00ab\u00bfpor qu\u00e9 no se ha de decir lo que se siente?\u00bb fue lema en la vida de Juan Ram\u00f3n. Pero los extens\u00edsimos epistolarios que figuran en sus archivos prueban que no era un solitario, aunque s\u00ed alguien entusiasmado con la creaci\u00f3n literaria.<\/p>\n<p>ABC ha tenido acceso a una carta, que permanece in\u00e9dita, fechada en 1943, y en la que Zenobia escribe unas palabras dictadas por su marido \u00abal amigo Guerrero\u00bb. En las \u00faltimas l\u00edneas se lee: \u00abYo no soy mon\u00e1rquico, ni republicano, ni falangista, ni comunista, etc. etc. Soy un hombre libre\u00bb. Y es que, efectivamente, al hombre que abandona Espa\u00f1a para un exilio definitivo en 1936 se le puede considerar, porque lo es, una persona de izquierdas, pero puso su independencia por encima de los partidos. \u00abNi las derechas, ni las izquierdas lo hacen suyo\u00bb, dice su sobrina nieta, quien se extra\u00f1a de que por la aparici\u00f3n de alg\u00fan poema de un miembro del 27 \u00abse arme la marimorena, un zipizape, y que con todo lo que hay de mi t\u00edo nadie se conmueva\u00bb. Confiesa que la familia sigue teniendo propuestas para dos t\u00edtulos, \u00abPlatero y yo\u00bb y la \u00abSegunda Antolojia Po\u00e9tica\u00bb. Para la reedici\u00f3n del primero ya suelen responder con una negativa, porque entienden que el mercado est\u00e1 saturado y tampoco proponen la edici\u00f3n del libro con caracter\u00edsticas novedosas. Algo que tambi\u00e9n menciona Carmen Hern\u00e1ndez-Pinz\u00f3n es que \u00abJuan Ram\u00f3n es un poeta un poco descolocado, porque no pertenece ni a la generaci\u00f3n del 27 ni a la del 98, aunque se le ha incluido en algunas antolog\u00edas referentes a ellas sin pedirnos permiso por supuesto\u00bb.<\/p>\n<p>Entre los in\u00e9ditos de los que Carmen Hern\u00e1ndez-Pinz\u00f3n habla con entusiasmo y devoci\u00f3n se encuentran \u00abEcos de mi voz\u00bb, libro en el que el autor se refiere a los poetas que le hab\u00edan imitado; \u00abAsuntos ejemplares\u00bb, acerca de sus conflictos con Jos\u00e9 Bergam\u00edn, Jorge Guill\u00e9n, Pedro Salinas y otros, y \u00abMonumento de amor\u00bb, del que formar\u00edan parte poemas amorosos dedicados a Zenobia y novecientas, s\u00ed, novecientas cartas de amor que se cruz\u00f3 la pareja cuando Juan Ram\u00f3n pretend\u00eda a la que luego ser\u00eda su novia y m\u00e1s tarde su esposa. A estos habr\u00eda que a\u00f1adir \u00abCon la rosa del mundo\u00bb, ya preparado y en posible edici\u00f3n. \u2028\u00bbLibros de Madrid\u00bb se ha editado tras mucho trabajo, dedicaci\u00f3n y un respeto cercano a la veneraci\u00f3n. \u00abCuantos m\u00e1s obst\u00e1culos se suman m\u00e1s ganas hay de saltarlos\u00bb, dice Utrera. \u00abLa pena, a\u00f1ade, es que no hemos podido usar la tela gruesa que \u00e9l ped\u00eda y que ya no se emplea\u00bb. Lo que s\u00ed ha hecho HMR es seguir el modelo de la Hispanic Society of America, que Juan Ram\u00f3n solicitaba. De hecho, Utrera habl\u00f3 con el director, Mitchel Codding, que dio los detalles precisos am\u00e9n de aliento. \u00abLibros de Madrid\u00bb est\u00e1 dedicado \u00abA Manuel B. Coss\u00edo, a quien he visto tanto por los paisajes e interiores, junto a muchas de las personas, en el ambiente ideol\u00f3jico y sentimental de este libro madrile\u00f1o\u00bb.<\/p>\n<p><strong> EL POETA NO TIENE QUIEN LO EDITE<\/strong><\/p>\n<p>En esta ocasi\u00f3n es la periodista quien es objeto de las preguntas. Inquiere Carmen Hern\u00e1ndez-Pinz\u00f3n: \u00ab\u00bfLe parece normal que ni el Ayuntamiento, ni la Comunidad, se hayan interesado por un libro de un premio Nobel sobre Madrid? \u00bfQu\u00e9 habr\u00edan hecho en Par\u00eds o Londres si cuentan con un libro in\u00e9dito sobre la ciudad de uno de sus grandes escritores?\u00bb Interroga Federico Utrera: \u00ab\u00bfQu\u00e9 har\u00edan en Par\u00eds si contaran con un texto in\u00e9dito de Baudelaire o en Londres si tuvieran uno de Lord Byron?\u00bb El editor se responde solo: \u00abSomos cainitas con lo nuestro\u00bb. Carmen Hern\u00e1ndez-Pinz\u00f3n dice, no sin enojo, c\u00f3mo ha visitado editoriales ofreciendo in\u00e9ditos de Juan Ram\u00f3n que \u00abhay que ponerlos en pie\u00bb, pero saca una penosa conclusi\u00f3n: \u00abNo hay inter\u00e9s por \u00e9l\u00bb. Comenta que hay gente que incluso le pregunta las razones por las que publica en editoriales peque\u00f1as y poco conocidas, una interpelaci\u00f3n para la que tiene una respuesta r\u00e1pida: \u00abLas otras no se interesan\u00bb. Recuerda que en 1992 le escribi\u00f3 al entonces alcalde Agust\u00edn Rodr\u00edguez Sahag\u00fan, \u00abun hombre culto, habl\u00e1ndole de \u00abLibros de Madrid\u00bb, pero me qued\u00e9 sin contestaci\u00f3n\u00bb. Ahora, por una de esas casualidades de la vida, la obra ve la luz, gracias al editor Federico Utrera. Es el caso que el editor se puso en contacto con la sobrina nieta de Juan Ram\u00f3n cuando, en su faceta de escritor, preparaba una biograf\u00eda sobre \u00abColombine\u00bb.<\/p>\n<p>Sabedor de que ella y el autor de \u00abAlmas de violeta\u00bb y \u00abNinfeas\u00bb hab\u00edan mantenido correspondencia cuando \u00e9l era un incipiente y denostado poeta de 19 a\u00f1os, se puso en contacto con Carmen Hern\u00e1ndez-Pinz\u00f3n, que le ofreci\u00f3 lo que deseaba como, dice ella, hace siempre, \u00abde modo gratuito\u00bb. Comienza as\u00ed una relaci\u00f3n en la que Utrera tiene noticia de la existencia de los in\u00e9ditos de \u00abLibros de Madrid\u00bb. El editor confiesa que se interes\u00f3 y que dado que su empresa no es muy fuerte econ\u00f3micamente \u00abdecidieron alertar a los foros relacionados con Madrid y Juan Ram\u00f3n\u00bb. As\u00ed, evoca, que fue al Ayuntamiento, pero que abandon\u00f3, dado que hab\u00eda muchos cambios de cargos en ese momento y decidi\u00f3 no insistir. Se acerc\u00f3, tambi\u00e9n, a la Residencia de Estudiantes, tan ligada a Juan Ram\u00f3n, que lleg\u00f3 a darle a la zona el nombre de la Colina de los Chopos, e incluso a dise\u00f1ar sus jardines. \u00abA la editorial le pareci\u00f3 el sitio m\u00e1s adecuado para acudir, pero nos cerraron las puertas, porque tienen otras prioridades\u00bb. Habla pero no con son de queja: \u00abVeo el libro que HMR ha conseguido sin ayuda y me satisface tanto el resultado que siento s\u00f3lo lo positivo y eso es lo que quiero resaltar\u00bb.<\/p>\n<p>-\u00bfNo tiene miedo de haber arriesgado tanto y que el libro se venda mal? \u00bfQu\u00e9 pasar\u00e1 en ese caso? -Juan Ram\u00f3n no es s\u00f3lo un poeta espa\u00f1ol, sino universal. No le dieron el premio Nobel por casualidad.Vamos a hacer una buena presentaci\u00f3n en el Archivo Hist\u00f3rico Nacional y una promoci\u00f3n adecuada. En fin, \u00bfqu\u00e9 quiere que le diga? La editorial ha apostado en esta obra todo lo que ten\u00eda, nos va la vida en esto. Para Hern\u00e1ndez-Pinz\u00f3n, \u00abLibros de Madrid\u00bb es un paseo por la ciudad, pero en el que no faltan comentarios sobre Valle-Incl\u00e1n, Villaespesa, Giner de los R\u00edos, Emilio Sala, el doctor Ach\u00facarro&#8230; Tiene, tambi\u00e9n, parcelas autobiogr\u00e1ficas, como su estancia en el sanatorio del Rosario, que a\u00fan existe, y del que habla como \u00absanatorio del retra\u00eddo\u00bb. La familia de Juan Ram\u00f3n se duele del trato que recibe en Espa\u00f1a quien fue premio Nobel, hasta el punto de que Carmen suspira: \u00abYa me conformar\u00eda con que lo quisieran la cuarta parte que en Puerto Rico\u00bb. Desea con fervor que se digitalicen los manuscritos del escritor, porque en la actualidad los investigadores trabajan con ellos y eso supone un serio deterioro. Es sabido que Juan Ram\u00f3n dividi\u00f3 a los poetas entre \u00abpoetas cong\u00e9nitos\u00bb y \u00abpoetas profesores\u00bb, entre los que se encontraban Guill\u00e9n, Salinas&#8230; Ni que decir tiene que los segundos, a decir de los entendidos, no lo acercaron a sus alumnos, por encontrar peyorativo el adjetivo. Utrera habla de \u00abdisc\u00edpulos que han matado al padre en sentido freudiano\u00bb.<\/p>\n<p><a href=\"http:\/\/editorialhijosdemuleyrubio.com\/wp-content\/uploads\/2013\/06\/elmundo.gif\"><img loading=\"lazy\" decoding=\"async\" class=\"alignleft size-full wp-image-809\" alt=\"elmundo\" src=\"http:\/\/editorialhijosdemuleyrubio.com\/wp-content\/uploads\/2013\/06\/elmundo.gif\" width=\"147\" height=\"20\" \/><\/a><\/p>\n<p>&nbsp;<\/p>\n<p><strong>Cristina Lucio\u2028<\/strong><\/p>\n<p>&#8216;Libros de Madrid&#8217; recopila m\u00e1s de un centenar de textos in\u00e9ditos de la prosa de Juan Ram\u00f3n Jim\u00e9nez. Esta obra, realizada por la editorial Hijos de Muley-Rubio tras un arduo trabajo de b\u00fasqueda, a\u00fana los seis t\u00edtulos que el escritor dedic\u00f3 a la ciudad. Estos textos del poeta galardonado con el Premio Nobel dibujan el que fue el Madrid de Juan Ram\u00f3n; son una radiograf\u00eda de una ciudad marcada por los inicios de las vanguardias, las tertulias literarias o la creatividad. Uno de estos poemas en prosa narra la actividad del madrile\u00f1o parque de El Retiro: \u00abUn banco en el retiro: Este banco viejo llovido y soleado es de todos, pero cada uno lo coje de manera distinta. Esa muchacha llega a \u00e9l sofocada y corriendo y se sienta en el respaldo. Ese se\u00f1or contoneado y desp\u00f3tico se sienta en medio y mira de mal humor al sol que est\u00e1 echado en un estremo. Esa se\u00f1ora no se sienta porque tiene arena. Esa muchacha se sienta en la mitad y deja la otra a su ensue\u00f1o. Ese viejecito t\u00edmido se sienta en una esquinita y aun as\u00ed pidiendo permiso al resto.\u00bb<\/p>\n<p><a href=\"http:\/\/editorialhijosdemuleyrubio.com\/wp-content\/uploads\/2013\/06\/elpasajero.jpg\"><img loading=\"lazy\" decoding=\"async\" class=\"alignleft size-medium wp-image-813\" alt=\"elpasajero\" src=\"http:\/\/editorialhijosdemuleyrubio.com\/wp-content\/uploads\/2013\/06\/elpasajero-300x50.jpg\" width=\"300\" height=\"50\" srcset=\"https:\/\/editorialhijosdemuleyrubio.com\/wp-content\/uploads\/2013\/06\/elpasajero-300x50.jpg 300w, https:\/\/editorialhijosdemuleyrubio.com\/wp-content\/uploads\/2013\/06\/elpasajero.jpg 489w\" sizes=\"auto, (max-width: 300px) 100vw, 300px\" \/><\/a><\/p>\n<p>&nbsp;<\/p>\n<p>&nbsp;<\/p>\n<p><strong>\u2028Josefa Baul\u00f3\u2028.\u00a0<\/strong><\/p>\n<p><strong>Poes\u00eda en prosa para una ciudad amada.\u00a0<\/strong>Reunir m\u00e1s de un centenar de textos in\u00e9ditos de la prosa de Juan Ram\u00f3n Jim\u00e9nez es una fiesta editorial que ning\u00fan amante de la literatura espa\u00f1ola del siglo XX deber\u00eda dejarse perder. La editorial Hijos de Muley-Rubio la ha hecho posible con la publicaci\u00f3n de Libros de Madrid. Prosa, en edici\u00f3n de Jos\u00e9 L\u00f3pez Bretones y con una introducci\u00f3n de Andr\u00e9s S\u00e1nchez Robayna, especialistas ambos que comparten con el antologado Juan Ram\u00f3n Jim\u00e9nez el cultivo del artes po\u00e9ticas. Madrid posible e imposible, Sanatorio del retra\u00eddo, La colina de los chopos, Soledades madrile\u00f1as, Figuraciones y Disciplinas y oasis (Diario vital y est\u00e9tico), son los seis t\u00edtulos que ordenan el material obtenido despu\u00e9s de una b\u00fasqueda intensa entre los borradores y documentos que, conociendo la compulsiva dedicaci\u00f3n a la escritura del insigne poeta, se comprenden como un abultado corpus textual. De hecho, se han manejado m\u00e1s de setenta mil referencias entre los archivos de la Universidad de R\u00edo Piedras de Puerto Rico y los del Archivo Hist\u00f3rico Nacional de Madrid.<\/p>\n<p>La historia de este libro se remonta a los momentos en que el propio Juan Ram\u00f3n lo concibe como proyecto, tiene su continuidad en la dedicaci\u00f3n de su sobrino Francisco Hern\u00e1ndez Pinz\u00f3n y su sobrina nieta, Carmen Hern\u00e1ndez Pinz\u00f3n, y culmina en esta cuidada edici\u00f3n. Libros de Madrid es un libro sobre un escritor y una ciudad. Entre su Moguer natal y los paraderos del exilio, para Juan Ram\u00f3n est\u00e1 Madrid. Un Madrid paseado, conversado, contemplado y vivido durante m\u00e1s de treinta a\u00f1os se nos ofrece en estas p\u00e1ginas, que no s\u00f3lo ampl\u00edan el conocimiento sobre la prosa po\u00e9tica del escritor sino que aportan nuevas perspectivas biogr\u00e1ficas. Esto \u00faltimo se ilustra en el libro que lleva por t\u00edtulo Sanatorio del retra\u00eddo, en el que encontramos un breve apunte po\u00e9tico que testimonia su amistad con Ram\u00f3n del Valle-Incl\u00e1n, cuya influencia po\u00e9tica en los albores de la poes\u00eda juanramoniana es tan evidente como la certeza de que acabar\u00e1 desmarc\u00e1ndose de ella de forma progresiva conforme avance su obra. El texto es un recuerdo y nos remite, sin duda, a aquellas reuniones de 1901 \u00f3 1902 que ten\u00edan lugar en las habitaciones del Sanatorio del Rosario donde viv\u00eda Juan Ram\u00f3n y a las que asist\u00edan Valle, Antonio Machado o Benavente. A pesar de la diferencia de edad -Valle-Incl\u00e1n era diez a\u00f1os mayor- ambos siguieron frecuent\u00e1ndose y encontr\u00e1ndose en la Residencia de Estudiantes.<\/p>\n<p>Con el paso del tiempo, Juan Ram\u00f3n, siempre sincero a riesgo de parecer antip\u00e1tico, no rehuy\u00f3 juzgar con cierta severidad el valor de la obra valleinclaniana pero, de la misma manera, no disimul\u00f3 su admiraci\u00f3n por su virtuosismo ling\u00fc\u00edstico y su genio dram\u00e1tico. En 1920, Juan Ram\u00f3n escrib\u00eda a Valle-Incl\u00e1n una entusi\u00e1stica carta celebrando la calidad de Divinas palabras y equiparando el teatro valleinclaniano al teatro irland\u00e9s moderno de Yeats o Synge: \u00ab[&#8230;] lo que es l\u00f3gico, al fin y al cabo, siendo usted gallego, celta y siendo usted usted.\u00bb Como publicaci\u00f3n virtual que somos, no podemos dejar de indicar al lector la web de la editorial www.editorialhijosdemuleyrubio.com en la que se encontrar\u00e1 cumplida informaci\u00f3n sobre el libro: Libros de Madrid. Prosa, Los libros de Madrid, ed. Jos\u00e9 Luis L\u00f3pez Bretones, introducci\u00f3n de Andr\u00e9s S\u00e1nchez Robayna, Hijos de Muley-Rubio, Madrid, 2001.<\/p>\n","protected":false},"excerpt":{"rendered":"<p>M\u00e1s de un centenar de textos in\u00e9ditos componen esta sorprendente obra biogr\u00e1fica en prosa nunca publicada del Premio Nobel de Literatura que ha sido reconstruida con los materiales de su archivo en la Universidad de R\u00edo Piedras (Puerto Rico) tras las incompletas reconstrucciones de los a\u00f1os sesenta. Las fotograf\u00edas que incluye la edici\u00f3n fueron tomadas por el propio poeta o formaban parte de su album personal.\u00a0<\/p>\n","protected":false},"author":1,"featured_media":0,"comment_status":"open","ping_status":"open","sticky":false,"template":"","format":"standard","meta":{"footnotes":""},"categories":[25],"tags":[63,64],"class_list":["post-800","post","type-post","status-publish","format-standard","hentry","category-biblioteca-juan-ramon-jimenez","tag-juan-ramon-jimenez","tag-libros-de-madrid"],"views":2837,"_links":{"self":[{"href":"https:\/\/editorialhijosdemuleyrubio.com\/index.php?rest_route=\/wp\/v2\/posts\/800","targetHints":{"allow":["GET"]}}],"collection":[{"href":"https:\/\/editorialhijosdemuleyrubio.com\/index.php?rest_route=\/wp\/v2\/posts"}],"about":[{"href":"https:\/\/editorialhijosdemuleyrubio.com\/index.php?rest_route=\/wp\/v2\/types\/post"}],"author":[{"embeddable":true,"href":"https:\/\/editorialhijosdemuleyrubio.com\/index.php?rest_route=\/wp\/v2\/users\/1"}],"replies":[{"embeddable":true,"href":"https:\/\/editorialhijosdemuleyrubio.com\/index.php?rest_route=%2Fwp%2Fv2%2Fcomments&post=800"}],"version-history":[{"count":5,"href":"https:\/\/editorialhijosdemuleyrubio.com\/index.php?rest_route=\/wp\/v2\/posts\/800\/revisions"}],"predecessor-version":[{"id":886,"href":"https:\/\/editorialhijosdemuleyrubio.com\/index.php?rest_route=\/wp\/v2\/posts\/800\/revisions\/886"}],"wp:attachment":[{"href":"https:\/\/editorialhijosdemuleyrubio.com\/index.php?rest_route=%2Fwp%2Fv2%2Fmedia&parent=800"}],"wp:term":[{"taxonomy":"category","embeddable":true,"href":"https:\/\/editorialhijosdemuleyrubio.com\/index.php?rest_route=%2Fwp%2Fv2%2Fcategories&post=800"},{"taxonomy":"post_tag","embeddable":true,"href":"https:\/\/editorialhijosdemuleyrubio.com\/index.php?rest_route=%2Fwp%2Fv2%2Ftags&post=800"}],"curies":[{"name":"wp","href":"https:\/\/api.w.org\/{rel}","templated":true}]}}