{"id":905,"date":"2013-06-24T13:44:39","date_gmt":"2013-06-24T11:44:39","guid":{"rendered":"http:\/\/editorialhijosdemuleyrubio.com\/?p=905"},"modified":"2017-06-06T18:15:25","modified_gmt":"2017-06-06T17:15:25","slug":"viola-on-video-primera-biografia-etapas-artisticas-y-catalogo-razonado-del-videoartista-bill-viola","status":"publish","type":"post","link":"https:\/\/editorialhijosdemuleyrubio.com\/?p=905","title":{"rendered":"Viola on Video: biograf\u00eda, etapas y cat\u00e1logo razonado del videoartista Bill Viola"},"content":{"rendered":"<p><a href=\"http:\/\/editorialhijosdemuleyrubio.com\/wp-content\/uploads\/2013\/06\/41yHeAoWXgL._.jpg\"><img loading=\"lazy\" decoding=\"async\" class=\"alignleft size-medium wp-image-906\" src=\"http:\/\/editorialhijosdemuleyrubio.com\/wp-content\/uploads\/2013\/06\/41yHeAoWXgL._-217x300.jpg\" alt=\"41yHeAoWXgL._\" width=\"217\" height=\"300\" srcset=\"https:\/\/editorialhijosdemuleyrubio.com\/wp-content\/uploads\/2013\/06\/41yHeAoWXgL._-217x300.jpg 217w, https:\/\/editorialhijosdemuleyrubio.com\/wp-content\/uploads\/2013\/06\/41yHeAoWXgL._.jpg 363w\" sizes=\"auto, (max-width: 217px) 100vw, 217px\" \/><\/a>El profesor Federico Utrera publica la primera biograf\u00eda, cat\u00e1logo razonado y etapas art\u00edsticas del videoartista norteamericano Bill Viola, el m\u00e1s acreditado y reconocido en todo el mundo. La imagen en movimiento como progresivo cambio de paradigma de las artes tradicionales ha puesto en escena al videoarte como un nuevo g\u00e9nero y disciplina que comparte su existencia con la pintura y escultura tradicionales. El plasma como sustituto del lienzo, la c\u00e1mara por el pincel o el cincel y el tiempo como material sustitutivo del color son los nuevos elementos que Utrera analiza en esta obra con la profundidad y el conocimiento que le brinda el estudio exhaustivo de la trayectoria de Bill Viola.\u00a0<!--more--><\/p>\n<p><strong>FICHA T\u00c9CNICA<\/strong><\/p>\n<p><b>Caract:<\/b>\u00a0443 p\u00e1ginas. 50 fotograf\u00edas<br \/>\n<b>ISBN:<\/b>\u00a084-933033-2-7<br \/>\n<b>Precio:<\/b>\u00a025 euros<\/p>\n<p><strong>VENTA EN PAPEL: directamente en la editorial 91 6395957 o contacto@editorialhijosdemuleyrubio.com<\/strong><\/p>\n<p><strong>VENTA EN DIGITAL:<\/strong><\/p>\n<p>Editorial HMR, Amazon y Bubok<\/p>\n<p><strong><a href=\"http:\/\/editorialhijosdemuleyrubio.com\/wp-content\/uploads\/2013\/06\/foto-taller-bv-copia.jpg\"><img loading=\"lazy\" decoding=\"async\" class=\"alignleft size-medium wp-image-924\" src=\"http:\/\/editorialhijosdemuleyrubio.com\/wp-content\/uploads\/2013\/06\/foto-taller-bv-copia-300x208.jpg\" alt=\"foto taller bv copia\" width=\"300\" height=\"208\" srcset=\"https:\/\/editorialhijosdemuleyrubio.com\/wp-content\/uploads\/2013\/06\/foto-taller-bv-copia-300x208.jpg 300w, https:\/\/editorialhijosdemuleyrubio.com\/wp-content\/uploads\/2013\/06\/foto-taller-bv-copia.jpg 600w\" sizes=\"auto, (max-width: 300px) 100vw, 300px\" \/><\/a>EL AUTOR:<\/strong><\/p>\n<p>Federico Utrera es licenciado en Ciencias de la Informaci\u00f3n por la Universidad Complutense de Madrid, master y doctor en Ciencias de la Comunicaci\u00f3n por la Universidad Rey Juan Carlos (URJC). Su \u00faltima publicaci\u00f3n fue \u00abCordel de Extraviados. Literatura y Arte\u00bb, donde aborda el videoarte y la \u00abanarquitectura\u00bb con art\u00edculos sobre Nam June Paik, Wolf Vostell, Gordon Matta Clark y Pedro Garhel, entre otros. Es autor de \u00abDespu\u00e9s de Tantos Desencantos. Vida y Obra Po\u00e9ticas de los Panero\u00bb, \u00abMemorias de Colombine. La primera periodista\u00bb y \u00abArraballebecq\u00bb, conjunto de breves ensayos a los que ha a\u00f1adido una versi\u00f3n teatral de \u00ab\u00a1Houellebecq!\u00bb, el libro del dramaturgo Fernando Arrabal. Utrera ha sido incluido, entre otros, en los documentales \u00abEl crimen de una novia\u00bb, sobre Federico Garc\u00eda Lorca y Carmen de Burgos \u00abColombine\u00bb y \u00abLa estancia vac\u00eda\u00bb, sobre Michi Panero. Ha participado en la Feria del Libro de Madrid, donde a invitaci\u00f3n de la asociaci\u00f3n de Traductores de Libros ley\u00f3 la conferencia \u00abEl extra\u00f1o caso del arabista Luciano Rubio\u00bb. Tambi\u00e9n fue incluido en el congreso \u00abPrimavera de Ram\u00f3n\u00bb celebrado en el madrile\u00f1o Centro de Arte Moderno y en el homenaje que la Junta de Andaluc\u00eda tribut\u00f3 al escritor Juan Goytisolo bajo el t\u00edtulo \u00ab50 a\u00f1os de Campos de N\u00edjar\u00bb.<\/p>\n<p><strong><a href=\"http:\/\/editorialhijosdemuleyrubio.com\/wp-content\/uploads\/2013\/06\/images6.jpeg\"><img loading=\"lazy\" decoding=\"async\" class=\"alignleft size-full wp-image-926\" src=\"http:\/\/editorialhijosdemuleyrubio.com\/wp-content\/uploads\/2013\/06\/images6.jpeg\" alt=\"images\" width=\"270\" height=\"187\" \/><\/a>EL PROTAGONISTA<\/strong><\/p>\n<p>Bill Viola es reconocido en el mundo entero como una figura principal del videoarte. Muchos creen que hoy es el artista m\u00e1s importante que trabaja con el v\u00eddeo. Con cintas de belleza visual y auditiva notable, resonancia po\u00e9tica y virtuosismo t\u00e9cnico, Viola ha definido pr\u00e1cticamente el estado de este arte para m\u00e1s de una d\u00e9cada y ha proporcionado a los j\u00f3venes una tradici\u00f3n, al menos por el resultado de sus obras maestras m\u00e1s reconocidas. No existe un centro de estudios serio de cine y v\u00eddeo en el mundo occidental y Jap\u00f3n que no haya expuesto su obra, y su influencia sobre sus contempor\u00e1neos y sobre la nueva generaci\u00f3n de videoartistas en Estados Unidos es incalculable. <strong>(GENE YOUNGBLOOD)<\/strong><\/p>\n<p>Teniendo en cuenta el terreno francamente autobiogr\u00e1fico de gran parte del arte de Viola, es tentador leer estas obras como tales, sobre todo porque los actores a menudo se parecen a Viola y a su familia. Despu\u00e9s de haber procesado la muerte de su madre y el nacimiento de sus dos hijos, Viola ha entrado en una nueva etapa de la vida y obra en la cual la negociaci\u00f3n de la esfera social de la familia y su carrera parecen ensombrecer la senda m\u00e1s solitaria de trascendencia espiritual que ha dominado su trabajo. Pero ser\u00eda un error reducir la complejidad de su obra a la mera autobiograf\u00eda. La ira que alimenta sus \u00abSecretos Enterrados\u00bb es, en parte, inducida por una \u00e9poca que teme lo que est\u00e1 oculto, privado, \u00edntimo e individual, en una sociedad que demanda que todos los secretos sean expuestos. <strong>(DEIRDRE BOYLE)<\/strong><\/p>\n<p><b>\u00cdNDICE<\/b><\/p>\n<p><b>I- Biograf\u00eda y etapas art\u00edsticas, 26\u00a0<\/b><\/p>\n<p><a href=\"#Ni%C3%B1ez\">Ni\u00f1ez y adolescencia<\/a> (1956-1969), <b>27<\/b> * <a href=\"#Universidad\">La Universidad de Syracusa<\/a> (Nueva York) (1969-1973), <b>31<\/b> * <a href=\"#Nelson\">El profesor Jack Nelson<\/a>, <b>37<\/b> * <a href=\"#Rainbow\">\u201cRainbow Video Collective\u201d<\/a> y \u201cSynapse Video Center\u201d, <b>39<\/b> * <a href=\"#Anthology\">\u201cAnthology Film Archives\u201d<\/a>, <b>42<\/b><\/p>\n<p><a href=\"#Primeraetapa\">Primera etapa<\/a>: m\u00fasica, imagen e informaci\u00f3n (1972-1975), <b>46<\/b> * <a href=\"#WilliamViola\">\u201cWilliam Viola\u201d:<\/a> ayudante de N. J. Paik y P. Campus, <b>46<\/b> * <a href=\"#Meta\">La \u201cMetahistoria\u201d<\/a> del Videoarte, <b>51<\/b> * <a href=\"#Information\">\u201cInformation\u201d,<\/a> <b>57<\/b> * Las \u201cpalabras vac\u00edas\u201d de <a href=\"#Cage\">John Cage<\/a>, <b>60<\/b> * Con <a href=\"#Tudor\">David Tudor<\/a> en \u201cRainforest IV\u201d, <b>66<\/b> * Viola musical, <b>72<\/b><\/p>\n<p><a href=\"#italiana\">Etapa italiana<\/a>: Art\/Tapes 22 (1974-1977), <b>76 <\/b><\/p>\n<p>Etapa <a href=\"#cosmol%C3%B3gica\">cosmol\u00f3gica<\/a>. Primeros Viajes (1973-1984), <b>82<\/b> * Death Valley (EE.UU), <b>83<\/b> * Islas Salomon, <b>85 <\/b>*\u00a0Solo City, Java (Indonesia),\u00a0 <b>88 <\/b>*\u00a0Australia,\u00a0 <b>89<\/b> *\u00a0Europa (Suiza, Kassel, Par\u00eds) y el primer MoMA, <b>93<\/b> *\u00a0Islas Fiyi e India,\u00a0 <b>94<\/b><\/p>\n<p>Etapa <a href=\"#televisiva\">televisiva<\/a>: \u201cArtista residente\u201d (1975-1980\/81),\u00a0 <b>96<\/b> * Censura medi\u00e1tica, religiosa y policial, <b>102<\/b> * Experiencias neoyorkinas, <b>105<\/b><\/p>\n<p>Etapa <a href=\"#japonesa\">japonesa<\/a> (1980-1981), <b>109<\/b> *\u00a0Tecnolog\u00eda: paisajes y tiempo, <b>112<\/b> * Cultura: Talleres de lectura y meditaci\u00f3n Zen,\u00a0 <b>115<\/b><\/p>\n<p>Etapa <a href=\"#norteamericana\">norteamericana<\/a>: (1981-\u00a0 ),\u00a0 <b>119<\/b>\u00a0 * Viaje a la Historia profunda: el indio americano, <b>123<\/b>\u00a0 * En los aseos del MoMA (1987), <b>127<\/b> * El man\u00e1 de la Fundaci\u00f3n MacArthur, <b>129<\/b><\/p>\n<p>Etapa <a href=\"#budista\">budista<\/a>: Cita con el Dalai Lama (1982-\u00a0\u00a0 ), <b>132<\/b><\/p>\n<p>Etapa <a href=\"#espa%C3%B1ola\">espa\u00f1ola<\/a>: La revelaci\u00f3n (1983-\u00a0\u00a0 ),\u00a0 <b>136 <\/b>* Antecedentes del Arte Audiovisual en Espa\u00f1a, <b>141<\/b> * Presencia de BV en Espa\u00f1a y recepci\u00f3n cr\u00edtica, <b>144<\/b> * Fuentes cl\u00e1sicas espa\u00f1olas en la obra de BV,\u00a0 <b>154<\/b><\/p>\n<p><a href=\"#Tr%C3%A1nsito\">El Tr\u00e1nsito:<\/a> En memoria de Wynne Lee Viola (1991),\u00a0 <b>168<\/b> * Secretos Enterrados, <b>174<\/b> * \u00c9l llora por ti: Las pasiones en el camino inexorable hacia la Luz (1998), <b>180 \u00a0 \u00a0\u00a0<\/b><\/p>\n<p><b>II- <a href=\"#Aportaciones\">Aportaciones e Innovaciones <\/a>\u00a0186 <\/b><\/p>\n<p>Nuevas tecnolog\u00edas: metamorf\u00f3sis y mutaci\u00f3n,\u00a0 <b>186<\/b>\u00a0 * El pincel por la c\u00e1mara \/ el cincel por la televisi\u00f3n, <b>188<\/b> * El lienzo por el plasma,\u00a0 <b>193<\/b> * Nikola Tesla y la imagen mental, <b>197<\/b>\u00a0\u00a0 * El Teatro de la Memoria, <b>201<\/b>\u00a0 * El color por el tiempo, <b>205<\/b> * Pintura, cine y v\u00eddeo, <b>210<\/b>\u00a0 *\u00a0La paleta expresiva de BV, <b>213<\/b>\u00a0\u00a0 * La cuarta dimensi\u00f3n, <b>215<\/b>\u00a0\u00a0 * El fin de la c\u00e1mara, <b>217<\/b>\u00a0 * La mortalidad de la imagen, <b>220<\/b>\u00a0 * El c\u00f3digo digital, <b>221<\/b> * La interactividad, <b>223<\/b>\u00a0 * El videojuego, <b>226<\/b>\u00a0 * Videoarte, Nuevos Medios, New Media, Mass Media Art, <b>228<\/b>\u00a0 * Derrida y Valente: una reflexi\u00f3n inicial,\u00a0 <b>228<\/b> * Informaci\u00f3n interna y Narrativa profunda, <b>231<\/b> * V\u00eddeo como Media, <b>236<\/b> * Medios de Comunicaci\u00f3n y Sinestesia,\u00a0 <b>239<\/b> * Cine y V\u00eddeo en la obra de Bill Viola, <b>243<\/b> * Log\u00edstica de una \u201csuperproducci\u00f3n\u201d videogr\u00e1fica, <b>247<\/b><\/p>\n<p><b><\/b><b>III- <a href=\"#Comercio\">Arte y comercio en la obra de BV<\/a>,\u00a0 251<\/b><\/p>\n<p>Viola, el Picasso para la Generaci\u00f3n MTV, <b>252<\/b>\u00a0 *\u00a0 De los circuitos secundarios del arte a los museos y coleccionistas, <b>254<\/b> * Un adversario de BV: el \u201caspecto\u201d comercial, <b>257<\/b><\/p>\n<p><b><\/b><b>IV- <a href=\"#Cat%C3%A1logo\">Cat\u00e1logo Razonado<\/a> (1972-2002), 263<\/b><\/p>\n<p>* <a href=\"#Ep%C3%ADlogo\">Ep\u00edlogo,<\/a> <b>273 <\/b>*<b> <\/b><a href=\"#Bibliograf%C3%ADa\">Bibliograf\u00eda<\/a>,\u00a0 <b>279 <\/b>\u00a0* <a href=\"#Notas\">Notas<\/a>, <b>284<\/b><\/p>\n<p><b>\u00a0<\/b><\/p>\n<p><b><a href=\"http:\/\/editorialhijosdemuleyrubio.com\/wp-content\/uploads\/2013\/06\/Cartel-Taller-BV-copia.jpg\"><img loading=\"lazy\" decoding=\"async\" class=\"alignleft size-medium wp-image-923\" src=\"http:\/\/editorialhijosdemuleyrubio.com\/wp-content\/uploads\/2013\/06\/Cartel-Taller-BV-copia-228x300.jpg\" alt=\"Cartel Taller BV copia\" width=\"228\" height=\"300\" srcset=\"https:\/\/editorialhijosdemuleyrubio.com\/wp-content\/uploads\/2013\/06\/Cartel-Taller-BV-copia-228x300.jpg 228w, https:\/\/editorialhijosdemuleyrubio.com\/wp-content\/uploads\/2013\/06\/Cartel-Taller-BV-copia.jpg 453w\" sizes=\"auto, (max-width: 228px) 100vw, 228px\" \/><\/a>RESE\u00d1AS Y CR\u00cdTICAS<\/b><\/p>\n<p><a href=\"http:\/\/www.europapress.es\/cultura\/noticia-llega-viola-on-video-federico-utrera-20110620153223.html\">Llega \u00abViola on Video\u00bb de Federico Utrera<\/a>\u00a0(Europa Press)<\/p>\n<p><a href=\"http:\/\/www.elcultural.es\/noticias\/ARTE\/1770\/Pasion_por_Bill_Viola\">Pasi\u00f3n por Bill Viola. Se presenta en Madrid la primera biograf\u00eda del videoartista norteamericano<\/a> (El Cultural. El Mundo)<\/p>\n<p><a href=\"http:\/\/www.elcultural.es\/noticias\/LETRAS\/1769\/Fragmento_de_Viola_on_Video\">Fragmento de Viola on V\u00eddeo (El Cultural. El Mundo)<br \/>\n<\/a><\/p>\n<p><a href=\"http:\/\/cultura.elpais.com\/cultura\/2011\/06\/20\/actualidad\/1308520808_850215.html\">La epifan\u00eda de Bill Viola <\/a>(El Pa\u00eds)<\/p>\n<p><a href=\"http:\/\/www.hoyesarte.com\/literatura\/arte\/primera-biografia-de-bill-viola-en-el-mundo_96285\/\">Primera biograf\u00eda de Bill Viola<\/a> (Hoy es Arte)<\/p>\n<p><a href=\"http:\/\/novedadesenlibros.wordpress.com\/2011\/06\/24\/bill-viola-a-traves-de-los-ojos-de-federico-utrera\/\">Bill Viola a trav\u00e9s de los ojos de Federico Utrera<\/a> (Novedades en libros)<\/p>\n<p><a href=\"http:\/\/www.elconfidencial.com\/ultima-hora-en-vivo\/2011\/06\/federico-utrera-escribe-primera-biografia-sobre-20110620-536997.html\">\u00a0Federico Utrera escribe la primera biografia sobre el artista Bill Viola\u00a0<\/a>(El Confidencial)<\/p>\n<p><a href=\"http:\/\/www.elpuntavui.cat\/noticia\/article\/5-cultura\/19-cultura\/481552-la-quarta-dimensio.html?piwik_campaign=rss&amp;piwik_kwd=mes&amp;utm_source=rss&amp;utm_medium=mes&amp;utm_campaign=rss\">\u00a0La quarta dimensi\u00f3<\/a> (El Punt-Avui)<\/p>\n<p><a href=\"http:\/\/www.exit-express.com\/home.php?seccion=hemeroteca&amp;id=1512\">Una vida, mil v\u00eddeos<\/a> (Exit)<\/p>\n<p><b>Audiovisuales:<\/b><\/p>\n<p><a href=\"http:\/\/www.youtube.com\/user\/violaonvideo\">Canal en Youtube: Viola on Video\u00a0<\/a><\/p>\n<p><strong><a href=\"http:\/\/editorialhijosdemuleyrubio.com\/wp-content\/uploads\/2013\/06\/nyork.jpg\"><img loading=\"lazy\" decoding=\"async\" class=\"alignleft size-medium wp-image-925\" src=\"http:\/\/editorialhijosdemuleyrubio.com\/wp-content\/uploads\/2013\/06\/nyork-300x216.jpg\" alt=\"nyork\" width=\"300\" height=\"216\" srcset=\"https:\/\/editorialhijosdemuleyrubio.com\/wp-content\/uploads\/2013\/06\/nyork-300x216.jpg 300w, https:\/\/editorialhijosdemuleyrubio.com\/wp-content\/uploads\/2013\/06\/nyork.jpg 486w\" sizes=\"auto, (max-width: 300px) 100vw, 300px\" \/><\/a>Presentaciones del libro:<\/strong><\/p>\n<p><em>Presentaci\u00f3n en Madrid (Caixaforum)<\/em><\/p>\n<p><a href=\"http:\/\/editorialhijosdemuleyrubio.com\/wp-content\/uploads\/2013\/06\/prologo-marchan.pdf\">Discurso de Sim\u00f3n March\u00e1n Fiz (UNED)<\/a><\/p>\n<p><a href=\"http:\/\/editorialhijosdemuleyrubio.com\/wp-content\/uploads\/2013\/06\/prologo-solana.pdf\">Discurso de Guillermo Solana (Museo Thyssen-Bornemisza)<\/a><\/p>\n<p>&nbsp;<\/p>\n<p><em>Presentaci\u00f3n en Nueva York (Instituto Cervantes)<\/em><\/p>\n<p><a href=\"http:\/\/editorialhijosdemuleyrubio.com\/wp-content\/uploads\/2013\/06\/756ded7815688e94d884cd2d07946f35.pdf\">Rese\u00f1as de prensa en Estados Unidos<\/a><\/p>\n<p><em>Presentaci\u00f3n en Las Palmas de Gran Canaria (Centro Atl\u00e1ntico de Arte Moderno)<\/em><\/p>\n<p><a href=\"http:\/\/www.grancanaria.es\/portal\/detalle_evento.cult?codcontenido=35646&amp;codmenu=1150\">Federico Utrera presenta en el CAAM \u00abViola on Video\u00bb<\/a><\/p>\n<p><a href=\"http:\/\/www.caam.net\/es\/pdf\/prensa\/120308_presentacion.pdf\">Presentaci\u00f3n de \u00abViola on Video\u00bb<\/a><\/p>\n<p><strong><a href=\"http:\/\/editorialhijosdemuleyrubio.com\/wp-content\/uploads\/2013\/06\/foto-taller-bv-copia.jpg\"><img loading=\"lazy\" decoding=\"async\" class=\"alignleft size-medium wp-image-924\" src=\"http:\/\/editorialhijosdemuleyrubio.com\/wp-content\/uploads\/2013\/06\/foto-taller-bv-copia-300x208.jpg\" alt=\"foto taller bv copia\" width=\"300\" height=\"208\" srcset=\"https:\/\/editorialhijosdemuleyrubio.com\/wp-content\/uploads\/2013\/06\/foto-taller-bv-copia-300x208.jpg 300w, https:\/\/editorialhijosdemuleyrubio.com\/wp-content\/uploads\/2013\/06\/foto-taller-bv-copia.jpg 600w\" sizes=\"auto, (max-width: 300px) 100vw, 300px\" \/><\/a>Talleres y master class:<\/strong><\/p>\n<p><em>Instituto Cervantes (EE.UU)<\/em><\/p>\n<p><a href=\"http:\/\/editorialhijosdemuleyrubio.com\/wp-content\/uploads\/2013\/06\/756ded7815688e94d884cd2d07946f35.pdf\">Rese\u00f1as y citas en medios de comunicaci\u00f3n norteamericanos\u00a0y espa\u00f1oles<\/a><\/p>\n<p>&nbsp;<\/p>\n<p>&nbsp;<\/p>\n<p><em>Canarias Media Fest (Gran Canaria)<\/em><\/p>\n<p><a href=\"http:\/\/editorialhijosdemuleyrubio.com\/wp-content\/uploads\/2013\/06\/NOTICIAS-TALLER-DE-BILL-VIOLA-EN-MEDIOS.pdf\">Rese\u00f1as y citas en medios de comunicaci\u00f3n<\/a><\/p>\n<p><em>Festival Internac. de cine \u00abAlmer\u00eda en corto\u00bb<\/em><\/p>\n<p><a href=\"http:\/\/www.almeriaencorto.es\/XICertamen2012\/taller_videoarte_Bill_Viola.pdf\">Taller de video arte y mass media art\u00a0<\/a>\u00a0(Almer\u00eda en corto)<\/p>\n<p><a href=\"http:\/\/www.lavozdealmeria.es\/vernoticia.asp?IdNoticia=35789&amp;IdSeccion=5\">El videoartista Bill Viola centra un taller del Festival de Cortometrajes<\/a> (La Voz de Almer\u00eda)<\/p>\n<p><a href=\"http:\/\/www.elalmeria.es\/article\/ocio\/1405378\/diputacion\/organiza\/taller\/videoarte\/y\/mass\/media\/art\/festival\/almeria\/corto.html\">Taller de Videoarte por Federico Utrera<\/a> (Diario de Almer\u00eda)<\/p>\n<p><a href=\"http:\/\/eiso.es\/radiosia\/2012\/12\/21\/bill-viola-poetica-cinematografica\/\">Bill Viola: po\u00e9tica cinematogr\u00e1fica <\/a>(Radios\u00eda)<\/p>\n<p><a href=\"http:\/\/20n.ideal.es\/almeria\/20121208\/mas-actualidad\/cultura\/artista-siglo-xxies-aquel-201212081119.html\">El artista del siglo XXI es aquel que piensa bien<\/a> (Ideal Almer\u00eda)<\/p>\n<p>&nbsp;<\/p>\n","protected":false},"excerpt":{"rendered":"<p>El profesor Federico Utrera publica la primera biograf\u00eda, cat\u00e1logo razonado y etapas art\u00edsticas del videoartista norteamericano Bill Viola, el m\u00e1s acreditado y reconocido en todo el mundo. La imagen en movimiento como progresivo cambio de paradigma de las artes tradicionales ha puesto en escena al videoarte como un nuevo g\u00e9nero y disciplina que comparte su existencia con la pintura y escultura tradicionales. El plasma como sustituto del lienzo, la c\u00e1mara por el pincel o el cincel y el tiempo como material sustitutivo del color son los nuevos elementos que Utrera analiza en esta obra con la profundidad y el conocimiento que le brinda el estudio exhaustivo de la trayectoria de<\/p>\n","protected":false},"author":1,"featured_media":0,"comment_status":"open","ping_status":"open","sticky":false,"template":"","format":"standard","meta":{"footnotes":""},"categories":[18,15,14],"tags":[44,45,137],"class_list":["post-905","post","type-post","status-publish","format-standard","hentry","category-biblioteca-bill-viola","category-bill-viola","category-blog-de-videoarte","tag-bill-viola-2","tag-videoarte-2","tag-viola-on-video"],"views":3145,"_links":{"self":[{"href":"https:\/\/editorialhijosdemuleyrubio.com\/index.php?rest_route=\/wp\/v2\/posts\/905","targetHints":{"allow":["GET"]}}],"collection":[{"href":"https:\/\/editorialhijosdemuleyrubio.com\/index.php?rest_route=\/wp\/v2\/posts"}],"about":[{"href":"https:\/\/editorialhijosdemuleyrubio.com\/index.php?rest_route=\/wp\/v2\/types\/post"}],"author":[{"embeddable":true,"href":"https:\/\/editorialhijosdemuleyrubio.com\/index.php?rest_route=\/wp\/v2\/users\/1"}],"replies":[{"embeddable":true,"href":"https:\/\/editorialhijosdemuleyrubio.com\/index.php?rest_route=%2Fwp%2Fv2%2Fcomments&post=905"}],"version-history":[{"count":5,"href":"https:\/\/editorialhijosdemuleyrubio.com\/index.php?rest_route=\/wp\/v2\/posts\/905\/revisions"}],"predecessor-version":[{"id":2066,"href":"https:\/\/editorialhijosdemuleyrubio.com\/index.php?rest_route=\/wp\/v2\/posts\/905\/revisions\/2066"}],"wp:attachment":[{"href":"https:\/\/editorialhijosdemuleyrubio.com\/index.php?rest_route=%2Fwp%2Fv2%2Fmedia&parent=905"}],"wp:term":[{"taxonomy":"category","embeddable":true,"href":"https:\/\/editorialhijosdemuleyrubio.com\/index.php?rest_route=%2Fwp%2Fv2%2Fcategories&post=905"},{"taxonomy":"post_tag","embeddable":true,"href":"https:\/\/editorialhijosdemuleyrubio.com\/index.php?rest_route=%2Fwp%2Fv2%2Ftags&post=905"}],"curies":[{"name":"wp","href":"https:\/\/api.w.org\/{rel}","templated":true}]}}